
{"id":9689,"date":"2016-06-09T10:41:06","date_gmt":"2016-06-09T13:41:06","guid":{"rendered":"http:\/\/www.oarcanjo.net\/site\/?p=9689"},"modified":"2016-06-10T18:57:59","modified_gmt":"2016-06-10T21:57:59","slug":"bem-aventurado-jose-de-anchieta","status":"publish","type":"post","link":"https:\/\/www.oarcanjo.net\/site\/bem-aventurado-jose-de-anchieta\/","title":{"rendered":"Bem Aventurado Jos\u00e9 de Anchieta"},"content":{"rendered":"<p><img decoding=\"async\" src=\"http:\/\/www.tudook.com\/portalcatolico\/images\/270px-anchieta.jpg\" alt=\"\" \/><\/p>\n<p>9 de Junho<\/p>\n<p>Jos\u00e9 de Anchieta nasceu no dia 19 de mar\u00e7o de 1534, na cidade de S\u00e3o Crist\u00f3v\u00e3o da Laguna, na ilha de Tenerife, do arquip\u00e9lago das Can\u00e1rias, Espanha. Foi educado na ilha at\u00e9 os quatorze anos de idade. Depois, seus pais, descendentes de nobres, decidiram que ele continuaria sua forma\u00e7\u00e3o na Universidade de Coimbra, em Portugal. Era um jovem inteligente, alegre, estimado e querido por todos. Ex\u00edmio escritor, sempre se confessou influenciado pelos escritos de s\u00e3o Francisco Xavier. Amava a poesia e mais ainda, gostava de declamar. Por causa da voz doce e melodiosa, era chamado pelos companheiros de &#8220;canarinho&#8221;.<\/p>\n<p>Mas tamb\u00e9m tinha forte inclina\u00e7\u00e3o para a solid\u00e3o. Tinha o h\u00e1bito de recolher-se na sua cela ou de retirar-se para um local ermo a fim de dedicar-se \u00e0 ora\u00e7\u00e3o e \u00e0 contempla\u00e7\u00e3o. Certa vez, isolou-se na catedral de Coimbra e, quando rezava no altar de Nossa Senhora, compreendeu a miss\u00e3o que o aguardava. Naquele mesmo instante, sentiu o chamado para dedicar sua vida ao servi\u00e7o de Deus. Tinha dezessete anos e fez o voto de consagrar-se \u00e0 Virgem Maria.<\/p>\n<p>Ingressou na Companhia de Jesus e, quando se tornou jesu\u00edta, seguiu para o Brasil, em 1553, como mission\u00e1rio. Chegou na Bahia junto com mais seis jesu\u00edtas, todos doentes, inclusive ele, que nunca mais se recuperou. Em 1554, chegou \u00e0 capitania de S\u00e3o Vicente, onde, junto com o provincial do Brasil, padre Manoel da N\u00f3brega, fundou, no planalto de Piratininga, aquela que seria a cidade de S\u00e3o Paulo, a maior da Am\u00e9rica do Sul. No local foi instalado um col\u00e9gio e seu trabalho mission\u00e1rio come\u00e7ou.<\/p>\n<p>Jos\u00e9 de Anchieta n\u00e3o apenas catequizava os \u00edndios. Dava condi\u00e7\u00f5es para que se adaptassem \u00e0 chegada dos colonizadores, fortalecendo, assim, a resist\u00eancia cultural. Foi o primeiro a escrever uma &#8220;gram\u00e1tica tupi-guarani&#8221;, mas, ao mesmo tempo, ensinava aos silv\u00edcolas no\u00e7\u00f5es de higiene, medicina, m\u00fasica e literatura. Por outro lado, fazia quest\u00e3o de aprender com eles, desenvolvendo diversos estudos da fauna, da flora e do idioma.<\/p>\n<p>Anchieta era tamb\u00e9m um poeta, al\u00e9m de escritor. \u00c9 c\u00e9lebre o dia em que, estando sem papel e l\u00e1pis \u00e0 m\u00e3o, escreveu nas areias da praia o c\u00e9lebre &#8220;Poema \u00e0 Virgem&#8221;, que decorou antes que o mar apagasse seus versos. A profundidade do seu trabalho mission\u00e1rio, de toda a sua vida dedicada ao bem do pr\u00f3ximo aqui no Brasil, foi exclusivamente em favor do futuro e da sobreviv\u00eancia dos \u00edndios, bem como para preservar sua influ\u00eancia na cultura geral de um novo povo.<\/p>\n<p>Com a morte do padre Manoel da N\u00f3brega em 1567, o cargo de provincial do Brasil passou a ser ocupado pelo padre Jos\u00e9 de Anchieta. Neste posto mais alto da Companhia de Jesus, viajou por todo o pa\u00eds orientando os trabalhos mission\u00e1rios.<\/p>\n<p>Jos\u00e9 de Anchieta morreu no dia 9 de junho de 1597, na pequena vila de Reritiba, atual cidade de Anchieta, no Esp\u00edrito Santo, sendo reconhecido como o &#8220;Ap\u00f3stolo do Brasil&#8221;. Foi beatificado pelo papa Jo\u00e3o Paulo II em 1980. A festa lit\u00fargica foi institu\u00edda no dia de sua morte.<\/p>\n<p><img decoding=\"async\" src=\"http:\/\/www.salvemaria.org.br\/pub\/figuras\/anchietaeindia.jpg\" alt=\"\" \/><\/p>\n<div id=\"themify_builder_content-9689\" data-postid=\"9689\" class=\"themify_builder_content themify_builder_content-9689 themify_builder themify_builder_front\">\n\t<\/div>\n<!-- \/themify_builder_content -->","protected":false},"excerpt":{"rendered":"<p>9 de Junho Jos\u00e9 de Anchieta nasceu no dia 19 de mar\u00e7o de 1534, na cidade de S\u00e3o Crist\u00f3v\u00e3o da Laguna, na ilha de Tenerife, do arquip\u00e9lago das Can\u00e1rias, Espanha. Foi educado na ilha at\u00e9 os quatorze anos de idade. Depois, seus pais, descendentes de nobres, decidiram que ele continuaria sua forma\u00e7\u00e3o na Universidade de [&hellip;]<\/p>\n","protected":false},"author":14,"featured_media":0,"comment_status":"open","ping_status":"open","sticky":false,"template":"","format":"standard","meta":{"ngg_post_thumbnail":0,"footnotes":""},"categories":[186],"tags":[],"yoast_head":"<!-- This site is optimized with the Yoast SEO plugin v23.5 - https:\/\/yoast.com\/wordpress\/plugins\/seo\/ -->\n<title>Bem Aventurado Jos\u00e9 de Anchieta - O Arcanjo no ar<\/title>\n<meta name=\"robots\" content=\"index, follow, max-snippet:-1, max-image-preview:large, max-video-preview:-1\" \/>\n<link rel=\"canonical\" href=\"https:\/\/www.oarcanjo.net\/site\/bem-aventurado-jose-de-anchieta\/\" \/>\n<meta property=\"og:locale\" content=\"pt_BR\" \/>\n<meta property=\"og:type\" content=\"article\" \/>\n<meta property=\"og:title\" content=\"Bem Aventurado Jos\u00e9 de Anchieta - O Arcanjo no ar\" \/>\n<meta property=\"og:description\" content=\"9 de Junho Jos\u00e9 de Anchieta nasceu no dia 19 de mar\u00e7o de 1534, na cidade de S\u00e3o Crist\u00f3v\u00e3o da Laguna, na ilha de Tenerife, do arquip\u00e9lago das Can\u00e1rias, Espanha. Foi educado na ilha at\u00e9 os quatorze anos de idade. Depois, seus pais, descendentes de nobres, decidiram que ele continuaria sua forma\u00e7\u00e3o na Universidade de [&hellip;]\" \/>\n<meta property=\"og:url\" content=\"https:\/\/www.oarcanjo.net\/site\/bem-aventurado-jose-de-anchieta\/\" \/>\n<meta property=\"og:site_name\" content=\"O Arcanjo no ar\" \/>\n<meta property=\"article:publisher\" content=\"https:\/\/www.facebook.com\/OArcanjoNoAr\/\" \/>\n<meta property=\"article:published_time\" content=\"2016-06-09T13:41:06+00:00\" \/>\n<meta property=\"article:modified_time\" content=\"2016-06-10T21:57:59+00:00\" \/>\n<meta property=\"og:image\" content=\"http:\/\/www.tudook.com\/portalcatolico\/images\/270px-anchieta.jpg\" \/>\n<meta name=\"author\" content=\"danilo\" \/>\n<meta name=\"twitter:card\" content=\"summary_large_image\" \/>\n<meta name=\"twitter:label1\" content=\"Escrito por\" \/>\n\t<meta name=\"twitter:data1\" content=\"danilo\" \/>\n\t<meta name=\"twitter:label2\" content=\"Est. tempo de leitura\" \/>\n\t<meta name=\"twitter:data2\" content=\"3 minutos\" \/>\n<script type=\"application\/ld+json\" class=\"yoast-schema-graph\">{\"@context\":\"https:\/\/schema.org\",\"@graph\":[{\"@type\":\"Article\",\"@id\":\"https:\/\/www.oarcanjo.net\/site\/bem-aventurado-jose-de-anchieta\/#article\",\"isPartOf\":{\"@id\":\"https:\/\/www.oarcanjo.net\/site\/bem-aventurado-jose-de-anchieta\/\"},\"author\":{\"name\":\"danilo\",\"@id\":\"https:\/\/www.oarcanjo.net\/site\/#\/schema\/person\/5eb9480bedd2f3c97e430ce128c29c6c\"},\"headline\":\"Bem Aventurado Jos\u00e9 de Anchieta\",\"datePublished\":\"2016-06-09T13:41:06+00:00\",\"dateModified\":\"2016-06-10T21:57:59+00:00\",\"mainEntityOfPage\":{\"@id\":\"https:\/\/www.oarcanjo.net\/site\/bem-aventurado-jose-de-anchieta\/\"},\"wordCount\":544,\"commentCount\":1,\"publisher\":{\"@id\":\"https:\/\/www.oarcanjo.net\/site\/#organization\"},\"image\":{\"@id\":\"https:\/\/www.oarcanjo.net\/site\/bem-aventurado-jose-de-anchieta\/#primaryimage\"},\"thumbnailUrl\":\"http:\/\/www.tudook.com\/portalcatolico\/images\/270px-anchieta.jpg\",\"articleSection\":[\"Testemunhos\"],\"inLanguage\":\"pt-BR\",\"potentialAction\":[{\"@type\":\"CommentAction\",\"name\":\"Comment\",\"target\":[\"https:\/\/www.oarcanjo.net\/site\/bem-aventurado-jose-de-anchieta\/#respond\"]}]},{\"@type\":\"WebPage\",\"@id\":\"https:\/\/www.oarcanjo.net\/site\/bem-aventurado-jose-de-anchieta\/\",\"url\":\"https:\/\/www.oarcanjo.net\/site\/bem-aventurado-jose-de-anchieta\/\",\"name\":\"Bem Aventurado Jos\u00e9 de Anchieta - O Arcanjo no ar\",\"isPartOf\":{\"@id\":\"https:\/\/www.oarcanjo.net\/site\/#website\"},\"primaryImageOfPage\":{\"@id\":\"https:\/\/www.oarcanjo.net\/site\/bem-aventurado-jose-de-anchieta\/#primaryimage\"},\"image\":{\"@id\":\"https:\/\/www.oarcanjo.net\/site\/bem-aventurado-jose-de-anchieta\/#primaryimage\"},\"thumbnailUrl\":\"http:\/\/www.tudook.com\/portalcatolico\/images\/270px-anchieta.jpg\",\"datePublished\":\"2016-06-09T13:41:06+00:00\",\"dateModified\":\"2016-06-10T21:57:59+00:00\",\"breadcrumb\":{\"@id\":\"https:\/\/www.oarcanjo.net\/site\/bem-aventurado-jose-de-anchieta\/#breadcrumb\"},\"inLanguage\":\"pt-BR\",\"potentialAction\":[{\"@type\":\"ReadAction\",\"target\":[\"https:\/\/www.oarcanjo.net\/site\/bem-aventurado-jose-de-anchieta\/\"]}]},{\"@type\":\"ImageObject\",\"inLanguage\":\"pt-BR\",\"@id\":\"https:\/\/www.oarcanjo.net\/site\/bem-aventurado-jose-de-anchieta\/#primaryimage\",\"url\":\"http:\/\/www.tudook.com\/portalcatolico\/images\/270px-anchieta.jpg\",\"contentUrl\":\"http:\/\/www.tudook.com\/portalcatolico\/images\/270px-anchieta.jpg\"},{\"@type\":\"BreadcrumbList\",\"@id\":\"https:\/\/www.oarcanjo.net\/site\/bem-aventurado-jose-de-anchieta\/#breadcrumb\",\"itemListElement\":[{\"@type\":\"ListItem\",\"position\":1,\"name\":\"In\u00edcio\",\"item\":\"https:\/\/www.oarcanjo.net\/site\/\"},{\"@type\":\"ListItem\",\"position\":2,\"name\":\"Bem Aventurado Jos\u00e9 de Anchieta\"}]},{\"@type\":\"WebSite\",\"@id\":\"https:\/\/www.oarcanjo.net\/site\/#website\",\"url\":\"https:\/\/www.oarcanjo.net\/site\/\",\"name\":\"O Arcanjo no ar\",\"description\":\"Site da Par\u00f3quia S\u00e3o Miguel Arcanjo (Arquidiocese de SP)\",\"publisher\":{\"@id\":\"https:\/\/www.oarcanjo.net\/site\/#organization\"},\"potentialAction\":[{\"@type\":\"SearchAction\",\"target\":{\"@type\":\"EntryPoint\",\"urlTemplate\":\"https:\/\/www.oarcanjo.net\/site\/?s={search_term_string}\"},\"query-input\":{\"@type\":\"PropertyValueSpecification\",\"valueRequired\":true,\"valueName\":\"search_term_string\"}}],\"inLanguage\":\"pt-BR\"},{\"@type\":\"Organization\",\"@id\":\"https:\/\/www.oarcanjo.net\/site\/#organization\",\"name\":\"Par\u00f3quia S\u00e3o Miguel Arcanjo\",\"url\":\"https:\/\/www.oarcanjo.net\/site\/\",\"logo\":{\"@type\":\"ImageObject\",\"inLanguage\":\"pt-BR\",\"@id\":\"https:\/\/www.oarcanjo.net\/site\/#\/schema\/logo\/image\/\",\"url\":\"https:\/\/www.oarcanjo.net\/site\/wp-content\/uploads\/LogoOArcanjo.png\",\"contentUrl\":\"https:\/\/www.oarcanjo.net\/site\/wp-content\/uploads\/LogoOArcanjo.png\",\"width\":319,\"height\":99,\"caption\":\"Par\u00f3quia S\u00e3o Miguel Arcanjo\"},\"image\":{\"@id\":\"https:\/\/www.oarcanjo.net\/site\/#\/schema\/logo\/image\/\"},\"sameAs\":[\"https:\/\/www.facebook.com\/OArcanjoNoAr\/\"]},{\"@type\":\"Person\",\"@id\":\"https:\/\/www.oarcanjo.net\/site\/#\/schema\/person\/5eb9480bedd2f3c97e430ce128c29c6c\",\"name\":\"danilo\"}]}<\/script>\n<!-- \/ Yoast SEO plugin. -->","yoast_head_json":{"title":"Bem Aventurado Jos\u00e9 de Anchieta - O Arcanjo no ar","robots":{"index":"index","follow":"follow","max-snippet":"max-snippet:-1","max-image-preview":"max-image-preview:large","max-video-preview":"max-video-preview:-1"},"canonical":"https:\/\/www.oarcanjo.net\/site\/bem-aventurado-jose-de-anchieta\/","og_locale":"pt_BR","og_type":"article","og_title":"Bem Aventurado Jos\u00e9 de Anchieta - O Arcanjo no ar","og_description":"9 de Junho Jos\u00e9 de Anchieta nasceu no dia 19 de mar\u00e7o de 1534, na cidade de S\u00e3o Crist\u00f3v\u00e3o da Laguna, na ilha de Tenerife, do arquip\u00e9lago das Can\u00e1rias, Espanha. Foi educado na ilha at\u00e9 os quatorze anos de idade. Depois, seus pais, descendentes de nobres, decidiram que ele continuaria sua forma\u00e7\u00e3o na Universidade de [&hellip;]","og_url":"https:\/\/www.oarcanjo.net\/site\/bem-aventurado-jose-de-anchieta\/","og_site_name":"O Arcanjo no ar","article_publisher":"https:\/\/www.facebook.com\/OArcanjoNoAr\/","article_published_time":"2016-06-09T13:41:06+00:00","article_modified_time":"2016-06-10T21:57:59+00:00","og_image":[{"url":"http:\/\/www.tudook.com\/portalcatolico\/images\/270px-anchieta.jpg"}],"author":"danilo","twitter_card":"summary_large_image","twitter_misc":{"Escrito por":"danilo","Est. tempo de leitura":"3 minutos"},"schema":{"@context":"https:\/\/schema.org","@graph":[{"@type":"Article","@id":"https:\/\/www.oarcanjo.net\/site\/bem-aventurado-jose-de-anchieta\/#article","isPartOf":{"@id":"https:\/\/www.oarcanjo.net\/site\/bem-aventurado-jose-de-anchieta\/"},"author":{"name":"danilo","@id":"https:\/\/www.oarcanjo.net\/site\/#\/schema\/person\/5eb9480bedd2f3c97e430ce128c29c6c"},"headline":"Bem Aventurado Jos\u00e9 de Anchieta","datePublished":"2016-06-09T13:41:06+00:00","dateModified":"2016-06-10T21:57:59+00:00","mainEntityOfPage":{"@id":"https:\/\/www.oarcanjo.net\/site\/bem-aventurado-jose-de-anchieta\/"},"wordCount":544,"commentCount":1,"publisher":{"@id":"https:\/\/www.oarcanjo.net\/site\/#organization"},"image":{"@id":"https:\/\/www.oarcanjo.net\/site\/bem-aventurado-jose-de-anchieta\/#primaryimage"},"thumbnailUrl":"http:\/\/www.tudook.com\/portalcatolico\/images\/270px-anchieta.jpg","articleSection":["Testemunhos"],"inLanguage":"pt-BR","potentialAction":[{"@type":"CommentAction","name":"Comment","target":["https:\/\/www.oarcanjo.net\/site\/bem-aventurado-jose-de-anchieta\/#respond"]}]},{"@type":"WebPage","@id":"https:\/\/www.oarcanjo.net\/site\/bem-aventurado-jose-de-anchieta\/","url":"https:\/\/www.oarcanjo.net\/site\/bem-aventurado-jose-de-anchieta\/","name":"Bem Aventurado Jos\u00e9 de Anchieta - O Arcanjo no ar","isPartOf":{"@id":"https:\/\/www.oarcanjo.net\/site\/#website"},"primaryImageOfPage":{"@id":"https:\/\/www.oarcanjo.net\/site\/bem-aventurado-jose-de-anchieta\/#primaryimage"},"image":{"@id":"https:\/\/www.oarcanjo.net\/site\/bem-aventurado-jose-de-anchieta\/#primaryimage"},"thumbnailUrl":"http:\/\/www.tudook.com\/portalcatolico\/images\/270px-anchieta.jpg","datePublished":"2016-06-09T13:41:06+00:00","dateModified":"2016-06-10T21:57:59+00:00","breadcrumb":{"@id":"https:\/\/www.oarcanjo.net\/site\/bem-aventurado-jose-de-anchieta\/#breadcrumb"},"inLanguage":"pt-BR","potentialAction":[{"@type":"ReadAction","target":["https:\/\/www.oarcanjo.net\/site\/bem-aventurado-jose-de-anchieta\/"]}]},{"@type":"ImageObject","inLanguage":"pt-BR","@id":"https:\/\/www.oarcanjo.net\/site\/bem-aventurado-jose-de-anchieta\/#primaryimage","url":"http:\/\/www.tudook.com\/portalcatolico\/images\/270px-anchieta.jpg","contentUrl":"http:\/\/www.tudook.com\/portalcatolico\/images\/270px-anchieta.jpg"},{"@type":"BreadcrumbList","@id":"https:\/\/www.oarcanjo.net\/site\/bem-aventurado-jose-de-anchieta\/#breadcrumb","itemListElement":[{"@type":"ListItem","position":1,"name":"In\u00edcio","item":"https:\/\/www.oarcanjo.net\/site\/"},{"@type":"ListItem","position":2,"name":"Bem Aventurado Jos\u00e9 de Anchieta"}]},{"@type":"WebSite","@id":"https:\/\/www.oarcanjo.net\/site\/#website","url":"https:\/\/www.oarcanjo.net\/site\/","name":"O Arcanjo no ar","description":"Site da Par\u00f3quia S\u00e3o Miguel Arcanjo (Arquidiocese de SP)","publisher":{"@id":"https:\/\/www.oarcanjo.net\/site\/#organization"},"potentialAction":[{"@type":"SearchAction","target":{"@type":"EntryPoint","urlTemplate":"https:\/\/www.oarcanjo.net\/site\/?s={search_term_string}"},"query-input":{"@type":"PropertyValueSpecification","valueRequired":true,"valueName":"search_term_string"}}],"inLanguage":"pt-BR"},{"@type":"Organization","@id":"https:\/\/www.oarcanjo.net\/site\/#organization","name":"Par\u00f3quia S\u00e3o Miguel Arcanjo","url":"https:\/\/www.oarcanjo.net\/site\/","logo":{"@type":"ImageObject","inLanguage":"pt-BR","@id":"https:\/\/www.oarcanjo.net\/site\/#\/schema\/logo\/image\/","url":"https:\/\/www.oarcanjo.net\/site\/wp-content\/uploads\/LogoOArcanjo.png","contentUrl":"https:\/\/www.oarcanjo.net\/site\/wp-content\/uploads\/LogoOArcanjo.png","width":319,"height":99,"caption":"Par\u00f3quia S\u00e3o Miguel Arcanjo"},"image":{"@id":"https:\/\/www.oarcanjo.net\/site\/#\/schema\/logo\/image\/"},"sameAs":["https:\/\/www.facebook.com\/OArcanjoNoAr\/"]},{"@type":"Person","@id":"https:\/\/www.oarcanjo.net\/site\/#\/schema\/person\/5eb9480bedd2f3c97e430ce128c29c6c","name":"danilo"}]}},"publishpress_future_action":{"enabled":false,"date":"2026-05-09 09:37:59","action":"category","newStatus":"draft","terms":[],"taxonomy":"category"},"publishpress_future_workflow_manual_trigger":{"enabledWorkflows":[]},"_links":{"self":[{"href":"https:\/\/www.oarcanjo.net\/site\/wp-json\/wp\/v2\/posts\/9689"}],"collection":[{"href":"https:\/\/www.oarcanjo.net\/site\/wp-json\/wp\/v2\/posts"}],"about":[{"href":"https:\/\/www.oarcanjo.net\/site\/wp-json\/wp\/v2\/types\/post"}],"author":[{"embeddable":true,"href":"https:\/\/www.oarcanjo.net\/site\/wp-json\/wp\/v2\/users\/14"}],"replies":[{"embeddable":true,"href":"https:\/\/www.oarcanjo.net\/site\/wp-json\/wp\/v2\/comments?post=9689"}],"version-history":[{"count":0,"href":"https:\/\/www.oarcanjo.net\/site\/wp-json\/wp\/v2\/posts\/9689\/revisions"}],"wp:attachment":[{"href":"https:\/\/www.oarcanjo.net\/site\/wp-json\/wp\/v2\/media?parent=9689"}],"wp:term":[{"taxonomy":"category","embeddable":true,"href":"https:\/\/www.oarcanjo.net\/site\/wp-json\/wp\/v2\/categories?post=9689"},{"taxonomy":"post_tag","embeddable":true,"href":"https:\/\/www.oarcanjo.net\/site\/wp-json\/wp\/v2\/tags?post=9689"}],"curies":[{"name":"wp","href":"https:\/\/api.w.org\/{rel}","templated":true}]}}