
{"id":96912,"date":"2019-10-06T18:15:06","date_gmt":"2019-10-06T21:15:06","guid":{"rendered":"https:\/\/www.oarcanjo.net\/site\/?p=96912"},"modified":"2020-02-12T09:53:58","modified_gmt":"2020-02-12T12:53:58","slug":"sinodo-para-amazonia-acompanhar-nas-fontes-corretas","status":"publish","type":"post","link":"https:\/\/www.oarcanjo.net\/site\/sinodo-para-amazonia-acompanhar-nas-fontes-corretas\/","title":{"rendered":"S\u00ednodo para Amaz\u00f4nia: &#8220;acompanhar nas fontes corretas&#8221;"},"content":{"rendered":"<p>Come\u00e7ou no domingo, 06\/10, a assembleia do S\u00ednodo para Amaz\u00f4nia. Evento convocado pelo Papa Francisco, o S\u00ednodo tem enfrentado resist\u00eancias e gerado informa\u00e7\u00f5es distorcidas. Por isso, o Pe. Julio recomenda: &#8220;n\u00e3o acompanhem pela Globo, pela Record nem pelo SBT&#8230; Precisamos acompanhar nas fontes corretas&#8221;. Mais detalhes nos avisos paroquiais da semana, gravados no final da missa das 10h na capela da Universidade S\u00e3o Judas Tadeu:<\/p>\n<p><iframe loading=\"lazy\" src=\"https:\/\/www.youtube.com\/embed\/2atVa5F0v6U?rel=0\" allowfullscreen=\"allowfullscreen\" width=\"700\" height=\"394\" frameborder=\"0\"><\/iframe><\/p>\n<p>Visite abaixo o site <strong>Vatican News<\/strong>, citado pelo Pe. Julio:<\/p>\n<p><a href=\"https:\/\/www.vaticannews.va\/pt\/events\/sinodoamazonico.html\" target=\"_blank\" rel=\"noopener\"><img loading=\"lazy\" decoding=\"async\" class=\"alignnone wp-image-96915\" src=\"https:\/\/www.oarcanjo.net\/site\/wp-content\/uploads\/VaticanNews-1024x670.png\" alt=\"\" width=\"699\" height=\"458\" srcset=\"https:\/\/www.oarcanjo.net\/site\/wp-content\/uploads\/VaticanNews-1024x670.png 1024w, https:\/\/www.oarcanjo.net\/site\/wp-content\/uploads\/VaticanNews-300x196.png 300w, https:\/\/www.oarcanjo.net\/site\/wp-content\/uploads\/VaticanNews-768x502.png 768w, https:\/\/www.oarcanjo.net\/site\/wp-content\/uploads\/VaticanNews-600x392.png 600w, https:\/\/www.oarcanjo.net\/site\/wp-content\/uploads\/VaticanNews.png 1092w\" sizes=\"(max-width: 699px) 100vw, 699px\" \/><\/a><\/p>\n<p>&nbsp;<\/p>\n<p>&nbsp;<\/p>\n<div id=\"themify_builder_content-96912\" data-postid=\"96912\" class=\"themify_builder_content themify_builder_content-96912 themify_builder themify_builder_front\">\n\t<\/div>\n<!-- \/themify_builder_content -->","protected":false},"excerpt":{"rendered":"<p>Evento convocado pelo Papa Francisco, o S\u00ednodo tem enfrentado resist\u00eancias e gerado informa\u00e7\u00f5es distorcidas<\/p>\n","protected":false},"author":5,"featured_media":96913,"comment_status":"open","ping_status":"open","sticky":false,"template":"","format":"standard","meta":{"ngg_post_thumbnail":0,"footnotes":""},"categories":[476,3,8,3345],"tags":[],"yoast_head":"<!-- This site is optimized with the Yoast SEO plugin v23.5 - https:\/\/yoast.com\/wordpress\/plugins\/seo\/ -->\n<title>S\u00ednodo para Amaz\u00f4nia: &quot;acompanhar nas fontes corretas&quot; - O Arcanjo no ar<\/title>\n<meta name=\"robots\" content=\"index, follow, max-snippet:-1, max-image-preview:large, max-video-preview:-1\" \/>\n<link rel=\"canonical\" href=\"https:\/\/www.oarcanjo.net\/site\/sinodo-para-amazonia-acompanhar-nas-fontes-corretas\/\" \/>\n<meta property=\"og:locale\" content=\"pt_BR\" \/>\n<meta property=\"og:type\" content=\"article\" \/>\n<meta property=\"og:title\" content=\"S\u00ednodo para Amaz\u00f4nia: &quot;acompanhar nas fontes corretas&quot; - O Arcanjo no ar\" \/>\n<meta property=\"og:description\" content=\"Evento convocado pelo Papa Francisco, o S\u00ednodo tem enfrentado resist\u00eancias e gerado informa\u00e7\u00f5es distorcidas\" \/>\n<meta property=\"og:url\" content=\"https:\/\/www.oarcanjo.net\/site\/sinodo-para-amazonia-acompanhar-nas-fontes-corretas\/\" \/>\n<meta property=\"og:site_name\" content=\"O Arcanjo no ar\" \/>\n<meta property=\"article:publisher\" content=\"https:\/\/www.facebook.com\/OArcanjoNoAr\/\" \/>\n<meta property=\"article:published_time\" content=\"2019-10-06T21:15:06+00:00\" \/>\n<meta property=\"article:modified_time\" content=\"2020-02-12T12:53:58+00:00\" \/>\n<meta property=\"og:image\" content=\"https:\/\/www.oarcanjo.net\/site\/wp-content\/uploads\/20191006Avisos02.png\" \/>\n\t<meta property=\"og:image:width\" content=\"961\" \/>\n\t<meta property=\"og:image:height\" content=\"542\" \/>\n\t<meta property=\"og:image:type\" content=\"image\/png\" \/>\n<meta name=\"author\" content=\"editor\" \/>\n<meta name=\"twitter:card\" content=\"summary_large_image\" \/>\n<meta name=\"twitter:label1\" content=\"Escrito por\" \/>\n\t<meta name=\"twitter:data1\" content=\"editor\" \/>\n<script type=\"application\/ld+json\" class=\"yoast-schema-graph\">{\"@context\":\"https:\/\/schema.org\",\"@graph\":[{\"@type\":\"Article\",\"@id\":\"https:\/\/www.oarcanjo.net\/site\/sinodo-para-amazonia-acompanhar-nas-fontes-corretas\/#article\",\"isPartOf\":{\"@id\":\"https:\/\/www.oarcanjo.net\/site\/sinodo-para-amazonia-acompanhar-nas-fontes-corretas\/\"},\"author\":{\"name\":\"editor\",\"@id\":\"https:\/\/www.oarcanjo.net\/site\/#\/schema\/person\/f7024d007863202483a31326673a0838\"},\"headline\":\"S\u00ednodo para Amaz\u00f4nia: &#8220;acompanhar nas fontes corretas&#8221;\",\"datePublished\":\"2019-10-06T21:15:06+00:00\",\"dateModified\":\"2020-02-12T12:53:58+00:00\",\"mainEntityOfPage\":{\"@id\":\"https:\/\/www.oarcanjo.net\/site\/sinodo-para-amazonia-acompanhar-nas-fontes-corretas\/\"},\"wordCount\":93,\"commentCount\":0,\"publisher\":{\"@id\":\"https:\/\/www.oarcanjo.net\/site\/#organization\"},\"image\":{\"@id\":\"https:\/\/www.oarcanjo.net\/site\/sinodo-para-amazonia-acompanhar-nas-fontes-corretas\/#primaryimage\"},\"thumbnailUrl\":\"https:\/\/www.oarcanjo.net\/site\/wp-content\/uploads\/20191006Avisos02.png\",\"articleSection\":[\"Avisos\",\"Destaques\",\"Not\u00edcias\",\"S\u00ednodo para a Amaz\u00f4nia\"],\"inLanguage\":\"pt-BR\",\"potentialAction\":[{\"@type\":\"CommentAction\",\"name\":\"Comment\",\"target\":[\"https:\/\/www.oarcanjo.net\/site\/sinodo-para-amazonia-acompanhar-nas-fontes-corretas\/#respond\"]}]},{\"@type\":\"WebPage\",\"@id\":\"https:\/\/www.oarcanjo.net\/site\/sinodo-para-amazonia-acompanhar-nas-fontes-corretas\/\",\"url\":\"https:\/\/www.oarcanjo.net\/site\/sinodo-para-amazonia-acompanhar-nas-fontes-corretas\/\",\"name\":\"S\u00ednodo para Amaz\u00f4nia: \\\"acompanhar nas fontes corretas\\\" - O Arcanjo no ar\",\"isPartOf\":{\"@id\":\"https:\/\/www.oarcanjo.net\/site\/#website\"},\"primaryImageOfPage\":{\"@id\":\"https:\/\/www.oarcanjo.net\/site\/sinodo-para-amazonia-acompanhar-nas-fontes-corretas\/#primaryimage\"},\"image\":{\"@id\":\"https:\/\/www.oarcanjo.net\/site\/sinodo-para-amazonia-acompanhar-nas-fontes-corretas\/#primaryimage\"},\"thumbnailUrl\":\"https:\/\/www.oarcanjo.net\/site\/wp-content\/uploads\/20191006Avisos02.png\",\"datePublished\":\"2019-10-06T21:15:06+00:00\",\"dateModified\":\"2020-02-12T12:53:58+00:00\",\"breadcrumb\":{\"@id\":\"https:\/\/www.oarcanjo.net\/site\/sinodo-para-amazonia-acompanhar-nas-fontes-corretas\/#breadcrumb\"},\"inLanguage\":\"pt-BR\",\"potentialAction\":[{\"@type\":\"ReadAction\",\"target\":[\"https:\/\/www.oarcanjo.net\/site\/sinodo-para-amazonia-acompanhar-nas-fontes-corretas\/\"]}]},{\"@type\":\"ImageObject\",\"inLanguage\":\"pt-BR\",\"@id\":\"https:\/\/www.oarcanjo.net\/site\/sinodo-para-amazonia-acompanhar-nas-fontes-corretas\/#primaryimage\",\"url\":\"https:\/\/www.oarcanjo.net\/site\/wp-content\/uploads\/20191006Avisos02.png\",\"contentUrl\":\"https:\/\/www.oarcanjo.net\/site\/wp-content\/uploads\/20191006Avisos02.png\",\"width\":961,\"height\":542},{\"@type\":\"BreadcrumbList\",\"@id\":\"https:\/\/www.oarcanjo.net\/site\/sinodo-para-amazonia-acompanhar-nas-fontes-corretas\/#breadcrumb\",\"itemListElement\":[{\"@type\":\"ListItem\",\"position\":1,\"name\":\"In\u00edcio\",\"item\":\"https:\/\/www.oarcanjo.net\/site\/\"},{\"@type\":\"ListItem\",\"position\":2,\"name\":\"S\u00ednodo para Amaz\u00f4nia: &#8220;acompanhar nas fontes corretas&#8221;\"}]},{\"@type\":\"WebSite\",\"@id\":\"https:\/\/www.oarcanjo.net\/site\/#website\",\"url\":\"https:\/\/www.oarcanjo.net\/site\/\",\"name\":\"O Arcanjo no ar\",\"description\":\"Site da Par\u00f3quia S\u00e3o Miguel Arcanjo (Arquidiocese de SP)\",\"publisher\":{\"@id\":\"https:\/\/www.oarcanjo.net\/site\/#organization\"},\"potentialAction\":[{\"@type\":\"SearchAction\",\"target\":{\"@type\":\"EntryPoint\",\"urlTemplate\":\"https:\/\/www.oarcanjo.net\/site\/?s={search_term_string}\"},\"query-input\":{\"@type\":\"PropertyValueSpecification\",\"valueRequired\":true,\"valueName\":\"search_term_string\"}}],\"inLanguage\":\"pt-BR\"},{\"@type\":\"Organization\",\"@id\":\"https:\/\/www.oarcanjo.net\/site\/#organization\",\"name\":\"Par\u00f3quia S\u00e3o Miguel Arcanjo\",\"url\":\"https:\/\/www.oarcanjo.net\/site\/\",\"logo\":{\"@type\":\"ImageObject\",\"inLanguage\":\"pt-BR\",\"@id\":\"https:\/\/www.oarcanjo.net\/site\/#\/schema\/logo\/image\/\",\"url\":\"https:\/\/www.oarcanjo.net\/site\/wp-content\/uploads\/LogoOArcanjo.png\",\"contentUrl\":\"https:\/\/www.oarcanjo.net\/site\/wp-content\/uploads\/LogoOArcanjo.png\",\"width\":319,\"height\":99,\"caption\":\"Par\u00f3quia S\u00e3o Miguel Arcanjo\"},\"image\":{\"@id\":\"https:\/\/www.oarcanjo.net\/site\/#\/schema\/logo\/image\/\"},\"sameAs\":[\"https:\/\/www.facebook.com\/OArcanjoNoAr\/\"]},{\"@type\":\"Person\",\"@id\":\"https:\/\/www.oarcanjo.net\/site\/#\/schema\/person\/f7024d007863202483a31326673a0838\",\"name\":\"editor\",\"sameAs\":[\"http:\/\/www.oarcanjo.net\"]}]}<\/script>\n<!-- \/ Yoast SEO plugin. -->","yoast_head_json":{"title":"S\u00ednodo para Amaz\u00f4nia: \"acompanhar nas fontes corretas\" - O Arcanjo no ar","robots":{"index":"index","follow":"follow","max-snippet":"max-snippet:-1","max-image-preview":"max-image-preview:large","max-video-preview":"max-video-preview:-1"},"canonical":"https:\/\/www.oarcanjo.net\/site\/sinodo-para-amazonia-acompanhar-nas-fontes-corretas\/","og_locale":"pt_BR","og_type":"article","og_title":"S\u00ednodo para Amaz\u00f4nia: \"acompanhar nas fontes corretas\" - O Arcanjo no ar","og_description":"Evento convocado pelo Papa Francisco, o S\u00ednodo tem enfrentado resist\u00eancias e gerado informa\u00e7\u00f5es distorcidas","og_url":"https:\/\/www.oarcanjo.net\/site\/sinodo-para-amazonia-acompanhar-nas-fontes-corretas\/","og_site_name":"O Arcanjo no ar","article_publisher":"https:\/\/www.facebook.com\/OArcanjoNoAr\/","article_published_time":"2019-10-06T21:15:06+00:00","article_modified_time":"2020-02-12T12:53:58+00:00","og_image":[{"width":961,"height":542,"url":"https:\/\/www.oarcanjo.net\/site\/wp-content\/uploads\/20191006Avisos02.png","type":"image\/png"}],"author":"editor","twitter_card":"summary_large_image","twitter_misc":{"Escrito por":"editor"},"schema":{"@context":"https:\/\/schema.org","@graph":[{"@type":"Article","@id":"https:\/\/www.oarcanjo.net\/site\/sinodo-para-amazonia-acompanhar-nas-fontes-corretas\/#article","isPartOf":{"@id":"https:\/\/www.oarcanjo.net\/site\/sinodo-para-amazonia-acompanhar-nas-fontes-corretas\/"},"author":{"name":"editor","@id":"https:\/\/www.oarcanjo.net\/site\/#\/schema\/person\/f7024d007863202483a31326673a0838"},"headline":"S\u00ednodo para Amaz\u00f4nia: &#8220;acompanhar nas fontes corretas&#8221;","datePublished":"2019-10-06T21:15:06+00:00","dateModified":"2020-02-12T12:53:58+00:00","mainEntityOfPage":{"@id":"https:\/\/www.oarcanjo.net\/site\/sinodo-para-amazonia-acompanhar-nas-fontes-corretas\/"},"wordCount":93,"commentCount":0,"publisher":{"@id":"https:\/\/www.oarcanjo.net\/site\/#organization"},"image":{"@id":"https:\/\/www.oarcanjo.net\/site\/sinodo-para-amazonia-acompanhar-nas-fontes-corretas\/#primaryimage"},"thumbnailUrl":"https:\/\/www.oarcanjo.net\/site\/wp-content\/uploads\/20191006Avisos02.png","articleSection":["Avisos","Destaques","Not\u00edcias","S\u00ednodo para a Amaz\u00f4nia"],"inLanguage":"pt-BR","potentialAction":[{"@type":"CommentAction","name":"Comment","target":["https:\/\/www.oarcanjo.net\/site\/sinodo-para-amazonia-acompanhar-nas-fontes-corretas\/#respond"]}]},{"@type":"WebPage","@id":"https:\/\/www.oarcanjo.net\/site\/sinodo-para-amazonia-acompanhar-nas-fontes-corretas\/","url":"https:\/\/www.oarcanjo.net\/site\/sinodo-para-amazonia-acompanhar-nas-fontes-corretas\/","name":"S\u00ednodo para Amaz\u00f4nia: \"acompanhar nas fontes corretas\" - O Arcanjo no ar","isPartOf":{"@id":"https:\/\/www.oarcanjo.net\/site\/#website"},"primaryImageOfPage":{"@id":"https:\/\/www.oarcanjo.net\/site\/sinodo-para-amazonia-acompanhar-nas-fontes-corretas\/#primaryimage"},"image":{"@id":"https:\/\/www.oarcanjo.net\/site\/sinodo-para-amazonia-acompanhar-nas-fontes-corretas\/#primaryimage"},"thumbnailUrl":"https:\/\/www.oarcanjo.net\/site\/wp-content\/uploads\/20191006Avisos02.png","datePublished":"2019-10-06T21:15:06+00:00","dateModified":"2020-02-12T12:53:58+00:00","breadcrumb":{"@id":"https:\/\/www.oarcanjo.net\/site\/sinodo-para-amazonia-acompanhar-nas-fontes-corretas\/#breadcrumb"},"inLanguage":"pt-BR","potentialAction":[{"@type":"ReadAction","target":["https:\/\/www.oarcanjo.net\/site\/sinodo-para-amazonia-acompanhar-nas-fontes-corretas\/"]}]},{"@type":"ImageObject","inLanguage":"pt-BR","@id":"https:\/\/www.oarcanjo.net\/site\/sinodo-para-amazonia-acompanhar-nas-fontes-corretas\/#primaryimage","url":"https:\/\/www.oarcanjo.net\/site\/wp-content\/uploads\/20191006Avisos02.png","contentUrl":"https:\/\/www.oarcanjo.net\/site\/wp-content\/uploads\/20191006Avisos02.png","width":961,"height":542},{"@type":"BreadcrumbList","@id":"https:\/\/www.oarcanjo.net\/site\/sinodo-para-amazonia-acompanhar-nas-fontes-corretas\/#breadcrumb","itemListElement":[{"@type":"ListItem","position":1,"name":"In\u00edcio","item":"https:\/\/www.oarcanjo.net\/site\/"},{"@type":"ListItem","position":2,"name":"S\u00ednodo para Amaz\u00f4nia: &#8220;acompanhar nas fontes corretas&#8221;"}]},{"@type":"WebSite","@id":"https:\/\/www.oarcanjo.net\/site\/#website","url":"https:\/\/www.oarcanjo.net\/site\/","name":"O Arcanjo no ar","description":"Site da Par\u00f3quia S\u00e3o Miguel Arcanjo (Arquidiocese de SP)","publisher":{"@id":"https:\/\/www.oarcanjo.net\/site\/#organization"},"potentialAction":[{"@type":"SearchAction","target":{"@type":"EntryPoint","urlTemplate":"https:\/\/www.oarcanjo.net\/site\/?s={search_term_string}"},"query-input":{"@type":"PropertyValueSpecification","valueRequired":true,"valueName":"search_term_string"}}],"inLanguage":"pt-BR"},{"@type":"Organization","@id":"https:\/\/www.oarcanjo.net\/site\/#organization","name":"Par\u00f3quia S\u00e3o Miguel Arcanjo","url":"https:\/\/www.oarcanjo.net\/site\/","logo":{"@type":"ImageObject","inLanguage":"pt-BR","@id":"https:\/\/www.oarcanjo.net\/site\/#\/schema\/logo\/image\/","url":"https:\/\/www.oarcanjo.net\/site\/wp-content\/uploads\/LogoOArcanjo.png","contentUrl":"https:\/\/www.oarcanjo.net\/site\/wp-content\/uploads\/LogoOArcanjo.png","width":319,"height":99,"caption":"Par\u00f3quia S\u00e3o Miguel Arcanjo"},"image":{"@id":"https:\/\/www.oarcanjo.net\/site\/#\/schema\/logo\/image\/"},"sameAs":["https:\/\/www.facebook.com\/OArcanjoNoAr\/"]},{"@type":"Person","@id":"https:\/\/www.oarcanjo.net\/site\/#\/schema\/person\/f7024d007863202483a31326673a0838","name":"editor","sameAs":["http:\/\/www.oarcanjo.net"]}]}},"publishpress_future_action":{"enabled":false,"date":"2026-05-06 15:40:18","action":"category","newStatus":"draft","terms":[],"taxonomy":"category"},"publishpress_future_workflow_manual_trigger":{"enabledWorkflows":[]},"_links":{"self":[{"href":"https:\/\/www.oarcanjo.net\/site\/wp-json\/wp\/v2\/posts\/96912"}],"collection":[{"href":"https:\/\/www.oarcanjo.net\/site\/wp-json\/wp\/v2\/posts"}],"about":[{"href":"https:\/\/www.oarcanjo.net\/site\/wp-json\/wp\/v2\/types\/post"}],"author":[{"embeddable":true,"href":"https:\/\/www.oarcanjo.net\/site\/wp-json\/wp\/v2\/users\/5"}],"replies":[{"embeddable":true,"href":"https:\/\/www.oarcanjo.net\/site\/wp-json\/wp\/v2\/comments?post=96912"}],"version-history":[{"count":3,"href":"https:\/\/www.oarcanjo.net\/site\/wp-json\/wp\/v2\/posts\/96912\/revisions"}],"predecessor-version":[{"id":96917,"href":"https:\/\/www.oarcanjo.net\/site\/wp-json\/wp\/v2\/posts\/96912\/revisions\/96917"}],"wp:featuredmedia":[{"embeddable":true,"href":"https:\/\/www.oarcanjo.net\/site\/wp-json\/wp\/v2\/media\/96913"}],"wp:attachment":[{"href":"https:\/\/www.oarcanjo.net\/site\/wp-json\/wp\/v2\/media?parent=96912"}],"wp:term":[{"taxonomy":"category","embeddable":true,"href":"https:\/\/www.oarcanjo.net\/site\/wp-json\/wp\/v2\/categories?post=96912"},{"taxonomy":"post_tag","embeddable":true,"href":"https:\/\/www.oarcanjo.net\/site\/wp-json\/wp\/v2\/tags?post=96912"}],"curies":[{"name":"wp","href":"https:\/\/api.w.org\/{rel}","templated":true}]}}