
{"id":9692,"date":"2016-06-10T00:48:45","date_gmt":"2016-06-10T03:48:45","guid":{"rendered":"http:\/\/www.oarcanjo.net\/site\/?p=9692"},"modified":"2016-06-10T18:57:50","modified_gmt":"2016-06-10T21:57:50","slug":"bem-aventurado-eduardo-poppe","status":"publish","type":"post","link":"https:\/\/www.oarcanjo.net\/site\/bem-aventurado-eduardo-poppe\/","title":{"rendered":"Bem Aventurado Eduardo Poppe"},"content":{"rendered":"<p><img decoding=\"async\" src=\"http:\/\/www.oremosjuntos.com\/Santoral\/Beato_Eduardo_Poppe__Sacerdote_1_257x319.jpg\" alt=\"\" \/><\/p>\n<p>10 de Junho<\/p>\n<p>Eduardo Jo\u00e3o Maria Poppe nasceu na cidade de Temsche, na B\u00e9lgica, no dia 18 de dezembro de 1890. Era o terceiro dos onze filhos de uma modesta fam\u00edlia de trabalhadores.<\/p>\n<p>Sua educa\u00e7\u00e3o religiosa come\u00e7ou no seio da pr\u00f3pria fam\u00edlia, muito crist\u00e3. Depois foi estudar no col\u00e9gio dos Irm\u00e3os da Caridade, onde completou o ensino b\u00e1sico.<\/p>\n<p>Aos quinze anos, entrou para o semin\u00e1rio de S\u00e3o Nicolau, na diocese de Gand, destacando-se como exemplo de caridade e piedade. Foi durante o servi\u00e7o militar, prestado em 1910, que Eduardo percebeu sua voca\u00e7\u00e3o religiosa.<br \/>\nAos vinte e dois anos, ele ingressou no Semin\u00e1rio Filos\u00f3fico Le\u00e3o XIII, de Louvain. Durante a Primeira Guerra Mundial, foi convocado a servir o ex\u00e9rcito, servindo junto \u00e0 Cruz Vermelha como enfermeiro, atendendo as ambul\u00e2ncias que chegavam com os feridos.<\/p>\n<p>Em 1915, foi transferido para Gand e, no ano seguinte, era ordenado sacerdote. Logo foi nomeado vig\u00e1rio da par\u00f3quia de Santa Colete, naquela diocese, iniciando seu minist\u00e9rio entre a popula\u00e7\u00e3o mais pobre, difundindo a devo\u00e7\u00e3o \u00e0 eucaristia e \u00e0 Virgem Maria.<\/p>\n<p>Preocupado em preparar as crian\u00e7as para a primeira comunh\u00e3o, formou um grupo de jovens catequistas para dar \u00eanfase \u00e0 devo\u00e7\u00e3o eucar\u00edstica. Logo esse trabalho tornou-se conhecido e institu\u00eddo em outras par\u00f3quias da diocese. Assim, padre Eduardo elaborou e escreveu &#8220;O manual do catequista eucar\u00edstico&#8221;, em 1917, idealizado segundo os decretos do papa s\u00e3o Pio X. Mas n\u00e3o criou apenas o &#8220;manual&#8221;, ele instituiu a &#8220;Liga da Comunh\u00e3o Freq\u00fcente&#8221;, estendida aos oper\u00e1rios tamb\u00e9m.<\/p>\n<p>O seu apostolado foi interrompido em 1918, quando foi nomeado diretor do Convento das Irm\u00e3s de S\u00e3o Vicente de Paulo, em Moerzeke-lez-Termonde. L\u00e1, continuou com sua preocupa\u00e7\u00e3o em manter acesa a chama da f\u00e9 crist\u00e3 nos jovens catequistas, todos filhos de fam\u00edlias socialistas e anticlericais. Por isso publicou um seman\u00e1rio intitulado &#8220;Zonneland&#8221;, que significa &#8220;Pa\u00eds do Sol&#8221;, direcionado \u00e0 &#8220;Cruzada Eucar\u00edstica Pio X&#8221; de toda a B\u00e9lgica.<\/p>\n<p>Mais tarde, os problemas de sa\u00fade agravaram-se. Padre Eduardo convivia desde a inf\u00e2ncia com uma doen\u00e7a cong\u00eanita no cora\u00e7\u00e3o. Por tal motivo foi obrigado a viver numa poltrona. E foi nesse per\u00edodo que ele escreveu sua extensa e not\u00e1vel bibliografia catequ\u00e9tica com \u00eanfase na eucaristia. Dela se destacaram as obras: &#8220;Dire\u00e7\u00e3o espiritual dos jovens&#8221;, de 1920; &#8220;Salvemos os oper\u00e1rios&#8221;, de 1923; &#8220;Apostolado eucar\u00edstico paroquial&#8221;, de 1923; &#8220;O amigo dos jovens&#8221; e &#8220;O m\u00e9todo educativo eucar\u00edstico&#8221;, ambas de 1924. H\u00e1 outras publicadas depois de sua morte tamb\u00e9m.<\/p>\n<p>Em 1921, o cardeal nomeou-o diretor espiritual do CIBI de Leopoldsburgo, reservado aos novi\u00e7os que se destinavam ao servi\u00e7o do altar. L\u00e1 tamb\u00e9m seu minist\u00e9rio floresceu. Por\u00e9m, aos trinta e quatro anos de idade, padre Eduardo Poppe morreu repentinamente, no dia 10 de junho de 1924, no Convento de Moerzeke-lez-Termonde, durante o per\u00edodo das f\u00e9rias.<\/p>\n<p>A sua morte causou forte como\u00e7\u00e3o popular e no meio do clero, sendo imediatamente venerado por sua santidade. Ele foi beatificado, em 1999, pelo papa Jo\u00e3o Paulo II, que o nomeou &#8220;Pedagogo da Eucaristia&#8221;.<\/p>\n<div id=\"themify_builder_content-9692\" data-postid=\"9692\" class=\"themify_builder_content themify_builder_content-9692 themify_builder themify_builder_front\">\n\t<\/div>\n<!-- \/themify_builder_content -->","protected":false},"excerpt":{"rendered":"<p>10 de Junho Eduardo Jo\u00e3o Maria Poppe nasceu na cidade de Temsche, na B\u00e9lgica, no dia 18 de dezembro de 1890. Era o terceiro dos onze filhos de uma modesta fam\u00edlia de trabalhadores. Sua educa\u00e7\u00e3o religiosa come\u00e7ou no seio da pr\u00f3pria fam\u00edlia, muito crist\u00e3. Depois foi estudar no col\u00e9gio dos Irm\u00e3os da Caridade, onde completou [&hellip;]<\/p>\n","protected":false},"author":14,"featured_media":0,"comment_status":"open","ping_status":"open","sticky":false,"template":"","format":"standard","meta":{"ngg_post_thumbnail":0,"footnotes":""},"categories":[186],"tags":[],"yoast_head":"<!-- This site is optimized with the Yoast SEO plugin v23.5 - https:\/\/yoast.com\/wordpress\/plugins\/seo\/ -->\n<title>Bem Aventurado Eduardo Poppe - O Arcanjo no ar<\/title>\n<meta name=\"robots\" content=\"index, follow, max-snippet:-1, max-image-preview:large, max-video-preview:-1\" \/>\n<link rel=\"canonical\" href=\"https:\/\/www.oarcanjo.net\/site\/bem-aventurado-eduardo-poppe\/\" \/>\n<meta property=\"og:locale\" content=\"pt_BR\" \/>\n<meta property=\"og:type\" content=\"article\" \/>\n<meta property=\"og:title\" content=\"Bem Aventurado Eduardo Poppe - O Arcanjo no ar\" \/>\n<meta property=\"og:description\" content=\"10 de Junho Eduardo Jo\u00e3o Maria Poppe nasceu na cidade de Temsche, na B\u00e9lgica, no dia 18 de dezembro de 1890. Era o terceiro dos onze filhos de uma modesta fam\u00edlia de trabalhadores. Sua educa\u00e7\u00e3o religiosa come\u00e7ou no seio da pr\u00f3pria fam\u00edlia, muito crist\u00e3. Depois foi estudar no col\u00e9gio dos Irm\u00e3os da Caridade, onde completou [&hellip;]\" \/>\n<meta property=\"og:url\" content=\"https:\/\/www.oarcanjo.net\/site\/bem-aventurado-eduardo-poppe\/\" \/>\n<meta property=\"og:site_name\" content=\"O Arcanjo no ar\" \/>\n<meta property=\"article:publisher\" content=\"https:\/\/www.facebook.com\/OArcanjoNoAr\/\" \/>\n<meta property=\"article:published_time\" content=\"2016-06-10T03:48:45+00:00\" \/>\n<meta property=\"article:modified_time\" content=\"2016-06-10T21:57:50+00:00\" \/>\n<meta property=\"og:image\" content=\"http:\/\/www.oremosjuntos.com\/Santoral\/Beato_Eduardo_Poppe__Sacerdote_1_257x319.jpg\" \/>\n<meta name=\"author\" content=\"danilo\" \/>\n<meta name=\"twitter:card\" content=\"summary_large_image\" \/>\n<meta name=\"twitter:label1\" content=\"Escrito por\" \/>\n\t<meta name=\"twitter:data1\" content=\"danilo\" \/>\n\t<meta name=\"twitter:label2\" content=\"Est. tempo de leitura\" \/>\n\t<meta name=\"twitter:data2\" content=\"3 minutos\" \/>\n<script type=\"application\/ld+json\" class=\"yoast-schema-graph\">{\"@context\":\"https:\/\/schema.org\",\"@graph\":[{\"@type\":\"Article\",\"@id\":\"https:\/\/www.oarcanjo.net\/site\/bem-aventurado-eduardo-poppe\/#article\",\"isPartOf\":{\"@id\":\"https:\/\/www.oarcanjo.net\/site\/bem-aventurado-eduardo-poppe\/\"},\"author\":{\"name\":\"danilo\",\"@id\":\"https:\/\/www.oarcanjo.net\/site\/#\/schema\/person\/5eb9480bedd2f3c97e430ce128c29c6c\"},\"headline\":\"Bem Aventurado Eduardo Poppe\",\"datePublished\":\"2016-06-10T03:48:45+00:00\",\"dateModified\":\"2016-06-10T21:57:50+00:00\",\"mainEntityOfPage\":{\"@id\":\"https:\/\/www.oarcanjo.net\/site\/bem-aventurado-eduardo-poppe\/\"},\"wordCount\":540,\"commentCount\":0,\"publisher\":{\"@id\":\"https:\/\/www.oarcanjo.net\/site\/#organization\"},\"image\":{\"@id\":\"https:\/\/www.oarcanjo.net\/site\/bem-aventurado-eduardo-poppe\/#primaryimage\"},\"thumbnailUrl\":\"http:\/\/www.oremosjuntos.com\/Santoral\/Beato_Eduardo_Poppe__Sacerdote_1_257x319.jpg\",\"articleSection\":[\"Testemunhos\"],\"inLanguage\":\"pt-BR\",\"potentialAction\":[{\"@type\":\"CommentAction\",\"name\":\"Comment\",\"target\":[\"https:\/\/www.oarcanjo.net\/site\/bem-aventurado-eduardo-poppe\/#respond\"]}]},{\"@type\":\"WebPage\",\"@id\":\"https:\/\/www.oarcanjo.net\/site\/bem-aventurado-eduardo-poppe\/\",\"url\":\"https:\/\/www.oarcanjo.net\/site\/bem-aventurado-eduardo-poppe\/\",\"name\":\"Bem Aventurado Eduardo Poppe - O Arcanjo no ar\",\"isPartOf\":{\"@id\":\"https:\/\/www.oarcanjo.net\/site\/#website\"},\"primaryImageOfPage\":{\"@id\":\"https:\/\/www.oarcanjo.net\/site\/bem-aventurado-eduardo-poppe\/#primaryimage\"},\"image\":{\"@id\":\"https:\/\/www.oarcanjo.net\/site\/bem-aventurado-eduardo-poppe\/#primaryimage\"},\"thumbnailUrl\":\"http:\/\/www.oremosjuntos.com\/Santoral\/Beato_Eduardo_Poppe__Sacerdote_1_257x319.jpg\",\"datePublished\":\"2016-06-10T03:48:45+00:00\",\"dateModified\":\"2016-06-10T21:57:50+00:00\",\"breadcrumb\":{\"@id\":\"https:\/\/www.oarcanjo.net\/site\/bem-aventurado-eduardo-poppe\/#breadcrumb\"},\"inLanguage\":\"pt-BR\",\"potentialAction\":[{\"@type\":\"ReadAction\",\"target\":[\"https:\/\/www.oarcanjo.net\/site\/bem-aventurado-eduardo-poppe\/\"]}]},{\"@type\":\"ImageObject\",\"inLanguage\":\"pt-BR\",\"@id\":\"https:\/\/www.oarcanjo.net\/site\/bem-aventurado-eduardo-poppe\/#primaryimage\",\"url\":\"http:\/\/www.oremosjuntos.com\/Santoral\/Beato_Eduardo_Poppe__Sacerdote_1_257x319.jpg\",\"contentUrl\":\"http:\/\/www.oremosjuntos.com\/Santoral\/Beato_Eduardo_Poppe__Sacerdote_1_257x319.jpg\"},{\"@type\":\"BreadcrumbList\",\"@id\":\"https:\/\/www.oarcanjo.net\/site\/bem-aventurado-eduardo-poppe\/#breadcrumb\",\"itemListElement\":[{\"@type\":\"ListItem\",\"position\":1,\"name\":\"In\u00edcio\",\"item\":\"https:\/\/www.oarcanjo.net\/site\/\"},{\"@type\":\"ListItem\",\"position\":2,\"name\":\"Bem Aventurado Eduardo Poppe\"}]},{\"@type\":\"WebSite\",\"@id\":\"https:\/\/www.oarcanjo.net\/site\/#website\",\"url\":\"https:\/\/www.oarcanjo.net\/site\/\",\"name\":\"O Arcanjo no ar\",\"description\":\"Site da Par\u00f3quia S\u00e3o Miguel Arcanjo (Arquidiocese de SP)\",\"publisher\":{\"@id\":\"https:\/\/www.oarcanjo.net\/site\/#organization\"},\"potentialAction\":[{\"@type\":\"SearchAction\",\"target\":{\"@type\":\"EntryPoint\",\"urlTemplate\":\"https:\/\/www.oarcanjo.net\/site\/?s={search_term_string}\"},\"query-input\":{\"@type\":\"PropertyValueSpecification\",\"valueRequired\":true,\"valueName\":\"search_term_string\"}}],\"inLanguage\":\"pt-BR\"},{\"@type\":\"Organization\",\"@id\":\"https:\/\/www.oarcanjo.net\/site\/#organization\",\"name\":\"Par\u00f3quia S\u00e3o Miguel Arcanjo\",\"url\":\"https:\/\/www.oarcanjo.net\/site\/\",\"logo\":{\"@type\":\"ImageObject\",\"inLanguage\":\"pt-BR\",\"@id\":\"https:\/\/www.oarcanjo.net\/site\/#\/schema\/logo\/image\/\",\"url\":\"https:\/\/www.oarcanjo.net\/site\/wp-content\/uploads\/LogoOArcanjo.png\",\"contentUrl\":\"https:\/\/www.oarcanjo.net\/site\/wp-content\/uploads\/LogoOArcanjo.png\",\"width\":319,\"height\":99,\"caption\":\"Par\u00f3quia S\u00e3o Miguel Arcanjo\"},\"image\":{\"@id\":\"https:\/\/www.oarcanjo.net\/site\/#\/schema\/logo\/image\/\"},\"sameAs\":[\"https:\/\/www.facebook.com\/OArcanjoNoAr\/\"]},{\"@type\":\"Person\",\"@id\":\"https:\/\/www.oarcanjo.net\/site\/#\/schema\/person\/5eb9480bedd2f3c97e430ce128c29c6c\",\"name\":\"danilo\"}]}<\/script>\n<!-- \/ Yoast SEO plugin. -->","yoast_head_json":{"title":"Bem Aventurado Eduardo Poppe - O Arcanjo no ar","robots":{"index":"index","follow":"follow","max-snippet":"max-snippet:-1","max-image-preview":"max-image-preview:large","max-video-preview":"max-video-preview:-1"},"canonical":"https:\/\/www.oarcanjo.net\/site\/bem-aventurado-eduardo-poppe\/","og_locale":"pt_BR","og_type":"article","og_title":"Bem Aventurado Eduardo Poppe - O Arcanjo no ar","og_description":"10 de Junho Eduardo Jo\u00e3o Maria Poppe nasceu na cidade de Temsche, na B\u00e9lgica, no dia 18 de dezembro de 1890. Era o terceiro dos onze filhos de uma modesta fam\u00edlia de trabalhadores. Sua educa\u00e7\u00e3o religiosa come\u00e7ou no seio da pr\u00f3pria fam\u00edlia, muito crist\u00e3. Depois foi estudar no col\u00e9gio dos Irm\u00e3os da Caridade, onde completou [&hellip;]","og_url":"https:\/\/www.oarcanjo.net\/site\/bem-aventurado-eduardo-poppe\/","og_site_name":"O Arcanjo no ar","article_publisher":"https:\/\/www.facebook.com\/OArcanjoNoAr\/","article_published_time":"2016-06-10T03:48:45+00:00","article_modified_time":"2016-06-10T21:57:50+00:00","og_image":[{"url":"http:\/\/www.oremosjuntos.com\/Santoral\/Beato_Eduardo_Poppe__Sacerdote_1_257x319.jpg"}],"author":"danilo","twitter_card":"summary_large_image","twitter_misc":{"Escrito por":"danilo","Est. tempo de leitura":"3 minutos"},"schema":{"@context":"https:\/\/schema.org","@graph":[{"@type":"Article","@id":"https:\/\/www.oarcanjo.net\/site\/bem-aventurado-eduardo-poppe\/#article","isPartOf":{"@id":"https:\/\/www.oarcanjo.net\/site\/bem-aventurado-eduardo-poppe\/"},"author":{"name":"danilo","@id":"https:\/\/www.oarcanjo.net\/site\/#\/schema\/person\/5eb9480bedd2f3c97e430ce128c29c6c"},"headline":"Bem Aventurado Eduardo Poppe","datePublished":"2016-06-10T03:48:45+00:00","dateModified":"2016-06-10T21:57:50+00:00","mainEntityOfPage":{"@id":"https:\/\/www.oarcanjo.net\/site\/bem-aventurado-eduardo-poppe\/"},"wordCount":540,"commentCount":0,"publisher":{"@id":"https:\/\/www.oarcanjo.net\/site\/#organization"},"image":{"@id":"https:\/\/www.oarcanjo.net\/site\/bem-aventurado-eduardo-poppe\/#primaryimage"},"thumbnailUrl":"http:\/\/www.oremosjuntos.com\/Santoral\/Beato_Eduardo_Poppe__Sacerdote_1_257x319.jpg","articleSection":["Testemunhos"],"inLanguage":"pt-BR","potentialAction":[{"@type":"CommentAction","name":"Comment","target":["https:\/\/www.oarcanjo.net\/site\/bem-aventurado-eduardo-poppe\/#respond"]}]},{"@type":"WebPage","@id":"https:\/\/www.oarcanjo.net\/site\/bem-aventurado-eduardo-poppe\/","url":"https:\/\/www.oarcanjo.net\/site\/bem-aventurado-eduardo-poppe\/","name":"Bem Aventurado Eduardo Poppe - O Arcanjo no ar","isPartOf":{"@id":"https:\/\/www.oarcanjo.net\/site\/#website"},"primaryImageOfPage":{"@id":"https:\/\/www.oarcanjo.net\/site\/bem-aventurado-eduardo-poppe\/#primaryimage"},"image":{"@id":"https:\/\/www.oarcanjo.net\/site\/bem-aventurado-eduardo-poppe\/#primaryimage"},"thumbnailUrl":"http:\/\/www.oremosjuntos.com\/Santoral\/Beato_Eduardo_Poppe__Sacerdote_1_257x319.jpg","datePublished":"2016-06-10T03:48:45+00:00","dateModified":"2016-06-10T21:57:50+00:00","breadcrumb":{"@id":"https:\/\/www.oarcanjo.net\/site\/bem-aventurado-eduardo-poppe\/#breadcrumb"},"inLanguage":"pt-BR","potentialAction":[{"@type":"ReadAction","target":["https:\/\/www.oarcanjo.net\/site\/bem-aventurado-eduardo-poppe\/"]}]},{"@type":"ImageObject","inLanguage":"pt-BR","@id":"https:\/\/www.oarcanjo.net\/site\/bem-aventurado-eduardo-poppe\/#primaryimage","url":"http:\/\/www.oremosjuntos.com\/Santoral\/Beato_Eduardo_Poppe__Sacerdote_1_257x319.jpg","contentUrl":"http:\/\/www.oremosjuntos.com\/Santoral\/Beato_Eduardo_Poppe__Sacerdote_1_257x319.jpg"},{"@type":"BreadcrumbList","@id":"https:\/\/www.oarcanjo.net\/site\/bem-aventurado-eduardo-poppe\/#breadcrumb","itemListElement":[{"@type":"ListItem","position":1,"name":"In\u00edcio","item":"https:\/\/www.oarcanjo.net\/site\/"},{"@type":"ListItem","position":2,"name":"Bem Aventurado Eduardo Poppe"}]},{"@type":"WebSite","@id":"https:\/\/www.oarcanjo.net\/site\/#website","url":"https:\/\/www.oarcanjo.net\/site\/","name":"O Arcanjo no ar","description":"Site da Par\u00f3quia S\u00e3o Miguel Arcanjo (Arquidiocese de SP)","publisher":{"@id":"https:\/\/www.oarcanjo.net\/site\/#organization"},"potentialAction":[{"@type":"SearchAction","target":{"@type":"EntryPoint","urlTemplate":"https:\/\/www.oarcanjo.net\/site\/?s={search_term_string}"},"query-input":{"@type":"PropertyValueSpecification","valueRequired":true,"valueName":"search_term_string"}}],"inLanguage":"pt-BR"},{"@type":"Organization","@id":"https:\/\/www.oarcanjo.net\/site\/#organization","name":"Par\u00f3quia S\u00e3o Miguel Arcanjo","url":"https:\/\/www.oarcanjo.net\/site\/","logo":{"@type":"ImageObject","inLanguage":"pt-BR","@id":"https:\/\/www.oarcanjo.net\/site\/#\/schema\/logo\/image\/","url":"https:\/\/www.oarcanjo.net\/site\/wp-content\/uploads\/LogoOArcanjo.png","contentUrl":"https:\/\/www.oarcanjo.net\/site\/wp-content\/uploads\/LogoOArcanjo.png","width":319,"height":99,"caption":"Par\u00f3quia S\u00e3o Miguel Arcanjo"},"image":{"@id":"https:\/\/www.oarcanjo.net\/site\/#\/schema\/logo\/image\/"},"sameAs":["https:\/\/www.facebook.com\/OArcanjoNoAr\/"]},{"@type":"Person","@id":"https:\/\/www.oarcanjo.net\/site\/#\/schema\/person\/5eb9480bedd2f3c97e430ce128c29c6c","name":"danilo"}]}},"publishpress_future_action":{"enabled":false,"date":"2026-05-09 08:15:56","action":"category","newStatus":"draft","terms":[],"taxonomy":"category"},"publishpress_future_workflow_manual_trigger":{"enabledWorkflows":[]},"_links":{"self":[{"href":"https:\/\/www.oarcanjo.net\/site\/wp-json\/wp\/v2\/posts\/9692"}],"collection":[{"href":"https:\/\/www.oarcanjo.net\/site\/wp-json\/wp\/v2\/posts"}],"about":[{"href":"https:\/\/www.oarcanjo.net\/site\/wp-json\/wp\/v2\/types\/post"}],"author":[{"embeddable":true,"href":"https:\/\/www.oarcanjo.net\/site\/wp-json\/wp\/v2\/users\/14"}],"replies":[{"embeddable":true,"href":"https:\/\/www.oarcanjo.net\/site\/wp-json\/wp\/v2\/comments?post=9692"}],"version-history":[{"count":0,"href":"https:\/\/www.oarcanjo.net\/site\/wp-json\/wp\/v2\/posts\/9692\/revisions"}],"wp:attachment":[{"href":"https:\/\/www.oarcanjo.net\/site\/wp-json\/wp\/v2\/media?parent=9692"}],"wp:term":[{"taxonomy":"category","embeddable":true,"href":"https:\/\/www.oarcanjo.net\/site\/wp-json\/wp\/v2\/categories?post=9692"},{"taxonomy":"post_tag","embeddable":true,"href":"https:\/\/www.oarcanjo.net\/site\/wp-json\/wp\/v2\/tags?post=9692"}],"curies":[{"name":"wp","href":"https:\/\/api.w.org\/{rel}","templated":true}]}}