
{"id":9694,"date":"2016-06-10T00:51:04","date_gmt":"2016-06-10T03:51:04","guid":{"rendered":"http:\/\/www.oarcanjo.net\/site\/?p=9694"},"modified":"2016-06-10T18:57:45","modified_gmt":"2016-06-10T21:57:45","slug":"bem-aventurado-joao-dominici","status":"publish","type":"post","link":"https:\/\/www.oarcanjo.net\/site\/bem-aventurado-joao-dominici\/","title":{"rendered":"Bem Aventurado Jo\u00e3o Dominici"},"content":{"rendered":"<p><img decoding=\"async\" src=\"http:\/\/2.bp.blogspot.com\/_z-c0Sh5Zlrs\/SJv_w3EJ9eI\/AAAAAAAABjs\/soqhNCFsFp0\/s400\/Jo%C3%A3o+Dominici.jpg\" alt=\"\" \/><\/p>\n<p>10 de Junho<\/p>\n<p>Jo\u00e3o Dominici nasceu no ano 1355, em Floren\u00e7a, na It\u00e1lia. De origem muito humilde, ele teve s\u00e9rias dificuldades para estudar, al\u00e9m disso gaguejava. Com forte voca\u00e7\u00e3o religiosa, tentou ingressar no convento dos dominicanos, mas foi recusado pela falta de qualifica\u00e7\u00e3o intelectual e o fato de ser gago tamb\u00e9m pesou.<\/p>\n<p>Apesar dessas desvantagens, Jo\u00e3o n\u00e3o desistiu: na segunda tentativa, aos dezessete anos, ingressou na Ordem Dominicana, no Convento de Santa Maria Novella. Surpreendeu a todos pelo car\u00e1ter af\u00e1vel e generoso, pela intelig\u00eancia e dedica\u00e7\u00e3o nos estudos, pelo destacado zelo \u00e0s regras, \u00e0s ora\u00e7\u00f5es e pela austeridade de vida e duras penit\u00eancias.<\/p>\n<p>A \u00fanica coisa que o entristecia era a dificuldade encontrada na prega\u00e7\u00e3o dos vigorosos serm\u00f5es que escrevia, mas que, ao serem pronunciados,pareciam rid\u00edculos. Em 1381, sua cura aconteceu, quando, prostrado e chorando, orou a santa Catarina de Siena, para que intercedesse por ele. E a santa de sua devo\u00e7\u00e3o o atendeu. Foi completar os estudos em Pisa e Paris, tornando-se um excelente te\u00f3logo e um eloq\u00fcente pregador.<\/p>\n<p>Ao destacado minist\u00e9rio da Palavra uniu sua talentosa efic\u00e1cia de escritor, cujas obras alcan\u00e7aram um alto valor catequ\u00e9tico e pedag\u00f3gico. Tornou-se estreito colaborador de Raimundo da C\u00e1pua, agora bem-aventurado, provincial daquela regi\u00e3o, que \u00e0 \u00e9poca se dedicava a restaurar as regras da estrita observ\u00e2ncia, tanto assim que foi considerado um segundo fundador da Ordem Dominicana. Esse provincial enviou Jo\u00e3o a Veneza, em 1394, para promover a reforma em todos os conventos e mosteiros.<\/p>\n<p>L\u00e1 foi eleito prior do Convento de Santa Maria Novella e em seguida come\u00e7ou a obra da restaura\u00e7\u00e3o da estrita observ\u00e2ncia, pelo Convento de S\u00e3o Domingos de Veneza. Depois, foi de convento em convento preparando o grande reflorescimento da santidade e do apostolado, como o fundador da Ordem dos Pregadores, s\u00e3o Domingos, havia projetado.<\/p>\n<p>Fundou um convento feminino, chamado de Corpus Christi, e o Convento masculino de S\u00e3o Domingos de Fiesole, que foi celeiro de santos e de ap\u00f3stolos, entre os quais se destacaram Antonino e Fr\u00e0 Ang\u00e9lico, ambos disc\u00edpulos de Jo\u00e3o Dominici. Em 1406, ele foi nomeado, pelo papa Greg\u00f3rio XII, seu embaixador em Floren\u00e7a, que, dois anos depois, animado pelas virtudes de Jo\u00e3o, o consagrou arcebispo de Ragusa e cardeal do t\u00edtulo de S\u00e3o Xisto.<\/p>\n<p>Participou, entre 1414 e 1418, do Conc\u00edlio de Constan\u00e7a, conseguindo, com sua influ\u00eancia e autoridade de confessor particular e conselheiro pessoal do papa Greg\u00f3rio XII, que este renunciasse, colocando um fim no cisma que iniciara na Igreja do Ocidente.<\/p>\n<p>O novo papa, Martinho V, em 1418, nomeou-o delegado do seu governo para a Bo\u00eamia, Pol\u00f4nia e Hungria, onde novas heresias come\u00e7avam a proliferar. Por\u00e9m seu zeloso trabalho apost\u00f3lico foi interrompido quando uma febre fulminante tolheu-lhe a vida, em 10 de junho de 1419, na cidade de Budapeste, na Hungria.<\/p>\n<p>O papa Greg\u00f3rio XVI beatificou Jo\u00e3o Dominici em 1832, confirmando para o dia de sua morte o culto lit\u00fargico.<\/p>\n<div id=\"themify_builder_content-9694\" data-postid=\"9694\" class=\"themify_builder_content themify_builder_content-9694 themify_builder themify_builder_front\">\n\t<\/div>\n<!-- \/themify_builder_content -->","protected":false},"excerpt":{"rendered":"<p>10 de Junho Jo\u00e3o Dominici nasceu no ano 1355, em Floren\u00e7a, na It\u00e1lia. De origem muito humilde, ele teve s\u00e9rias dificuldades para estudar, al\u00e9m disso gaguejava. Com forte voca\u00e7\u00e3o religiosa, tentou ingressar no convento dos dominicanos, mas foi recusado pela falta de qualifica\u00e7\u00e3o intelectual e o fato de ser gago tamb\u00e9m pesou. Apesar dessas desvantagens, [&hellip;]<\/p>\n","protected":false},"author":14,"featured_media":0,"comment_status":"open","ping_status":"open","sticky":false,"template":"","format":"standard","meta":{"ngg_post_thumbnail":0,"footnotes":""},"categories":[186],"tags":[],"yoast_head":"<!-- This site is optimized with the Yoast SEO plugin v23.5 - https:\/\/yoast.com\/wordpress\/plugins\/seo\/ -->\n<title>Bem Aventurado Jo\u00e3o Dominici - O Arcanjo no ar<\/title>\n<meta name=\"robots\" content=\"index, follow, max-snippet:-1, max-image-preview:large, max-video-preview:-1\" \/>\n<link rel=\"canonical\" href=\"https:\/\/www.oarcanjo.net\/site\/bem-aventurado-joao-dominici\/\" \/>\n<meta property=\"og:locale\" content=\"pt_BR\" \/>\n<meta property=\"og:type\" content=\"article\" \/>\n<meta property=\"og:title\" content=\"Bem Aventurado Jo\u00e3o Dominici - O Arcanjo no ar\" \/>\n<meta property=\"og:description\" content=\"10 de Junho Jo\u00e3o Dominici nasceu no ano 1355, em Floren\u00e7a, na It\u00e1lia. De origem muito humilde, ele teve s\u00e9rias dificuldades para estudar, al\u00e9m disso gaguejava. Com forte voca\u00e7\u00e3o religiosa, tentou ingressar no convento dos dominicanos, mas foi recusado pela falta de qualifica\u00e7\u00e3o intelectual e o fato de ser gago tamb\u00e9m pesou. Apesar dessas desvantagens, [&hellip;]\" \/>\n<meta property=\"og:url\" content=\"https:\/\/www.oarcanjo.net\/site\/bem-aventurado-joao-dominici\/\" \/>\n<meta property=\"og:site_name\" content=\"O Arcanjo no ar\" \/>\n<meta property=\"article:publisher\" content=\"https:\/\/www.facebook.com\/OArcanjoNoAr\/\" \/>\n<meta property=\"article:published_time\" content=\"2016-06-10T03:51:04+00:00\" \/>\n<meta property=\"article:modified_time\" content=\"2016-06-10T21:57:45+00:00\" \/>\n<meta property=\"og:image\" content=\"http:\/\/2.bp.blogspot.com\/_z-c0Sh5Zlrs\/SJv_w3EJ9eI\/AAAAAAAABjs\/soqhNCFsFp0\/s400\/Jo%C3%A3o+Dominici.jpg\" \/>\n<meta name=\"author\" content=\"danilo\" \/>\n<meta name=\"twitter:card\" content=\"summary_large_image\" \/>\n<meta name=\"twitter:label1\" content=\"Escrito por\" \/>\n\t<meta name=\"twitter:data1\" content=\"danilo\" \/>\n\t<meta name=\"twitter:label2\" content=\"Est. tempo de leitura\" \/>\n\t<meta name=\"twitter:data2\" content=\"3 minutos\" \/>\n<script type=\"application\/ld+json\" class=\"yoast-schema-graph\">{\"@context\":\"https:\/\/schema.org\",\"@graph\":[{\"@type\":\"Article\",\"@id\":\"https:\/\/www.oarcanjo.net\/site\/bem-aventurado-joao-dominici\/#article\",\"isPartOf\":{\"@id\":\"https:\/\/www.oarcanjo.net\/site\/bem-aventurado-joao-dominici\/\"},\"author\":{\"name\":\"danilo\",\"@id\":\"https:\/\/www.oarcanjo.net\/site\/#\/schema\/person\/5eb9480bedd2f3c97e430ce128c29c6c\"},\"headline\":\"Bem Aventurado Jo\u00e3o Dominici\",\"datePublished\":\"2016-06-10T03:51:04+00:00\",\"dateModified\":\"2016-06-10T21:57:45+00:00\",\"mainEntityOfPage\":{\"@id\":\"https:\/\/www.oarcanjo.net\/site\/bem-aventurado-joao-dominici\/\"},\"wordCount\":530,\"commentCount\":0,\"publisher\":{\"@id\":\"https:\/\/www.oarcanjo.net\/site\/#organization\"},\"image\":{\"@id\":\"https:\/\/www.oarcanjo.net\/site\/bem-aventurado-joao-dominici\/#primaryimage\"},\"thumbnailUrl\":\"http:\/\/2.bp.blogspot.com\/_z-c0Sh5Zlrs\/SJv_w3EJ9eI\/AAAAAAAABjs\/soqhNCFsFp0\/s400\/Jo%C3%A3o+Dominici.jpg\",\"articleSection\":[\"Testemunhos\"],\"inLanguage\":\"pt-BR\",\"potentialAction\":[{\"@type\":\"CommentAction\",\"name\":\"Comment\",\"target\":[\"https:\/\/www.oarcanjo.net\/site\/bem-aventurado-joao-dominici\/#respond\"]}]},{\"@type\":\"WebPage\",\"@id\":\"https:\/\/www.oarcanjo.net\/site\/bem-aventurado-joao-dominici\/\",\"url\":\"https:\/\/www.oarcanjo.net\/site\/bem-aventurado-joao-dominici\/\",\"name\":\"Bem Aventurado Jo\u00e3o Dominici - O Arcanjo no ar\",\"isPartOf\":{\"@id\":\"https:\/\/www.oarcanjo.net\/site\/#website\"},\"primaryImageOfPage\":{\"@id\":\"https:\/\/www.oarcanjo.net\/site\/bem-aventurado-joao-dominici\/#primaryimage\"},\"image\":{\"@id\":\"https:\/\/www.oarcanjo.net\/site\/bem-aventurado-joao-dominici\/#primaryimage\"},\"thumbnailUrl\":\"http:\/\/2.bp.blogspot.com\/_z-c0Sh5Zlrs\/SJv_w3EJ9eI\/AAAAAAAABjs\/soqhNCFsFp0\/s400\/Jo%C3%A3o+Dominici.jpg\",\"datePublished\":\"2016-06-10T03:51:04+00:00\",\"dateModified\":\"2016-06-10T21:57:45+00:00\",\"breadcrumb\":{\"@id\":\"https:\/\/www.oarcanjo.net\/site\/bem-aventurado-joao-dominici\/#breadcrumb\"},\"inLanguage\":\"pt-BR\",\"potentialAction\":[{\"@type\":\"ReadAction\",\"target\":[\"https:\/\/www.oarcanjo.net\/site\/bem-aventurado-joao-dominici\/\"]}]},{\"@type\":\"ImageObject\",\"inLanguage\":\"pt-BR\",\"@id\":\"https:\/\/www.oarcanjo.net\/site\/bem-aventurado-joao-dominici\/#primaryimage\",\"url\":\"http:\/\/2.bp.blogspot.com\/_z-c0Sh5Zlrs\/SJv_w3EJ9eI\/AAAAAAAABjs\/soqhNCFsFp0\/s400\/Jo%C3%A3o+Dominici.jpg\",\"contentUrl\":\"http:\/\/2.bp.blogspot.com\/_z-c0Sh5Zlrs\/SJv_w3EJ9eI\/AAAAAAAABjs\/soqhNCFsFp0\/s400\/Jo%C3%A3o+Dominici.jpg\"},{\"@type\":\"BreadcrumbList\",\"@id\":\"https:\/\/www.oarcanjo.net\/site\/bem-aventurado-joao-dominici\/#breadcrumb\",\"itemListElement\":[{\"@type\":\"ListItem\",\"position\":1,\"name\":\"In\u00edcio\",\"item\":\"https:\/\/www.oarcanjo.net\/site\/\"},{\"@type\":\"ListItem\",\"position\":2,\"name\":\"Bem Aventurado Jo\u00e3o Dominici\"}]},{\"@type\":\"WebSite\",\"@id\":\"https:\/\/www.oarcanjo.net\/site\/#website\",\"url\":\"https:\/\/www.oarcanjo.net\/site\/\",\"name\":\"O Arcanjo no ar\",\"description\":\"Site da Par\u00f3quia S\u00e3o Miguel Arcanjo (Arquidiocese de SP)\",\"publisher\":{\"@id\":\"https:\/\/www.oarcanjo.net\/site\/#organization\"},\"potentialAction\":[{\"@type\":\"SearchAction\",\"target\":{\"@type\":\"EntryPoint\",\"urlTemplate\":\"https:\/\/www.oarcanjo.net\/site\/?s={search_term_string}\"},\"query-input\":{\"@type\":\"PropertyValueSpecification\",\"valueRequired\":true,\"valueName\":\"search_term_string\"}}],\"inLanguage\":\"pt-BR\"},{\"@type\":\"Organization\",\"@id\":\"https:\/\/www.oarcanjo.net\/site\/#organization\",\"name\":\"Par\u00f3quia S\u00e3o Miguel Arcanjo\",\"url\":\"https:\/\/www.oarcanjo.net\/site\/\",\"logo\":{\"@type\":\"ImageObject\",\"inLanguage\":\"pt-BR\",\"@id\":\"https:\/\/www.oarcanjo.net\/site\/#\/schema\/logo\/image\/\",\"url\":\"https:\/\/www.oarcanjo.net\/site\/wp-content\/uploads\/LogoOArcanjo.png\",\"contentUrl\":\"https:\/\/www.oarcanjo.net\/site\/wp-content\/uploads\/LogoOArcanjo.png\",\"width\":319,\"height\":99,\"caption\":\"Par\u00f3quia S\u00e3o Miguel Arcanjo\"},\"image\":{\"@id\":\"https:\/\/www.oarcanjo.net\/site\/#\/schema\/logo\/image\/\"},\"sameAs\":[\"https:\/\/www.facebook.com\/OArcanjoNoAr\/\"]},{\"@type\":\"Person\",\"@id\":\"https:\/\/www.oarcanjo.net\/site\/#\/schema\/person\/5eb9480bedd2f3c97e430ce128c29c6c\",\"name\":\"danilo\"}]}<\/script>\n<!-- \/ Yoast SEO plugin. -->","yoast_head_json":{"title":"Bem Aventurado Jo\u00e3o Dominici - O Arcanjo no ar","robots":{"index":"index","follow":"follow","max-snippet":"max-snippet:-1","max-image-preview":"max-image-preview:large","max-video-preview":"max-video-preview:-1"},"canonical":"https:\/\/www.oarcanjo.net\/site\/bem-aventurado-joao-dominici\/","og_locale":"pt_BR","og_type":"article","og_title":"Bem Aventurado Jo\u00e3o Dominici - O Arcanjo no ar","og_description":"10 de Junho Jo\u00e3o Dominici nasceu no ano 1355, em Floren\u00e7a, na It\u00e1lia. De origem muito humilde, ele teve s\u00e9rias dificuldades para estudar, al\u00e9m disso gaguejava. Com forte voca\u00e7\u00e3o religiosa, tentou ingressar no convento dos dominicanos, mas foi recusado pela falta de qualifica\u00e7\u00e3o intelectual e o fato de ser gago tamb\u00e9m pesou. Apesar dessas desvantagens, [&hellip;]","og_url":"https:\/\/www.oarcanjo.net\/site\/bem-aventurado-joao-dominici\/","og_site_name":"O Arcanjo no ar","article_publisher":"https:\/\/www.facebook.com\/OArcanjoNoAr\/","article_published_time":"2016-06-10T03:51:04+00:00","article_modified_time":"2016-06-10T21:57:45+00:00","og_image":[{"url":"http:\/\/2.bp.blogspot.com\/_z-c0Sh5Zlrs\/SJv_w3EJ9eI\/AAAAAAAABjs\/soqhNCFsFp0\/s400\/Jo%C3%A3o+Dominici.jpg"}],"author":"danilo","twitter_card":"summary_large_image","twitter_misc":{"Escrito por":"danilo","Est. tempo de leitura":"3 minutos"},"schema":{"@context":"https:\/\/schema.org","@graph":[{"@type":"Article","@id":"https:\/\/www.oarcanjo.net\/site\/bem-aventurado-joao-dominici\/#article","isPartOf":{"@id":"https:\/\/www.oarcanjo.net\/site\/bem-aventurado-joao-dominici\/"},"author":{"name":"danilo","@id":"https:\/\/www.oarcanjo.net\/site\/#\/schema\/person\/5eb9480bedd2f3c97e430ce128c29c6c"},"headline":"Bem Aventurado Jo\u00e3o Dominici","datePublished":"2016-06-10T03:51:04+00:00","dateModified":"2016-06-10T21:57:45+00:00","mainEntityOfPage":{"@id":"https:\/\/www.oarcanjo.net\/site\/bem-aventurado-joao-dominici\/"},"wordCount":530,"commentCount":0,"publisher":{"@id":"https:\/\/www.oarcanjo.net\/site\/#organization"},"image":{"@id":"https:\/\/www.oarcanjo.net\/site\/bem-aventurado-joao-dominici\/#primaryimage"},"thumbnailUrl":"http:\/\/2.bp.blogspot.com\/_z-c0Sh5Zlrs\/SJv_w3EJ9eI\/AAAAAAAABjs\/soqhNCFsFp0\/s400\/Jo%C3%A3o+Dominici.jpg","articleSection":["Testemunhos"],"inLanguage":"pt-BR","potentialAction":[{"@type":"CommentAction","name":"Comment","target":["https:\/\/www.oarcanjo.net\/site\/bem-aventurado-joao-dominici\/#respond"]}]},{"@type":"WebPage","@id":"https:\/\/www.oarcanjo.net\/site\/bem-aventurado-joao-dominici\/","url":"https:\/\/www.oarcanjo.net\/site\/bem-aventurado-joao-dominici\/","name":"Bem Aventurado Jo\u00e3o Dominici - O Arcanjo no ar","isPartOf":{"@id":"https:\/\/www.oarcanjo.net\/site\/#website"},"primaryImageOfPage":{"@id":"https:\/\/www.oarcanjo.net\/site\/bem-aventurado-joao-dominici\/#primaryimage"},"image":{"@id":"https:\/\/www.oarcanjo.net\/site\/bem-aventurado-joao-dominici\/#primaryimage"},"thumbnailUrl":"http:\/\/2.bp.blogspot.com\/_z-c0Sh5Zlrs\/SJv_w3EJ9eI\/AAAAAAAABjs\/soqhNCFsFp0\/s400\/Jo%C3%A3o+Dominici.jpg","datePublished":"2016-06-10T03:51:04+00:00","dateModified":"2016-06-10T21:57:45+00:00","breadcrumb":{"@id":"https:\/\/www.oarcanjo.net\/site\/bem-aventurado-joao-dominici\/#breadcrumb"},"inLanguage":"pt-BR","potentialAction":[{"@type":"ReadAction","target":["https:\/\/www.oarcanjo.net\/site\/bem-aventurado-joao-dominici\/"]}]},{"@type":"ImageObject","inLanguage":"pt-BR","@id":"https:\/\/www.oarcanjo.net\/site\/bem-aventurado-joao-dominici\/#primaryimage","url":"http:\/\/2.bp.blogspot.com\/_z-c0Sh5Zlrs\/SJv_w3EJ9eI\/AAAAAAAABjs\/soqhNCFsFp0\/s400\/Jo%C3%A3o+Dominici.jpg","contentUrl":"http:\/\/2.bp.blogspot.com\/_z-c0Sh5Zlrs\/SJv_w3EJ9eI\/AAAAAAAABjs\/soqhNCFsFp0\/s400\/Jo%C3%A3o+Dominici.jpg"},{"@type":"BreadcrumbList","@id":"https:\/\/www.oarcanjo.net\/site\/bem-aventurado-joao-dominici\/#breadcrumb","itemListElement":[{"@type":"ListItem","position":1,"name":"In\u00edcio","item":"https:\/\/www.oarcanjo.net\/site\/"},{"@type":"ListItem","position":2,"name":"Bem Aventurado Jo\u00e3o Dominici"}]},{"@type":"WebSite","@id":"https:\/\/www.oarcanjo.net\/site\/#website","url":"https:\/\/www.oarcanjo.net\/site\/","name":"O Arcanjo no ar","description":"Site da Par\u00f3quia S\u00e3o Miguel Arcanjo (Arquidiocese de SP)","publisher":{"@id":"https:\/\/www.oarcanjo.net\/site\/#organization"},"potentialAction":[{"@type":"SearchAction","target":{"@type":"EntryPoint","urlTemplate":"https:\/\/www.oarcanjo.net\/site\/?s={search_term_string}"},"query-input":{"@type":"PropertyValueSpecification","valueRequired":true,"valueName":"search_term_string"}}],"inLanguage":"pt-BR"},{"@type":"Organization","@id":"https:\/\/www.oarcanjo.net\/site\/#organization","name":"Par\u00f3quia S\u00e3o Miguel Arcanjo","url":"https:\/\/www.oarcanjo.net\/site\/","logo":{"@type":"ImageObject","inLanguage":"pt-BR","@id":"https:\/\/www.oarcanjo.net\/site\/#\/schema\/logo\/image\/","url":"https:\/\/www.oarcanjo.net\/site\/wp-content\/uploads\/LogoOArcanjo.png","contentUrl":"https:\/\/www.oarcanjo.net\/site\/wp-content\/uploads\/LogoOArcanjo.png","width":319,"height":99,"caption":"Par\u00f3quia S\u00e3o Miguel Arcanjo"},"image":{"@id":"https:\/\/www.oarcanjo.net\/site\/#\/schema\/logo\/image\/"},"sameAs":["https:\/\/www.facebook.com\/OArcanjoNoAr\/"]},{"@type":"Person","@id":"https:\/\/www.oarcanjo.net\/site\/#\/schema\/person\/5eb9480bedd2f3c97e430ce128c29c6c","name":"danilo"}]}},"publishpress_future_action":{"enabled":false,"date":"2026-05-09 06:54:42","action":"category","newStatus":"draft","terms":[],"taxonomy":"category"},"publishpress_future_workflow_manual_trigger":{"enabledWorkflows":[]},"_links":{"self":[{"href":"https:\/\/www.oarcanjo.net\/site\/wp-json\/wp\/v2\/posts\/9694"}],"collection":[{"href":"https:\/\/www.oarcanjo.net\/site\/wp-json\/wp\/v2\/posts"}],"about":[{"href":"https:\/\/www.oarcanjo.net\/site\/wp-json\/wp\/v2\/types\/post"}],"author":[{"embeddable":true,"href":"https:\/\/www.oarcanjo.net\/site\/wp-json\/wp\/v2\/users\/14"}],"replies":[{"embeddable":true,"href":"https:\/\/www.oarcanjo.net\/site\/wp-json\/wp\/v2\/comments?post=9694"}],"version-history":[{"count":0,"href":"https:\/\/www.oarcanjo.net\/site\/wp-json\/wp\/v2\/posts\/9694\/revisions"}],"wp:attachment":[{"href":"https:\/\/www.oarcanjo.net\/site\/wp-json\/wp\/v2\/media?parent=9694"}],"wp:term":[{"taxonomy":"category","embeddable":true,"href":"https:\/\/www.oarcanjo.net\/site\/wp-json\/wp\/v2\/categories?post=9694"},{"taxonomy":"post_tag","embeddable":true,"href":"https:\/\/www.oarcanjo.net\/site\/wp-json\/wp\/v2\/tags?post=9694"}],"curies":[{"name":"wp","href":"https:\/\/api.w.org\/{rel}","templated":true}]}}