
{"id":9757,"date":"2010-06-05T13:02:47","date_gmt":"2010-06-05T16:02:47","guid":{"rendered":"http:\/\/www.oarcanjo.net\/site\/?p=9757"},"modified":"2010-06-05T13:02:47","modified_gmt":"2010-06-05T16:02:47","slug":"dia-do-meio-ambiente-a-mae-terra-convoca-suas-filhas-e-filhos-a-cerrarem-fileiras-em-sua-defesa","status":"publish","type":"post","link":"https:\/\/www.oarcanjo.net\/site\/dia-do-meio-ambiente-a-mae-terra-convoca-suas-filhas-e-filhos-a-cerrarem-fileiras-em-sua-defesa\/","title":{"rendered":"Dia do meio ambiente: A M\u00e3e Terra convoca suas filhas e filhos a cerrarem fileiras em sua defesa"},"content":{"rendered":"<p>ABONG<\/p>\n<p>Neste 5 de junho, a ABONG quer mobilizar cora\u00e7\u00f5es e mentes para responder aos desafios da crise socioambiental que atinge todo o planeta, evidenciada pelas mudan\u00e7as clim\u00e1ticas, pela progressiva escassez da \u00e1gua, pela persist\u00eancia do crescimento da fome e pela amea\u00e7a da inseguran\u00e7a alimentar.<\/p>\n<p>Nosso ponto de refer\u00eancia \u00e9 a regi\u00e3o da Amaz\u00f4nia Brasileira, emblem\u00e1tica deste dia pelos conflitos que nela se d\u00e3o. De um lado temos o crescente reconhecimento de seu valor como bioma para a sustentabilidade do planeta. E de outro temos sua transforma\u00e7\u00e3o em objeto da vitaliza\u00e7\u00e3o do crescimento econ\u00f4mico do pa\u00eds por meio da &#8220;redescoberta&#8221; dos seus recursos naturais concentrados nos rios caudalosos, que abrigam uma imensa reserva de energia h\u00eddrica, e nos estoques minerais existentes em grandes quantidades no seu subsolo e cobi\u00e7ados cada vez mais pelas mineradoras multinacionais.<\/p>\n<p>O dia 5 de Junho servir\u00e1 para que o governo Brasileiro alardeie com toda for\u00e7a a pot\u00eancia de sua matriz energ\u00e9tica, composta em grande parte por &#8220;energia limpa&#8221; proveniente das hidroel\u00e9tricas em funcionamento, em constru\u00e7\u00e3o e a serem constru\u00eddas na regi\u00e3o. No Plano Decenal de Energia 2010-2020, prev\u00ea-se construir na Amaz\u00f4nia perto de 200 barragens, o que transformar\u00e1 a regi\u00e3o numa das mais importantes fornecedoras de energia para o pa\u00eds.<\/p>\n<p>Com certeza, o discurso oficial mencionar\u00e1 uma significativa redu\u00e7\u00e3o do desmatamento anual da floresta tropical, mas contraditoriamente, uma parte significativa da Amaz\u00f4nia brasileira est\u00e1 sendo transformada em prov\u00edncia industrial, impulsionada pela ind\u00fastria de ferro e alum\u00ednio, que est\u00e3o entre as mais poluidoras do mundo.<\/p>\n<p>As antenas da ABONG, estendidas na regi\u00e3o por meio de suas associadas, nos transmitem, entretanto, mensagens nada positivas em termos socioambientais. Para os povos da Amaz\u00f4nia, a energia produzida pelas hidroel\u00e9tricas n\u00e3o tem nada de limpa, significando de fato a transforma\u00e7\u00e3o dos rios em mercadoria, destruindo imensas \u00e1reas de riqu\u00edssima bio e s\u00f3cio diversidade, provocando a inseguran\u00e7a alimentar de milhares de seres humanos (pescadores(as), extrativistas, quilombolas, ind\u00edgenas) e produzindo gazes poluidores que contribuem para a insustentabilidade da vida no planeta.<\/p>\n<p>Essa situa\u00e7\u00e3o tem provocado o deslocamento de massas de trabalhadores e trabalhadoras em busca de emprego, detonando um colapso dos j\u00e1 deficit\u00e1rios servi\u00e7os e equipamentos urbanos da regi\u00e3o, com o preju\u00edzo dos direitos sociais b\u00e1sicos e da qualidade de vida dos amaz\u00f4nidas, contribuindo para uma periferiza\u00e7\u00e3o das pequenas e m\u00e9dias cidades em que se localizam esses grandes projetos. Os preju\u00edzos s\u00f3cio-ambientais s\u00e3o irrecuper\u00e1veis e resultam de estudos de impacto, imprecisos e inacabados, agravados por audi\u00eancias p\u00fablicas propositalmente mal organizadas e cheias de promessas que n\u00e3o ser\u00e3o cumpridas.<\/p>\n<p>O forte impacto socioambiental negativo se desvela nas vozes do povo Mundurucu, \u00e0 beira do rio Tapaj\u00f3s, quando lembraram da invas\u00e3o dos brancos colonizadores em tempos idos e das suas gloriosas lutas de resist\u00eancia. Isto lhes rendeu recentemente a acusa\u00e7\u00e3o, por parte de um jornal de porte nacional, de que estariam incentivando a viol\u00eancia, interpreta\u00e7\u00e3o t\u00edpica de dominador que n\u00e3o enxerga a viol\u00eancia das suas a\u00e7\u00f5es na vida dos(as) dominados(as).<\/p>\n<p>Num grande encontro realizado no dia 7 de novembro de 2009, os povos de Volta Grande do Xingu escreveram e publicaram uma carta com o seguinte trecho: &#8220;Belo Monte (a hidrel\u00e9trica) \u00e9 um erro para a regi\u00e3o e para o Brasil. Reafirmamos nossa incessante luta em defesa de nossa vida e do nosso patrim\u00f4nio maior: o rio Xingu! O rio \u00e9 nosso caminho, o rio \u00e9 nossa vida, o rio \u00e9 nossa exist\u00eancia. Estamos em alian\u00e7a com os povos ind\u00edgenas na defesa dessa causa e contra todo e qualquer projeto que ameace nossa exist\u00eancia e de nossas futuras gera\u00e7\u00f5es&#8221;<\/p>\n<p>Para a ABONG, 5 de junho \u00e9 dia de exigir honestidade e transpar\u00eancia radical destacando: i) a proje\u00e7\u00e3o dos impactos s\u00f3cioambientais de qualquer projeto em nome do desenvolvimento sustent\u00e1vel, seja ele do PAC (Programa de Acelera\u00e7\u00e3o do Crescimento) ou n\u00e3o; ii) a irrestrita solidariedade com os povos na luta pela conquista e manuten\u00e7\u00e3o dos seus direitos no seu sentido mais amplo (DhESCA); e iii) na incessante busca de caminhos sustent\u00e1veis, centrada nas necessidades humanas e n\u00e3o no mercado, para encontrar um processo de desenvolvimento que consiga preservar a vida de todos os seres no planeta!<\/p>\n<div id=\"themify_builder_content-9757\" data-postid=\"9757\" class=\"themify_builder_content themify_builder_content-9757 themify_builder themify_builder_front\">\n\t<\/div>\n<!-- \/themify_builder_content -->","protected":false},"excerpt":{"rendered":"<p>ABONG Neste 5 de junho, a ABONG quer mobilizar cora\u00e7\u00f5es e mentes para responder aos desafios da crise socioambiental que atinge todo o planeta, evidenciada pelas mudan\u00e7as clim\u00e1ticas, pela progressiva escassez da \u00e1gua, pela persist\u00eancia do crescimento da fome e pela amea\u00e7a da inseguran\u00e7a alimentar. Nosso ponto de refer\u00eancia \u00e9 a regi\u00e3o da Amaz\u00f4nia Brasileira, [&hellip;]<\/p>\n","protected":false},"author":5,"featured_media":0,"comment_status":"open","ping_status":"open","sticky":false,"template":"","format":"standard","meta":{"ngg_post_thumbnail":0,"footnotes":""},"categories":[9],"tags":[232,315,821,785,104,404],"yoast_head":"<!-- This site is optimized with the Yoast SEO plugin v23.5 - https:\/\/yoast.com\/wordpress\/plugins\/seo\/ -->\n<title>Dia do meio ambiente: A M\u00e3e Terra convoca suas filhas e filhos a cerrarem fileiras em sua defesa - O Arcanjo no ar<\/title>\n<meta name=\"robots\" content=\"index, follow, max-snippet:-1, max-image-preview:large, max-video-preview:-1\" \/>\n<link rel=\"canonical\" href=\"https:\/\/www.oarcanjo.net\/site\/dia-do-meio-ambiente-a-mae-terra-convoca-suas-filhas-e-filhos-a-cerrarem-fileiras-em-sua-defesa\/\" \/>\n<meta property=\"og:locale\" content=\"pt_BR\" \/>\n<meta property=\"og:type\" content=\"article\" \/>\n<meta property=\"og:title\" content=\"Dia do meio ambiente: A M\u00e3e Terra convoca suas filhas e filhos a cerrarem fileiras em sua defesa - O Arcanjo no ar\" \/>\n<meta property=\"og:description\" content=\"ABONG Neste 5 de junho, a ABONG quer mobilizar cora\u00e7\u00f5es e mentes para responder aos desafios da crise socioambiental que atinge todo o planeta, evidenciada pelas mudan\u00e7as clim\u00e1ticas, pela progressiva escassez da \u00e1gua, pela persist\u00eancia do crescimento da fome e pela amea\u00e7a da inseguran\u00e7a alimentar. Nosso ponto de refer\u00eancia \u00e9 a regi\u00e3o da Amaz\u00f4nia Brasileira, [&hellip;]\" \/>\n<meta property=\"og:url\" content=\"https:\/\/www.oarcanjo.net\/site\/dia-do-meio-ambiente-a-mae-terra-convoca-suas-filhas-e-filhos-a-cerrarem-fileiras-em-sua-defesa\/\" \/>\n<meta property=\"og:site_name\" content=\"O Arcanjo no ar\" \/>\n<meta property=\"article:publisher\" content=\"https:\/\/www.facebook.com\/OArcanjoNoAr\/\" \/>\n<meta property=\"article:published_time\" content=\"2010-06-05T16:02:47+00:00\" \/>\n<meta property=\"og:image\" content=\"https:\/\/www.oarcanjo.net\/site\/wp-content\/uploads\/logo-o-arcanjo-no-ar-facebook.png\" \/>\n\t<meta property=\"og:image:width\" content=\"300\" \/>\n\t<meta property=\"og:image:height\" content=\"300\" \/>\n\t<meta property=\"og:image:type\" content=\"image\/png\" \/>\n<meta name=\"author\" content=\"editor\" \/>\n<meta name=\"twitter:card\" content=\"summary_large_image\" \/>\n<meta name=\"twitter:label1\" content=\"Escrito por\" \/>\n\t<meta name=\"twitter:data1\" content=\"editor\" \/>\n\t<meta name=\"twitter:label2\" content=\"Est. tempo de leitura\" \/>\n\t<meta name=\"twitter:data2\" content=\"4 minutos\" \/>\n<script type=\"application\/ld+json\" class=\"yoast-schema-graph\">{\"@context\":\"https:\/\/schema.org\",\"@graph\":[{\"@type\":\"Article\",\"@id\":\"https:\/\/www.oarcanjo.net\/site\/dia-do-meio-ambiente-a-mae-terra-convoca-suas-filhas-e-filhos-a-cerrarem-fileiras-em-sua-defesa\/#article\",\"isPartOf\":{\"@id\":\"https:\/\/www.oarcanjo.net\/site\/dia-do-meio-ambiente-a-mae-terra-convoca-suas-filhas-e-filhos-a-cerrarem-fileiras-em-sua-defesa\/\"},\"author\":{\"name\":\"editor\",\"@id\":\"https:\/\/www.oarcanjo.net\/site\/#\/schema\/person\/f7024d007863202483a31326673a0838\"},\"headline\":\"Dia do meio ambiente: A M\u00e3e Terra convoca suas filhas e filhos a cerrarem fileiras em sua defesa\",\"datePublished\":\"2010-06-05T16:02:47+00:00\",\"dateModified\":\"2010-06-05T16:02:47+00:00\",\"mainEntityOfPage\":{\"@id\":\"https:\/\/www.oarcanjo.net\/site\/dia-do-meio-ambiente-a-mae-terra-convoca-suas-filhas-e-filhos-a-cerrarem-fileiras-em-sua-defesa\/\"},\"wordCount\":776,\"commentCount\":0,\"publisher\":{\"@id\":\"https:\/\/www.oarcanjo.net\/site\/#organization\"},\"keywords\":[\"\u00e1gua\",\"Amaz\u00f4nia\",\"clima\",\"Dia Mundial do Meio Ambiente\",\"ecologia\",\"planeta\"],\"articleSection\":[\"Reflex\u00f5es\"],\"inLanguage\":\"pt-BR\",\"potentialAction\":[{\"@type\":\"CommentAction\",\"name\":\"Comment\",\"target\":[\"https:\/\/www.oarcanjo.net\/site\/dia-do-meio-ambiente-a-mae-terra-convoca-suas-filhas-e-filhos-a-cerrarem-fileiras-em-sua-defesa\/#respond\"]}]},{\"@type\":\"WebPage\",\"@id\":\"https:\/\/www.oarcanjo.net\/site\/dia-do-meio-ambiente-a-mae-terra-convoca-suas-filhas-e-filhos-a-cerrarem-fileiras-em-sua-defesa\/\",\"url\":\"https:\/\/www.oarcanjo.net\/site\/dia-do-meio-ambiente-a-mae-terra-convoca-suas-filhas-e-filhos-a-cerrarem-fileiras-em-sua-defesa\/\",\"name\":\"Dia do meio ambiente: A M\u00e3e Terra convoca suas filhas e filhos a cerrarem fileiras em sua defesa - O Arcanjo no ar\",\"isPartOf\":{\"@id\":\"https:\/\/www.oarcanjo.net\/site\/#website\"},\"datePublished\":\"2010-06-05T16:02:47+00:00\",\"dateModified\":\"2010-06-05T16:02:47+00:00\",\"breadcrumb\":{\"@id\":\"https:\/\/www.oarcanjo.net\/site\/dia-do-meio-ambiente-a-mae-terra-convoca-suas-filhas-e-filhos-a-cerrarem-fileiras-em-sua-defesa\/#breadcrumb\"},\"inLanguage\":\"pt-BR\",\"potentialAction\":[{\"@type\":\"ReadAction\",\"target\":[\"https:\/\/www.oarcanjo.net\/site\/dia-do-meio-ambiente-a-mae-terra-convoca-suas-filhas-e-filhos-a-cerrarem-fileiras-em-sua-defesa\/\"]}]},{\"@type\":\"BreadcrumbList\",\"@id\":\"https:\/\/www.oarcanjo.net\/site\/dia-do-meio-ambiente-a-mae-terra-convoca-suas-filhas-e-filhos-a-cerrarem-fileiras-em-sua-defesa\/#breadcrumb\",\"itemListElement\":[{\"@type\":\"ListItem\",\"position\":1,\"name\":\"In\u00edcio\",\"item\":\"https:\/\/www.oarcanjo.net\/site\/\"},{\"@type\":\"ListItem\",\"position\":2,\"name\":\"Dia do meio ambiente: A M\u00e3e Terra convoca suas filhas e filhos a cerrarem fileiras em sua defesa\"}]},{\"@type\":\"WebSite\",\"@id\":\"https:\/\/www.oarcanjo.net\/site\/#website\",\"url\":\"https:\/\/www.oarcanjo.net\/site\/\",\"name\":\"O Arcanjo no ar\",\"description\":\"Site da Par\u00f3quia S\u00e3o Miguel Arcanjo (Arquidiocese de SP)\",\"publisher\":{\"@id\":\"https:\/\/www.oarcanjo.net\/site\/#organization\"},\"potentialAction\":[{\"@type\":\"SearchAction\",\"target\":{\"@type\":\"EntryPoint\",\"urlTemplate\":\"https:\/\/www.oarcanjo.net\/site\/?s={search_term_string}\"},\"query-input\":{\"@type\":\"PropertyValueSpecification\",\"valueRequired\":true,\"valueName\":\"search_term_string\"}}],\"inLanguage\":\"pt-BR\"},{\"@type\":\"Organization\",\"@id\":\"https:\/\/www.oarcanjo.net\/site\/#organization\",\"name\":\"Par\u00f3quia S\u00e3o Miguel Arcanjo\",\"url\":\"https:\/\/www.oarcanjo.net\/site\/\",\"logo\":{\"@type\":\"ImageObject\",\"inLanguage\":\"pt-BR\",\"@id\":\"https:\/\/www.oarcanjo.net\/site\/#\/schema\/logo\/image\/\",\"url\":\"https:\/\/www.oarcanjo.net\/site\/wp-content\/uploads\/LogoOArcanjo.png\",\"contentUrl\":\"https:\/\/www.oarcanjo.net\/site\/wp-content\/uploads\/LogoOArcanjo.png\",\"width\":319,\"height\":99,\"caption\":\"Par\u00f3quia S\u00e3o Miguel Arcanjo\"},\"image\":{\"@id\":\"https:\/\/www.oarcanjo.net\/site\/#\/schema\/logo\/image\/\"},\"sameAs\":[\"https:\/\/www.facebook.com\/OArcanjoNoAr\/\"]},{\"@type\":\"Person\",\"@id\":\"https:\/\/www.oarcanjo.net\/site\/#\/schema\/person\/f7024d007863202483a31326673a0838\",\"name\":\"editor\",\"sameAs\":[\"http:\/\/www.oarcanjo.net\"]}]}<\/script>\n<!-- \/ Yoast SEO plugin. -->","yoast_head_json":{"title":"Dia do meio ambiente: A M\u00e3e Terra convoca suas filhas e filhos a cerrarem fileiras em sua defesa - O Arcanjo no ar","robots":{"index":"index","follow":"follow","max-snippet":"max-snippet:-1","max-image-preview":"max-image-preview:large","max-video-preview":"max-video-preview:-1"},"canonical":"https:\/\/www.oarcanjo.net\/site\/dia-do-meio-ambiente-a-mae-terra-convoca-suas-filhas-e-filhos-a-cerrarem-fileiras-em-sua-defesa\/","og_locale":"pt_BR","og_type":"article","og_title":"Dia do meio ambiente: A M\u00e3e Terra convoca suas filhas e filhos a cerrarem fileiras em sua defesa - O Arcanjo no ar","og_description":"ABONG Neste 5 de junho, a ABONG quer mobilizar cora\u00e7\u00f5es e mentes para responder aos desafios da crise socioambiental que atinge todo o planeta, evidenciada pelas mudan\u00e7as clim\u00e1ticas, pela progressiva escassez da \u00e1gua, pela persist\u00eancia do crescimento da fome e pela amea\u00e7a da inseguran\u00e7a alimentar. Nosso ponto de refer\u00eancia \u00e9 a regi\u00e3o da Amaz\u00f4nia Brasileira, [&hellip;]","og_url":"https:\/\/www.oarcanjo.net\/site\/dia-do-meio-ambiente-a-mae-terra-convoca-suas-filhas-e-filhos-a-cerrarem-fileiras-em-sua-defesa\/","og_site_name":"O Arcanjo no ar","article_publisher":"https:\/\/www.facebook.com\/OArcanjoNoAr\/","article_published_time":"2010-06-05T16:02:47+00:00","og_image":[{"width":300,"height":300,"url":"https:\/\/www.oarcanjo.net\/site\/wp-content\/uploads\/logo-o-arcanjo-no-ar-facebook.png","type":"image\/png"}],"author":"editor","twitter_card":"summary_large_image","twitter_misc":{"Escrito por":"editor","Est. tempo de leitura":"4 minutos"},"schema":{"@context":"https:\/\/schema.org","@graph":[{"@type":"Article","@id":"https:\/\/www.oarcanjo.net\/site\/dia-do-meio-ambiente-a-mae-terra-convoca-suas-filhas-e-filhos-a-cerrarem-fileiras-em-sua-defesa\/#article","isPartOf":{"@id":"https:\/\/www.oarcanjo.net\/site\/dia-do-meio-ambiente-a-mae-terra-convoca-suas-filhas-e-filhos-a-cerrarem-fileiras-em-sua-defesa\/"},"author":{"name":"editor","@id":"https:\/\/www.oarcanjo.net\/site\/#\/schema\/person\/f7024d007863202483a31326673a0838"},"headline":"Dia do meio ambiente: A M\u00e3e Terra convoca suas filhas e filhos a cerrarem fileiras em sua defesa","datePublished":"2010-06-05T16:02:47+00:00","dateModified":"2010-06-05T16:02:47+00:00","mainEntityOfPage":{"@id":"https:\/\/www.oarcanjo.net\/site\/dia-do-meio-ambiente-a-mae-terra-convoca-suas-filhas-e-filhos-a-cerrarem-fileiras-em-sua-defesa\/"},"wordCount":776,"commentCount":0,"publisher":{"@id":"https:\/\/www.oarcanjo.net\/site\/#organization"},"keywords":["\u00e1gua","Amaz\u00f4nia","clima","Dia Mundial do Meio Ambiente","ecologia","planeta"],"articleSection":["Reflex\u00f5es"],"inLanguage":"pt-BR","potentialAction":[{"@type":"CommentAction","name":"Comment","target":["https:\/\/www.oarcanjo.net\/site\/dia-do-meio-ambiente-a-mae-terra-convoca-suas-filhas-e-filhos-a-cerrarem-fileiras-em-sua-defesa\/#respond"]}]},{"@type":"WebPage","@id":"https:\/\/www.oarcanjo.net\/site\/dia-do-meio-ambiente-a-mae-terra-convoca-suas-filhas-e-filhos-a-cerrarem-fileiras-em-sua-defesa\/","url":"https:\/\/www.oarcanjo.net\/site\/dia-do-meio-ambiente-a-mae-terra-convoca-suas-filhas-e-filhos-a-cerrarem-fileiras-em-sua-defesa\/","name":"Dia do meio ambiente: A M\u00e3e Terra convoca suas filhas e filhos a cerrarem fileiras em sua defesa - O Arcanjo no ar","isPartOf":{"@id":"https:\/\/www.oarcanjo.net\/site\/#website"},"datePublished":"2010-06-05T16:02:47+00:00","dateModified":"2010-06-05T16:02:47+00:00","breadcrumb":{"@id":"https:\/\/www.oarcanjo.net\/site\/dia-do-meio-ambiente-a-mae-terra-convoca-suas-filhas-e-filhos-a-cerrarem-fileiras-em-sua-defesa\/#breadcrumb"},"inLanguage":"pt-BR","potentialAction":[{"@type":"ReadAction","target":["https:\/\/www.oarcanjo.net\/site\/dia-do-meio-ambiente-a-mae-terra-convoca-suas-filhas-e-filhos-a-cerrarem-fileiras-em-sua-defesa\/"]}]},{"@type":"BreadcrumbList","@id":"https:\/\/www.oarcanjo.net\/site\/dia-do-meio-ambiente-a-mae-terra-convoca-suas-filhas-e-filhos-a-cerrarem-fileiras-em-sua-defesa\/#breadcrumb","itemListElement":[{"@type":"ListItem","position":1,"name":"In\u00edcio","item":"https:\/\/www.oarcanjo.net\/site\/"},{"@type":"ListItem","position":2,"name":"Dia do meio ambiente: A M\u00e3e Terra convoca suas filhas e filhos a cerrarem fileiras em sua defesa"}]},{"@type":"WebSite","@id":"https:\/\/www.oarcanjo.net\/site\/#website","url":"https:\/\/www.oarcanjo.net\/site\/","name":"O Arcanjo no ar","description":"Site da Par\u00f3quia S\u00e3o Miguel Arcanjo (Arquidiocese de SP)","publisher":{"@id":"https:\/\/www.oarcanjo.net\/site\/#organization"},"potentialAction":[{"@type":"SearchAction","target":{"@type":"EntryPoint","urlTemplate":"https:\/\/www.oarcanjo.net\/site\/?s={search_term_string}"},"query-input":{"@type":"PropertyValueSpecification","valueRequired":true,"valueName":"search_term_string"}}],"inLanguage":"pt-BR"},{"@type":"Organization","@id":"https:\/\/www.oarcanjo.net\/site\/#organization","name":"Par\u00f3quia S\u00e3o Miguel Arcanjo","url":"https:\/\/www.oarcanjo.net\/site\/","logo":{"@type":"ImageObject","inLanguage":"pt-BR","@id":"https:\/\/www.oarcanjo.net\/site\/#\/schema\/logo\/image\/","url":"https:\/\/www.oarcanjo.net\/site\/wp-content\/uploads\/LogoOArcanjo.png","contentUrl":"https:\/\/www.oarcanjo.net\/site\/wp-content\/uploads\/LogoOArcanjo.png","width":319,"height":99,"caption":"Par\u00f3quia S\u00e3o Miguel Arcanjo"},"image":{"@id":"https:\/\/www.oarcanjo.net\/site\/#\/schema\/logo\/image\/"},"sameAs":["https:\/\/www.facebook.com\/OArcanjoNoAr\/"]},{"@type":"Person","@id":"https:\/\/www.oarcanjo.net\/site\/#\/schema\/person\/f7024d007863202483a31326673a0838","name":"editor","sameAs":["http:\/\/www.oarcanjo.net"]}]}},"publishpress_future_action":{"enabled":false,"date":"2026-05-10 05:38:46","action":"category","newStatus":"draft","terms":[],"taxonomy":"category"},"publishpress_future_workflow_manual_trigger":{"enabledWorkflows":[]},"_links":{"self":[{"href":"https:\/\/www.oarcanjo.net\/site\/wp-json\/wp\/v2\/posts\/9757"}],"collection":[{"href":"https:\/\/www.oarcanjo.net\/site\/wp-json\/wp\/v2\/posts"}],"about":[{"href":"https:\/\/www.oarcanjo.net\/site\/wp-json\/wp\/v2\/types\/post"}],"author":[{"embeddable":true,"href":"https:\/\/www.oarcanjo.net\/site\/wp-json\/wp\/v2\/users\/5"}],"replies":[{"embeddable":true,"href":"https:\/\/www.oarcanjo.net\/site\/wp-json\/wp\/v2\/comments?post=9757"}],"version-history":[{"count":0,"href":"https:\/\/www.oarcanjo.net\/site\/wp-json\/wp\/v2\/posts\/9757\/revisions"}],"wp:attachment":[{"href":"https:\/\/www.oarcanjo.net\/site\/wp-json\/wp\/v2\/media?parent=9757"}],"wp:term":[{"taxonomy":"category","embeddable":true,"href":"https:\/\/www.oarcanjo.net\/site\/wp-json\/wp\/v2\/categories?post=9757"},{"taxonomy":"post_tag","embeddable":true,"href":"https:\/\/www.oarcanjo.net\/site\/wp-json\/wp\/v2\/tags?post=9757"}],"curies":[{"name":"wp","href":"https:\/\/api.w.org\/{rel}","templated":true}]}}