
{"id":9763,"date":"2010-06-05T23:21:30","date_gmt":"2010-06-06T02:21:30","guid":{"rendered":"http:\/\/www.oarcanjo.net\/site\/?p=9763"},"modified":"2010-06-08T11:07:30","modified_gmt":"2010-06-08T14:07:30","slug":"homenagem-ao-missionario-pedro-y-ferreira","status":"publish","type":"post","link":"https:\/\/www.oarcanjo.net\/site\/homenagem-ao-missionario-pedro-y-ferreira\/","title":{"rendered":"Homenagem ao mission\u00e1rio Pedro Yamaguchi Ferreira"},"content":{"rendered":"<p>A Igreja de S\u00e3o Paulo presta homenagem ao mission\u00e1rio leigo Pedro Yamaguchi Ferreira, de 27 anos, que morreu no Amazonas. Na ter\u00e7a-feira, 1\u00ba de junho, ele saiu para se banhar no rio Negro e n\u00e3o voltou para casa.\u00a0Pedro, filho do deputado federal Paulo Teixeira (PT-SP) e de Alice Yamaguchi, estava na diocese de S\u00e3o Gabriel da Cachoeira desde fevereiro atuando como advogado da Pastoral Indigenista. Antes, tinha trabalhado na Pastoral Carcer\u00e1ria de S\u00e3o Paulo.<\/p>\n<p>Veja o discurso que fez ao se despedir da cidade:<\/p>\n<p><em>Queridos familiares, amigos e amigas<\/em><\/p>\n<p><em>Em primeiro lugar, quero dedicar essa missa a minha madrinha Glaucia, que nos deixou h\u00e1 uma semana. Tenho um sentimento de que ela vai olhar por n\u00f3s e alegrar um pouco mais o c\u00e9u. As maiores lembran\u00e7as que tenho dela s\u00e3o o seu sorriso e sua luta pela causa ambiental. De alguma forma, sinto que posso dar seguimento ao que ela tanto ensinava como geografa e professora. Essa missa \u00e9 em memoria dela.<\/em><\/p>\n<p><em>Quero agradecer a cada um de voc\u00eas pela presen\u00e7a nesta noite, isso representa muito pra mim e me d\u00e1 muita for\u00e7a para seguir a caminhada. Celebramos hoje, na Igreja da Boa Morte, a vida, a esperan\u00e7a de dias melhores.<\/em><\/p>\n<p><em>Sei que n\u00e3o estamos reunidos esta noite por mim apenas: todos os que est\u00e3o aqui querem um mundo melhor para si; para seus filhos. Todos queremos paz, alegrias, amizade, justi\u00e7a. Este encontro serve para renovarmos nossos sonhos.<\/em><\/p>\n<p><em>Agrade\u00e7o de forma especial as pessoas que prepararam com tanto carinho essa missa: a Marcelo da Pastoral da Juventude, a Pe Valdir e dona Vera, a toda a comunidade alianca da Misericordia, nas pessoas de Pe Enrico e Antonelo, ao pessoal da banda e a todos e todas que permitiram que esta noite acontecesse. Pe Valdir, ali\u00e1s, que foi o pai desta minha ideia de ir pra Amaz\u00e2nia. Desde fazer contato com o bispo de S\u00e3o Gabriel da Cachoeira, at\u00e9 falar com todos os padres e irm\u00e3s para que autorizassem meu envio. Muito obrigado por toda a ajuda, Pe Valdir.<\/em><\/p>\n<p><em>Quero saudar meus amigos da alianca da miseric\u00f3rdia. Por ceder essa igreja, que \u00e9 vossa casa.<\/em><\/p>\n<p><em>Saibam que voc\u00eas t\u00eam enorme influ\u00eancia na minha vida e nessa minha decis\u00e3o: desde o primeiro momento, quando conheci um mont\u00e3o de jovens que moravam na favela do moinho e faziam pastoral carcer\u00e1ria, logo fiquei encantado com o que vi.<\/em><\/p>\n<p><em>Eram jovens dedicando suas vidas a melhorar a realidade dos mais marginalizados: os moradores de favelas e os encarcerados.<\/em><\/p>\n<p><em>Nas muitas vezes que estive com eles, sempre me identifiquei com aquela voca\u00e7\u00e3o e sentia alguma coisa arder mais forte no meu peito. Sabia que faria algo parecido.<\/em><\/p>\n<p><em>Voc\u00eas vivem a solidariedade na ess\u00eancia na palavra, vivem pela causa social com compromisso e verdade.<\/em><\/p>\n<p><em>Parab\u00e9ns e muito obrigado pelo exemplo.<\/em><\/p>\n<p><em>Quero abra\u00e7ar todos meus familiares. Meus tios e tias, pais e m\u00e3es pra mim, e meus irm\u00e3os. Meus primos e primas, que s\u00e3o meus outros irm\u00e3os e irm\u00e3s. Carrego voces no cora\u00e7\u00e3o, assim como carrego a lembran\u00e7a de meus quatro av\u00f3s, os quais tive a enorme felicidade de conhecer e conviver. Sinto que eles est\u00e3o comigo. Sempre os senti por perto e sei que eles nos protegem. Dedico tamb\u00e9m a eles minhas alegrias.<\/em><\/p>\n<p><em>Brindo com todos meus amigos e amigas, da rua, de col\u00e9gio, de faculdade, das lutas, da vida. Pela amizade e companheirismo. Obrigado por me ensinar. Espero que nossa amizade possa ser preservada e se fortalecer ainda mais, nos sentimentos de solidariedade com os outros, no amor pelo pa\u00eds, na luta por mais igualdade social, autonomia e liberdade das pessoas e toler\u00eancia com as diferen\u00e7as. Tamo junto!<\/em><\/p>\n<p><em>Aos amigos dos meus pais, que se tornaram meus amigos. Obrigado por todo exemplo de luta e dedica\u00e7\u00e3o a uma milit\u00e2ncia que exigiu muito tempo do lazer e conforto de voc\u00eas e de suas fam\u00edlias. Carrego voc\u00eas comigo tamb\u00e9m! Muito obrigado pela presen\u00e7a.<\/em><\/p>\n<p><em>Agrade\u00e7o o carinho dos amigos de Carlos de Foucault. Obrigado pela amizade e acolhida. Terei mais oportunidade de conhecer os ensinamentos de Foucalt. De alguma forma, j\u00e1 me sinto muito influenciado por essa espiritualidade, desde minha inf\u00e2ncia, atrav\u00e9s de meus pais, e agora, por todo esse processo da minha decis\u00e3o, quando estive rodeado por voc\u00eas. Muito obrigado.<\/em><\/p>\n<p><em>Quero agradecer, de forma muito especial aos meus queridos amigos e amigas companheiros de Pastoral Carcer\u00e1ria. Obrigado pela oportunidade que me deram, por confiarem e apostarem em mim. Pela amizade e paci\u00eancia que tiveram comigo. E, sobretudo, pelo exemplo de f\u00e9 e compromisso com a causa carcer\u00e1ria e humana. Voc\u00eas s\u00e3o verdadeiros guerreiros, pessoas iluminadas. Faltam palavras pra descrever tudo o que vivi nestes 3 anos de Pastoral. Quero, do fundo do cora\u00e7\u00e3o, agradecer a oportunidade de ter compartilhado com voc\u00eas momentos dos quais nunca esquecerei. A presen\u00e7a mission\u00e1ria dentro da Pastoral influenciou a minha escolha. Carrego voc\u00eas, os presos e as presas, comigo. Que tenhamos dias melhores, em que nossa sociedade respeite os direitos dos cidad\u00e3os presos. Muito obrigado!<\/em><\/p>\n<p><em>Aos meus queridos pais, tamb\u00e9m faltam palavras. Obrigado pelo exemplo, por nos ensinar a olhar pelo outro, a ter consci\u00eancia do mundo em que vivemos, a lutar por nossos sonhos. Muito obrigado por serem parceiros comigo e com meus irm\u00e3os em nossas investidas, em nossos projetos.<\/em><\/p>\n<p><em>Amo muito voc\u00ea, pai e voc\u00ea, m\u00e3e.<\/em><\/p>\n<p><em>Aos meus queridos irm\u00e3os, todo meu amor e amizade. Voc\u00eas s\u00e3o pessoas especiais pra mim, trazem mais energia pra minha vida, s\u00e3o minha sustenta\u00e7\u00e3o.<\/em><\/p>\n<p><em>Espero estar t\u00e3o perto de todos voc\u00eas mesmo estando longe. Carrego voc\u00eas nesta luta. Desde j\u00e1 pe\u00e7o perd\u00e3o pelas vezes que precisarem de mim e que estarei ausente. Obrigado pelo apoio.<\/em><\/p>\n<p><em>Essa minha decis\u00e3o de viver essa experi\u00eancia na Amaz\u00f4nia \u00e9 fruto do conv\u00edvio com a realidade dos c\u00e1rceres e a realidade social em sua forma mais cruel, o lado B de nosso Pa\u00eds: o Pa\u00eds dos esquecidos, dos humilhados. Pude estar em contato com a mis\u00e9ria da mis\u00e9ria, a injusti\u00e7a, a segrega\u00e7\u00e3o social e racial, a dor, o esquecimento. Ter visto de perto situa\u00e7\u00f5es desconhecidas pela maioria das pessoas, ter conhecido um Pa\u00eds que ainda maltrata seus cidad\u00e3os, tudo isso me despertou pra necessidade de luta, de trabalho para a profunda transforma\u00e7\u00e3o dessa realidade.<\/em><\/p>\n<p><em>De forma geral, vejo os poderes de Estado ainda muito elististas. N\u00e3o conhecem de verdade a realidade de seu povo, a pobreza, a falta de dignidade e cidadania que sofrem milh\u00f5es de cidad\u00e3os, n\u00e3o conhecem os c\u00e1rceres. Mant\u00eam-se distantes daquilo que deveria ser a ess\u00eancia de seu trabalho: o bem comum do povo, sobretudo daquele que mais necessita das institui\u00e7\u00f5es para a garantia de seus direitos. Privilegiam o status, o poder, as facilidades materiais em detrimento dos direitos fundamentais das pessoas.<\/em><\/p>\n<p><em>As leis, a Constitui\u00e7\u00e3o Federal infelizmente n\u00e3o s\u00e3o as mesmas para todos. A justi\u00e7a \u00e9 justa para poucos. Os direitos de alguns s\u00e3o mais importantes que de outros. Lutar pela terra \u00e9 crime. Mas n\u00e3o \u00e9 crime a situa\u00e7\u00e3o daquela pessoa que vive em condicoes sub-humanas nas favelas, sem dignidade nenhuma, sem comida. Furtar \u00e9 crime. Mas n\u00e3o \u00e9 crime quando o Estado amontoa milhares de presos e presas numa lata, os tortura impunemente, e viola todos seus direitos previstos nas leis. Temos dois Pa\u00edses: o Pa\u00eds dos privilegiados, dos que t\u00eam acesso \u00e0 riqueza, \u00e0 cultura, ao lazer, aos bens materiais, \u00e0s melhores oportunidades e o Pa\u00eds dos esquecidos, que n\u00e3o t\u00eam direitos, n\u00e3o t\u00eam oportunidades, e ainda s\u00e3o criminalizados.<\/em><\/p>\n<p><em>Devemos mudar, acredito que estamos avan\u00e7ando, mas \u00e9 preciso muito mais, n\u00e3o podemos permitir retrocessos nas conquistas dos direitos.<\/em><\/p>\n<p><em>Precisamos acabar com a segrega\u00e7\u00e3o racial. Vejamos os direitos dos \u00edndios, como t\u00eam dificuldade para ser implementados. Vejamos a diferen\u00e7a entre os sal\u00e1rios de negros e brancos. Vejamos os preconceitos que os nordestinos ainda sofrem no sul. A discrimina\u00e7\u00e3o que sofrem as mulheres. Isso tudo ainda existe, \u00e9 verdade, tristemente sentido no cotidiano.<\/em><\/p>\n<p><em>Somos um Pa\u00eds extremamente desigual na distribui\u00e7\u00e3o de renda. Somos top 10 no ranking de desigualdade. Num pa\u00eds com 200 milh\u00f5es de habitantes, os 10% mais ricos det\u00eam 50% da riqueza. Os 10% mais pobres, apenas 1% dessa riqueza. Os moradores de favelas pagam proporcionalmente mais impostos que os ricos.<\/em><\/p>\n<p><em>4 milh\u00f5es de fam\u00edlias no Brasil precisam bos benef\u00edcios de uma reforma agr\u00e1ria. Sem contar outros milh\u00f5es que vivem em condi\u00e7\u00f5es sub-humanas e que precisam de mudan\u00e7as.<\/em><\/p>\n<p><em>Nosso mundo tem 1 bilh\u00e3o de pessoas que vivem abaixo da linha da pobreza, com menos de 2 d\u00f3lares por dia. No Brasil, s\u00e3o 7,5 milh\u00f5es de pessoas que vivem na linha da pobreza.<\/em><\/p>\n<p><em>Para mudar essa realidade, precisamos democratizar cada dia mais o poder econ\u00f4mico e o poder pol\u00edtico. N\u00e3o permitir que o capital econ\u00f4mico mande nas pol\u00edticas dos pa\u00edses, em detrimento das conquistas e avan\u00e7os sociais.<\/em><\/p>\n<p><em>N\u00e3o d\u00e1 para ficarmos tranquilos diante de tanta injusti\u00e7a. Por que preferimos a anestesia \u00e0 luta? Por que n\u00e3o deixemos de lado um pouco nosso conforto para pensarmos e agirmos por uma sociedade melhor?<\/em><\/p>\n<p><em>Viajo para a Amaz\u00f4nia para colaborar, como cidad\u00e3o e advogado, com as comunidades ribeirinhas, os \u00edndios, a quest\u00e3o ambiental. A discuss\u00e3o que est\u00e1 em voga hoje \u00e9 a ambiental e, realmente, ela se faz necess\u00e1ria e urgente.<\/em><\/p>\n<p><em>A natureza cada vez mostra com mais for\u00e7as seu poder e sua revolta contra o que fazemos com ela. Utilizamo-la com interesse econ\u00f4mico e sem preocupa\u00e7\u00e3o com os demais seres que nela vivem. N\u00e3o nos preocupamos com o amanh\u00e3. E ela n\u00e3o est\u00e1 feliz com isso. Lembremos dos tsunamis, dos furac\u00f5es, dos terremotos, dos deslizamentos.<\/em><\/p>\n<p><em>Olhemos para nossa cidade de S\u00e3o Paulo, nesse m\u00eas de janeiro, o tanto que choveu. Os estragos das chuvas nos lugares mais prec\u00e1rios. Infelizmente os efeitos clim\u00e1ticos atingem de forma pior os mais pobres, os que moram em \u00e1reas de risco, nas beiras dos rios.<\/em><\/p>\n<p><em>Insistimos em desmatar nossas florestas. Somos o 5\u00ba pais no mundo que emite mais gases poluentes e 75% desses gases v\u00eam do desmatamento. Matamos nossa floresta para alimentar o mercado externo, americano e europeu. Faz sentido isso?<\/em><\/p>\n<p><em>Do que adianta exercitarmos uma consci\u00eancia ecol\u00f3gica se n\u00e3o questionamos nosso pr\u00f3prio anseio consumista que desgasta a capacidade da natureza e acelera a degrada\u00e7\u00e3o do meio ambiente? Devemos exigir de nos sacrif\u00edcios pelo bem da sobreviv\u00eancia da natureza e nossa tamb\u00e9m.<\/em><\/p>\n<p><em>Apenas para exemplificar, com situa\u00e7\u00f5es cotidianas: ser\u00e1 que precisamos ter 50 pares de sapatos em nossos arm\u00e1rios? Dezenas de pe\u00e7as de roupas que depois ficam armazenadas? Ser\u00e1 que todos precisamos de carro em detrimento do transporte p\u00fablico? Precisamos tomar duas vezes ao dia banhos de 30 minutos? Devemos pensar que nosso padr\u00e3o de consumo gera desigualdades e agride a natureza, e \u00e9 preciso abdicar desse modelo.<\/em><\/p>\n<p><em>Sinto nessa minha escolha um pouco de nega\u00e7\u00e3o, ainda que tempor\u00e1ria, do modelo civilizat\u00f3rio ocidental consumista e destrutivo em que vivemos \u2013 e, pior, que achamos bom. Desejo buscar na natureza, com os \u00edndios, valores humanos que se sobreponham \u00e0s ilus\u00f5es da civiliza\u00e7\u00e3o.<\/em><\/p>\n<p><em>Penso que, diante de toda a realidade miser\u00e1vel que pude ver, n\u00e3o posso ficar inerte, tocando minha vida como se a vida do outro nada tivesse a ver com a minha. Me sinto na obriga\u00e7\u00e3o de colaborar com nosso povo.<\/em><\/p>\n<p><em>N\u00e3o \u00e9 preciso ir at\u00e9 a Amaz\u00f4nia para mudar essa realidade social brasileira. A cidade de SP est\u00e1 cheia de problemas a serem resolvidos, e todos voc\u00eas podem colaborar para mudar essa situa\u00e7\u00e3o. Visitem a favela do moinho, o jardim pantanal, uma unidade prisional. Certamente l\u00e1 existem muitos problemas e as pessoas precisam de ajuda!<\/em><\/p>\n<p><em>Mas, nem s\u00f3 de lutas vive o homem. Quero viver, escrever uma gostosa poesia de minha vida. Poder respirar um ar puro, contemplar a mata e os animais, estar em contato com culturas diferentes, jogar mais futebol, estar no para\u00edso natural. Como diz a poesia do sambista Candeia, cantada na voz de Cartola: \u201cdeixe-me ir, preciso andar, vou por a\u00ed a procurar, sorrir pra nao chorar. Quero assistir ao sol nascer, ver as \u00e1guas do rio correr, ouvir os p\u00e1ssaros cantar, eu quero nascer, quero viver\u201d.<\/em><\/p>\n<p><em>Para terminar, dois lindos poemas do nosso querido dom Pedro Casaldaliga, grande figura que me inspirou profundamente e a quem tive a enorme felicidade e privil\u00e9gio de conhecer em S\u00e3o Felix do Araguaia:<\/em><\/p>\n<p><strong><em>Pobreza Evang\u00e9lica<\/em><\/strong><\/p>\n<p><em>N\u00e3o ter nada.<br \/>\nn\u00e3o carregar nada.<br \/>\nn\u00e3o poder nada.<br \/>\ne, de passagem, n\u00e3o matar nada;<br \/>\nn\u00e3o calar nada.<br \/>\nSomente o Evangelho, como uma faca afilada,<br \/>\ne o pranto e o riso no olhar,<br \/>\ne a m\u00e3o estendida e apertada,<br \/>\ne a vida, a cavalo, dai.<br \/>\nE este sol e estes rios e esta terra comprada,<br \/>\npara testemunhas da revolu\u00e7\u00e3o ja estourada.<br \/>\nE mais nada.<\/em><\/p>\n<p><strong><em>Ep\u00edlogo Aberto<\/em><\/strong><\/p>\n<p><em>Atenho-me ao dito:<\/em><\/p>\n<p><em>A justi\u00e7a,<br \/>\napesar da lei e do costume,<br \/>\napesar do dinheiro e da esmola.<\/em><\/p>\n<p><em>A humildade,<br \/>\npara ser eu mesmo, verdadeiro.<\/em><\/p>\n<p><em>A liberdade<br \/>\npara ser homem.<br \/>\nE a pobreza<br \/>\npara ser livre.<br \/>\nA f\u00e9, crist\u00e3,<br \/>\npara andar de noite,<br \/>\ne, acima de tudo, para andar de dia.<\/em><\/p>\n<p><em>E, seja como for, irmaos,<br \/>\neu me atenho ao dito:<br \/>\na Esperan\u00e7a.<\/em><\/p>\n<p><em><br \/>\nDeixo aqui um convite para que todos venham visitar a Amaz\u00f4nia. Para quem quiser conhecer o para\u00edso. N\u00e3o se arrepender\u00e3o. As portas l\u00e1 sempre estar\u00e3o abertas a voc\u00eas. Espero voc\u00eas numa visita.<\/em><\/p>\n<p><em>Muito obrigado por virem, quero dar um abra\u00e7o em cada um de voc\u00eas!<\/em><\/p>\n<p><em><br \/>\n<span style=\"font-style: normal;\">A seguir, reproduzimos o v\u00eddeo exibido na despedida do mission\u00e1rio em fevereiro:<\/span><\/em><\/p>\n<p><object classid=\"clsid:d27cdb6e-ae6d-11cf-96b8-444553540000\" width=\"480\" height=\"385\" codebase=\"http:\/\/download.macromedia.com\/pub\/shockwave\/cabs\/flash\/swflash.cab#version=6,0,40,0\"><param name=\"allowFullScreen\" value=\"true\" \/><param name=\"allowscriptaccess\" value=\"always\" \/><param name=\"src\" value=\"http:\/\/www.youtube.com\/v\/lWCKTSMSK_o&amp;hl=pt_BR&amp;fs=1&amp;rel=0&amp;color1=0xe1600f&amp;color2=0xfebd01\" \/><param name=\"allowfullscreen\" value=\"true\" \/><embed type=\"application\/x-shockwave-flash\" width=\"480\" height=\"385\" src=\"http:\/\/www.youtube.com\/v\/lWCKTSMSK_o&amp;hl=pt_BR&amp;fs=1&amp;rel=0&amp;color1=0xe1600f&amp;color2=0xfebd01\" allowscriptaccess=\"always\" allowfullscreen=\"true\"><\/embed><\/object><\/p>\n<div id=\"themify_builder_content-9763\" data-postid=\"9763\" class=\"themify_builder_content themify_builder_content-9763 themify_builder themify_builder_front\">\n\t<\/div>\n<!-- \/themify_builder_content -->","protected":false},"excerpt":{"rendered":"<p>A Igreja de S\u00e3o Paulo presta homenagem ao mission\u00e1rio leigo Pedro Yamaguchi Ferreira, de 27 anos, que morreu no Amazonas. Na ter\u00e7a-feira, 1\u00ba de junho, ele saiu para se banhar no rio Negro e n\u00e3o voltou para casa.\u00a0Pedro, filho do deputado federal Paulo Teixeira (PT-SP) e de Alice Yamaguchi, estava na diocese de S\u00e3o Gabriel [&hellip;]<\/p>\n","protected":false},"author":5,"featured_media":0,"comment_status":"open","ping_status":"open","sticky":false,"template":"","format":"standard","meta":{"ngg_post_thumbnail":0,"footnotes":""},"categories":[8,186,280],"tags":[995,916,230,789,746,1634,1633,37,293],"yoast_head":"<!-- This site is optimized with the Yoast SEO plugin v23.5 - https:\/\/yoast.com\/wordpress\/plugins\/seo\/ -->\n<title>Homenagem ao mission\u00e1rio Pedro Yamaguchi Ferreira - O Arcanjo no ar<\/title>\n<meta name=\"robots\" content=\"index, follow, max-snippet:-1, max-image-preview:large, max-video-preview:-1\" \/>\n<link rel=\"canonical\" href=\"https:\/\/www.oarcanjo.net\/site\/homenagem-ao-missionario-pedro-y-ferreira\/\" \/>\n<meta property=\"og:locale\" content=\"pt_BR\" \/>\n<meta property=\"og:type\" content=\"article\" \/>\n<meta property=\"og:title\" content=\"Homenagem ao mission\u00e1rio Pedro Yamaguchi Ferreira - O Arcanjo no ar\" \/>\n<meta property=\"og:description\" content=\"A Igreja de S\u00e3o Paulo presta homenagem ao mission\u00e1rio leigo Pedro Yamaguchi Ferreira, de 27 anos, que morreu no Amazonas. Na ter\u00e7a-feira, 1\u00ba de junho, ele saiu para se banhar no rio Negro e n\u00e3o voltou para casa.\u00a0Pedro, filho do deputado federal Paulo Teixeira (PT-SP) e de Alice Yamaguchi, estava na diocese de S\u00e3o Gabriel [&hellip;]\" \/>\n<meta property=\"og:url\" content=\"https:\/\/www.oarcanjo.net\/site\/homenagem-ao-missionario-pedro-y-ferreira\/\" \/>\n<meta property=\"og:site_name\" content=\"O Arcanjo no ar\" \/>\n<meta property=\"article:publisher\" content=\"https:\/\/www.facebook.com\/OArcanjoNoAr\/\" \/>\n<meta property=\"article:published_time\" content=\"2010-06-06T02:21:30+00:00\" \/>\n<meta property=\"article:modified_time\" content=\"2010-06-08T14:07:30+00:00\" \/>\n<meta property=\"og:image\" content=\"https:\/\/www.oarcanjo.net\/site\/wp-content\/uploads\/logo-o-arcanjo-no-ar-facebook.png\" \/>\n\t<meta property=\"og:image:width\" content=\"300\" \/>\n\t<meta property=\"og:image:height\" content=\"300\" \/>\n\t<meta property=\"og:image:type\" content=\"image\/png\" \/>\n<meta name=\"author\" content=\"editor\" \/>\n<meta name=\"twitter:card\" content=\"summary_large_image\" \/>\n<meta name=\"twitter:label1\" content=\"Escrito por\" \/>\n\t<meta name=\"twitter:data1\" content=\"editor\" \/>\n\t<meta name=\"twitter:label2\" content=\"Est. tempo de leitura\" \/>\n\t<meta name=\"twitter:data2\" content=\"12 minutos\" \/>\n<script type=\"application\/ld+json\" class=\"yoast-schema-graph\">{\"@context\":\"https:\/\/schema.org\",\"@graph\":[{\"@type\":\"Article\",\"@id\":\"https:\/\/www.oarcanjo.net\/site\/homenagem-ao-missionario-pedro-y-ferreira\/#article\",\"isPartOf\":{\"@id\":\"https:\/\/www.oarcanjo.net\/site\/homenagem-ao-missionario-pedro-y-ferreira\/\"},\"author\":{\"name\":\"editor\",\"@id\":\"https:\/\/www.oarcanjo.net\/site\/#\/schema\/person\/f7024d007863202483a31326673a0838\"},\"headline\":\"Homenagem ao mission\u00e1rio Pedro Yamaguchi Ferreira\",\"datePublished\":\"2010-06-06T02:21:30+00:00\",\"dateModified\":\"2010-06-08T14:07:30+00:00\",\"mainEntityOfPage\":{\"@id\":\"https:\/\/www.oarcanjo.net\/site\/homenagem-ao-missionario-pedro-y-ferreira\/\"},\"wordCount\":2402,\"commentCount\":6,\"publisher\":{\"@id\":\"https:\/\/www.oarcanjo.net\/site\/#organization\"},\"keywords\":[\"exclu\u00eddos\",\"exclus\u00e3o social\",\"justi\u00e7a\",\"mission\u00e1rio\",\"Pastoral Carcer\u00e1ria\",\"Pastoral Indigenista\",\"Paulo Teixeira\",\"pobreza\",\"Reforma agr\u00e1ria\"],\"articleSection\":[\"Not\u00edcias\",\"Testemunhos\",\"V\u00eddeos\"],\"inLanguage\":\"pt-BR\",\"potentialAction\":[{\"@type\":\"CommentAction\",\"name\":\"Comment\",\"target\":[\"https:\/\/www.oarcanjo.net\/site\/homenagem-ao-missionario-pedro-y-ferreira\/#respond\"]}]},{\"@type\":\"WebPage\",\"@id\":\"https:\/\/www.oarcanjo.net\/site\/homenagem-ao-missionario-pedro-y-ferreira\/\",\"url\":\"https:\/\/www.oarcanjo.net\/site\/homenagem-ao-missionario-pedro-y-ferreira\/\",\"name\":\"Homenagem ao mission\u00e1rio Pedro Yamaguchi Ferreira - O Arcanjo no ar\",\"isPartOf\":{\"@id\":\"https:\/\/www.oarcanjo.net\/site\/#website\"},\"datePublished\":\"2010-06-06T02:21:30+00:00\",\"dateModified\":\"2010-06-08T14:07:30+00:00\",\"breadcrumb\":{\"@id\":\"https:\/\/www.oarcanjo.net\/site\/homenagem-ao-missionario-pedro-y-ferreira\/#breadcrumb\"},\"inLanguage\":\"pt-BR\",\"potentialAction\":[{\"@type\":\"ReadAction\",\"target\":[\"https:\/\/www.oarcanjo.net\/site\/homenagem-ao-missionario-pedro-y-ferreira\/\"]}]},{\"@type\":\"BreadcrumbList\",\"@id\":\"https:\/\/www.oarcanjo.net\/site\/homenagem-ao-missionario-pedro-y-ferreira\/#breadcrumb\",\"itemListElement\":[{\"@type\":\"ListItem\",\"position\":1,\"name\":\"In\u00edcio\",\"item\":\"https:\/\/www.oarcanjo.net\/site\/\"},{\"@type\":\"ListItem\",\"position\":2,\"name\":\"Homenagem ao mission\u00e1rio Pedro Yamaguchi Ferreira\"}]},{\"@type\":\"WebSite\",\"@id\":\"https:\/\/www.oarcanjo.net\/site\/#website\",\"url\":\"https:\/\/www.oarcanjo.net\/site\/\",\"name\":\"O Arcanjo no ar\",\"description\":\"Site da Par\u00f3quia S\u00e3o Miguel Arcanjo (Arquidiocese de SP)\",\"publisher\":{\"@id\":\"https:\/\/www.oarcanjo.net\/site\/#organization\"},\"potentialAction\":[{\"@type\":\"SearchAction\",\"target\":{\"@type\":\"EntryPoint\",\"urlTemplate\":\"https:\/\/www.oarcanjo.net\/site\/?s={search_term_string}\"},\"query-input\":{\"@type\":\"PropertyValueSpecification\",\"valueRequired\":true,\"valueName\":\"search_term_string\"}}],\"inLanguage\":\"pt-BR\"},{\"@type\":\"Organization\",\"@id\":\"https:\/\/www.oarcanjo.net\/site\/#organization\",\"name\":\"Par\u00f3quia S\u00e3o Miguel Arcanjo\",\"url\":\"https:\/\/www.oarcanjo.net\/site\/\",\"logo\":{\"@type\":\"ImageObject\",\"inLanguage\":\"pt-BR\",\"@id\":\"https:\/\/www.oarcanjo.net\/site\/#\/schema\/logo\/image\/\",\"url\":\"https:\/\/www.oarcanjo.net\/site\/wp-content\/uploads\/LogoOArcanjo.png\",\"contentUrl\":\"https:\/\/www.oarcanjo.net\/site\/wp-content\/uploads\/LogoOArcanjo.png\",\"width\":319,\"height\":99,\"caption\":\"Par\u00f3quia S\u00e3o Miguel Arcanjo\"},\"image\":{\"@id\":\"https:\/\/www.oarcanjo.net\/site\/#\/schema\/logo\/image\/\"},\"sameAs\":[\"https:\/\/www.facebook.com\/OArcanjoNoAr\/\"]},{\"@type\":\"Person\",\"@id\":\"https:\/\/www.oarcanjo.net\/site\/#\/schema\/person\/f7024d007863202483a31326673a0838\",\"name\":\"editor\",\"sameAs\":[\"http:\/\/www.oarcanjo.net\"]}]}<\/script>\n<!-- \/ Yoast SEO plugin. -->","yoast_head_json":{"title":"Homenagem ao mission\u00e1rio Pedro Yamaguchi Ferreira - O Arcanjo no ar","robots":{"index":"index","follow":"follow","max-snippet":"max-snippet:-1","max-image-preview":"max-image-preview:large","max-video-preview":"max-video-preview:-1"},"canonical":"https:\/\/www.oarcanjo.net\/site\/homenagem-ao-missionario-pedro-y-ferreira\/","og_locale":"pt_BR","og_type":"article","og_title":"Homenagem ao mission\u00e1rio Pedro Yamaguchi Ferreira - O Arcanjo no ar","og_description":"A Igreja de S\u00e3o Paulo presta homenagem ao mission\u00e1rio leigo Pedro Yamaguchi Ferreira, de 27 anos, que morreu no Amazonas. Na ter\u00e7a-feira, 1\u00ba de junho, ele saiu para se banhar no rio Negro e n\u00e3o voltou para casa.\u00a0Pedro, filho do deputado federal Paulo Teixeira (PT-SP) e de Alice Yamaguchi, estava na diocese de S\u00e3o Gabriel [&hellip;]","og_url":"https:\/\/www.oarcanjo.net\/site\/homenagem-ao-missionario-pedro-y-ferreira\/","og_site_name":"O Arcanjo no ar","article_publisher":"https:\/\/www.facebook.com\/OArcanjoNoAr\/","article_published_time":"2010-06-06T02:21:30+00:00","article_modified_time":"2010-06-08T14:07:30+00:00","og_image":[{"width":300,"height":300,"url":"https:\/\/www.oarcanjo.net\/site\/wp-content\/uploads\/logo-o-arcanjo-no-ar-facebook.png","type":"image\/png"}],"author":"editor","twitter_card":"summary_large_image","twitter_misc":{"Escrito por":"editor","Est. tempo de leitura":"12 minutos"},"schema":{"@context":"https:\/\/schema.org","@graph":[{"@type":"Article","@id":"https:\/\/www.oarcanjo.net\/site\/homenagem-ao-missionario-pedro-y-ferreira\/#article","isPartOf":{"@id":"https:\/\/www.oarcanjo.net\/site\/homenagem-ao-missionario-pedro-y-ferreira\/"},"author":{"name":"editor","@id":"https:\/\/www.oarcanjo.net\/site\/#\/schema\/person\/f7024d007863202483a31326673a0838"},"headline":"Homenagem ao mission\u00e1rio Pedro Yamaguchi Ferreira","datePublished":"2010-06-06T02:21:30+00:00","dateModified":"2010-06-08T14:07:30+00:00","mainEntityOfPage":{"@id":"https:\/\/www.oarcanjo.net\/site\/homenagem-ao-missionario-pedro-y-ferreira\/"},"wordCount":2402,"commentCount":6,"publisher":{"@id":"https:\/\/www.oarcanjo.net\/site\/#organization"},"keywords":["exclu\u00eddos","exclus\u00e3o social","justi\u00e7a","mission\u00e1rio","Pastoral Carcer\u00e1ria","Pastoral Indigenista","Paulo Teixeira","pobreza","Reforma agr\u00e1ria"],"articleSection":["Not\u00edcias","Testemunhos","V\u00eddeos"],"inLanguage":"pt-BR","potentialAction":[{"@type":"CommentAction","name":"Comment","target":["https:\/\/www.oarcanjo.net\/site\/homenagem-ao-missionario-pedro-y-ferreira\/#respond"]}]},{"@type":"WebPage","@id":"https:\/\/www.oarcanjo.net\/site\/homenagem-ao-missionario-pedro-y-ferreira\/","url":"https:\/\/www.oarcanjo.net\/site\/homenagem-ao-missionario-pedro-y-ferreira\/","name":"Homenagem ao mission\u00e1rio Pedro Yamaguchi Ferreira - O Arcanjo no ar","isPartOf":{"@id":"https:\/\/www.oarcanjo.net\/site\/#website"},"datePublished":"2010-06-06T02:21:30+00:00","dateModified":"2010-06-08T14:07:30+00:00","breadcrumb":{"@id":"https:\/\/www.oarcanjo.net\/site\/homenagem-ao-missionario-pedro-y-ferreira\/#breadcrumb"},"inLanguage":"pt-BR","potentialAction":[{"@type":"ReadAction","target":["https:\/\/www.oarcanjo.net\/site\/homenagem-ao-missionario-pedro-y-ferreira\/"]}]},{"@type":"BreadcrumbList","@id":"https:\/\/www.oarcanjo.net\/site\/homenagem-ao-missionario-pedro-y-ferreira\/#breadcrumb","itemListElement":[{"@type":"ListItem","position":1,"name":"In\u00edcio","item":"https:\/\/www.oarcanjo.net\/site\/"},{"@type":"ListItem","position":2,"name":"Homenagem ao mission\u00e1rio Pedro Yamaguchi Ferreira"}]},{"@type":"WebSite","@id":"https:\/\/www.oarcanjo.net\/site\/#website","url":"https:\/\/www.oarcanjo.net\/site\/","name":"O Arcanjo no ar","description":"Site da Par\u00f3quia S\u00e3o Miguel Arcanjo (Arquidiocese de SP)","publisher":{"@id":"https:\/\/www.oarcanjo.net\/site\/#organization"},"potentialAction":[{"@type":"SearchAction","target":{"@type":"EntryPoint","urlTemplate":"https:\/\/www.oarcanjo.net\/site\/?s={search_term_string}"},"query-input":{"@type":"PropertyValueSpecification","valueRequired":true,"valueName":"search_term_string"}}],"inLanguage":"pt-BR"},{"@type":"Organization","@id":"https:\/\/www.oarcanjo.net\/site\/#organization","name":"Par\u00f3quia S\u00e3o Miguel Arcanjo","url":"https:\/\/www.oarcanjo.net\/site\/","logo":{"@type":"ImageObject","inLanguage":"pt-BR","@id":"https:\/\/www.oarcanjo.net\/site\/#\/schema\/logo\/image\/","url":"https:\/\/www.oarcanjo.net\/site\/wp-content\/uploads\/LogoOArcanjo.png","contentUrl":"https:\/\/www.oarcanjo.net\/site\/wp-content\/uploads\/LogoOArcanjo.png","width":319,"height":99,"caption":"Par\u00f3quia S\u00e3o Miguel Arcanjo"},"image":{"@id":"https:\/\/www.oarcanjo.net\/site\/#\/schema\/logo\/image\/"},"sameAs":["https:\/\/www.facebook.com\/OArcanjoNoAr\/"]},{"@type":"Person","@id":"https:\/\/www.oarcanjo.net\/site\/#\/schema\/person\/f7024d007863202483a31326673a0838","name":"editor","sameAs":["http:\/\/www.oarcanjo.net"]}]}},"publishpress_future_action":{"enabled":false,"date":"2026-05-08 11:07:41","action":"category","newStatus":"draft","terms":[],"taxonomy":"category"},"publishpress_future_workflow_manual_trigger":{"enabledWorkflows":[]},"_links":{"self":[{"href":"https:\/\/www.oarcanjo.net\/site\/wp-json\/wp\/v2\/posts\/9763"}],"collection":[{"href":"https:\/\/www.oarcanjo.net\/site\/wp-json\/wp\/v2\/posts"}],"about":[{"href":"https:\/\/www.oarcanjo.net\/site\/wp-json\/wp\/v2\/types\/post"}],"author":[{"embeddable":true,"href":"https:\/\/www.oarcanjo.net\/site\/wp-json\/wp\/v2\/users\/5"}],"replies":[{"embeddable":true,"href":"https:\/\/www.oarcanjo.net\/site\/wp-json\/wp\/v2\/comments?post=9763"}],"version-history":[{"count":0,"href":"https:\/\/www.oarcanjo.net\/site\/wp-json\/wp\/v2\/posts\/9763\/revisions"}],"wp:attachment":[{"href":"https:\/\/www.oarcanjo.net\/site\/wp-json\/wp\/v2\/media?parent=9763"}],"wp:term":[{"taxonomy":"category","embeddable":true,"href":"https:\/\/www.oarcanjo.net\/site\/wp-json\/wp\/v2\/categories?post=9763"},{"taxonomy":"post_tag","embeddable":true,"href":"https:\/\/www.oarcanjo.net\/site\/wp-json\/wp\/v2\/tags?post=9763"}],"curies":[{"name":"wp","href":"https:\/\/api.w.org\/{rel}","templated":true}]}}