
{"id":9789,"date":"2016-06-11T00:37:39","date_gmt":"2016-06-11T03:37:39","guid":{"rendered":"http:\/\/www.oarcanjo.net\/site\/?p=9789"},"modified":"2016-06-10T18:36:53","modified_gmt":"2016-06-10T21:36:53","slug":"sao-barnabe","status":"publish","type":"post","link":"https:\/\/www.oarcanjo.net\/site\/sao-barnabe\/","title":{"rendered":"S\u00e3o Barnab\u00e9"},"content":{"rendered":"<p><img decoding=\"async\" src=\"http:\/\/www.cleofas.com.br\/virtual\/santodia\/scd0162_barnabe.jpg\" alt=\"\" \/><\/p>\n<p>11 de Junho<\/p>\n<p>Barnab\u00e9 n\u00e3o fez parte dos primeiros doze ap\u00f3stolos escolhidos por Jesus. Mas acompanhou o Senhor e os ap\u00f3stolos naqueles primeiros dias. Quando assistiu a um milagre realizado por Jesus Cristo, que diante de seus olhos curou um paral\u00edtico, aquele bondoso judeu resolveu pedir admiss\u00e3o entre seus disc\u00edpulos. Aceito, vendeu um campo de planta\u00e7\u00f5es que possu\u00eda para doar seu dinheiro aos ap\u00f3stolos, como conta Lucas nos Atos. Assim era Barnab\u00e9, homem bom, cheio do Esp\u00edrito Santo e de f\u00e9, segundo narram as Sagradas Escrituras.<\/p>\n<p>Ele era da tribo de Levi e veio ao mundo na ilha de Chipre. Foi ali que estudou, na companhia de Paulo, com o c\u00e9lebre mestre Gamaliel, com quem aprendeu a firmeza de car\u00e1ter, as ci\u00eancias e as virtudes. Chamava-se Jos\u00e9 e, quando foi admitido entre os ap\u00f3stolos, recebeu o nome de Barnab\u00e9, que significa &#8220;filho da consola\u00e7\u00e3o&#8221;, devido ao seu maravilhoso dom de acalmar e de consolar os aflitos. No quarto cap\u00edtulo do Ato dos Ap\u00f3stolos, Barnab\u00e9 tamb\u00e9m \u00e9 chamado de o &#8220;filho da exorta\u00e7\u00e3o&#8221;.<\/p>\n<p>Foi pelas m\u00e3os de Barnab\u00e9 que Paulo de Tarso, o terr\u00edvel perseguidor dos crist\u00e3os, ingressou nos c\u00edrculos judeo-crist\u00e3os, sendo apresentado a Pedro, Tiago e aos fi\u00e9is de Jerusal\u00e9m depois de sua convers\u00e3o. Barnab\u00e9 tamb\u00e9m o acompanhou em sua primeira viagem apost\u00f3lica e foram parceiros na grande obra de convers\u00e3o realizada em Antioquia, onde estabeleceram e firmaram a primeira comunidade a chamar de crist\u00e3os aos fi\u00e9is seguidores de Cristo. Depois, aos dois se juntou Jo\u00e3o Marcos, e viajaram por Salamina, Patos, Chipre, Panf\u00edlia, Pis\u00eddia, Ic\u00f4nio e Listra, pregando e realizando milagres como testemunho da presen\u00e7a do Esp\u00edrito Santo.<\/p>\n<p>Todo esse trabalho foi reconhecido pelo Conc\u00edlio de Jerusal\u00e9m, bem como o trabalho que realizou depois de passar a pregar separado de Jo\u00e3o Marcos e de Paulo, deste \u00faltimo por decis\u00e3o pessoal, ap\u00f3s uma diverg\u00eancia. Barnab\u00e9 estava em Chipre quando foi martirizado no ano 61.<\/p>\n<p>Segundo uma antiga tradi\u00e7\u00e3o, Barnab\u00e9 pregava na sinagoga da Salamina quando foi interrompido por uma multid\u00e3o de judeus fan\u00e1ticos. O ap\u00f3stolo foi seq\u00fcestrado, levado para fora da cidade e apedrejado. Entretanto existe uma outra, t\u00e3o antiga quanto esta, que narra Barnab\u00e9 pregando em Alexandria e em Roma, e que diz, ainda, que teria sido consagrado o primeiro bispo de Mil\u00e3o, cidade que o tem como seu padroeiro at\u00e9 hoje.<\/p>\n<div id=\"themify_builder_content-9789\" data-postid=\"9789\" class=\"themify_builder_content themify_builder_content-9789 themify_builder themify_builder_front\">\n\t<\/div>\n<!-- \/themify_builder_content -->","protected":false},"excerpt":{"rendered":"<p>11 de Junho Barnab\u00e9 n\u00e3o fez parte dos primeiros doze ap\u00f3stolos escolhidos por Jesus. Mas acompanhou o Senhor e os ap\u00f3stolos naqueles primeiros dias. Quando assistiu a um milagre realizado por Jesus Cristo, que diante de seus olhos curou um paral\u00edtico, aquele bondoso judeu resolveu pedir admiss\u00e3o entre seus disc\u00edpulos. Aceito, vendeu um campo de [&hellip;]<\/p>\n","protected":false},"author":14,"featured_media":0,"comment_status":"open","ping_status":"open","sticky":false,"template":"","format":"standard","meta":{"ngg_post_thumbnail":0,"footnotes":""},"categories":[186],"tags":[],"yoast_head":"<!-- This site is optimized with the Yoast SEO plugin v23.5 - https:\/\/yoast.com\/wordpress\/plugins\/seo\/ -->\n<title>S\u00e3o Barnab\u00e9 - O Arcanjo no ar<\/title>\n<meta name=\"robots\" content=\"index, follow, max-snippet:-1, max-image-preview:large, max-video-preview:-1\" \/>\n<link rel=\"canonical\" href=\"https:\/\/www.oarcanjo.net\/site\/sao-barnabe\/\" \/>\n<meta property=\"og:locale\" content=\"pt_BR\" \/>\n<meta property=\"og:type\" content=\"article\" \/>\n<meta property=\"og:title\" content=\"S\u00e3o Barnab\u00e9 - O Arcanjo no ar\" \/>\n<meta property=\"og:description\" content=\"11 de Junho Barnab\u00e9 n\u00e3o fez parte dos primeiros doze ap\u00f3stolos escolhidos por Jesus. Mas acompanhou o Senhor e os ap\u00f3stolos naqueles primeiros dias. Quando assistiu a um milagre realizado por Jesus Cristo, que diante de seus olhos curou um paral\u00edtico, aquele bondoso judeu resolveu pedir admiss\u00e3o entre seus disc\u00edpulos. Aceito, vendeu um campo de [&hellip;]\" \/>\n<meta property=\"og:url\" content=\"https:\/\/www.oarcanjo.net\/site\/sao-barnabe\/\" \/>\n<meta property=\"og:site_name\" content=\"O Arcanjo no ar\" \/>\n<meta property=\"article:publisher\" content=\"https:\/\/www.facebook.com\/OArcanjoNoAr\/\" \/>\n<meta property=\"article:published_time\" content=\"2016-06-11T03:37:39+00:00\" \/>\n<meta property=\"article:modified_time\" content=\"2016-06-10T21:36:53+00:00\" \/>\n<meta property=\"og:image\" content=\"http:\/\/www.cleofas.com.br\/virtual\/santodia\/scd0162_barnabe.jpg\" \/>\n<meta name=\"author\" content=\"danilo\" \/>\n<meta name=\"twitter:card\" content=\"summary_large_image\" \/>\n<meta name=\"twitter:label1\" content=\"Escrito por\" \/>\n\t<meta name=\"twitter:data1\" content=\"danilo\" \/>\n\t<meta name=\"twitter:label2\" content=\"Est. tempo de leitura\" \/>\n\t<meta name=\"twitter:data2\" content=\"2 minutos\" \/>\n<script type=\"application\/ld+json\" class=\"yoast-schema-graph\">{\"@context\":\"https:\/\/schema.org\",\"@graph\":[{\"@type\":\"Article\",\"@id\":\"https:\/\/www.oarcanjo.net\/site\/sao-barnabe\/#article\",\"isPartOf\":{\"@id\":\"https:\/\/www.oarcanjo.net\/site\/sao-barnabe\/\"},\"author\":{\"name\":\"danilo\",\"@id\":\"https:\/\/www.oarcanjo.net\/site\/#\/schema\/person\/5eb9480bedd2f3c97e430ce128c29c6c\"},\"headline\":\"S\u00e3o Barnab\u00e9\",\"datePublished\":\"2016-06-11T03:37:39+00:00\",\"dateModified\":\"2016-06-10T21:36:53+00:00\",\"mainEntityOfPage\":{\"@id\":\"https:\/\/www.oarcanjo.net\/site\/sao-barnabe\/\"},\"wordCount\":434,\"commentCount\":0,\"publisher\":{\"@id\":\"https:\/\/www.oarcanjo.net\/site\/#organization\"},\"image\":{\"@id\":\"https:\/\/www.oarcanjo.net\/site\/sao-barnabe\/#primaryimage\"},\"thumbnailUrl\":\"http:\/\/www.cleofas.com.br\/virtual\/santodia\/scd0162_barnabe.jpg\",\"articleSection\":[\"Testemunhos\"],\"inLanguage\":\"pt-BR\",\"potentialAction\":[{\"@type\":\"CommentAction\",\"name\":\"Comment\",\"target\":[\"https:\/\/www.oarcanjo.net\/site\/sao-barnabe\/#respond\"]}]},{\"@type\":\"WebPage\",\"@id\":\"https:\/\/www.oarcanjo.net\/site\/sao-barnabe\/\",\"url\":\"https:\/\/www.oarcanjo.net\/site\/sao-barnabe\/\",\"name\":\"S\u00e3o Barnab\u00e9 - O Arcanjo no ar\",\"isPartOf\":{\"@id\":\"https:\/\/www.oarcanjo.net\/site\/#website\"},\"primaryImageOfPage\":{\"@id\":\"https:\/\/www.oarcanjo.net\/site\/sao-barnabe\/#primaryimage\"},\"image\":{\"@id\":\"https:\/\/www.oarcanjo.net\/site\/sao-barnabe\/#primaryimage\"},\"thumbnailUrl\":\"http:\/\/www.cleofas.com.br\/virtual\/santodia\/scd0162_barnabe.jpg\",\"datePublished\":\"2016-06-11T03:37:39+00:00\",\"dateModified\":\"2016-06-10T21:36:53+00:00\",\"breadcrumb\":{\"@id\":\"https:\/\/www.oarcanjo.net\/site\/sao-barnabe\/#breadcrumb\"},\"inLanguage\":\"pt-BR\",\"potentialAction\":[{\"@type\":\"ReadAction\",\"target\":[\"https:\/\/www.oarcanjo.net\/site\/sao-barnabe\/\"]}]},{\"@type\":\"ImageObject\",\"inLanguage\":\"pt-BR\",\"@id\":\"https:\/\/www.oarcanjo.net\/site\/sao-barnabe\/#primaryimage\",\"url\":\"http:\/\/www.cleofas.com.br\/virtual\/santodia\/scd0162_barnabe.jpg\",\"contentUrl\":\"http:\/\/www.cleofas.com.br\/virtual\/santodia\/scd0162_barnabe.jpg\"},{\"@type\":\"BreadcrumbList\",\"@id\":\"https:\/\/www.oarcanjo.net\/site\/sao-barnabe\/#breadcrumb\",\"itemListElement\":[{\"@type\":\"ListItem\",\"position\":1,\"name\":\"In\u00edcio\",\"item\":\"https:\/\/www.oarcanjo.net\/site\/\"},{\"@type\":\"ListItem\",\"position\":2,\"name\":\"S\u00e3o Barnab\u00e9\"}]},{\"@type\":\"WebSite\",\"@id\":\"https:\/\/www.oarcanjo.net\/site\/#website\",\"url\":\"https:\/\/www.oarcanjo.net\/site\/\",\"name\":\"O Arcanjo no ar\",\"description\":\"Site da Par\u00f3quia S\u00e3o Miguel Arcanjo (Arquidiocese de SP)\",\"publisher\":{\"@id\":\"https:\/\/www.oarcanjo.net\/site\/#organization\"},\"potentialAction\":[{\"@type\":\"SearchAction\",\"target\":{\"@type\":\"EntryPoint\",\"urlTemplate\":\"https:\/\/www.oarcanjo.net\/site\/?s={search_term_string}\"},\"query-input\":{\"@type\":\"PropertyValueSpecification\",\"valueRequired\":true,\"valueName\":\"search_term_string\"}}],\"inLanguage\":\"pt-BR\"},{\"@type\":\"Organization\",\"@id\":\"https:\/\/www.oarcanjo.net\/site\/#organization\",\"name\":\"Par\u00f3quia S\u00e3o Miguel Arcanjo\",\"url\":\"https:\/\/www.oarcanjo.net\/site\/\",\"logo\":{\"@type\":\"ImageObject\",\"inLanguage\":\"pt-BR\",\"@id\":\"https:\/\/www.oarcanjo.net\/site\/#\/schema\/logo\/image\/\",\"url\":\"https:\/\/www.oarcanjo.net\/site\/wp-content\/uploads\/LogoOArcanjo.png\",\"contentUrl\":\"https:\/\/www.oarcanjo.net\/site\/wp-content\/uploads\/LogoOArcanjo.png\",\"width\":319,\"height\":99,\"caption\":\"Par\u00f3quia S\u00e3o Miguel Arcanjo\"},\"image\":{\"@id\":\"https:\/\/www.oarcanjo.net\/site\/#\/schema\/logo\/image\/\"},\"sameAs\":[\"https:\/\/www.facebook.com\/OArcanjoNoAr\/\"]},{\"@type\":\"Person\",\"@id\":\"https:\/\/www.oarcanjo.net\/site\/#\/schema\/person\/5eb9480bedd2f3c97e430ce128c29c6c\",\"name\":\"danilo\"}]}<\/script>\n<!-- \/ Yoast SEO plugin. -->","yoast_head_json":{"title":"S\u00e3o Barnab\u00e9 - O Arcanjo no ar","robots":{"index":"index","follow":"follow","max-snippet":"max-snippet:-1","max-image-preview":"max-image-preview:large","max-video-preview":"max-video-preview:-1"},"canonical":"https:\/\/www.oarcanjo.net\/site\/sao-barnabe\/","og_locale":"pt_BR","og_type":"article","og_title":"S\u00e3o Barnab\u00e9 - O Arcanjo no ar","og_description":"11 de Junho Barnab\u00e9 n\u00e3o fez parte dos primeiros doze ap\u00f3stolos escolhidos por Jesus. Mas acompanhou o Senhor e os ap\u00f3stolos naqueles primeiros dias. Quando assistiu a um milagre realizado por Jesus Cristo, que diante de seus olhos curou um paral\u00edtico, aquele bondoso judeu resolveu pedir admiss\u00e3o entre seus disc\u00edpulos. Aceito, vendeu um campo de [&hellip;]","og_url":"https:\/\/www.oarcanjo.net\/site\/sao-barnabe\/","og_site_name":"O Arcanjo no ar","article_publisher":"https:\/\/www.facebook.com\/OArcanjoNoAr\/","article_published_time":"2016-06-11T03:37:39+00:00","article_modified_time":"2016-06-10T21:36:53+00:00","og_image":[{"url":"http:\/\/www.cleofas.com.br\/virtual\/santodia\/scd0162_barnabe.jpg"}],"author":"danilo","twitter_card":"summary_large_image","twitter_misc":{"Escrito por":"danilo","Est. tempo de leitura":"2 minutos"},"schema":{"@context":"https:\/\/schema.org","@graph":[{"@type":"Article","@id":"https:\/\/www.oarcanjo.net\/site\/sao-barnabe\/#article","isPartOf":{"@id":"https:\/\/www.oarcanjo.net\/site\/sao-barnabe\/"},"author":{"name":"danilo","@id":"https:\/\/www.oarcanjo.net\/site\/#\/schema\/person\/5eb9480bedd2f3c97e430ce128c29c6c"},"headline":"S\u00e3o Barnab\u00e9","datePublished":"2016-06-11T03:37:39+00:00","dateModified":"2016-06-10T21:36:53+00:00","mainEntityOfPage":{"@id":"https:\/\/www.oarcanjo.net\/site\/sao-barnabe\/"},"wordCount":434,"commentCount":0,"publisher":{"@id":"https:\/\/www.oarcanjo.net\/site\/#organization"},"image":{"@id":"https:\/\/www.oarcanjo.net\/site\/sao-barnabe\/#primaryimage"},"thumbnailUrl":"http:\/\/www.cleofas.com.br\/virtual\/santodia\/scd0162_barnabe.jpg","articleSection":["Testemunhos"],"inLanguage":"pt-BR","potentialAction":[{"@type":"CommentAction","name":"Comment","target":["https:\/\/www.oarcanjo.net\/site\/sao-barnabe\/#respond"]}]},{"@type":"WebPage","@id":"https:\/\/www.oarcanjo.net\/site\/sao-barnabe\/","url":"https:\/\/www.oarcanjo.net\/site\/sao-barnabe\/","name":"S\u00e3o Barnab\u00e9 - O Arcanjo no ar","isPartOf":{"@id":"https:\/\/www.oarcanjo.net\/site\/#website"},"primaryImageOfPage":{"@id":"https:\/\/www.oarcanjo.net\/site\/sao-barnabe\/#primaryimage"},"image":{"@id":"https:\/\/www.oarcanjo.net\/site\/sao-barnabe\/#primaryimage"},"thumbnailUrl":"http:\/\/www.cleofas.com.br\/virtual\/santodia\/scd0162_barnabe.jpg","datePublished":"2016-06-11T03:37:39+00:00","dateModified":"2016-06-10T21:36:53+00:00","breadcrumb":{"@id":"https:\/\/www.oarcanjo.net\/site\/sao-barnabe\/#breadcrumb"},"inLanguage":"pt-BR","potentialAction":[{"@type":"ReadAction","target":["https:\/\/www.oarcanjo.net\/site\/sao-barnabe\/"]}]},{"@type":"ImageObject","inLanguage":"pt-BR","@id":"https:\/\/www.oarcanjo.net\/site\/sao-barnabe\/#primaryimage","url":"http:\/\/www.cleofas.com.br\/virtual\/santodia\/scd0162_barnabe.jpg","contentUrl":"http:\/\/www.cleofas.com.br\/virtual\/santodia\/scd0162_barnabe.jpg"},{"@type":"BreadcrumbList","@id":"https:\/\/www.oarcanjo.net\/site\/sao-barnabe\/#breadcrumb","itemListElement":[{"@type":"ListItem","position":1,"name":"In\u00edcio","item":"https:\/\/www.oarcanjo.net\/site\/"},{"@type":"ListItem","position":2,"name":"S\u00e3o Barnab\u00e9"}]},{"@type":"WebSite","@id":"https:\/\/www.oarcanjo.net\/site\/#website","url":"https:\/\/www.oarcanjo.net\/site\/","name":"O Arcanjo no ar","description":"Site da Par\u00f3quia S\u00e3o Miguel Arcanjo (Arquidiocese de SP)","publisher":{"@id":"https:\/\/www.oarcanjo.net\/site\/#organization"},"potentialAction":[{"@type":"SearchAction","target":{"@type":"EntryPoint","urlTemplate":"https:\/\/www.oarcanjo.net\/site\/?s={search_term_string}"},"query-input":{"@type":"PropertyValueSpecification","valueRequired":true,"valueName":"search_term_string"}}],"inLanguage":"pt-BR"},{"@type":"Organization","@id":"https:\/\/www.oarcanjo.net\/site\/#organization","name":"Par\u00f3quia S\u00e3o Miguel Arcanjo","url":"https:\/\/www.oarcanjo.net\/site\/","logo":{"@type":"ImageObject","inLanguage":"pt-BR","@id":"https:\/\/www.oarcanjo.net\/site\/#\/schema\/logo\/image\/","url":"https:\/\/www.oarcanjo.net\/site\/wp-content\/uploads\/LogoOArcanjo.png","contentUrl":"https:\/\/www.oarcanjo.net\/site\/wp-content\/uploads\/LogoOArcanjo.png","width":319,"height":99,"caption":"Par\u00f3quia S\u00e3o Miguel Arcanjo"},"image":{"@id":"https:\/\/www.oarcanjo.net\/site\/#\/schema\/logo\/image\/"},"sameAs":["https:\/\/www.facebook.com\/OArcanjoNoAr\/"]},{"@type":"Person","@id":"https:\/\/www.oarcanjo.net\/site\/#\/schema\/person\/5eb9480bedd2f3c97e430ce128c29c6c","name":"danilo"}]}},"publishpress_future_action":{"enabled":false,"date":"2026-05-09 03:59:22","action":"category","newStatus":"draft","terms":[],"taxonomy":"category"},"publishpress_future_workflow_manual_trigger":{"enabledWorkflows":[]},"_links":{"self":[{"href":"https:\/\/www.oarcanjo.net\/site\/wp-json\/wp\/v2\/posts\/9789"}],"collection":[{"href":"https:\/\/www.oarcanjo.net\/site\/wp-json\/wp\/v2\/posts"}],"about":[{"href":"https:\/\/www.oarcanjo.net\/site\/wp-json\/wp\/v2\/types\/post"}],"author":[{"embeddable":true,"href":"https:\/\/www.oarcanjo.net\/site\/wp-json\/wp\/v2\/users\/14"}],"replies":[{"embeddable":true,"href":"https:\/\/www.oarcanjo.net\/site\/wp-json\/wp\/v2\/comments?post=9789"}],"version-history":[{"count":0,"href":"https:\/\/www.oarcanjo.net\/site\/wp-json\/wp\/v2\/posts\/9789\/revisions"}],"wp:attachment":[{"href":"https:\/\/www.oarcanjo.net\/site\/wp-json\/wp\/v2\/media?parent=9789"}],"wp:term":[{"taxonomy":"category","embeddable":true,"href":"https:\/\/www.oarcanjo.net\/site\/wp-json\/wp\/v2\/categories?post=9789"},{"taxonomy":"post_tag","embeddable":true,"href":"https:\/\/www.oarcanjo.net\/site\/wp-json\/wp\/v2\/tags?post=9789"}],"curies":[{"name":"wp","href":"https:\/\/api.w.org\/{rel}","templated":true}]}}