
{"id":9793,"date":"2016-06-11T00:04:38","date_gmt":"2016-06-11T03:04:38","guid":{"rendered":"http:\/\/www.oarcanjo.net\/site\/?p=9793"},"modified":"2016-06-10T18:37:00","modified_gmt":"2016-06-10T21:37:00","slug":"santa-paula-frassinetti","status":"publish","type":"post","link":"https:\/\/www.oarcanjo.net\/site\/santa-paula-frassinetti\/","title":{"rendered":"Santa Paula Frassinetti"},"content":{"rendered":"<p><img decoding=\"async\" src=\"http:\/\/www.csanto.com.br\/santapaula002.jpg\" alt=\"\" \/><\/p>\n<p>11 de Junho<\/p>\n<p>Fundou a Congrega\u00e7\u00e3o das Irm\u00e3s de Santa Dorot\u00e9ia<\/p>\n<p>Paula \u00c2ngela Maria Frassinetti nasceu em 3 de mar\u00e7o de 1809, na cidade de G\u00eanova, It\u00e1lia. Com a morte da sua m\u00e3e, seu pai e seus quatro irm\u00e3os assumem sua educa\u00e7\u00e3o. Seu pai incutiu nos filhos um forte sentido crist\u00e3o e todos seguiram a vida sacerdotal. O mais velho foi o fundador da Congrega\u00e7\u00e3o dos Filhos de Maria Imaculada.<\/p>\n<p>Paula tinha uma intelig\u00eancia agu\u00e7ada e uma prefer\u00eancia para o estudo da filosofia e da teologia. Em 1827, ela foi residir com seu irm\u00e3o Jos\u00e9, que era o p\u00e1roco da aldeia de Quinto, perto de G\u00eanova. Junto com ele, Paula apressou-se em fundar uma escola paroquial, iniciando uma a\u00e7\u00e3o fecunda de apostolado com um pequeno grupo de fi\u00e9is seguidoras. Depois, em 1834, com elas Paula fundou uma congrega\u00e7\u00e3o religiosa, com o nome de Filhas da Santa F\u00e9, com o prop\u00f3sito de &#8220;estar plenamente dispon\u00edveis nas m\u00e3os de Deus para evangelizar por meio da educa\u00e7\u00e3o, com prefer\u00eancia pelos jovens e pelos mais pobres&#8221;.<\/p>\n<p>Em visita a G\u00eanova, o sacerdote Luca de Passi, que criava na It\u00e1lia comunidades apost\u00f3licas de Santa Dorot\u00e9ia, convidou a congrega\u00e7\u00e3o rec\u00e9m-fundada para executar os trabalhos de sua institui\u00e7\u00e3o. Paula aceitou e o antigo Instituto das Filhas da Santa F\u00e9 passou a ser chamado de Irm\u00e3s de Santa Dorot\u00e9ia. Sucessivamente, foram abertos novos col\u00e9gios pelas religiosas. Primeiro em G\u00eanova, depois em Roma, sendo que o de Santo Onofre, institu\u00eddo em 1844, em Roma, foi mais tarde escolhido para ser a Casa-m\u00e3e da institui\u00e7\u00e3o.<\/p>\n<p>Inspirada nas regras de santo In\u00e1cio, fundador da Companhia de Jesus, dos c\u00e9lebres padres jesu\u00edtas, Paula elaborou os estatutos das Irm\u00e3s de Santa Dorot\u00e9ia \u00e0 semelhan\u00e7a das religiosas francesas do Sagrado Cora\u00e7\u00e3o. Estabelecida em Roma com seu instituto, madre Paula foi recebida pela primeira vez pelo papa Greg\u00f3rio XVI, por quem foi aben\u00e7oada, recebendo novo est\u00edmulo para sua obra.<\/p>\n<p>Muito cedo a for\u00e7a de sua a\u00e7\u00e3o evangelizadora foi reconhecida e difundiu-se com a cria\u00e7\u00e3o de novas casas por toda a It\u00e1lia. Em 1866, chegou ao Brasil e logo depois a Portugal. Da\u00ed por diante se propagou por todos os continentes, com suas mission\u00e1rias animadas por suas palavras, que ainda ecoam entre elas: &#8220;O Senhor as encha do seu Esp\u00edrito e as converta em outras tantas chamas ardentes que, onde tocarem, acendam o fogo do amor de Deus&#8221;.<\/p>\n<p>No dia 11 de junho de 1882, aos setenta e tr\u00eas anos de idade, madre Paula morreu em Roma, sendo enterrada no cemit\u00e9rio de S\u00e3o Louren\u00e7o. Em 1903, quando da exuma\u00e7\u00e3o do seu corpo, este foi encontrado intacto. Tr\u00eas anos depois, foi transferido para a capela da Casa-m\u00e3e do Instituto de Santo Onofre, em Roma.<\/p>\n<p>Muitas foram as gra\u00e7as e milagres atribu\u00eddos \u00e0 intercess\u00e3o de madre Paula, e sua venera\u00e7\u00e3o tornou-se vigorosa entre os fi\u00e9is. Em 1930, foi beatificada pelo papa Pio XI. Depois, em 1984, Paula Frassinetti foi declarada santa pelo papa Jo\u00e3o Paulo II, durante uma comovente cerim\u00f4nia solene em Roma.<\/p>\n<p><img decoding=\"async\" src=\"http:\/\/lh6.ggpht.com\/_mFqYLz8IMgA\/Sa2q_lKe1xI\/AAAAAAAAcpk\/Bw_wwu8g86Y\/s720\/StaPaulaFrassinetti3.JPG\" alt=\"\" \/><\/p>\n<div id=\"themify_builder_content-9793\" data-postid=\"9793\" class=\"themify_builder_content themify_builder_content-9793 themify_builder themify_builder_front\">\n\t<\/div>\n<!-- \/themify_builder_content -->","protected":false},"excerpt":{"rendered":"<p>11 de Junho Fundou a Congrega\u00e7\u00e3o das Irm\u00e3s de Santa Dorot\u00e9ia Paula \u00c2ngela Maria Frassinetti nasceu em 3 de mar\u00e7o de 1809, na cidade de G\u00eanova, It\u00e1lia. Com a morte da sua m\u00e3e, seu pai e seus quatro irm\u00e3os assumem sua educa\u00e7\u00e3o. Seu pai incutiu nos filhos um forte sentido crist\u00e3o e todos seguiram a [&hellip;]<\/p>\n","protected":false},"author":14,"featured_media":0,"comment_status":"open","ping_status":"open","sticky":false,"template":"","format":"standard","meta":{"ngg_post_thumbnail":0,"footnotes":""},"categories":[186],"tags":[],"yoast_head":"<!-- This site is optimized with the Yoast SEO plugin v23.5 - https:\/\/yoast.com\/wordpress\/plugins\/seo\/ -->\n<title>Santa Paula Frassinetti - O Arcanjo no ar<\/title>\n<meta name=\"robots\" content=\"index, follow, max-snippet:-1, max-image-preview:large, max-video-preview:-1\" \/>\n<link rel=\"canonical\" href=\"https:\/\/www.oarcanjo.net\/site\/santa-paula-frassinetti\/\" \/>\n<meta property=\"og:locale\" content=\"pt_BR\" \/>\n<meta property=\"og:type\" content=\"article\" \/>\n<meta property=\"og:title\" content=\"Santa Paula Frassinetti - O Arcanjo no ar\" \/>\n<meta property=\"og:description\" content=\"11 de Junho Fundou a Congrega\u00e7\u00e3o das Irm\u00e3s de Santa Dorot\u00e9ia Paula \u00c2ngela Maria Frassinetti nasceu em 3 de mar\u00e7o de 1809, na cidade de G\u00eanova, It\u00e1lia. Com a morte da sua m\u00e3e, seu pai e seus quatro irm\u00e3os assumem sua educa\u00e7\u00e3o. Seu pai incutiu nos filhos um forte sentido crist\u00e3o e todos seguiram a [&hellip;]\" \/>\n<meta property=\"og:url\" content=\"https:\/\/www.oarcanjo.net\/site\/santa-paula-frassinetti\/\" \/>\n<meta property=\"og:site_name\" content=\"O Arcanjo no ar\" \/>\n<meta property=\"article:publisher\" content=\"https:\/\/www.facebook.com\/OArcanjoNoAr\/\" \/>\n<meta property=\"article:published_time\" content=\"2016-06-11T03:04:38+00:00\" \/>\n<meta property=\"article:modified_time\" content=\"2016-06-10T21:37:00+00:00\" \/>\n<meta property=\"og:image\" content=\"http:\/\/www.csanto.com.br\/santapaula002.jpg\" \/>\n<meta name=\"author\" content=\"danilo\" \/>\n<meta name=\"twitter:card\" content=\"summary_large_image\" \/>\n<meta name=\"twitter:label1\" content=\"Escrito por\" \/>\n\t<meta name=\"twitter:data1\" content=\"danilo\" \/>\n\t<meta name=\"twitter:label2\" content=\"Est. tempo de leitura\" \/>\n\t<meta name=\"twitter:data2\" content=\"3 minutos\" \/>\n<script type=\"application\/ld+json\" class=\"yoast-schema-graph\">{\"@context\":\"https:\/\/schema.org\",\"@graph\":[{\"@type\":\"Article\",\"@id\":\"https:\/\/www.oarcanjo.net\/site\/santa-paula-frassinetti\/#article\",\"isPartOf\":{\"@id\":\"https:\/\/www.oarcanjo.net\/site\/santa-paula-frassinetti\/\"},\"author\":{\"name\":\"danilo\",\"@id\":\"https:\/\/www.oarcanjo.net\/site\/#\/schema\/person\/5eb9480bedd2f3c97e430ce128c29c6c\"},\"headline\":\"Santa Paula Frassinetti\",\"datePublished\":\"2016-06-11T03:04:38+00:00\",\"dateModified\":\"2016-06-10T21:37:00+00:00\",\"mainEntityOfPage\":{\"@id\":\"https:\/\/www.oarcanjo.net\/site\/santa-paula-frassinetti\/\"},\"wordCount\":553,\"commentCount\":3,\"publisher\":{\"@id\":\"https:\/\/www.oarcanjo.net\/site\/#organization\"},\"image\":{\"@id\":\"https:\/\/www.oarcanjo.net\/site\/santa-paula-frassinetti\/#primaryimage\"},\"thumbnailUrl\":\"http:\/\/www.csanto.com.br\/santapaula002.jpg\",\"articleSection\":[\"Testemunhos\"],\"inLanguage\":\"pt-BR\",\"potentialAction\":[{\"@type\":\"CommentAction\",\"name\":\"Comment\",\"target\":[\"https:\/\/www.oarcanjo.net\/site\/santa-paula-frassinetti\/#respond\"]}]},{\"@type\":\"WebPage\",\"@id\":\"https:\/\/www.oarcanjo.net\/site\/santa-paula-frassinetti\/\",\"url\":\"https:\/\/www.oarcanjo.net\/site\/santa-paula-frassinetti\/\",\"name\":\"Santa Paula Frassinetti - O Arcanjo no ar\",\"isPartOf\":{\"@id\":\"https:\/\/www.oarcanjo.net\/site\/#website\"},\"primaryImageOfPage\":{\"@id\":\"https:\/\/www.oarcanjo.net\/site\/santa-paula-frassinetti\/#primaryimage\"},\"image\":{\"@id\":\"https:\/\/www.oarcanjo.net\/site\/santa-paula-frassinetti\/#primaryimage\"},\"thumbnailUrl\":\"http:\/\/www.csanto.com.br\/santapaula002.jpg\",\"datePublished\":\"2016-06-11T03:04:38+00:00\",\"dateModified\":\"2016-06-10T21:37:00+00:00\",\"breadcrumb\":{\"@id\":\"https:\/\/www.oarcanjo.net\/site\/santa-paula-frassinetti\/#breadcrumb\"},\"inLanguage\":\"pt-BR\",\"potentialAction\":[{\"@type\":\"ReadAction\",\"target\":[\"https:\/\/www.oarcanjo.net\/site\/santa-paula-frassinetti\/\"]}]},{\"@type\":\"ImageObject\",\"inLanguage\":\"pt-BR\",\"@id\":\"https:\/\/www.oarcanjo.net\/site\/santa-paula-frassinetti\/#primaryimage\",\"url\":\"http:\/\/www.csanto.com.br\/santapaula002.jpg\",\"contentUrl\":\"http:\/\/www.csanto.com.br\/santapaula002.jpg\"},{\"@type\":\"BreadcrumbList\",\"@id\":\"https:\/\/www.oarcanjo.net\/site\/santa-paula-frassinetti\/#breadcrumb\",\"itemListElement\":[{\"@type\":\"ListItem\",\"position\":1,\"name\":\"In\u00edcio\",\"item\":\"https:\/\/www.oarcanjo.net\/site\/\"},{\"@type\":\"ListItem\",\"position\":2,\"name\":\"Santa Paula Frassinetti\"}]},{\"@type\":\"WebSite\",\"@id\":\"https:\/\/www.oarcanjo.net\/site\/#website\",\"url\":\"https:\/\/www.oarcanjo.net\/site\/\",\"name\":\"O Arcanjo no ar\",\"description\":\"Site da Par\u00f3quia S\u00e3o Miguel Arcanjo (Arquidiocese de SP)\",\"publisher\":{\"@id\":\"https:\/\/www.oarcanjo.net\/site\/#organization\"},\"potentialAction\":[{\"@type\":\"SearchAction\",\"target\":{\"@type\":\"EntryPoint\",\"urlTemplate\":\"https:\/\/www.oarcanjo.net\/site\/?s={search_term_string}\"},\"query-input\":{\"@type\":\"PropertyValueSpecification\",\"valueRequired\":true,\"valueName\":\"search_term_string\"}}],\"inLanguage\":\"pt-BR\"},{\"@type\":\"Organization\",\"@id\":\"https:\/\/www.oarcanjo.net\/site\/#organization\",\"name\":\"Par\u00f3quia S\u00e3o Miguel Arcanjo\",\"url\":\"https:\/\/www.oarcanjo.net\/site\/\",\"logo\":{\"@type\":\"ImageObject\",\"inLanguage\":\"pt-BR\",\"@id\":\"https:\/\/www.oarcanjo.net\/site\/#\/schema\/logo\/image\/\",\"url\":\"https:\/\/www.oarcanjo.net\/site\/wp-content\/uploads\/LogoOArcanjo.png\",\"contentUrl\":\"https:\/\/www.oarcanjo.net\/site\/wp-content\/uploads\/LogoOArcanjo.png\",\"width\":319,\"height\":99,\"caption\":\"Par\u00f3quia S\u00e3o Miguel Arcanjo\"},\"image\":{\"@id\":\"https:\/\/www.oarcanjo.net\/site\/#\/schema\/logo\/image\/\"},\"sameAs\":[\"https:\/\/www.facebook.com\/OArcanjoNoAr\/\"]},{\"@type\":\"Person\",\"@id\":\"https:\/\/www.oarcanjo.net\/site\/#\/schema\/person\/5eb9480bedd2f3c97e430ce128c29c6c\",\"name\":\"danilo\"}]}<\/script>\n<!-- \/ Yoast SEO plugin. -->","yoast_head_json":{"title":"Santa Paula Frassinetti - O Arcanjo no ar","robots":{"index":"index","follow":"follow","max-snippet":"max-snippet:-1","max-image-preview":"max-image-preview:large","max-video-preview":"max-video-preview:-1"},"canonical":"https:\/\/www.oarcanjo.net\/site\/santa-paula-frassinetti\/","og_locale":"pt_BR","og_type":"article","og_title":"Santa Paula Frassinetti - O Arcanjo no ar","og_description":"11 de Junho Fundou a Congrega\u00e7\u00e3o das Irm\u00e3s de Santa Dorot\u00e9ia Paula \u00c2ngela Maria Frassinetti nasceu em 3 de mar\u00e7o de 1809, na cidade de G\u00eanova, It\u00e1lia. Com a morte da sua m\u00e3e, seu pai e seus quatro irm\u00e3os assumem sua educa\u00e7\u00e3o. Seu pai incutiu nos filhos um forte sentido crist\u00e3o e todos seguiram a [&hellip;]","og_url":"https:\/\/www.oarcanjo.net\/site\/santa-paula-frassinetti\/","og_site_name":"O Arcanjo no ar","article_publisher":"https:\/\/www.facebook.com\/OArcanjoNoAr\/","article_published_time":"2016-06-11T03:04:38+00:00","article_modified_time":"2016-06-10T21:37:00+00:00","og_image":[{"url":"http:\/\/www.csanto.com.br\/santapaula002.jpg"}],"author":"danilo","twitter_card":"summary_large_image","twitter_misc":{"Escrito por":"danilo","Est. tempo de leitura":"3 minutos"},"schema":{"@context":"https:\/\/schema.org","@graph":[{"@type":"Article","@id":"https:\/\/www.oarcanjo.net\/site\/santa-paula-frassinetti\/#article","isPartOf":{"@id":"https:\/\/www.oarcanjo.net\/site\/santa-paula-frassinetti\/"},"author":{"name":"danilo","@id":"https:\/\/www.oarcanjo.net\/site\/#\/schema\/person\/5eb9480bedd2f3c97e430ce128c29c6c"},"headline":"Santa Paula Frassinetti","datePublished":"2016-06-11T03:04:38+00:00","dateModified":"2016-06-10T21:37:00+00:00","mainEntityOfPage":{"@id":"https:\/\/www.oarcanjo.net\/site\/santa-paula-frassinetti\/"},"wordCount":553,"commentCount":3,"publisher":{"@id":"https:\/\/www.oarcanjo.net\/site\/#organization"},"image":{"@id":"https:\/\/www.oarcanjo.net\/site\/santa-paula-frassinetti\/#primaryimage"},"thumbnailUrl":"http:\/\/www.csanto.com.br\/santapaula002.jpg","articleSection":["Testemunhos"],"inLanguage":"pt-BR","potentialAction":[{"@type":"CommentAction","name":"Comment","target":["https:\/\/www.oarcanjo.net\/site\/santa-paula-frassinetti\/#respond"]}]},{"@type":"WebPage","@id":"https:\/\/www.oarcanjo.net\/site\/santa-paula-frassinetti\/","url":"https:\/\/www.oarcanjo.net\/site\/santa-paula-frassinetti\/","name":"Santa Paula Frassinetti - O Arcanjo no ar","isPartOf":{"@id":"https:\/\/www.oarcanjo.net\/site\/#website"},"primaryImageOfPage":{"@id":"https:\/\/www.oarcanjo.net\/site\/santa-paula-frassinetti\/#primaryimage"},"image":{"@id":"https:\/\/www.oarcanjo.net\/site\/santa-paula-frassinetti\/#primaryimage"},"thumbnailUrl":"http:\/\/www.csanto.com.br\/santapaula002.jpg","datePublished":"2016-06-11T03:04:38+00:00","dateModified":"2016-06-10T21:37:00+00:00","breadcrumb":{"@id":"https:\/\/www.oarcanjo.net\/site\/santa-paula-frassinetti\/#breadcrumb"},"inLanguage":"pt-BR","potentialAction":[{"@type":"ReadAction","target":["https:\/\/www.oarcanjo.net\/site\/santa-paula-frassinetti\/"]}]},{"@type":"ImageObject","inLanguage":"pt-BR","@id":"https:\/\/www.oarcanjo.net\/site\/santa-paula-frassinetti\/#primaryimage","url":"http:\/\/www.csanto.com.br\/santapaula002.jpg","contentUrl":"http:\/\/www.csanto.com.br\/santapaula002.jpg"},{"@type":"BreadcrumbList","@id":"https:\/\/www.oarcanjo.net\/site\/santa-paula-frassinetti\/#breadcrumb","itemListElement":[{"@type":"ListItem","position":1,"name":"In\u00edcio","item":"https:\/\/www.oarcanjo.net\/site\/"},{"@type":"ListItem","position":2,"name":"Santa Paula Frassinetti"}]},{"@type":"WebSite","@id":"https:\/\/www.oarcanjo.net\/site\/#website","url":"https:\/\/www.oarcanjo.net\/site\/","name":"O Arcanjo no ar","description":"Site da Par\u00f3quia S\u00e3o Miguel Arcanjo (Arquidiocese de SP)","publisher":{"@id":"https:\/\/www.oarcanjo.net\/site\/#organization"},"potentialAction":[{"@type":"SearchAction","target":{"@type":"EntryPoint","urlTemplate":"https:\/\/www.oarcanjo.net\/site\/?s={search_term_string}"},"query-input":{"@type":"PropertyValueSpecification","valueRequired":true,"valueName":"search_term_string"}}],"inLanguage":"pt-BR"},{"@type":"Organization","@id":"https:\/\/www.oarcanjo.net\/site\/#organization","name":"Par\u00f3quia S\u00e3o Miguel Arcanjo","url":"https:\/\/www.oarcanjo.net\/site\/","logo":{"@type":"ImageObject","inLanguage":"pt-BR","@id":"https:\/\/www.oarcanjo.net\/site\/#\/schema\/logo\/image\/","url":"https:\/\/www.oarcanjo.net\/site\/wp-content\/uploads\/LogoOArcanjo.png","contentUrl":"https:\/\/www.oarcanjo.net\/site\/wp-content\/uploads\/LogoOArcanjo.png","width":319,"height":99,"caption":"Par\u00f3quia S\u00e3o Miguel Arcanjo"},"image":{"@id":"https:\/\/www.oarcanjo.net\/site\/#\/schema\/logo\/image\/"},"sameAs":["https:\/\/www.facebook.com\/OArcanjoNoAr\/"]},{"@type":"Person","@id":"https:\/\/www.oarcanjo.net\/site\/#\/schema\/person\/5eb9480bedd2f3c97e430ce128c29c6c","name":"danilo"}]}},"publishpress_future_action":{"enabled":false,"date":"2026-05-09 05:19:23","action":"category","newStatus":"draft","terms":[],"taxonomy":"category"},"publishpress_future_workflow_manual_trigger":{"enabledWorkflows":[]},"_links":{"self":[{"href":"https:\/\/www.oarcanjo.net\/site\/wp-json\/wp\/v2\/posts\/9793"}],"collection":[{"href":"https:\/\/www.oarcanjo.net\/site\/wp-json\/wp\/v2\/posts"}],"about":[{"href":"https:\/\/www.oarcanjo.net\/site\/wp-json\/wp\/v2\/types\/post"}],"author":[{"embeddable":true,"href":"https:\/\/www.oarcanjo.net\/site\/wp-json\/wp\/v2\/users\/14"}],"replies":[{"embeddable":true,"href":"https:\/\/www.oarcanjo.net\/site\/wp-json\/wp\/v2\/comments?post=9793"}],"version-history":[{"count":0,"href":"https:\/\/www.oarcanjo.net\/site\/wp-json\/wp\/v2\/posts\/9793\/revisions"}],"wp:attachment":[{"href":"https:\/\/www.oarcanjo.net\/site\/wp-json\/wp\/v2\/media?parent=9793"}],"wp:term":[{"taxonomy":"category","embeddable":true,"href":"https:\/\/www.oarcanjo.net\/site\/wp-json\/wp\/v2\/categories?post=9793"},{"taxonomy":"post_tag","embeddable":true,"href":"https:\/\/www.oarcanjo.net\/site\/wp-json\/wp\/v2\/tags?post=9793"}],"curies":[{"name":"wp","href":"https:\/\/api.w.org\/{rel}","templated":true}]}}