
{"id":9801,"date":"2016-06-12T07:46:44","date_gmt":"2016-06-12T10:46:44","guid":{"rendered":"http:\/\/www.oarcanjo.net\/site\/?p=9801"},"modified":"2016-06-10T18:35:53","modified_gmt":"2016-06-10T21:35:53","slug":"santo-onofre","status":"publish","type":"post","link":"https:\/\/www.oarcanjo.net\/site\/santo-onofre\/","title":{"rendered":"Santo Onofre"},"content":{"rendered":"<p><img decoding=\"async\" src=\"http:\/\/educar.files.wordpress.com\/2009\/07\/sonofre21.jpg\" alt=\"\" \/><\/p>\n<p>12 de Junho<\/p>\n<p>Onofre foi um eremita que viveu no Egito no final do s\u00e9culo IV e in\u00edcio do s\u00e9culo V. Ele foi encontrado por um abade chamado Paf\u00fancio. Acostumado a fazer visitas a alguns eremitas na regi\u00e3o de Tebaida, esse abade empreendeu sua peregrina\u00e7\u00e3o a fim de descobrir se tamb\u00e9m seria chamado a viv\u00ea-la.<\/p>\n<p>Paf\u00fancio perambulou no deserto durante vinte e um dias, quando, totalmente exausto e sem for\u00e7as, caiu ao ch\u00e3o. Nesse instante, viu aparecer uma figura que o fez estremecer: era um homem idoso, de cabelos e barbas que desciam at\u00e9 o ch\u00e3o, recoberto de p\u00ealos tal qual um animal, usando uma tanga de folhas.<\/p>\n<p>Era comum os eremitas serem encontrados com tal aspecto, pois viviam sozinhos no isolamento do deserto e eram vistos apenas pelos anjos. No final, ficavam despidos porque qualquer vestimenta era dif\u00edcil de ser encontrada e reposta.<\/p>\n<p>No primeiro instante, Paf\u00fancio p\u00f4s-se a correr, assustado, com aquela figura. Por\u00e9m, minutos depois, essa figura o chamou dizendo que nada temesse, pois tamb\u00e9m era um ser humano e servo de Deus.<\/p>\n<p>O abade retornou ao local e os dois passaram a conversar. Onofre disse a Paf\u00fancio o seu nome e explicou-lhe a sua verdadeira hist\u00f3ria. Era monge em um mosteiro, mas sentira-se chamado \u00e0 vida solit\u00e1ria. Resolveu seguir para o deserto e levar a vida de eremita, a exemplo de s\u00e3o Jo\u00e3o Batista e do profeta Elias, vivendo apenas de ervas e do pouco alimento que encontrasse.<\/p>\n<p>Onofre falou sobre a fome e a sede que sentira e tamb\u00e9m sobre o conforto que Deus lhe dera alimentando-o com os frutos de uma tamareira que ficava pr\u00f3xima da gruta que era sua moradia. Em seguida, conduziu Paf\u00fancio \u00e0 tal gruta, onde conversaram sobre as coisas celestes at\u00e9 o p\u00f4r-do-sol, quando apareceu, repentinamente, diante dos dois, um pouco de p\u00e3o e \u00e1gua que os revigorou.<\/p>\n<p>Paf\u00fancio falou a ele sobre seu desejo de tornar-se um eremita. Mas Onofre disse que n\u00e3o era essa a vontade de Deus, que o tinha enviado para assistir-lhe a morte. Depois, deveria retornar e contar a todos sua vida e o que presenciara. Paf\u00fancio ficou, e assistiu quando um anjo deu a eucaristia a Onofre antes da morte, no dia 12 de junho.<\/p>\n<p>Retornando \u00e0 cidade, escreveu a hist\u00f3ria de santo Onofre e a divulgou por toda a \u00c1sia. A devo\u00e7\u00e3o a este santo era muito grande no Oriente e passou para o Ocidente no tempo das cruzadas. O dia 12 de junho foi mantido pela Igreja, tendo em vista a \u00e9poca em que Paf\u00fancio viveu e escreveu o livro da vida de santo Onofre, que buscou de todas as maneiras os ensinamentos de Deus.<\/p>\n<div id=\"themify_builder_content-9801\" data-postid=\"9801\" class=\"themify_builder_content themify_builder_content-9801 themify_builder themify_builder_front\">\n\t<\/div>\n<!-- \/themify_builder_content -->","protected":false},"excerpt":{"rendered":"<p>12 de Junho Onofre foi um eremita que viveu no Egito no final do s\u00e9culo IV e in\u00edcio do s\u00e9culo V. Ele foi encontrado por um abade chamado Paf\u00fancio. Acostumado a fazer visitas a alguns eremitas na regi\u00e3o de Tebaida, esse abade empreendeu sua peregrina\u00e7\u00e3o a fim de descobrir se tamb\u00e9m seria chamado a viv\u00ea-la. [&hellip;]<\/p>\n","protected":false},"author":14,"featured_media":0,"comment_status":"open","ping_status":"open","sticky":false,"template":"","format":"standard","meta":{"ngg_post_thumbnail":0,"footnotes":""},"categories":[186],"tags":[],"yoast_head":"<!-- This site is optimized with the Yoast SEO plugin v23.5 - https:\/\/yoast.com\/wordpress\/plugins\/seo\/ -->\n<title>Santo Onofre - O Arcanjo no ar<\/title>\n<meta name=\"robots\" content=\"index, follow, max-snippet:-1, max-image-preview:large, max-video-preview:-1\" \/>\n<link rel=\"canonical\" href=\"https:\/\/www.oarcanjo.net\/site\/santo-onofre\/\" \/>\n<meta property=\"og:locale\" content=\"pt_BR\" \/>\n<meta property=\"og:type\" content=\"article\" \/>\n<meta property=\"og:title\" content=\"Santo Onofre - O Arcanjo no ar\" \/>\n<meta property=\"og:description\" content=\"12 de Junho Onofre foi um eremita que viveu no Egito no final do s\u00e9culo IV e in\u00edcio do s\u00e9culo V. Ele foi encontrado por um abade chamado Paf\u00fancio. Acostumado a fazer visitas a alguns eremitas na regi\u00e3o de Tebaida, esse abade empreendeu sua peregrina\u00e7\u00e3o a fim de descobrir se tamb\u00e9m seria chamado a viv\u00ea-la. [&hellip;]\" \/>\n<meta property=\"og:url\" content=\"https:\/\/www.oarcanjo.net\/site\/santo-onofre\/\" \/>\n<meta property=\"og:site_name\" content=\"O Arcanjo no ar\" \/>\n<meta property=\"article:publisher\" content=\"https:\/\/www.facebook.com\/OArcanjoNoAr\/\" \/>\n<meta property=\"article:published_time\" content=\"2016-06-12T10:46:44+00:00\" \/>\n<meta property=\"article:modified_time\" content=\"2016-06-10T21:35:53+00:00\" \/>\n<meta property=\"og:image\" content=\"http:\/\/educar.files.wordpress.com\/2009\/07\/sonofre21.jpg\" \/>\n<meta name=\"author\" content=\"danilo\" \/>\n<meta name=\"twitter:card\" content=\"summary_large_image\" \/>\n<meta name=\"twitter:label1\" content=\"Escrito por\" \/>\n\t<meta name=\"twitter:data1\" content=\"danilo\" \/>\n\t<meta name=\"twitter:label2\" content=\"Est. tempo de leitura\" \/>\n\t<meta name=\"twitter:data2\" content=\"2 minutos\" \/>\n<script type=\"application\/ld+json\" class=\"yoast-schema-graph\">{\"@context\":\"https:\/\/schema.org\",\"@graph\":[{\"@type\":\"Article\",\"@id\":\"https:\/\/www.oarcanjo.net\/site\/santo-onofre\/#article\",\"isPartOf\":{\"@id\":\"https:\/\/www.oarcanjo.net\/site\/santo-onofre\/\"},\"author\":{\"name\":\"danilo\",\"@id\":\"https:\/\/www.oarcanjo.net\/site\/#\/schema\/person\/5eb9480bedd2f3c97e430ce128c29c6c\"},\"headline\":\"Santo Onofre\",\"datePublished\":\"2016-06-12T10:46:44+00:00\",\"dateModified\":\"2016-06-10T21:35:53+00:00\",\"mainEntityOfPage\":{\"@id\":\"https:\/\/www.oarcanjo.net\/site\/santo-onofre\/\"},\"wordCount\":473,\"commentCount\":6,\"publisher\":{\"@id\":\"https:\/\/www.oarcanjo.net\/site\/#organization\"},\"image\":{\"@id\":\"https:\/\/www.oarcanjo.net\/site\/santo-onofre\/#primaryimage\"},\"thumbnailUrl\":\"http:\/\/educar.files.wordpress.com\/2009\/07\/sonofre21.jpg\",\"articleSection\":[\"Testemunhos\"],\"inLanguage\":\"pt-BR\",\"potentialAction\":[{\"@type\":\"CommentAction\",\"name\":\"Comment\",\"target\":[\"https:\/\/www.oarcanjo.net\/site\/santo-onofre\/#respond\"]}]},{\"@type\":\"WebPage\",\"@id\":\"https:\/\/www.oarcanjo.net\/site\/santo-onofre\/\",\"url\":\"https:\/\/www.oarcanjo.net\/site\/santo-onofre\/\",\"name\":\"Santo Onofre - O Arcanjo no ar\",\"isPartOf\":{\"@id\":\"https:\/\/www.oarcanjo.net\/site\/#website\"},\"primaryImageOfPage\":{\"@id\":\"https:\/\/www.oarcanjo.net\/site\/santo-onofre\/#primaryimage\"},\"image\":{\"@id\":\"https:\/\/www.oarcanjo.net\/site\/santo-onofre\/#primaryimage\"},\"thumbnailUrl\":\"http:\/\/educar.files.wordpress.com\/2009\/07\/sonofre21.jpg\",\"datePublished\":\"2016-06-12T10:46:44+00:00\",\"dateModified\":\"2016-06-10T21:35:53+00:00\",\"breadcrumb\":{\"@id\":\"https:\/\/www.oarcanjo.net\/site\/santo-onofre\/#breadcrumb\"},\"inLanguage\":\"pt-BR\",\"potentialAction\":[{\"@type\":\"ReadAction\",\"target\":[\"https:\/\/www.oarcanjo.net\/site\/santo-onofre\/\"]}]},{\"@type\":\"ImageObject\",\"inLanguage\":\"pt-BR\",\"@id\":\"https:\/\/www.oarcanjo.net\/site\/santo-onofre\/#primaryimage\",\"url\":\"http:\/\/educar.files.wordpress.com\/2009\/07\/sonofre21.jpg\",\"contentUrl\":\"http:\/\/educar.files.wordpress.com\/2009\/07\/sonofre21.jpg\"},{\"@type\":\"BreadcrumbList\",\"@id\":\"https:\/\/www.oarcanjo.net\/site\/santo-onofre\/#breadcrumb\",\"itemListElement\":[{\"@type\":\"ListItem\",\"position\":1,\"name\":\"In\u00edcio\",\"item\":\"https:\/\/www.oarcanjo.net\/site\/\"},{\"@type\":\"ListItem\",\"position\":2,\"name\":\"Santo Onofre\"}]},{\"@type\":\"WebSite\",\"@id\":\"https:\/\/www.oarcanjo.net\/site\/#website\",\"url\":\"https:\/\/www.oarcanjo.net\/site\/\",\"name\":\"O Arcanjo no ar\",\"description\":\"Site da Par\u00f3quia S\u00e3o Miguel Arcanjo (Arquidiocese de SP)\",\"publisher\":{\"@id\":\"https:\/\/www.oarcanjo.net\/site\/#organization\"},\"potentialAction\":[{\"@type\":\"SearchAction\",\"target\":{\"@type\":\"EntryPoint\",\"urlTemplate\":\"https:\/\/www.oarcanjo.net\/site\/?s={search_term_string}\"},\"query-input\":{\"@type\":\"PropertyValueSpecification\",\"valueRequired\":true,\"valueName\":\"search_term_string\"}}],\"inLanguage\":\"pt-BR\"},{\"@type\":\"Organization\",\"@id\":\"https:\/\/www.oarcanjo.net\/site\/#organization\",\"name\":\"Par\u00f3quia S\u00e3o Miguel Arcanjo\",\"url\":\"https:\/\/www.oarcanjo.net\/site\/\",\"logo\":{\"@type\":\"ImageObject\",\"inLanguage\":\"pt-BR\",\"@id\":\"https:\/\/www.oarcanjo.net\/site\/#\/schema\/logo\/image\/\",\"url\":\"https:\/\/www.oarcanjo.net\/site\/wp-content\/uploads\/LogoOArcanjo.png\",\"contentUrl\":\"https:\/\/www.oarcanjo.net\/site\/wp-content\/uploads\/LogoOArcanjo.png\",\"width\":319,\"height\":99,\"caption\":\"Par\u00f3quia S\u00e3o Miguel Arcanjo\"},\"image\":{\"@id\":\"https:\/\/www.oarcanjo.net\/site\/#\/schema\/logo\/image\/\"},\"sameAs\":[\"https:\/\/www.facebook.com\/OArcanjoNoAr\/\"]},{\"@type\":\"Person\",\"@id\":\"https:\/\/www.oarcanjo.net\/site\/#\/schema\/person\/5eb9480bedd2f3c97e430ce128c29c6c\",\"name\":\"danilo\"}]}<\/script>\n<!-- \/ Yoast SEO plugin. -->","yoast_head_json":{"title":"Santo Onofre - O Arcanjo no ar","robots":{"index":"index","follow":"follow","max-snippet":"max-snippet:-1","max-image-preview":"max-image-preview:large","max-video-preview":"max-video-preview:-1"},"canonical":"https:\/\/www.oarcanjo.net\/site\/santo-onofre\/","og_locale":"pt_BR","og_type":"article","og_title":"Santo Onofre - O Arcanjo no ar","og_description":"12 de Junho Onofre foi um eremita que viveu no Egito no final do s\u00e9culo IV e in\u00edcio do s\u00e9culo V. Ele foi encontrado por um abade chamado Paf\u00fancio. Acostumado a fazer visitas a alguns eremitas na regi\u00e3o de Tebaida, esse abade empreendeu sua peregrina\u00e7\u00e3o a fim de descobrir se tamb\u00e9m seria chamado a viv\u00ea-la. [&hellip;]","og_url":"https:\/\/www.oarcanjo.net\/site\/santo-onofre\/","og_site_name":"O Arcanjo no ar","article_publisher":"https:\/\/www.facebook.com\/OArcanjoNoAr\/","article_published_time":"2016-06-12T10:46:44+00:00","article_modified_time":"2016-06-10T21:35:53+00:00","og_image":[{"url":"http:\/\/educar.files.wordpress.com\/2009\/07\/sonofre21.jpg"}],"author":"danilo","twitter_card":"summary_large_image","twitter_misc":{"Escrito por":"danilo","Est. tempo de leitura":"2 minutos"},"schema":{"@context":"https:\/\/schema.org","@graph":[{"@type":"Article","@id":"https:\/\/www.oarcanjo.net\/site\/santo-onofre\/#article","isPartOf":{"@id":"https:\/\/www.oarcanjo.net\/site\/santo-onofre\/"},"author":{"name":"danilo","@id":"https:\/\/www.oarcanjo.net\/site\/#\/schema\/person\/5eb9480bedd2f3c97e430ce128c29c6c"},"headline":"Santo Onofre","datePublished":"2016-06-12T10:46:44+00:00","dateModified":"2016-06-10T21:35:53+00:00","mainEntityOfPage":{"@id":"https:\/\/www.oarcanjo.net\/site\/santo-onofre\/"},"wordCount":473,"commentCount":6,"publisher":{"@id":"https:\/\/www.oarcanjo.net\/site\/#organization"},"image":{"@id":"https:\/\/www.oarcanjo.net\/site\/santo-onofre\/#primaryimage"},"thumbnailUrl":"http:\/\/educar.files.wordpress.com\/2009\/07\/sonofre21.jpg","articleSection":["Testemunhos"],"inLanguage":"pt-BR","potentialAction":[{"@type":"CommentAction","name":"Comment","target":["https:\/\/www.oarcanjo.net\/site\/santo-onofre\/#respond"]}]},{"@type":"WebPage","@id":"https:\/\/www.oarcanjo.net\/site\/santo-onofre\/","url":"https:\/\/www.oarcanjo.net\/site\/santo-onofre\/","name":"Santo Onofre - O Arcanjo no ar","isPartOf":{"@id":"https:\/\/www.oarcanjo.net\/site\/#website"},"primaryImageOfPage":{"@id":"https:\/\/www.oarcanjo.net\/site\/santo-onofre\/#primaryimage"},"image":{"@id":"https:\/\/www.oarcanjo.net\/site\/santo-onofre\/#primaryimage"},"thumbnailUrl":"http:\/\/educar.files.wordpress.com\/2009\/07\/sonofre21.jpg","datePublished":"2016-06-12T10:46:44+00:00","dateModified":"2016-06-10T21:35:53+00:00","breadcrumb":{"@id":"https:\/\/www.oarcanjo.net\/site\/santo-onofre\/#breadcrumb"},"inLanguage":"pt-BR","potentialAction":[{"@type":"ReadAction","target":["https:\/\/www.oarcanjo.net\/site\/santo-onofre\/"]}]},{"@type":"ImageObject","inLanguage":"pt-BR","@id":"https:\/\/www.oarcanjo.net\/site\/santo-onofre\/#primaryimage","url":"http:\/\/educar.files.wordpress.com\/2009\/07\/sonofre21.jpg","contentUrl":"http:\/\/educar.files.wordpress.com\/2009\/07\/sonofre21.jpg"},{"@type":"BreadcrumbList","@id":"https:\/\/www.oarcanjo.net\/site\/santo-onofre\/#breadcrumb","itemListElement":[{"@type":"ListItem","position":1,"name":"In\u00edcio","item":"https:\/\/www.oarcanjo.net\/site\/"},{"@type":"ListItem","position":2,"name":"Santo Onofre"}]},{"@type":"WebSite","@id":"https:\/\/www.oarcanjo.net\/site\/#website","url":"https:\/\/www.oarcanjo.net\/site\/","name":"O Arcanjo no ar","description":"Site da Par\u00f3quia S\u00e3o Miguel Arcanjo (Arquidiocese de SP)","publisher":{"@id":"https:\/\/www.oarcanjo.net\/site\/#organization"},"potentialAction":[{"@type":"SearchAction","target":{"@type":"EntryPoint","urlTemplate":"https:\/\/www.oarcanjo.net\/site\/?s={search_term_string}"},"query-input":{"@type":"PropertyValueSpecification","valueRequired":true,"valueName":"search_term_string"}}],"inLanguage":"pt-BR"},{"@type":"Organization","@id":"https:\/\/www.oarcanjo.net\/site\/#organization","name":"Par\u00f3quia S\u00e3o Miguel Arcanjo","url":"https:\/\/www.oarcanjo.net\/site\/","logo":{"@type":"ImageObject","inLanguage":"pt-BR","@id":"https:\/\/www.oarcanjo.net\/site\/#\/schema\/logo\/image\/","url":"https:\/\/www.oarcanjo.net\/site\/wp-content\/uploads\/LogoOArcanjo.png","contentUrl":"https:\/\/www.oarcanjo.net\/site\/wp-content\/uploads\/LogoOArcanjo.png","width":319,"height":99,"caption":"Par\u00f3quia S\u00e3o Miguel Arcanjo"},"image":{"@id":"https:\/\/www.oarcanjo.net\/site\/#\/schema\/logo\/image\/"},"sameAs":["https:\/\/www.facebook.com\/OArcanjoNoAr\/"]},{"@type":"Person","@id":"https:\/\/www.oarcanjo.net\/site\/#\/schema\/person\/5eb9480bedd2f3c97e430ce128c29c6c","name":"danilo"}]}},"publishpress_future_action":{"enabled":false,"date":"2026-05-09 00:55:56","action":"category","newStatus":"draft","terms":[],"taxonomy":"category"},"publishpress_future_workflow_manual_trigger":{"enabledWorkflows":[]},"_links":{"self":[{"href":"https:\/\/www.oarcanjo.net\/site\/wp-json\/wp\/v2\/posts\/9801"}],"collection":[{"href":"https:\/\/www.oarcanjo.net\/site\/wp-json\/wp\/v2\/posts"}],"about":[{"href":"https:\/\/www.oarcanjo.net\/site\/wp-json\/wp\/v2\/types\/post"}],"author":[{"embeddable":true,"href":"https:\/\/www.oarcanjo.net\/site\/wp-json\/wp\/v2\/users\/14"}],"replies":[{"embeddable":true,"href":"https:\/\/www.oarcanjo.net\/site\/wp-json\/wp\/v2\/comments?post=9801"}],"version-history":[{"count":0,"href":"https:\/\/www.oarcanjo.net\/site\/wp-json\/wp\/v2\/posts\/9801\/revisions"}],"wp:attachment":[{"href":"https:\/\/www.oarcanjo.net\/site\/wp-json\/wp\/v2\/media?parent=9801"}],"wp:term":[{"taxonomy":"category","embeddable":true,"href":"https:\/\/www.oarcanjo.net\/site\/wp-json\/wp\/v2\/categories?post=9801"},{"taxonomy":"post_tag","embeddable":true,"href":"https:\/\/www.oarcanjo.net\/site\/wp-json\/wp\/v2\/tags?post=9801"}],"curies":[{"name":"wp","href":"https:\/\/api.w.org\/{rel}","templated":true}]}}