
{"id":9803,"date":"2016-06-12T07:50:54","date_gmt":"2016-06-12T10:50:54","guid":{"rendered":"http:\/\/www.oarcanjo.net\/site\/?p=9803"},"modified":"2016-06-10T18:35:48","modified_gmt":"2016-06-10T21:35:48","slug":"sao-gaspar-bertoni","status":"publish","type":"post","link":"https:\/\/www.oarcanjo.net\/site\/sao-gaspar-bertoni\/","title":{"rendered":"S\u00e3o Gaspar Bertoni"},"content":{"rendered":"<p><img decoding=\"async\" src=\"http:\/\/www.gasparbertoni.org\/images\/Gaspar-02A.jpg\" alt=\"\" \/><\/p>\n<p>12 de Junho<\/p>\n<p>Fundou a Congrega\u00e7\u00e3o dos Sagrados Estigmas de Nosso Senhor Jesus Cristo &#8220;Estigmatinos&#8221;.<\/p>\n<p>Nascido em Verona (It\u00e1lia), em 9 de outubro de 1777, viveu num tempo em que a cidade era disputada entre franceses e austr\u00edacos. O povo sofria a fome, feridos lotavam os hospitais, crian\u00e7as sem escola, juventude desorientada, o pr\u00f3prio clero sofria.<\/p>\n<p>Gaspar cresceu nesse ambiente, enfrentando tamb\u00e9m problemas familiares: morte da irm\u00e3, separa\u00e7\u00e3o dos pais. Entrou no Semin\u00e1rio e ordenou-se sacerdote, com 23 anos de idade, em 20 de setembro de 1800. Ainda seminarista, dedicava-se ao cuidado dos doentes, ao trabalho com a juventude, sendo reconhecido como &#8220;Ap\u00f3stolo dos jovens&#8221;.<\/p>\n<p>A pedido do Bispo, resgatou a dignidade do clero, e o Semin\u00e1rio tornou-se exemplo de ordem e disciplina. Colaborou na p\u00e1r\u00f3quia de San Fermo, como excelente pregador, o que lhe valeu o t\u00edtulo de &#8220;Mission\u00e1rio Apost\u00f3lico&#8221;.<br \/>\nMas, aos poucos, Deus o foi chamando para a funda\u00e7\u00e3o de uma Congrega\u00e7\u00e3o religiosa, numa \u00e9poca em que as Congrega\u00e7\u00f5es eram perseguidas e at\u00e9 suprimidas, consideradas grupos de rebeldia contra franceses e austr\u00edacos.<\/p>\n<p>Inspirado em Santo In\u00e1cio de Loyola, ele, com alguns companheiros, iniciaram uma escola anexa \u00e0 Igreja dos Estigmas, lembra as chagas ou estigmas de S\u00e3o Francisco de Assis. A\u00ed nascia uma Ordem Religiosa que, ap\u00f3s a morte de S\u00e3o Gaspar, recebeu o nome de: &#8220;Congrega\u00e7\u00e3o dos Sagrados Estigmas de Nosso Senhor Jesus Cristo&#8221; os Estigmatinos.<\/p>\n<p>Em reconhecimento \u00e0 autoridade e ao apoio dos bispos, denominam-se: &#8220;Mission\u00e1rios Apost\u00f3licos em Aux\u00edlio aos Bispos&#8221;. Padre Gaspar procurava fazer tudo segundo a vontade de Deus. Desde os 35 anos, enfrentou s\u00e9rios problemas de sa\u00fade, suportou terr\u00edveis sofrimentos, sem nem mesmo uma queixa. Fez de suas enfermidades motivos de reden\u00e7\u00e3o e de louvor a Deus. Chamava-as &#8220;Escola de Deus&#8221;, que ensina o perd\u00e3o e a confian\u00e7a nele.<\/p>\n<p>Padre Gaspar morreu, com quase 76 anos, em 12 de junho de 1853 e foi canonizado por Jo\u00e3o Paulo II, em 1 de novembro de 1989. Celebra-se sua festa lit\u00fargica dia 12 de junho.<\/p>\n<p><img decoding=\"async\" src=\"http:\/\/www.estigmatinos.com.br\/images2\/Gaspar-33G1.jpg\" alt=\"\" \/><\/p>\n<p>Pe. Gaspar j\u00e1 tinha inten\u00e7\u00e3o de funda<\/p>\n<p>Pe. Gaspar j\u00e1 tinha inten\u00e7\u00e3o de fundar a Congrega\u00e7\u00e3o (a partir de uma vis\u00e3o diante do altar de Santo In\u00e1cio de Loiola), mas estava como que \u00e0 espera, buscando a vontade divina em torno da finalidade desse instituto. A resposta veio exatamente atrav\u00e9s das miss\u00f5es que ele mesmo estava ajudando a pregar: seus religiosos seriam Mission\u00e1rios Apost\u00f3licos, divulgadores da mensagem do Evangelho, em toda parte.<\/p>\n<p>Assim, seguindo o <span style=\"color: #000080\">CARISMA<\/span> de seu fundador, os Estigmatinos existem na Igreja para serem:<\/p>\n<ul>\n<li><span style=\"color: #808000\">MISSION\u00c1RIOS APOST\u00d3LICOS A SERVI\u00c7O DOS BISPOS\u00a0<\/span><\/li>\n<\/ul>\n<p>(Lema da Congrega\u00e7\u00e3o)<\/p>\n<ul>\n<li><span style=\"color: #808000\">PREGADORES DA PALAVRA DE DEUS<\/span><\/li>\n<\/ul>\n<ul>\n<li><span style=\"color: #808000\">FORMADORES DA JUVENTUDE<\/span>.<\/li>\n<\/ul>\n<p>\u00a0<\/p>\n<p>E, para Pe. Gaspar Bertoni, todo Estigmatino deve realizar uma experi\u00eancia m\u00edstica com Deus que o leve a ser<\/p>\n<p>Mission\u00e1rio Apost\u00f3lico a servi\u00e7o dos Bispos:<\/p>\n<ul>\n<li>numa <span style=\"color: #000080\">DISPONIBILIDADE TOTAL<\/span> (como a dos Ap\u00f3stolos);<\/li>\n<\/ul>\n<ul>\n<li>\u00a0com <span style=\"color: #000080\">SERVI\u00c7O GRATUITO<\/span> (como Cristo Servo e at\u00e9 a totalidade (Cruz));<\/li>\n<\/ul>\n<ul>\n<li>e em <span style=\"color: #000080\">ESP\u00cdRITO DE COMUNH\u00c3O ECLESIAL<\/span> (um s\u00f3 cora\u00e7\u00e3o e uma s\u00f3 alma).<\/li>\n<\/ul>\n<p>r a Congrega\u00e7\u00e3o (a partir de uma vis\u00e3o diante do altar de Santo In\u00e1cio de Loiola), mas estava como que \u00e0 espera, buscando a vontade divina em torno da finalidade desse instituto. A resposta veio exatamente atrav\u00e9s das miss\u00f5es que ele mesmo estava ajudando a pregar: seus religiosos seriam Mission\u00e1rios Apost\u00f3licos, divulgadores da mensagem do Evangelho, em toda parte.<\/p>\n<p>Assim, seguindo o <span style=\"color: #000080\">CARISMA<\/span> de seu fundador, os Estigmatinos existem na Igreja para serem:<\/p>\n<ul>\n<li><span style=\"color: #808000\">MISSION\u00c1RIOS APOST\u00d3LICOS A SERVI\u00c7O DOS BISPOS\u00a0<\/span><\/li>\n<\/ul>\n<p>(Lema da Congrega\u00e7\u00e3o)<\/p>\n<ul>\n<li><span style=\"color: #808000\">PREGADORES DA PALAVRA DE DEUS<\/span><\/li>\n<\/ul>\n<ul>\n<li><span style=\"color: #808000\">FORMADORES DA JUVENTUDE<\/span>.<\/li>\n<\/ul>\n<p>\u00a0<\/p>\n<p>E, para Pe. Gaspar Bertoni, todo Estigmatino deve realizar uma experi\u00eancia m\u00edstica com Deus que o leve a ser<\/p>\n<p>Mission\u00e1rio Apost\u00f3lico a servi\u00e7o dos Bispos:<\/p>\n<ul>\n<li>numa <span style=\"color: #000080\">DISPONIBILIDADE TOTAL<\/span> (como a dos Ap\u00f3stolos);<\/li>\n<\/ul>\n<ul>\n<li>\u00a0com <span style=\"color: #000080\">SERVI\u00c7O GRATUITO<\/span> (como Cristo Servo e at\u00e9 a totalidade (Cruz));<\/li>\n<\/ul>\n<ul>\n<li>e em <span style=\"color: #000080\">ESP\u00cdRITO DE COMUNH\u00c3O ECLESIAL<\/span> (um s\u00f3 cora\u00e7\u00e3o e uma s\u00f3 alma).<\/li>\n<\/ul>\n<div id=\"themify_builder_content-9803\" data-postid=\"9803\" class=\"themify_builder_content themify_builder_content-9803 themify_builder themify_builder_front\">\n\t<\/div>\n<!-- \/themify_builder_content -->","protected":false},"excerpt":{"rendered":"<p>12 de Junho Fundou a Congrega\u00e7\u00e3o dos Sagrados Estigmas de Nosso Senhor Jesus Cristo &#8220;Estigmatinos&#8221;. Nascido em Verona (It\u00e1lia), em 9 de outubro de 1777, viveu num tempo em que a cidade era disputada entre franceses e austr\u00edacos. O povo sofria a fome, feridos lotavam os hospitais, crian\u00e7as sem escola, juventude desorientada, o pr\u00f3prio clero [&hellip;]<\/p>\n","protected":false},"author":14,"featured_media":0,"comment_status":"open","ping_status":"open","sticky":false,"template":"","format":"standard","meta":{"ngg_post_thumbnail":0,"footnotes":""},"categories":[186],"tags":[],"yoast_head":"<!-- This site is optimized with the Yoast SEO plugin v23.5 - https:\/\/yoast.com\/wordpress\/plugins\/seo\/ -->\n<title>S\u00e3o Gaspar Bertoni - O Arcanjo no ar<\/title>\n<meta name=\"robots\" content=\"index, follow, max-snippet:-1, max-image-preview:large, max-video-preview:-1\" \/>\n<link rel=\"canonical\" href=\"https:\/\/www.oarcanjo.net\/site\/sao-gaspar-bertoni\/\" \/>\n<meta property=\"og:locale\" content=\"pt_BR\" \/>\n<meta property=\"og:type\" content=\"article\" \/>\n<meta property=\"og:title\" content=\"S\u00e3o Gaspar Bertoni - O Arcanjo no ar\" \/>\n<meta property=\"og:description\" content=\"12 de Junho Fundou a Congrega\u00e7\u00e3o dos Sagrados Estigmas de Nosso Senhor Jesus Cristo &#8220;Estigmatinos&#8221;. Nascido em Verona (It\u00e1lia), em 9 de outubro de 1777, viveu num tempo em que a cidade era disputada entre franceses e austr\u00edacos. O povo sofria a fome, feridos lotavam os hospitais, crian\u00e7as sem escola, juventude desorientada, o pr\u00f3prio clero [&hellip;]\" \/>\n<meta property=\"og:url\" content=\"https:\/\/www.oarcanjo.net\/site\/sao-gaspar-bertoni\/\" \/>\n<meta property=\"og:site_name\" content=\"O Arcanjo no ar\" \/>\n<meta property=\"article:publisher\" content=\"https:\/\/www.facebook.com\/OArcanjoNoAr\/\" \/>\n<meta property=\"article:published_time\" content=\"2016-06-12T10:50:54+00:00\" \/>\n<meta property=\"article:modified_time\" content=\"2016-06-10T21:35:48+00:00\" \/>\n<meta property=\"og:image\" content=\"http:\/\/www.gasparbertoni.org\/images\/Gaspar-02A.jpg\" \/>\n<meta name=\"author\" content=\"danilo\" \/>\n<meta name=\"twitter:card\" content=\"summary_large_image\" \/>\n<meta name=\"twitter:label1\" content=\"Escrito por\" \/>\n\t<meta name=\"twitter:data1\" content=\"danilo\" \/>\n\t<meta name=\"twitter:label2\" content=\"Est. tempo de leitura\" \/>\n\t<meta name=\"twitter:data2\" content=\"3 minutos\" \/>\n<script type=\"application\/ld+json\" class=\"yoast-schema-graph\">{\"@context\":\"https:\/\/schema.org\",\"@graph\":[{\"@type\":\"Article\",\"@id\":\"https:\/\/www.oarcanjo.net\/site\/sao-gaspar-bertoni\/#article\",\"isPartOf\":{\"@id\":\"https:\/\/www.oarcanjo.net\/site\/sao-gaspar-bertoni\/\"},\"author\":{\"name\":\"danilo\",\"@id\":\"https:\/\/www.oarcanjo.net\/site\/#\/schema\/person\/5eb9480bedd2f3c97e430ce128c29c6c\"},\"headline\":\"S\u00e3o Gaspar Bertoni\",\"datePublished\":\"2016-06-12T10:50:54+00:00\",\"dateModified\":\"2016-06-10T21:35:48+00:00\",\"mainEntityOfPage\":{\"@id\":\"https:\/\/www.oarcanjo.net\/site\/sao-gaspar-bertoni\/\"},\"wordCount\":701,\"commentCount\":0,\"publisher\":{\"@id\":\"https:\/\/www.oarcanjo.net\/site\/#organization\"},\"image\":{\"@id\":\"https:\/\/www.oarcanjo.net\/site\/sao-gaspar-bertoni\/#primaryimage\"},\"thumbnailUrl\":\"http:\/\/www.gasparbertoni.org\/images\/Gaspar-02A.jpg\",\"articleSection\":[\"Testemunhos\"],\"inLanguage\":\"pt-BR\",\"potentialAction\":[{\"@type\":\"CommentAction\",\"name\":\"Comment\",\"target\":[\"https:\/\/www.oarcanjo.net\/site\/sao-gaspar-bertoni\/#respond\"]}]},{\"@type\":\"WebPage\",\"@id\":\"https:\/\/www.oarcanjo.net\/site\/sao-gaspar-bertoni\/\",\"url\":\"https:\/\/www.oarcanjo.net\/site\/sao-gaspar-bertoni\/\",\"name\":\"S\u00e3o Gaspar Bertoni - O Arcanjo no ar\",\"isPartOf\":{\"@id\":\"https:\/\/www.oarcanjo.net\/site\/#website\"},\"primaryImageOfPage\":{\"@id\":\"https:\/\/www.oarcanjo.net\/site\/sao-gaspar-bertoni\/#primaryimage\"},\"image\":{\"@id\":\"https:\/\/www.oarcanjo.net\/site\/sao-gaspar-bertoni\/#primaryimage\"},\"thumbnailUrl\":\"http:\/\/www.gasparbertoni.org\/images\/Gaspar-02A.jpg\",\"datePublished\":\"2016-06-12T10:50:54+00:00\",\"dateModified\":\"2016-06-10T21:35:48+00:00\",\"breadcrumb\":{\"@id\":\"https:\/\/www.oarcanjo.net\/site\/sao-gaspar-bertoni\/#breadcrumb\"},\"inLanguage\":\"pt-BR\",\"potentialAction\":[{\"@type\":\"ReadAction\",\"target\":[\"https:\/\/www.oarcanjo.net\/site\/sao-gaspar-bertoni\/\"]}]},{\"@type\":\"ImageObject\",\"inLanguage\":\"pt-BR\",\"@id\":\"https:\/\/www.oarcanjo.net\/site\/sao-gaspar-bertoni\/#primaryimage\",\"url\":\"http:\/\/www.gasparbertoni.org\/images\/Gaspar-02A.jpg\",\"contentUrl\":\"http:\/\/www.gasparbertoni.org\/images\/Gaspar-02A.jpg\"},{\"@type\":\"BreadcrumbList\",\"@id\":\"https:\/\/www.oarcanjo.net\/site\/sao-gaspar-bertoni\/#breadcrumb\",\"itemListElement\":[{\"@type\":\"ListItem\",\"position\":1,\"name\":\"In\u00edcio\",\"item\":\"https:\/\/www.oarcanjo.net\/site\/\"},{\"@type\":\"ListItem\",\"position\":2,\"name\":\"S\u00e3o Gaspar Bertoni\"}]},{\"@type\":\"WebSite\",\"@id\":\"https:\/\/www.oarcanjo.net\/site\/#website\",\"url\":\"https:\/\/www.oarcanjo.net\/site\/\",\"name\":\"O Arcanjo no ar\",\"description\":\"Site da Par\u00f3quia S\u00e3o Miguel Arcanjo (Arquidiocese de SP)\",\"publisher\":{\"@id\":\"https:\/\/www.oarcanjo.net\/site\/#organization\"},\"potentialAction\":[{\"@type\":\"SearchAction\",\"target\":{\"@type\":\"EntryPoint\",\"urlTemplate\":\"https:\/\/www.oarcanjo.net\/site\/?s={search_term_string}\"},\"query-input\":{\"@type\":\"PropertyValueSpecification\",\"valueRequired\":true,\"valueName\":\"search_term_string\"}}],\"inLanguage\":\"pt-BR\"},{\"@type\":\"Organization\",\"@id\":\"https:\/\/www.oarcanjo.net\/site\/#organization\",\"name\":\"Par\u00f3quia S\u00e3o Miguel Arcanjo\",\"url\":\"https:\/\/www.oarcanjo.net\/site\/\",\"logo\":{\"@type\":\"ImageObject\",\"inLanguage\":\"pt-BR\",\"@id\":\"https:\/\/www.oarcanjo.net\/site\/#\/schema\/logo\/image\/\",\"url\":\"https:\/\/www.oarcanjo.net\/site\/wp-content\/uploads\/LogoOArcanjo.png\",\"contentUrl\":\"https:\/\/www.oarcanjo.net\/site\/wp-content\/uploads\/LogoOArcanjo.png\",\"width\":319,\"height\":99,\"caption\":\"Par\u00f3quia S\u00e3o Miguel Arcanjo\"},\"image\":{\"@id\":\"https:\/\/www.oarcanjo.net\/site\/#\/schema\/logo\/image\/\"},\"sameAs\":[\"https:\/\/www.facebook.com\/OArcanjoNoAr\/\"]},{\"@type\":\"Person\",\"@id\":\"https:\/\/www.oarcanjo.net\/site\/#\/schema\/person\/5eb9480bedd2f3c97e430ce128c29c6c\",\"name\":\"danilo\"}]}<\/script>\n<!-- \/ Yoast SEO plugin. -->","yoast_head_json":{"title":"S\u00e3o Gaspar Bertoni - O Arcanjo no ar","robots":{"index":"index","follow":"follow","max-snippet":"max-snippet:-1","max-image-preview":"max-image-preview:large","max-video-preview":"max-video-preview:-1"},"canonical":"https:\/\/www.oarcanjo.net\/site\/sao-gaspar-bertoni\/","og_locale":"pt_BR","og_type":"article","og_title":"S\u00e3o Gaspar Bertoni - O Arcanjo no ar","og_description":"12 de Junho Fundou a Congrega\u00e7\u00e3o dos Sagrados Estigmas de Nosso Senhor Jesus Cristo &#8220;Estigmatinos&#8221;. Nascido em Verona (It\u00e1lia), em 9 de outubro de 1777, viveu num tempo em que a cidade era disputada entre franceses e austr\u00edacos. O povo sofria a fome, feridos lotavam os hospitais, crian\u00e7as sem escola, juventude desorientada, o pr\u00f3prio clero [&hellip;]","og_url":"https:\/\/www.oarcanjo.net\/site\/sao-gaspar-bertoni\/","og_site_name":"O Arcanjo no ar","article_publisher":"https:\/\/www.facebook.com\/OArcanjoNoAr\/","article_published_time":"2016-06-12T10:50:54+00:00","article_modified_time":"2016-06-10T21:35:48+00:00","og_image":[{"url":"http:\/\/www.gasparbertoni.org\/images\/Gaspar-02A.jpg"}],"author":"danilo","twitter_card":"summary_large_image","twitter_misc":{"Escrito por":"danilo","Est. tempo de leitura":"3 minutos"},"schema":{"@context":"https:\/\/schema.org","@graph":[{"@type":"Article","@id":"https:\/\/www.oarcanjo.net\/site\/sao-gaspar-bertoni\/#article","isPartOf":{"@id":"https:\/\/www.oarcanjo.net\/site\/sao-gaspar-bertoni\/"},"author":{"name":"danilo","@id":"https:\/\/www.oarcanjo.net\/site\/#\/schema\/person\/5eb9480bedd2f3c97e430ce128c29c6c"},"headline":"S\u00e3o Gaspar Bertoni","datePublished":"2016-06-12T10:50:54+00:00","dateModified":"2016-06-10T21:35:48+00:00","mainEntityOfPage":{"@id":"https:\/\/www.oarcanjo.net\/site\/sao-gaspar-bertoni\/"},"wordCount":701,"commentCount":0,"publisher":{"@id":"https:\/\/www.oarcanjo.net\/site\/#organization"},"image":{"@id":"https:\/\/www.oarcanjo.net\/site\/sao-gaspar-bertoni\/#primaryimage"},"thumbnailUrl":"http:\/\/www.gasparbertoni.org\/images\/Gaspar-02A.jpg","articleSection":["Testemunhos"],"inLanguage":"pt-BR","potentialAction":[{"@type":"CommentAction","name":"Comment","target":["https:\/\/www.oarcanjo.net\/site\/sao-gaspar-bertoni\/#respond"]}]},{"@type":"WebPage","@id":"https:\/\/www.oarcanjo.net\/site\/sao-gaspar-bertoni\/","url":"https:\/\/www.oarcanjo.net\/site\/sao-gaspar-bertoni\/","name":"S\u00e3o Gaspar Bertoni - O Arcanjo no ar","isPartOf":{"@id":"https:\/\/www.oarcanjo.net\/site\/#website"},"primaryImageOfPage":{"@id":"https:\/\/www.oarcanjo.net\/site\/sao-gaspar-bertoni\/#primaryimage"},"image":{"@id":"https:\/\/www.oarcanjo.net\/site\/sao-gaspar-bertoni\/#primaryimage"},"thumbnailUrl":"http:\/\/www.gasparbertoni.org\/images\/Gaspar-02A.jpg","datePublished":"2016-06-12T10:50:54+00:00","dateModified":"2016-06-10T21:35:48+00:00","breadcrumb":{"@id":"https:\/\/www.oarcanjo.net\/site\/sao-gaspar-bertoni\/#breadcrumb"},"inLanguage":"pt-BR","potentialAction":[{"@type":"ReadAction","target":["https:\/\/www.oarcanjo.net\/site\/sao-gaspar-bertoni\/"]}]},{"@type":"ImageObject","inLanguage":"pt-BR","@id":"https:\/\/www.oarcanjo.net\/site\/sao-gaspar-bertoni\/#primaryimage","url":"http:\/\/www.gasparbertoni.org\/images\/Gaspar-02A.jpg","contentUrl":"http:\/\/www.gasparbertoni.org\/images\/Gaspar-02A.jpg"},{"@type":"BreadcrumbList","@id":"https:\/\/www.oarcanjo.net\/site\/sao-gaspar-bertoni\/#breadcrumb","itemListElement":[{"@type":"ListItem","position":1,"name":"In\u00edcio","item":"https:\/\/www.oarcanjo.net\/site\/"},{"@type":"ListItem","position":2,"name":"S\u00e3o Gaspar Bertoni"}]},{"@type":"WebSite","@id":"https:\/\/www.oarcanjo.net\/site\/#website","url":"https:\/\/www.oarcanjo.net\/site\/","name":"O Arcanjo no ar","description":"Site da Par\u00f3quia S\u00e3o Miguel Arcanjo (Arquidiocese de SP)","publisher":{"@id":"https:\/\/www.oarcanjo.net\/site\/#organization"},"potentialAction":[{"@type":"SearchAction","target":{"@type":"EntryPoint","urlTemplate":"https:\/\/www.oarcanjo.net\/site\/?s={search_term_string}"},"query-input":{"@type":"PropertyValueSpecification","valueRequired":true,"valueName":"search_term_string"}}],"inLanguage":"pt-BR"},{"@type":"Organization","@id":"https:\/\/www.oarcanjo.net\/site\/#organization","name":"Par\u00f3quia S\u00e3o Miguel Arcanjo","url":"https:\/\/www.oarcanjo.net\/site\/","logo":{"@type":"ImageObject","inLanguage":"pt-BR","@id":"https:\/\/www.oarcanjo.net\/site\/#\/schema\/logo\/image\/","url":"https:\/\/www.oarcanjo.net\/site\/wp-content\/uploads\/LogoOArcanjo.png","contentUrl":"https:\/\/www.oarcanjo.net\/site\/wp-content\/uploads\/LogoOArcanjo.png","width":319,"height":99,"caption":"Par\u00f3quia S\u00e3o Miguel Arcanjo"},"image":{"@id":"https:\/\/www.oarcanjo.net\/site\/#\/schema\/logo\/image\/"},"sameAs":["https:\/\/www.facebook.com\/OArcanjoNoAr\/"]},{"@type":"Person","@id":"https:\/\/www.oarcanjo.net\/site\/#\/schema\/person\/5eb9480bedd2f3c97e430ce128c29c6c","name":"danilo"}]}},"publishpress_future_action":{"enabled":false,"date":"2026-05-08 23:47:37","action":"category","newStatus":"draft","terms":[],"taxonomy":"category"},"publishpress_future_workflow_manual_trigger":{"enabledWorkflows":[]},"_links":{"self":[{"href":"https:\/\/www.oarcanjo.net\/site\/wp-json\/wp\/v2\/posts\/9803"}],"collection":[{"href":"https:\/\/www.oarcanjo.net\/site\/wp-json\/wp\/v2\/posts"}],"about":[{"href":"https:\/\/www.oarcanjo.net\/site\/wp-json\/wp\/v2\/types\/post"}],"author":[{"embeddable":true,"href":"https:\/\/www.oarcanjo.net\/site\/wp-json\/wp\/v2\/users\/14"}],"replies":[{"embeddable":true,"href":"https:\/\/www.oarcanjo.net\/site\/wp-json\/wp\/v2\/comments?post=9803"}],"version-history":[{"count":0,"href":"https:\/\/www.oarcanjo.net\/site\/wp-json\/wp\/v2\/posts\/9803\/revisions"}],"wp:attachment":[{"href":"https:\/\/www.oarcanjo.net\/site\/wp-json\/wp\/v2\/media?parent=9803"}],"wp:term":[{"taxonomy":"category","embeddable":true,"href":"https:\/\/www.oarcanjo.net\/site\/wp-json\/wp\/v2\/categories?post=9803"},{"taxonomy":"post_tag","embeddable":true,"href":"https:\/\/www.oarcanjo.net\/site\/wp-json\/wp\/v2\/tags?post=9803"}],"curies":[{"name":"wp","href":"https:\/\/api.w.org\/{rel}","templated":true}]}}