
{"id":9805,"date":"2016-06-13T00:51:18","date_gmt":"2016-06-13T03:51:18","guid":{"rendered":"http:\/\/www.oarcanjo.net\/site\/?p=9805"},"modified":"2016-06-10T18:35:42","modified_gmt":"2016-06-10T21:35:42","slug":"santo-avito-aventino","status":"publish","type":"post","link":"https:\/\/www.oarcanjo.net\/site\/santo-avito-aventino\/","title":{"rendered":"Santo \u00c1vito (Aventino)"},"content":{"rendered":"<p><img decoding=\"async\" src=\"http:\/\/www.comunidadehostiasanta.com.br\/santos\/1306_arquivos\/image005.jpg\" alt=\"\" \/><\/p>\n<p>13 de Junho<\/p>\n<p>O eremita \u00c1vito, ou Aventino, como tamb\u00e9m \u00e9 conhecido, chegou a ser chamado de &#8220;o Idiota&#8221; pelos seus detratores, por causa de sua humildade e simplicidade. Tinha o esp\u00edrito t\u00e3o servi\u00e7al e ing\u00eanuo que suas atitudes eram, muitas vezes, consideradas tolas.<\/p>\n<p>\u00c1vito nasceu no final do s\u00e9culo V. Era filho de lavradores da regi\u00e3o de Orleans, na Fran\u00e7a. Cresceu crist\u00e3o e tornou-se monge eremita do mosteiro localizado nos montes Pirineus, na regi\u00e3o do vale de Larboust, que mais tarde recebeu o seu nome.<\/p>\n<p>Ao contr\u00e1rio do que julgavam seus colegas, companheiros e parentes, foi considerado modelo de religioso e nomeado &#8220;ec\u00f4nomo da comunidade&#8221;.<\/p>\n<p>Mas \u00c1vito desejava a solid\u00e3o para meditar e rezar. E por isso, certo dia, fugiu para o interior misterioso e desconhecido de uma floresta, para viver na mais \u00edntima uni\u00e3o com Deus.<\/p>\n<p>Quando o abade Maximino morreu, \u00c1vito foi eleito seu sucessor. Os outros monges, entretanto, tiveram dificuldade e demoraram algum tempo para encontr\u00e1-lo.<\/p>\n<p>\u00c1vito, a princ\u00edpio, recusou o posto, por n\u00e3o se achar suficientemente capacitado. S\u00f3 aceitou porque recebeu ordem direta do bispo e por exclusivo senso de disciplina.<\/p>\n<p>Governou o mosteiro por muitos anos e, mesmo assim, a cada oportunidade surgida refugiava-se em sua floresta, ficando ali por dias e noites seguidos, no mais rigoroso retiro. Na oportunidade, aproveitava para ensinar o Evangelho aos montanheses que ainda eram pag\u00e3os.<\/p>\n<p>\u00c1vito morreu assassinado pelos b\u00e1rbaros pag\u00e3os, em 530, os quais esconderam o seu corpo. Por\u00e9m, alguns s\u00e9culos depois, suas rel\u00edquias foram milagrosamente recuperadas e colocadas numa igreja constru\u00edda especialmente para acolh\u00ea-las.<\/p>\n<p>O mais antigo documento que testemunha o culto lit\u00fargico dedicado a s\u00e3o \u00c1vito no dia 13 de junho foi encontrado no brevi\u00e1rio de Comminges. Ele \u00e9 invocado, especialmente, pelas gestantes na hora do parto, porque, segundo a tradi\u00e7\u00e3o, seu nascimento ocorreu durante um parto repleto de dificuldades. A Igreja autorizou a sua celebra\u00e7\u00e3o e manteve a data da festa.<\/p>\n<div id=\"themify_builder_content-9805\" data-postid=\"9805\" class=\"themify_builder_content themify_builder_content-9805 themify_builder themify_builder_front\">\n\t<\/div>\n<!-- \/themify_builder_content -->","protected":false},"excerpt":{"rendered":"<p>13 de Junho O eremita \u00c1vito, ou Aventino, como tamb\u00e9m \u00e9 conhecido, chegou a ser chamado de &#8220;o Idiota&#8221; pelos seus detratores, por causa de sua humildade e simplicidade. Tinha o esp\u00edrito t\u00e3o servi\u00e7al e ing\u00eanuo que suas atitudes eram, muitas vezes, consideradas tolas. \u00c1vito nasceu no final do s\u00e9culo V. Era filho de lavradores [&hellip;]<\/p>\n","protected":false},"author":14,"featured_media":0,"comment_status":"open","ping_status":"open","sticky":false,"template":"","format":"standard","meta":{"ngg_post_thumbnail":0,"footnotes":""},"categories":[186],"tags":[],"yoast_head":"<!-- This site is optimized with the Yoast SEO plugin v23.5 - https:\/\/yoast.com\/wordpress\/plugins\/seo\/ -->\n<title>Santo \u00c1vito (Aventino) - O Arcanjo no ar<\/title>\n<meta name=\"robots\" content=\"index, follow, max-snippet:-1, max-image-preview:large, max-video-preview:-1\" \/>\n<link rel=\"canonical\" href=\"https:\/\/www.oarcanjo.net\/site\/santo-avito-aventino\/\" \/>\n<meta property=\"og:locale\" content=\"pt_BR\" \/>\n<meta property=\"og:type\" content=\"article\" \/>\n<meta property=\"og:title\" content=\"Santo \u00c1vito (Aventino) - O Arcanjo no ar\" \/>\n<meta property=\"og:description\" content=\"13 de Junho O eremita \u00c1vito, ou Aventino, como tamb\u00e9m \u00e9 conhecido, chegou a ser chamado de &#8220;o Idiota&#8221; pelos seus detratores, por causa de sua humildade e simplicidade. Tinha o esp\u00edrito t\u00e3o servi\u00e7al e ing\u00eanuo que suas atitudes eram, muitas vezes, consideradas tolas. \u00c1vito nasceu no final do s\u00e9culo V. Era filho de lavradores [&hellip;]\" \/>\n<meta property=\"og:url\" content=\"https:\/\/www.oarcanjo.net\/site\/santo-avito-aventino\/\" \/>\n<meta property=\"og:site_name\" content=\"O Arcanjo no ar\" \/>\n<meta property=\"article:publisher\" content=\"https:\/\/www.facebook.com\/OArcanjoNoAr\/\" \/>\n<meta property=\"article:published_time\" content=\"2016-06-13T03:51:18+00:00\" \/>\n<meta property=\"article:modified_time\" content=\"2016-06-10T21:35:42+00:00\" \/>\n<meta property=\"og:image\" content=\"http:\/\/www.comunidadehostiasanta.com.br\/santos\/1306_arquivos\/image005.jpg\" \/>\n<meta name=\"author\" content=\"danilo\" \/>\n<meta name=\"twitter:card\" content=\"summary_large_image\" \/>\n<meta name=\"twitter:label1\" content=\"Escrito por\" \/>\n\t<meta name=\"twitter:data1\" content=\"danilo\" \/>\n\t<meta name=\"twitter:label2\" content=\"Est. tempo de leitura\" \/>\n\t<meta name=\"twitter:data2\" content=\"2 minutos\" \/>\n<script type=\"application\/ld+json\" class=\"yoast-schema-graph\">{\"@context\":\"https:\/\/schema.org\",\"@graph\":[{\"@type\":\"Article\",\"@id\":\"https:\/\/www.oarcanjo.net\/site\/santo-avito-aventino\/#article\",\"isPartOf\":{\"@id\":\"https:\/\/www.oarcanjo.net\/site\/santo-avito-aventino\/\"},\"author\":{\"name\":\"danilo\",\"@id\":\"https:\/\/www.oarcanjo.net\/site\/#\/schema\/person\/5eb9480bedd2f3c97e430ce128c29c6c\"},\"headline\":\"Santo \u00c1vito (Aventino)\",\"datePublished\":\"2016-06-13T03:51:18+00:00\",\"dateModified\":\"2016-06-10T21:35:42+00:00\",\"mainEntityOfPage\":{\"@id\":\"https:\/\/www.oarcanjo.net\/site\/santo-avito-aventino\/\"},\"wordCount\":345,\"commentCount\":0,\"publisher\":{\"@id\":\"https:\/\/www.oarcanjo.net\/site\/#organization\"},\"image\":{\"@id\":\"https:\/\/www.oarcanjo.net\/site\/santo-avito-aventino\/#primaryimage\"},\"thumbnailUrl\":\"http:\/\/www.comunidadehostiasanta.com.br\/santos\/1306_arquivos\/image005.jpg\",\"articleSection\":[\"Testemunhos\"],\"inLanguage\":\"pt-BR\",\"potentialAction\":[{\"@type\":\"CommentAction\",\"name\":\"Comment\",\"target\":[\"https:\/\/www.oarcanjo.net\/site\/santo-avito-aventino\/#respond\"]}]},{\"@type\":\"WebPage\",\"@id\":\"https:\/\/www.oarcanjo.net\/site\/santo-avito-aventino\/\",\"url\":\"https:\/\/www.oarcanjo.net\/site\/santo-avito-aventino\/\",\"name\":\"Santo \u00c1vito (Aventino) - O Arcanjo no ar\",\"isPartOf\":{\"@id\":\"https:\/\/www.oarcanjo.net\/site\/#website\"},\"primaryImageOfPage\":{\"@id\":\"https:\/\/www.oarcanjo.net\/site\/santo-avito-aventino\/#primaryimage\"},\"image\":{\"@id\":\"https:\/\/www.oarcanjo.net\/site\/santo-avito-aventino\/#primaryimage\"},\"thumbnailUrl\":\"http:\/\/www.comunidadehostiasanta.com.br\/santos\/1306_arquivos\/image005.jpg\",\"datePublished\":\"2016-06-13T03:51:18+00:00\",\"dateModified\":\"2016-06-10T21:35:42+00:00\",\"breadcrumb\":{\"@id\":\"https:\/\/www.oarcanjo.net\/site\/santo-avito-aventino\/#breadcrumb\"},\"inLanguage\":\"pt-BR\",\"potentialAction\":[{\"@type\":\"ReadAction\",\"target\":[\"https:\/\/www.oarcanjo.net\/site\/santo-avito-aventino\/\"]}]},{\"@type\":\"ImageObject\",\"inLanguage\":\"pt-BR\",\"@id\":\"https:\/\/www.oarcanjo.net\/site\/santo-avito-aventino\/#primaryimage\",\"url\":\"http:\/\/www.comunidadehostiasanta.com.br\/santos\/1306_arquivos\/image005.jpg\",\"contentUrl\":\"http:\/\/www.comunidadehostiasanta.com.br\/santos\/1306_arquivos\/image005.jpg\"},{\"@type\":\"BreadcrumbList\",\"@id\":\"https:\/\/www.oarcanjo.net\/site\/santo-avito-aventino\/#breadcrumb\",\"itemListElement\":[{\"@type\":\"ListItem\",\"position\":1,\"name\":\"In\u00edcio\",\"item\":\"https:\/\/www.oarcanjo.net\/site\/\"},{\"@type\":\"ListItem\",\"position\":2,\"name\":\"Santo \u00c1vito (Aventino)\"}]},{\"@type\":\"WebSite\",\"@id\":\"https:\/\/www.oarcanjo.net\/site\/#website\",\"url\":\"https:\/\/www.oarcanjo.net\/site\/\",\"name\":\"O Arcanjo no ar\",\"description\":\"Site da Par\u00f3quia S\u00e3o Miguel Arcanjo (Arquidiocese de SP)\",\"publisher\":{\"@id\":\"https:\/\/www.oarcanjo.net\/site\/#organization\"},\"potentialAction\":[{\"@type\":\"SearchAction\",\"target\":{\"@type\":\"EntryPoint\",\"urlTemplate\":\"https:\/\/www.oarcanjo.net\/site\/?s={search_term_string}\"},\"query-input\":{\"@type\":\"PropertyValueSpecification\",\"valueRequired\":true,\"valueName\":\"search_term_string\"}}],\"inLanguage\":\"pt-BR\"},{\"@type\":\"Organization\",\"@id\":\"https:\/\/www.oarcanjo.net\/site\/#organization\",\"name\":\"Par\u00f3quia S\u00e3o Miguel Arcanjo\",\"url\":\"https:\/\/www.oarcanjo.net\/site\/\",\"logo\":{\"@type\":\"ImageObject\",\"inLanguage\":\"pt-BR\",\"@id\":\"https:\/\/www.oarcanjo.net\/site\/#\/schema\/logo\/image\/\",\"url\":\"https:\/\/www.oarcanjo.net\/site\/wp-content\/uploads\/LogoOArcanjo.png\",\"contentUrl\":\"https:\/\/www.oarcanjo.net\/site\/wp-content\/uploads\/LogoOArcanjo.png\",\"width\":319,\"height\":99,\"caption\":\"Par\u00f3quia S\u00e3o Miguel Arcanjo\"},\"image\":{\"@id\":\"https:\/\/www.oarcanjo.net\/site\/#\/schema\/logo\/image\/\"},\"sameAs\":[\"https:\/\/www.facebook.com\/OArcanjoNoAr\/\"]},{\"@type\":\"Person\",\"@id\":\"https:\/\/www.oarcanjo.net\/site\/#\/schema\/person\/5eb9480bedd2f3c97e430ce128c29c6c\",\"name\":\"danilo\"}]}<\/script>\n<!-- \/ Yoast SEO plugin. -->","yoast_head_json":{"title":"Santo \u00c1vito (Aventino) - O Arcanjo no ar","robots":{"index":"index","follow":"follow","max-snippet":"max-snippet:-1","max-image-preview":"max-image-preview:large","max-video-preview":"max-video-preview:-1"},"canonical":"https:\/\/www.oarcanjo.net\/site\/santo-avito-aventino\/","og_locale":"pt_BR","og_type":"article","og_title":"Santo \u00c1vito (Aventino) - O Arcanjo no ar","og_description":"13 de Junho O eremita \u00c1vito, ou Aventino, como tamb\u00e9m \u00e9 conhecido, chegou a ser chamado de &#8220;o Idiota&#8221; pelos seus detratores, por causa de sua humildade e simplicidade. Tinha o esp\u00edrito t\u00e3o servi\u00e7al e ing\u00eanuo que suas atitudes eram, muitas vezes, consideradas tolas. \u00c1vito nasceu no final do s\u00e9culo V. Era filho de lavradores [&hellip;]","og_url":"https:\/\/www.oarcanjo.net\/site\/santo-avito-aventino\/","og_site_name":"O Arcanjo no ar","article_publisher":"https:\/\/www.facebook.com\/OArcanjoNoAr\/","article_published_time":"2016-06-13T03:51:18+00:00","article_modified_time":"2016-06-10T21:35:42+00:00","og_image":[{"url":"http:\/\/www.comunidadehostiasanta.com.br\/santos\/1306_arquivos\/image005.jpg"}],"author":"danilo","twitter_card":"summary_large_image","twitter_misc":{"Escrito por":"danilo","Est. tempo de leitura":"2 minutos"},"schema":{"@context":"https:\/\/schema.org","@graph":[{"@type":"Article","@id":"https:\/\/www.oarcanjo.net\/site\/santo-avito-aventino\/#article","isPartOf":{"@id":"https:\/\/www.oarcanjo.net\/site\/santo-avito-aventino\/"},"author":{"name":"danilo","@id":"https:\/\/www.oarcanjo.net\/site\/#\/schema\/person\/5eb9480bedd2f3c97e430ce128c29c6c"},"headline":"Santo \u00c1vito (Aventino)","datePublished":"2016-06-13T03:51:18+00:00","dateModified":"2016-06-10T21:35:42+00:00","mainEntityOfPage":{"@id":"https:\/\/www.oarcanjo.net\/site\/santo-avito-aventino\/"},"wordCount":345,"commentCount":0,"publisher":{"@id":"https:\/\/www.oarcanjo.net\/site\/#organization"},"image":{"@id":"https:\/\/www.oarcanjo.net\/site\/santo-avito-aventino\/#primaryimage"},"thumbnailUrl":"http:\/\/www.comunidadehostiasanta.com.br\/santos\/1306_arquivos\/image005.jpg","articleSection":["Testemunhos"],"inLanguage":"pt-BR","potentialAction":[{"@type":"CommentAction","name":"Comment","target":["https:\/\/www.oarcanjo.net\/site\/santo-avito-aventino\/#respond"]}]},{"@type":"WebPage","@id":"https:\/\/www.oarcanjo.net\/site\/santo-avito-aventino\/","url":"https:\/\/www.oarcanjo.net\/site\/santo-avito-aventino\/","name":"Santo \u00c1vito (Aventino) - O Arcanjo no ar","isPartOf":{"@id":"https:\/\/www.oarcanjo.net\/site\/#website"},"primaryImageOfPage":{"@id":"https:\/\/www.oarcanjo.net\/site\/santo-avito-aventino\/#primaryimage"},"image":{"@id":"https:\/\/www.oarcanjo.net\/site\/santo-avito-aventino\/#primaryimage"},"thumbnailUrl":"http:\/\/www.comunidadehostiasanta.com.br\/santos\/1306_arquivos\/image005.jpg","datePublished":"2016-06-13T03:51:18+00:00","dateModified":"2016-06-10T21:35:42+00:00","breadcrumb":{"@id":"https:\/\/www.oarcanjo.net\/site\/santo-avito-aventino\/#breadcrumb"},"inLanguage":"pt-BR","potentialAction":[{"@type":"ReadAction","target":["https:\/\/www.oarcanjo.net\/site\/santo-avito-aventino\/"]}]},{"@type":"ImageObject","inLanguage":"pt-BR","@id":"https:\/\/www.oarcanjo.net\/site\/santo-avito-aventino\/#primaryimage","url":"http:\/\/www.comunidadehostiasanta.com.br\/santos\/1306_arquivos\/image005.jpg","contentUrl":"http:\/\/www.comunidadehostiasanta.com.br\/santos\/1306_arquivos\/image005.jpg"},{"@type":"BreadcrumbList","@id":"https:\/\/www.oarcanjo.net\/site\/santo-avito-aventino\/#breadcrumb","itemListElement":[{"@type":"ListItem","position":1,"name":"In\u00edcio","item":"https:\/\/www.oarcanjo.net\/site\/"},{"@type":"ListItem","position":2,"name":"Santo \u00c1vito (Aventino)"}]},{"@type":"WebSite","@id":"https:\/\/www.oarcanjo.net\/site\/#website","url":"https:\/\/www.oarcanjo.net\/site\/","name":"O Arcanjo no ar","description":"Site da Par\u00f3quia S\u00e3o Miguel Arcanjo (Arquidiocese de SP)","publisher":{"@id":"https:\/\/www.oarcanjo.net\/site\/#organization"},"potentialAction":[{"@type":"SearchAction","target":{"@type":"EntryPoint","urlTemplate":"https:\/\/www.oarcanjo.net\/site\/?s={search_term_string}"},"query-input":{"@type":"PropertyValueSpecification","valueRequired":true,"valueName":"search_term_string"}}],"inLanguage":"pt-BR"},{"@type":"Organization","@id":"https:\/\/www.oarcanjo.net\/site\/#organization","name":"Par\u00f3quia S\u00e3o Miguel Arcanjo","url":"https:\/\/www.oarcanjo.net\/site\/","logo":{"@type":"ImageObject","inLanguage":"pt-BR","@id":"https:\/\/www.oarcanjo.net\/site\/#\/schema\/logo\/image\/","url":"https:\/\/www.oarcanjo.net\/site\/wp-content\/uploads\/LogoOArcanjo.png","contentUrl":"https:\/\/www.oarcanjo.net\/site\/wp-content\/uploads\/LogoOArcanjo.png","width":319,"height":99,"caption":"Par\u00f3quia S\u00e3o Miguel Arcanjo"},"image":{"@id":"https:\/\/www.oarcanjo.net\/site\/#\/schema\/logo\/image\/"},"sameAs":["https:\/\/www.facebook.com\/OArcanjoNoAr\/"]},{"@type":"Person","@id":"https:\/\/www.oarcanjo.net\/site\/#\/schema\/person\/5eb9480bedd2f3c97e430ce128c29c6c","name":"danilo"}]}},"publishpress_future_action":{"enabled":false,"date":"2026-05-08 22:29:28","action":"category","newStatus":"draft","terms":[],"taxonomy":"category"},"publishpress_future_workflow_manual_trigger":{"enabledWorkflows":[]},"_links":{"self":[{"href":"https:\/\/www.oarcanjo.net\/site\/wp-json\/wp\/v2\/posts\/9805"}],"collection":[{"href":"https:\/\/www.oarcanjo.net\/site\/wp-json\/wp\/v2\/posts"}],"about":[{"href":"https:\/\/www.oarcanjo.net\/site\/wp-json\/wp\/v2\/types\/post"}],"author":[{"embeddable":true,"href":"https:\/\/www.oarcanjo.net\/site\/wp-json\/wp\/v2\/users\/14"}],"replies":[{"embeddable":true,"href":"https:\/\/www.oarcanjo.net\/site\/wp-json\/wp\/v2\/comments?post=9805"}],"version-history":[{"count":0,"href":"https:\/\/www.oarcanjo.net\/site\/wp-json\/wp\/v2\/posts\/9805\/revisions"}],"wp:attachment":[{"href":"https:\/\/www.oarcanjo.net\/site\/wp-json\/wp\/v2\/media?parent=9805"}],"wp:term":[{"taxonomy":"category","embeddable":true,"href":"https:\/\/www.oarcanjo.net\/site\/wp-json\/wp\/v2\/categories?post=9805"},{"taxonomy":"post_tag","embeddable":true,"href":"https:\/\/www.oarcanjo.net\/site\/wp-json\/wp\/v2\/tags?post=9805"}],"curies":[{"name":"wp","href":"https:\/\/api.w.org\/{rel}","templated":true}]}}