
{"id":9809,"date":"2016-06-13T07:53:57","date_gmt":"2016-06-13T10:53:57","guid":{"rendered":"http:\/\/www.oarcanjo.net\/site\/?p=9809"},"modified":"2016-06-10T18:35:31","modified_gmt":"2016-06-10T21:35:31","slug":"bem-aventurado-inacio-maloyan","status":"publish","type":"post","link":"https:\/\/www.oarcanjo.net\/site\/bem-aventurado-inacio-maloyan\/","title":{"rendered":"Bem Aventurado In\u00e1cio Maloyan"},"content":{"rendered":"<p><img decoding=\"async\" src=\"http:\/\/www.santegidio.org\/immagini\/varie\/ignace_maloyan.jpg\" alt=\"\" \/><\/p>\n<p>13 de Junho<\/p>\n<p>Choukrallah Maloyan nasceu em Mardin, atualmente, Turquia, no dia 19 de abril de 1869, filho de pais crist\u00e3os piedosos. Desde crian\u00e7a, dedicava-se a ora\u00e7\u00e3o, a caridade e a penit\u00eancia. Recebeu boa forma\u00e7\u00e3o acad\u00eamica e religiosa, sendo fluente nas l\u00ednguas \u00e1rabe e turca. Descobrindo a sua ineg\u00e1vel voca\u00e7\u00e3o para o sacerd\u00f3cio, em 1883 o arcebispo da comunidade arm\u00eanio-cat\u00f3lica enviou-o para estudar a religi\u00e3o no L\u00edbano.<\/p>\n<p>Estudos que foram interrompidos por cinco anos, quando voltou para cuidar da sa\u00fade na sua cidade natal. No ano de 1901, j\u00e1 curado, retomou os estudos de filosofia e teologia no L\u00edbano. Tornou-se membro do Instituto do Clero Patriarcal de Bzommar e, em 1896, recebeu a ordena\u00e7\u00e3o sacerdotal, tomando o nome de In\u00e1cio, a exemplo do seu santo de devo\u00e7\u00e3o.<\/p>\n<p>Logo foi nomeado pregador dos sacerdotes e seminaristas do Convento de Bzommar e depois enviado para o apostolado no Egito. Em seguida, em Istambul, Turquia, foi eleito secret\u00e1rio-geral do patriarca, e agraciado com o t\u00edtulo de arcipreste. Depois de alguns anos no Egito, regressou a Mardin, onde continuou o seu abnegado trabalho e, por isso, foi nomeado administrador dos assuntos temporais e espirituais dessa eparquia, uma vez que o bispo tinha renunciado ao posto.<\/p>\n<p>Em 1911, viajou para Roma como secret\u00e1rio-geral do s\u00ednodo dos bispos arm\u00eanio-cat\u00f3licos. No mesmo ano, foi nomeado bispo de Mardin, uma das eparquias arm\u00eanio-cat\u00f3licas mais importantes.<\/p>\n<p>Nessa Sede desempenhou um minist\u00e9rio exemplar, melhorando o n\u00edvel educativo, cultural e religioso das escolas da comunidade arm\u00eania, e difundiu um esp\u00edrito de grande piedade. Propagou em todas as par\u00f3quias de sua diocese o amor e a devo\u00e7\u00e3o ao Sant\u00edssimo Sacramento, ao Sagrado Cora\u00e7\u00e3o e \u00e0 Sant\u00edssima Virgem Maria.<\/p>\n<p>O seu patriotismo n\u00e3o passou despercebido ao sult\u00e3o do Imp\u00e9rio Otomano, que o condecorou com a Legi\u00e3o de Honra. Durante a guerra, os soldados turcos invadiram as igrejas, semearam o terror, aprisionaram e torturam pessoas inocentes, provocando o vigoroso protesto do bispo Maloyan, que exortava os seus sacerdotes a rezar pedindo a prote\u00e7\u00e3o de Deus.<\/p>\n<p>Preso de maneira arbitr\u00e1ria quando o governo decidiu acabar com os crist\u00e3os na Turquia, foi induzido a professar a f\u00e9 do isl\u00e3, mas respondeu energicamente: &#8220;Nunca renegarei Cristo, nem os ensinamentos da Igreja Cat\u00f3lica, \u00e0 sombra da qual cresci e da qual, sem ser digno, fui um dos seus ardorosos disc\u00edpulos&#8221;, provocando a f\u00faria dos presentes.<\/p>\n<p>Torturado cruelmente na pris\u00e3o, foi morto no dia 13 de junho de 1915. Por\u00e9m, antes de partir para a casa do Pai, tomou algumas migalhas de p\u00e3o, consagrou-as e deu-as aos seus companheiros como corpo de Cristo. O papa Jo\u00e3o Paulo II beatificou In\u00e1cio Maloyan em 2001, e indicou o dia de sua morte para a sua venera\u00e7\u00e3o lit\u00fargica.<\/p>\n<div id=\"themify_builder_content-9809\" data-postid=\"9809\" class=\"themify_builder_content themify_builder_content-9809 themify_builder themify_builder_front\">\n\t<\/div>\n<!-- \/themify_builder_content -->","protected":false},"excerpt":{"rendered":"<p>13 de Junho Choukrallah Maloyan nasceu em Mardin, atualmente, Turquia, no dia 19 de abril de 1869, filho de pais crist\u00e3os piedosos. Desde crian\u00e7a, dedicava-se a ora\u00e7\u00e3o, a caridade e a penit\u00eancia. Recebeu boa forma\u00e7\u00e3o acad\u00eamica e religiosa, sendo fluente nas l\u00ednguas \u00e1rabe e turca. Descobrindo a sua ineg\u00e1vel voca\u00e7\u00e3o para o sacerd\u00f3cio, em 1883 [&hellip;]<\/p>\n","protected":false},"author":14,"featured_media":0,"comment_status":"open","ping_status":"open","sticky":false,"template":"","format":"standard","meta":{"ngg_post_thumbnail":0,"footnotes":""},"categories":[186],"tags":[],"yoast_head":"<!-- This site is optimized with the Yoast SEO plugin v23.5 - https:\/\/yoast.com\/wordpress\/plugins\/seo\/ -->\n<title>Bem Aventurado In\u00e1cio Maloyan - O Arcanjo no ar<\/title>\n<meta name=\"robots\" content=\"index, follow, max-snippet:-1, max-image-preview:large, max-video-preview:-1\" \/>\n<link rel=\"canonical\" href=\"https:\/\/www.oarcanjo.net\/site\/bem-aventurado-inacio-maloyan\/\" \/>\n<meta property=\"og:locale\" content=\"pt_BR\" \/>\n<meta property=\"og:type\" content=\"article\" \/>\n<meta property=\"og:title\" content=\"Bem Aventurado In\u00e1cio Maloyan - O Arcanjo no ar\" \/>\n<meta property=\"og:description\" content=\"13 de Junho Choukrallah Maloyan nasceu em Mardin, atualmente, Turquia, no dia 19 de abril de 1869, filho de pais crist\u00e3os piedosos. Desde crian\u00e7a, dedicava-se a ora\u00e7\u00e3o, a caridade e a penit\u00eancia. Recebeu boa forma\u00e7\u00e3o acad\u00eamica e religiosa, sendo fluente nas l\u00ednguas \u00e1rabe e turca. Descobrindo a sua ineg\u00e1vel voca\u00e7\u00e3o para o sacerd\u00f3cio, em 1883 [&hellip;]\" \/>\n<meta property=\"og:url\" content=\"https:\/\/www.oarcanjo.net\/site\/bem-aventurado-inacio-maloyan\/\" \/>\n<meta property=\"og:site_name\" content=\"O Arcanjo no ar\" \/>\n<meta property=\"article:publisher\" content=\"https:\/\/www.facebook.com\/OArcanjoNoAr\/\" \/>\n<meta property=\"article:published_time\" content=\"2016-06-13T10:53:57+00:00\" \/>\n<meta property=\"article:modified_time\" content=\"2016-06-10T21:35:31+00:00\" \/>\n<meta property=\"og:image\" content=\"http:\/\/www.santegidio.org\/immagini\/varie\/ignace_maloyan.jpg\" \/>\n<meta name=\"author\" content=\"danilo\" \/>\n<meta name=\"twitter:card\" content=\"summary_large_image\" \/>\n<meta name=\"twitter:label1\" content=\"Escrito por\" \/>\n\t<meta name=\"twitter:data1\" content=\"danilo\" \/>\n\t<meta name=\"twitter:label2\" content=\"Est. tempo de leitura\" \/>\n\t<meta name=\"twitter:data2\" content=\"2 minutos\" \/>\n<script type=\"application\/ld+json\" class=\"yoast-schema-graph\">{\"@context\":\"https:\/\/schema.org\",\"@graph\":[{\"@type\":\"Article\",\"@id\":\"https:\/\/www.oarcanjo.net\/site\/bem-aventurado-inacio-maloyan\/#article\",\"isPartOf\":{\"@id\":\"https:\/\/www.oarcanjo.net\/site\/bem-aventurado-inacio-maloyan\/\"},\"author\":{\"name\":\"danilo\",\"@id\":\"https:\/\/www.oarcanjo.net\/site\/#\/schema\/person\/5eb9480bedd2f3c97e430ce128c29c6c\"},\"headline\":\"Bem Aventurado In\u00e1cio Maloyan\",\"datePublished\":\"2016-06-13T10:53:57+00:00\",\"dateModified\":\"2016-06-10T21:35:31+00:00\",\"mainEntityOfPage\":{\"@id\":\"https:\/\/www.oarcanjo.net\/site\/bem-aventurado-inacio-maloyan\/\"},\"wordCount\":492,\"commentCount\":0,\"publisher\":{\"@id\":\"https:\/\/www.oarcanjo.net\/site\/#organization\"},\"image\":{\"@id\":\"https:\/\/www.oarcanjo.net\/site\/bem-aventurado-inacio-maloyan\/#primaryimage\"},\"thumbnailUrl\":\"http:\/\/www.santegidio.org\/immagini\/varie\/ignace_maloyan.jpg\",\"articleSection\":[\"Testemunhos\"],\"inLanguage\":\"pt-BR\",\"potentialAction\":[{\"@type\":\"CommentAction\",\"name\":\"Comment\",\"target\":[\"https:\/\/www.oarcanjo.net\/site\/bem-aventurado-inacio-maloyan\/#respond\"]}]},{\"@type\":\"WebPage\",\"@id\":\"https:\/\/www.oarcanjo.net\/site\/bem-aventurado-inacio-maloyan\/\",\"url\":\"https:\/\/www.oarcanjo.net\/site\/bem-aventurado-inacio-maloyan\/\",\"name\":\"Bem Aventurado In\u00e1cio Maloyan - O Arcanjo no ar\",\"isPartOf\":{\"@id\":\"https:\/\/www.oarcanjo.net\/site\/#website\"},\"primaryImageOfPage\":{\"@id\":\"https:\/\/www.oarcanjo.net\/site\/bem-aventurado-inacio-maloyan\/#primaryimage\"},\"image\":{\"@id\":\"https:\/\/www.oarcanjo.net\/site\/bem-aventurado-inacio-maloyan\/#primaryimage\"},\"thumbnailUrl\":\"http:\/\/www.santegidio.org\/immagini\/varie\/ignace_maloyan.jpg\",\"datePublished\":\"2016-06-13T10:53:57+00:00\",\"dateModified\":\"2016-06-10T21:35:31+00:00\",\"breadcrumb\":{\"@id\":\"https:\/\/www.oarcanjo.net\/site\/bem-aventurado-inacio-maloyan\/#breadcrumb\"},\"inLanguage\":\"pt-BR\",\"potentialAction\":[{\"@type\":\"ReadAction\",\"target\":[\"https:\/\/www.oarcanjo.net\/site\/bem-aventurado-inacio-maloyan\/\"]}]},{\"@type\":\"ImageObject\",\"inLanguage\":\"pt-BR\",\"@id\":\"https:\/\/www.oarcanjo.net\/site\/bem-aventurado-inacio-maloyan\/#primaryimage\",\"url\":\"http:\/\/www.santegidio.org\/immagini\/varie\/ignace_maloyan.jpg\",\"contentUrl\":\"http:\/\/www.santegidio.org\/immagini\/varie\/ignace_maloyan.jpg\"},{\"@type\":\"BreadcrumbList\",\"@id\":\"https:\/\/www.oarcanjo.net\/site\/bem-aventurado-inacio-maloyan\/#breadcrumb\",\"itemListElement\":[{\"@type\":\"ListItem\",\"position\":1,\"name\":\"In\u00edcio\",\"item\":\"https:\/\/www.oarcanjo.net\/site\/\"},{\"@type\":\"ListItem\",\"position\":2,\"name\":\"Bem Aventurado In\u00e1cio Maloyan\"}]},{\"@type\":\"WebSite\",\"@id\":\"https:\/\/www.oarcanjo.net\/site\/#website\",\"url\":\"https:\/\/www.oarcanjo.net\/site\/\",\"name\":\"O Arcanjo no ar\",\"description\":\"Site da Par\u00f3quia S\u00e3o Miguel Arcanjo (Arquidiocese de SP)\",\"publisher\":{\"@id\":\"https:\/\/www.oarcanjo.net\/site\/#organization\"},\"potentialAction\":[{\"@type\":\"SearchAction\",\"target\":{\"@type\":\"EntryPoint\",\"urlTemplate\":\"https:\/\/www.oarcanjo.net\/site\/?s={search_term_string}\"},\"query-input\":{\"@type\":\"PropertyValueSpecification\",\"valueRequired\":true,\"valueName\":\"search_term_string\"}}],\"inLanguage\":\"pt-BR\"},{\"@type\":\"Organization\",\"@id\":\"https:\/\/www.oarcanjo.net\/site\/#organization\",\"name\":\"Par\u00f3quia S\u00e3o Miguel Arcanjo\",\"url\":\"https:\/\/www.oarcanjo.net\/site\/\",\"logo\":{\"@type\":\"ImageObject\",\"inLanguage\":\"pt-BR\",\"@id\":\"https:\/\/www.oarcanjo.net\/site\/#\/schema\/logo\/image\/\",\"url\":\"https:\/\/www.oarcanjo.net\/site\/wp-content\/uploads\/LogoOArcanjo.png\",\"contentUrl\":\"https:\/\/www.oarcanjo.net\/site\/wp-content\/uploads\/LogoOArcanjo.png\",\"width\":319,\"height\":99,\"caption\":\"Par\u00f3quia S\u00e3o Miguel Arcanjo\"},\"image\":{\"@id\":\"https:\/\/www.oarcanjo.net\/site\/#\/schema\/logo\/image\/\"},\"sameAs\":[\"https:\/\/www.facebook.com\/OArcanjoNoAr\/\"]},{\"@type\":\"Person\",\"@id\":\"https:\/\/www.oarcanjo.net\/site\/#\/schema\/person\/5eb9480bedd2f3c97e430ce128c29c6c\",\"name\":\"danilo\"}]}<\/script>\n<!-- \/ Yoast SEO plugin. -->","yoast_head_json":{"title":"Bem Aventurado In\u00e1cio Maloyan - O Arcanjo no ar","robots":{"index":"index","follow":"follow","max-snippet":"max-snippet:-1","max-image-preview":"max-image-preview:large","max-video-preview":"max-video-preview:-1"},"canonical":"https:\/\/www.oarcanjo.net\/site\/bem-aventurado-inacio-maloyan\/","og_locale":"pt_BR","og_type":"article","og_title":"Bem Aventurado In\u00e1cio Maloyan - O Arcanjo no ar","og_description":"13 de Junho Choukrallah Maloyan nasceu em Mardin, atualmente, Turquia, no dia 19 de abril de 1869, filho de pais crist\u00e3os piedosos. Desde crian\u00e7a, dedicava-se a ora\u00e7\u00e3o, a caridade e a penit\u00eancia. Recebeu boa forma\u00e7\u00e3o acad\u00eamica e religiosa, sendo fluente nas l\u00ednguas \u00e1rabe e turca. Descobrindo a sua ineg\u00e1vel voca\u00e7\u00e3o para o sacerd\u00f3cio, em 1883 [&hellip;]","og_url":"https:\/\/www.oarcanjo.net\/site\/bem-aventurado-inacio-maloyan\/","og_site_name":"O Arcanjo no ar","article_publisher":"https:\/\/www.facebook.com\/OArcanjoNoAr\/","article_published_time":"2016-06-13T10:53:57+00:00","article_modified_time":"2016-06-10T21:35:31+00:00","og_image":[{"url":"http:\/\/www.santegidio.org\/immagini\/varie\/ignace_maloyan.jpg"}],"author":"danilo","twitter_card":"summary_large_image","twitter_misc":{"Escrito por":"danilo","Est. tempo de leitura":"2 minutos"},"schema":{"@context":"https:\/\/schema.org","@graph":[{"@type":"Article","@id":"https:\/\/www.oarcanjo.net\/site\/bem-aventurado-inacio-maloyan\/#article","isPartOf":{"@id":"https:\/\/www.oarcanjo.net\/site\/bem-aventurado-inacio-maloyan\/"},"author":{"name":"danilo","@id":"https:\/\/www.oarcanjo.net\/site\/#\/schema\/person\/5eb9480bedd2f3c97e430ce128c29c6c"},"headline":"Bem Aventurado In\u00e1cio Maloyan","datePublished":"2016-06-13T10:53:57+00:00","dateModified":"2016-06-10T21:35:31+00:00","mainEntityOfPage":{"@id":"https:\/\/www.oarcanjo.net\/site\/bem-aventurado-inacio-maloyan\/"},"wordCount":492,"commentCount":0,"publisher":{"@id":"https:\/\/www.oarcanjo.net\/site\/#organization"},"image":{"@id":"https:\/\/www.oarcanjo.net\/site\/bem-aventurado-inacio-maloyan\/#primaryimage"},"thumbnailUrl":"http:\/\/www.santegidio.org\/immagini\/varie\/ignace_maloyan.jpg","articleSection":["Testemunhos"],"inLanguage":"pt-BR","potentialAction":[{"@type":"CommentAction","name":"Comment","target":["https:\/\/www.oarcanjo.net\/site\/bem-aventurado-inacio-maloyan\/#respond"]}]},{"@type":"WebPage","@id":"https:\/\/www.oarcanjo.net\/site\/bem-aventurado-inacio-maloyan\/","url":"https:\/\/www.oarcanjo.net\/site\/bem-aventurado-inacio-maloyan\/","name":"Bem Aventurado In\u00e1cio Maloyan - O Arcanjo no ar","isPartOf":{"@id":"https:\/\/www.oarcanjo.net\/site\/#website"},"primaryImageOfPage":{"@id":"https:\/\/www.oarcanjo.net\/site\/bem-aventurado-inacio-maloyan\/#primaryimage"},"image":{"@id":"https:\/\/www.oarcanjo.net\/site\/bem-aventurado-inacio-maloyan\/#primaryimage"},"thumbnailUrl":"http:\/\/www.santegidio.org\/immagini\/varie\/ignace_maloyan.jpg","datePublished":"2016-06-13T10:53:57+00:00","dateModified":"2016-06-10T21:35:31+00:00","breadcrumb":{"@id":"https:\/\/www.oarcanjo.net\/site\/bem-aventurado-inacio-maloyan\/#breadcrumb"},"inLanguage":"pt-BR","potentialAction":[{"@type":"ReadAction","target":["https:\/\/www.oarcanjo.net\/site\/bem-aventurado-inacio-maloyan\/"]}]},{"@type":"ImageObject","inLanguage":"pt-BR","@id":"https:\/\/www.oarcanjo.net\/site\/bem-aventurado-inacio-maloyan\/#primaryimage","url":"http:\/\/www.santegidio.org\/immagini\/varie\/ignace_maloyan.jpg","contentUrl":"http:\/\/www.santegidio.org\/immagini\/varie\/ignace_maloyan.jpg"},{"@type":"BreadcrumbList","@id":"https:\/\/www.oarcanjo.net\/site\/bem-aventurado-inacio-maloyan\/#breadcrumb","itemListElement":[{"@type":"ListItem","position":1,"name":"In\u00edcio","item":"https:\/\/www.oarcanjo.net\/site\/"},{"@type":"ListItem","position":2,"name":"Bem Aventurado In\u00e1cio Maloyan"}]},{"@type":"WebSite","@id":"https:\/\/www.oarcanjo.net\/site\/#website","url":"https:\/\/www.oarcanjo.net\/site\/","name":"O Arcanjo no ar","description":"Site da Par\u00f3quia S\u00e3o Miguel Arcanjo (Arquidiocese de SP)","publisher":{"@id":"https:\/\/www.oarcanjo.net\/site\/#organization"},"potentialAction":[{"@type":"SearchAction","target":{"@type":"EntryPoint","urlTemplate":"https:\/\/www.oarcanjo.net\/site\/?s={search_term_string}"},"query-input":{"@type":"PropertyValueSpecification","valueRequired":true,"valueName":"search_term_string"}}],"inLanguage":"pt-BR"},{"@type":"Organization","@id":"https:\/\/www.oarcanjo.net\/site\/#organization","name":"Par\u00f3quia S\u00e3o Miguel Arcanjo","url":"https:\/\/www.oarcanjo.net\/site\/","logo":{"@type":"ImageObject","inLanguage":"pt-BR","@id":"https:\/\/www.oarcanjo.net\/site\/#\/schema\/logo\/image\/","url":"https:\/\/www.oarcanjo.net\/site\/wp-content\/uploads\/LogoOArcanjo.png","contentUrl":"https:\/\/www.oarcanjo.net\/site\/wp-content\/uploads\/LogoOArcanjo.png","width":319,"height":99,"caption":"Par\u00f3quia S\u00e3o Miguel Arcanjo"},"image":{"@id":"https:\/\/www.oarcanjo.net\/site\/#\/schema\/logo\/image\/"},"sameAs":["https:\/\/www.facebook.com\/OArcanjoNoAr\/"]},{"@type":"Person","@id":"https:\/\/www.oarcanjo.net\/site\/#\/schema\/person\/5eb9480bedd2f3c97e430ce128c29c6c","name":"danilo"}]}},"publishpress_future_action":{"enabled":false,"date":"2026-05-08 19:33:11","action":"category","newStatus":"draft","terms":[],"taxonomy":"category"},"publishpress_future_workflow_manual_trigger":{"enabledWorkflows":[]},"_links":{"self":[{"href":"https:\/\/www.oarcanjo.net\/site\/wp-json\/wp\/v2\/posts\/9809"}],"collection":[{"href":"https:\/\/www.oarcanjo.net\/site\/wp-json\/wp\/v2\/posts"}],"about":[{"href":"https:\/\/www.oarcanjo.net\/site\/wp-json\/wp\/v2\/types\/post"}],"author":[{"embeddable":true,"href":"https:\/\/www.oarcanjo.net\/site\/wp-json\/wp\/v2\/users\/14"}],"replies":[{"embeddable":true,"href":"https:\/\/www.oarcanjo.net\/site\/wp-json\/wp\/v2\/comments?post=9809"}],"version-history":[{"count":0,"href":"https:\/\/www.oarcanjo.net\/site\/wp-json\/wp\/v2\/posts\/9809\/revisions"}],"wp:attachment":[{"href":"https:\/\/www.oarcanjo.net\/site\/wp-json\/wp\/v2\/media?parent=9809"}],"wp:term":[{"taxonomy":"category","embeddable":true,"href":"https:\/\/www.oarcanjo.net\/site\/wp-json\/wp\/v2\/categories?post=9809"},{"taxonomy":"post_tag","embeddable":true,"href":"https:\/\/www.oarcanjo.net\/site\/wp-json\/wp\/v2\/tags?post=9809"}],"curies":[{"name":"wp","href":"https:\/\/api.w.org\/{rel}","templated":true}]}}