
{"id":9811,"date":"2016-06-13T00:55:37","date_gmt":"2016-06-13T03:55:37","guid":{"rendered":"http:\/\/www.oarcanjo.net\/site\/?p=9811"},"modified":"2016-06-10T18:35:37","modified_gmt":"2016-06-10T21:35:37","slug":"santo-antonio-de-padua","status":"publish","type":"post","link":"https:\/\/www.oarcanjo.net\/site\/santo-antonio-de-padua\/","title":{"rendered":"Santo Ant\u00f4nio de P\u00e1dua"},"content":{"rendered":"<p><img decoding=\"async\" src=\"http:\/\/harmoniacelestial.files.wordpress.com\/2009\/06\/santo_antonio_trezena1.jpg\" alt=\"\" \/><\/p>\n<p>13 de Junho<\/p>\n<p>Santo Ant\u00f4nio de P\u00e1dua \u00e9 t\u00e3o conhecido por seu nome de ordena\u00e7\u00e3o que cham\u00e1-lo pelo nome que recebeu no batismo parece estranho: Fernando de Bulh\u00f5es e Taveira de Azevedo. Al\u00e9m disso, ele era portugu\u00eas: nasceu em 1195, em Lisboa. De fam\u00edlia muito rica e da nobreza, ingressou muito jovem na Ordem dos C\u00f4negos Regulares de Santo Agostinho. Fez seus estudos filos\u00f3ficos e teol\u00f3gicos em Coimbra e foi l\u00e1 tamb\u00e9m que se ordenou sacerdote. Nesse tempo, ainda estava vivo Francisco de Assis, e os primeiros frades dirigidos por ele chegavam a Portugal, instalando ali um mosteiro.<\/p>\n<p><strong>\u201cMartelo dos hereges\u201d<\/strong><\/p>\n<p><strong>O grande Santo de P\u00e1dua \u2013 ou de Lisboa, sua cidade natal \u2013 embora com uma curta exist\u00eancia terrena, tornou-se um dos santos mais populares do mundo, sendo venerado tanto no Oriente quanto no Ocidente.<\/strong><\/p>\n<p>Protetor dos pobres, o aux\u00edlio na busca de objetos ou pessoas perdidas, o amigo nas causas do cora\u00e7\u00e3o. Assim \u00e9 Santo Ant\u00f4nio de P\u00e1dua, frei franciscano portugu\u00eas, <strong><em>que trocou o conforto de uma abastada fam\u00edlia burguesa pela vida religiosa<\/em><\/strong>. \u00a0\u201cDoutor da Igreja\u201d, \u201cMartelo dos Hereges\u201d, \u201cDoutor Evang\u00e9lico\u201d, \u201cArca do Testamento\u201d, \u201cSanto de todo o mundo\u201d \u2013 s\u00e3o alguns dos t\u00edtulos com que os Soberanos Pont\u00edfices honraram aquele cuja vida foi, no dizer de um de seus bi\u00f3grafos, um milagre cont\u00ednuo.<\/p>\n<p>\u00c9 o santo dos milagres, tal a quantidade de fatos extraordin\u00e1rios e sobrenaturais, obtidos <em><strong>atrav\u00e9s de sua ora\u00e7\u00e3o, que acompanhavam a sua prega\u00e7\u00e3o.<\/strong><\/em> Sua l\u00edngua est\u00e1 miraculosamente conservada em P\u00e1dua, h\u00e1 775 anos. A sua devo\u00e7\u00e3o no Brasil foi uma rica heran\u00e7a dos portugueses.<\/p>\n<p>Natural de Lisboa onde nasceu em 15 de agosto 1195, Ele era o filho \u00fanico herdeiro dos nobres Martinho de Bulh\u00f5es e Teresa Taveira, o futuro santo recebeu no batismo o nome de Fernando. De boa \u00edndole, inclinado \u00e0 piedade e \u00e0s coisas santas, sua forma\u00e7\u00e3o espiritual e intelectual foi confiada aos c\u00f4negos da Catedral de Lisboa por seu pai, oficial no ex\u00e9rcito de D. Afonso. Reservado, Fernando preferia a solid\u00e3o das bibliotecas e dos orat\u00f3rios \u00e0s discuss\u00f5es religiosas.<\/p>\n<p>Segundo alguns de seus bi\u00f3grafos, na adolesc\u00eancia Fernando foi acometido por violenta tenta\u00e7\u00e3o contra a pureza. Para aplac\u00e1-la, estando na catedral, o jovem tra\u00e7ou uma cruz com os dedos, numa coluna de m\u00e1rmore, ficando nela impressa como em cera. Avaliando nessa ocasi\u00e3o os perigos que corria, o adolescente quis entrar para o mosteiro de S\u00e3o Vicente de Fora, dos Cl\u00e9rigos Regulares de Santo Agostinho, nos arredores da capital portuguesa, quando contava 19 anos de idade.<\/p>\n<p>Ali permaneceu dois anos, findos os quais, por ser muito procurado por parentes e amigos, pediu aos superiores que o transferissem para o mosteiro Santa Cruz de Coimbra, casa-m\u00e3e do Instituto.<\/p>\n<p>Foi ordenado sacerdote em 1220. Frei Fernando, entretanto, almejava abra\u00e7ar um g\u00eanero de vida mais perfeito e mais de acordo com suas \u00edntimas aspira\u00e7\u00f5es.<\/p>\n<p><strong><em>\u00a0\u00a0\u00a0\u00a0\u00a0\u00a0\u00a0 Transfer\u00eancia para a Ordem Franciscana<\/em><\/strong><\/p>\n<p>Quando chegaram a Coimbra os restos mortais dos cinco protom\u00e1rtires franciscanos, que deram sua vida pela F\u00e9 no Marrocos, Frei Fernando sentiu imenso desejo de imit\u00e1-los, vertendo tamb\u00e9m seu sangue por Cristo.<\/p>\n<p>Um dia, no ver\u00e3o de 1220, quando dois franciscanos foram ao seu mosteiro pedir esmola, Frei Fernando perguntou-lhes se, passando ele para sua Ordem, o enviariam \u00e0 terra dos mouros para l\u00e1 sofrer o mart\u00edrio. Eles deram resposta afirmativa. No dia seguinte, depois de obter, a duras penas, autoriza\u00e7\u00e3o de seu Superior, mudou-se para o eremit\u00e9rio franciscano, onde se tornou um filho de S\u00e3o Francisco de Assis.<\/p>\n<p>Frei Fernando mudou ent\u00e3o seu nome para o do onom\u00e1stico do eremit\u00e9rio, Antonio, que ele imortalizaria.<\/p>\n<p>Conforme o combinado, Frei Antonio foi enviado no fim desse mesmo ano \u00e0 \u00c1frica. Entretanto n\u00e3o estava nos planos da Provid\u00eancia que ele ilustrasse a Igreja como m\u00e1rtir, mas com suas prega\u00e7\u00f5es e santa vida.<\/p>\n<p>Assim, chegando ao continente africano, foi atacado de terr\u00edvel doen\u00e7a, que o reteve no leito por longo per\u00edodo. Os superiores decidiram que, para curar-se, Frei Antonio deveria voltar a Portugal.<\/p>\n<p><strong><em>\u00a0\u00a0\u00a0\u00a0\u00a0\u00a0\u00a0 Guiado pela m\u00e3o da Divina Provid\u00eancia.<\/em><\/strong><\/p>\n<p>A m\u00e3o da Provid\u00eancia, no entanto, desejava-o em outro campo de luta. O navio em que estava o convalescente, levado pela tempestade, foi parar nas costas da It\u00e1lia, onde o santo encontrou abrigo em Messina, na Sic\u00edlia. L\u00e1 soube que o ser\u00e1fico S\u00e3o Francisco havia convocado um Cap\u00edtulo em Assis, para maio de 1221. Antonio poderia, enfim, ver o pai e fundador dos franciscanos e contemplar sua ang\u00e9lica virtude.<\/p>\n<p>Naquela grande assembl\u00e9ia o Provincial da Rom\u00eania resolveu lev\u00e1-lo consigo. \u00a0Homem de ora\u00e7\u00e3o, Santo Ant\u00f4nio (<strong><em>que se tornou santo porque dedicou toda a sua vida para os mais pobres e para o servi\u00e7o de Deus.<\/em><\/strong>) sentiu a necessidade de se retirar para um local afastado e ali sentir Deus.<\/p>\n<p>Frei Antonio obteve dele licen\u00e7a para permanecer no eremit\u00e9rio do Monte Paulo a fim de entregar-se ao isolamento e \u00e0 contempla\u00e7\u00e3o. Ali viveu como eremita; partilharam desta mesma id\u00e9ia alguns dos seus companheiros de h\u00e1bito Franciscano. O quarto onde dormia era simples, teciam a pr\u00f3pria roupa, faziam os servi\u00e7os mais humildes. Foi um per\u00edodo de aproximadamente um ano.<\/p>\n<p>Entretanto a m\u00e3o de Deus velava sobre ele, e chegou o tempo em que <strong><em>aquela luz deveria brilhar<\/em><\/strong> para o bem do mundo inteiro.<\/p>\n<p><strong><em>\u00a0\u00a0\u00a0\u00a0\u00a0\u00a0\u00a0 Inicia a vida apost\u00f3lica como grande Pregador<\/em><\/strong><\/p>\n<p>Foi enviado a Forli com alguns franciscanos e dominicanos que deveriam receber as ordens sacras. O Padre guardi\u00e3o do convento em que se hospedavam pediu que algum dos presentes dissesse algo para a gl\u00f3ria de Deus e edifica\u00e7\u00e3o dos demais. Um a um, foram todos escusando-se por n\u00e3o estarem preparados. Restava Antonio. Sem muita convic\u00e7\u00e3o, o Superior mandou-lhe ent\u00e3o que falasse, \u00e0 falta dos demais.<\/p>\n<p>Era a primeira vez que Antonio falava em p\u00fablico, e ent\u00e3o viu-se a maravilha: de sua boca sa\u00edram palavras de fogo, demonstrando profundo conhecimento teol\u00f3gico e das Escrituras, tudo exposto com uma l\u00f3gica, clareza e concis\u00e3o que conquistou a todos.<\/p>\n<p>Entusiasmado, o Guardi\u00e3o comunicou aquele sucesso ao Provincial, que transmitiu a not\u00edcia a S\u00e3o Francisco. O Poverello mandou ent\u00e3o que Frei Ant\u00f4nio estudasse teologia escol\u00e1stica para dedicar-se \u00e0 prega\u00e7\u00e3o. Pouco depois, em vista de seus progressos, ordenou-lhe S. Francisco que trabalhasse na salva\u00e7\u00e3o das almas. Era o ano 1222.<\/p>\n<p><strong><em>\u00a0\u00a0\u00a0\u00a0\u00a0\u00a0\u00a0 For\u00e7a irresist\u00edvel de suas palavras.<\/em><\/strong><\/p>\n<p>Segundo seus bi\u00f3grafos, ele tinha um exterior polido, gestos elegantes e aspecto atraente. Sua voz era forte, clara, agrad\u00e1vel, e sua mem\u00f3ria feliz. A essas vantagens, juntava uma a\u00e7\u00e3o cheia de gra\u00e7a.<\/p>\n<p>Entretanto, seu tra\u00e7o caracter\u00edstico, o milagre constante de sua exist\u00eancia, \u00e9 a for\u00e7a incontest\u00e1vel de sua prega\u00e7\u00e3o, o poder de sua voz sobre os cora\u00e7\u00f5es e as intelig\u00eancias.<\/p>\n<p>Quando ele fulminava os v\u00edcios e as heresias \u2014 das quais o mundo estava ent\u00e3o extremamente infectado \u2014 era como uma torrente de fogo que revira tudo, e \u00e0 qual ningu\u00e9m pode resistir. Freq\u00fcentemente, se bem que falasse (durante o serm\u00e3o) uma s\u00f3 l\u00edngua, era entendido por pessoas de toda esp\u00e9cie de pa\u00edses. Da\u00ed seu sucesso extraordin\u00e1rio, tanto na It\u00e1lia quanto na Fran\u00e7a. Por isso, o Provincial o encarregou da a\u00e7\u00e3o apost\u00f3lica contra os hereges na regi\u00e3o da Romanha e no norte da It\u00e1lia quando se tornou extraordin\u00e1rio pregador popular.<\/p>\n<p>Ap\u00f3s alguns anos de frade itinerante, foi nomeado, por carta, por S\u00e3o Francisco, <strong><em>o primeiro Leitor de Teologia da Ordem<\/em><\/strong>. Mas, este magist\u00e9rio de teologia para os franciscanos de Bolonha demorou pouco porque o Papa mobilizou todos os pregadores dominicanos e franciscanos para combater a heresia albigense na Fran\u00e7a. Por isso, passou tr\u00eas anos, lecionando, pregando e fazendo milagres no sul da Fran\u00e7a \u2013 Montpellier, Toulouse, L\u00ea Puy, Bourges, Arles e Limoges.<\/p>\n<p><strong><em>\u00a0\u00a0\u00a0\u00a0\u00a0\u00a0\u00a0\u00a0\u00a0\u00a0 Os Milagres.<\/em><\/strong><\/p>\n<p>As multid\u00f5es acorriam, e at\u00e9 os comerciantes fechavam suas lojas para ir ouvi-lo; a cidade e toda a redondeza literalmente paravam. Sendo pequenas as igrejas para tanta gente \u2014 \u00e0s vezes chegavam a juntar-se at\u00e9 30 mil pessoas num s\u00f3 serm\u00e3o \u2014 ele falava nas pra\u00e7as p\u00fablicas. Quando terminava, \u201cera necess\u00e1rio que alguns homens valentes e robustos o levantassem e protegessem das pessoas que vinham beijar-lhe a m\u00e3o e tocar-lhe o h\u00e1bito\u201d. O n\u00famero de sacerdotes que o acompanhavam era pequeno para depois ouvirem as confiss\u00f5es dos que, tocados por seu serm\u00e3o, queriam emendar-se de vida.<\/p>\n<p>Seus serm\u00f5es eram seguidos de milagres como n\u00e3o se viam desde o tempo dos Ap\u00f3stolos. Praticamente n\u00e3o havia coxo, cego ou paral\u00edtico que, depois de receber sua b\u00ean\u00e7\u00e3o, n\u00e3o ficasse s\u00e3o. Numa ocasi\u00e3o converteu 22 ladr\u00f5es, que por curiosidade foram ouvi-lo. O n\u00famero de hereges por ele convertidos n\u00e3o tem fim.<\/p>\n<p><strong><em>\u00a0\u00a0\u00a0\u00a0\u00a0\u00a0\u00a0 Prega\u00e7\u00e3o aos peixes para confundir os indiferentes.<\/em><\/strong><\/p>\n<p>Um dos milagres mais conhecidos de Santo Antonio foi sua prega\u00e7\u00e3o aos peixes. Na cidade italiana em Rimini ao norte da It\u00e1lia, os hereges impediam o povo de ir aos seus serm\u00f5es. Algumas pessoas correram na frente de Ant\u00f4nio e preveniram o povo daquela cidade afirmando que o frei era mentiroso e falso.<\/p>\n<p>Durante seu serm\u00e3o, o povo se mantinha indiferente. Ent\u00e3o, apelou para o milagre abandonando seus ouvintes, foi pregar \u00e0 beira-mar. Milhares de peixes de v\u00e1rios tipos e tamanhos puseram a cabe\u00e7a fora da \u00e1gua para ouvir o santo. Ant\u00f4nio elogiou a participa\u00e7\u00e3o dos peixes na hist\u00f3ria da salva\u00e7\u00e3o. Assim daria uma li\u00e7\u00e3o ao povo do vilarejo, e alguns que viram o acontecimento, tinham sido testemunha, para o restante da popula\u00e7\u00e3o. Este milagre invadiu a cidade com entusiasmo e os hereges ficaram envergonhados.<\/p>\n<p>Santo Antonio foi cognominado \u201cMartelo dos Hereges\u201d, porque a heresia n\u00e3o teve inimigo mais formid\u00e1vel. Sua mais antiga biografia, conhecida pelo nome de Ass\u00eddua, relata: \u201cDia e noite tinha discuss\u00f5es com os hereges; expunha-lhes com grande clareza o dogma cat\u00f3lico; refutava vitoriosamente os preceitos deles, revelando em tudo ci\u00eancia admir\u00e1vel e for\u00e7a suave de persuas\u00e3o que penetrava a alma dos seus contr\u00e1rios\u201d.<\/p>\n<p><strong><em>\u00a0\u00a0\u00a0\u00a0\u00a0\u00a0\u00a0 O testemunho na presen\u00e7a real de Jesus na Sant\u00edssima Eucaristia.<\/em><\/strong><\/p>\n<p>Um herege negava a <strong><em>Presen\u00e7a Real no Sant\u00edssimo Sacramento<\/em><\/strong>. Para acreditar, dizia, queria um milagre.<\/p>\n<p>E prop\u00f4s o seguinte:<\/p>\n<p><em>Deixaria sua mula sem comer durante tr\u00eas dias. Depois disso, oferecer-lhe-ia feno e aveia, <strong>e Frei Antonio a H\u00f3stia consagrada<\/strong><\/em>. <em>Se a besta deixasse a comida para ir<\/em> <strong><em>adorar a H\u00f3stia<\/em><\/strong>, <em>ele creria, disse<\/em>.<\/p>\n<p>Isso foi feito diante de toda a cidade.<\/p>\n<p>E a mula faminta, tendo que escolher entre o alimento e o respeito \u00e0 <strong><em>H\u00f3stia consagrada<\/em><\/strong>, foi ajoelhar-se diante desta, que o santo Ant\u00f4nio segurava nas m\u00e3os.<\/p>\n<p>Desde a mais tenra inf\u00e2ncia Antonio fora devoto de Nossa Senhora, e Ela v\u00e1rias vezes o socorreu. Um dia, por exemplo, em que o dem\u00f4nio n\u00e3o podia mais suportar o bem que o santo fazia, agarrou-o pelo pesco\u00e7o t\u00e3o violentamente, que o enforcava. Antonio mal p\u00f4de balbuciar as palavras da ant\u00edfona a Nossa Senhora, <strong><em>\u201cO Gloriosa Domina\u201d.<\/em><\/strong> No mesmo instante o dem\u00f4nio fugiu apavorado. Recomposto, Antonio viu a seu lado a Rainha do C\u00e9u resplandecente de gl\u00f3ria.<\/p>\n<p><strong><em>\u00a0\u00a0\u00a0\u00a0\u00a0\u00a0\u00a0 O Menino Jesus.<\/em><\/strong><\/p>\n<p>Certa vez Frei Ant\u00f4nio se hospedou na casa de uma fam\u00edlia muito amiga. A noite o dono da casa percebeu uma luz t\u00e3o forte que vinha do quarto de Ant\u00f4nio que n\u00e3o poderia ser das velas. Vencido pela curiosidade levantou-se e foi espiar. O que viu? Ant\u00f4nio com o menino Jesus no colo. O menino, tendo os bracinhos enla\u00e7ados ao redor do pesco\u00e7o do frade. Conversavam amigavelmente.<\/p>\n<p><strong><em>\u00a0\u00a0\u00a0\u00a0\u00a0\u00a0\u00a0 A Morte de santo Ant\u00f4nio<\/em><\/strong><\/p>\n<p>\u00a0\u00a0\u00a0\u00a0\u00a0\u00a0\u00a0 Em 1229, foi morar com os seus irm\u00e3os franciscanos, perto de P\u00e1dua, no convento de Arcella, em Camposampiero. Ant\u00f4nio estava muito doente. Tinha hidropisia.<\/p>\n<p>\u00a0\u00a0\u00a0\u00a0\u00a0\u00a0\u00a0 Apos as pregadas da Quaresma de 1231, sentiu-se cansado e esgotado. Precisava de repouso. Os frades fizeram para ele um quarto em cima de uma \u00e1rvore, mas mesmo assim o povo o procurava e Ant\u00f4nio j\u00e1 muito debilitado falava ao povo de cima de uma nogueira em Camposampiero.<\/p>\n<p>\u00a0\u00a0\u00a0\u00a0\u00a0\u00a0\u00a0 Decidiram ent\u00e3o lev\u00e1-lo a P\u00e1dua. (P\u00e1dua est\u00e1 situada na Regi\u00e3o de Veneto, norte da It\u00e1lia, rica em belezas naturais, obras de arte e arquitetura. Antiga cidade universit\u00e1ria que possui uma ilustre hist\u00f3ria acad\u00eamica).<\/p>\n<p>Agasalharam o frei e colocaram em um carro puxado por bois. A viagem era longa. Ant\u00f4nio foi piorando. Pararam em um povoado que havia um convento franciscano. Ant\u00f4nio piorava, precisava ficar sentado pois sofria de falta de ar. Recebeu os sacramentos e se despediu de todos e ainda cantou o bendito: \u201c\u00d3 Virgem gloriosa que estais acima das estrelas\u2026\u201d Depois ergueu os olhos para o c\u00e9u e disse \u201cEstou vendo o Senhor\u201d. Pouco depois morreu. Era dia 13 de junho de 1231. Frei Ant\u00f4nio tinha 36 anos de idade.<\/p>\n<p>\u00a0\u00a0\u00a0\u00a0\u00a0\u00a0\u00a0 Imediatamente as crian\u00e7as de P\u00e1dua sa\u00edram espontaneamente pelas ruas gritando: \u201cO santo morreu! O santo morreu!\u201d. Ao mesmo tempo, em Lisboa, sua cidade natal, os sinos puseram-se a repicar por si s\u00f3s, e o povo saiu \u00e0s ruas. Somente mais tarde \u00e9 que souberam do ocorrido.<\/p>\n<p>Santo Ant\u00f4nio \u00e9 o santo padroeiro dos casamentos.<\/p>\n<p><strong><em>\u00a0\u00a0\u00a0\u00a0\u00a0\u00a0\u00a0\u00a0 A Canoniza\u00e7\u00e3o de SANTO ANT\u00d4NIO.<\/em><\/strong><\/p>\n<p>\u00a0\u00a0\u00a0\u00a0\u00a0\u00a0\u00a0 Foi tanta a repercuss\u00e3o de sua morte e tantos os milagres, que, onze meses ap\u00f3s sua morte, \u00e9 canonizado pelo Papa Greg\u00f3rio IX em 1232; Foi \u00a0o processo mais r\u00e1pido da hist\u00f3ria da igreja .<\/p>\n<p>\u00a0\u00a0\u00a0\u00a0\u00a0\u00a0\u00a0 Em 1263, quando seu corpo foi exumado, sua l\u00edngua estava intacta e continua intacta at\u00e9 hoje, numa redoma de vidro, na Bas\u00edlica de Santo Ant\u00f4nio, em P\u00e1dua, onde est\u00e3o seus restos mortais.<\/p>\n<p>\u00a0\u00a0\u00a0\u00a0\u00a0\u00a0\u00a0 Em 1946 \u00e9 oficialmente proclamado Doutor da Igreja por Pio XII, sendo-lhe atribu\u00eddo o ep\u00edteto de Evang\u00e9lico pelo vasto conhecimento das Sagradas Escrituras patente nos seus Serm\u00f5es.<\/p>\n<p>Na It\u00e1lia e no Brasil, por exemplo, ele \u00e9 venerado por ajudar a arranjar casamentos e encontrar coisas perdidas. H\u00e1 tamb\u00e9m uma forma de caridade denominada &#8220;P\u00e3o de Santo Antonio&#8221;, que copia as atitudes do santo em favor dos pobres e famintos. No Brasil, ele \u00e9 comemorado numa das festas mais alegres e populares, estando entre as tr\u00eas maiores das chamadas festas juninas. No ano de 1946, foi proclamado doutor da Igreja pelo papa Pio XII.<\/p>\n<p><img loading=\"lazy\" decoding=\"async\" src=\"http:\/\/www.baixaki.com.br\/imagens\/wpapers\/BXK9360_basilica-santo-antonio-padova-por-eliomar-ribeiro800.jpg\" alt=\"\" width=\"801\" height=\"601\" \/><\/p>\n<p>Basilica<\/p>\n<p><img decoding=\"async\" src=\"http:\/\/1.bp.blogspot.com\/_0kllIMSPrgs\/SjNpuFnfNcI\/AAAAAAAAA-M\/4JL8iP_B3RA\/s400\/cc.jpg\" alt=\"\" \/><\/p>\n<p>L\u00edngua de Santo Antonio<\/p>\n<h2>Exposi\u00e7\u00e3o do Corpo de Santo Ant\u00f4nio\u00a02010<\/h2>\n<div>\n<div>\n<div>\n<p><!-- \t\t@page { margin: 2cm } \t\tP { margin-bottom: 0.21cm } \t\tA:link { so-language: zxx } --><strong>IT\u00c1LIA<\/strong>\u00a0<\/p>\n<p>Por Juliana Bassetti, P\u00e1dua, It\u00e1lia\u00a0<\/p>\n<p>Um momento hist\u00f3rico e raro para os cat\u00f3licos de todo o mundo acontecer\u00e1 neste m\u00eas em P\u00e1dua, cidade da prov\u00edcia do V\u00eaneto: a exposi\u00e7\u00e3o dos restos mortais de Santo Ant\u00f4nio. Desde a sua morte, no ano de 1231, essa ser\u00e1 a terceira vez que o corpo do santo estar\u00e1 vis\u00edvel ao p\u00fablico.\u00a0<\/p>\n<p>A exposi\u00e7\u00e3o acontece entre os dias 15 e 21 de fevereiro na \u201cPontificia Basilica del Santo\u201d e a visita\u00e7\u00e3o \u00e9 gratuita.\u00a0<\/p>\n<p><strong>Hist\u00f3rico<\/strong>\u00a0<\/p>\n<div><a href=\"http:\/\/mochilachic.files.wordpress.com\/2010\/02\/gravura-sto1.jpg\"><img loading=\"lazy\" decoding=\"async\" src=\"http:\/\/mochilachic.files.wordpress.com\/2010\/02\/gravura-sto1.jpg?w=99&amp;h=150\" alt=\"Reconhecimento do corpo no S\u00e9c XIII\" width=\"99\" height=\"150\" \/><\/a> Reconhecimento do corpo no S\u00e9c XIII\u00a0<\/div>\n<\/div>\n<p>A primeira abertura do t\u00famulo foi em 1263. O objetivo dos freis era por um fim \u00e0 d\u00favida de que a caixa mortu\u00e1ria estava vazia. Prega a hist\u00f3ria cat\u00f3lica que naquela oportunidade o ent\u00e3o Frei Boaventura (postumamente santificado e hoje Santo Boaventura) encontrou o corpo do santo j\u00e1 decomposto mas com a l\u00edngua intacta. Para os devotos, o milagre se devia ao fato de Santo Ant\u00f4nio pregar a palavra de Deus.\u00a0\u00a0Em 1981 a tumba foi reaberta para trocar a antiga caixa mortu\u00e1ria de madeira por uma de cristal. Os ossos foram organizados como um esqueleto e a redoma foi guardada dentro de uma arca de m\u00e1rmore. Nessa oportunidade a ossada foi examinada e os peritos descobriram que n\u00e3o s\u00f3 a l\u00edngua que Boaventura encontrara no s\u00e9culo XIII estava intacta, mas tamb\u00e9m todo aparelho fonador. Desde ent\u00e3o, esses peda\u00e7os do corpo do santo est\u00e3o expostos na Bas\u00edlica.<\/p>\n<div><a href=\"http:\/\/mochilachic.files.wordpress.com\/2010\/02\/capela-dallarca2.jpg\"><img loading=\"lazy\" decoding=\"async\" src=\"http:\/\/mochilachic.files.wordpress.com\/2010\/02\/capela-dallarca2.jpg?w=150&amp;h=99\" alt=\"Cappella dell'Arca restaurada\" width=\"150\" height=\"99\" \/><\/a> Cappella dell&#8217;Arca restaurada\u00a0<\/div>\n<\/div>\n<p>Em abril de 2008 a Cappella Dell\u2019Arca, onde fica mausol\u00e9u de m\u00e1rmore dentro da Bas\u00edlica, passou por uma restaura\u00e7\u00e3o e a arca foi transferida para uma outra capela. A restaura\u00e7\u00e3o foi conclu\u00edda em dezembro do ano passado.\u00a0<\/p>\n<p>Em janeiro de 2010, faltando pouco mais de um m\u00eas para devolver Santo Ant\u00f4nio a sua capela, os Frades Menores Conventuais que coordenam a Bas\u013aica decidiram fazer uma nova exposi\u00e7\u00e3o dos restos mortais.\u00a0<\/p>\n<p>Por seis dias, a Bas\u00edlica ficar\u00e1 aberta das 6h15 \u00e0s 19h e no \u00faltimo dia, s\u00e1bado at\u00e9 \u00e0s 20h. Ainda n\u00e3o se sabe a possibilidade de estender esse per\u00edodo, como ocorreu na exposi\u00e7\u00e3o de 1981. A organiza\u00e7\u00e3o do evento espera a visita de mais 100 mil pelegrinos. O Papa tamb\u00e9m foi convidado mas at\u00e9 agora n\u00e3o confirmou presen\u00e7a. Uma webcam estar\u00e1 ligada 24h sobre o corpo do santo para os devotos que puderam vir a Padova acompanhar o evento. Portadores de necessidades especiais devem solicitar um crach\u00e1 espec\u00edfico.\u00a0<\/p>\n<p>Mais informa\u00e7\u00f5es: <a href=\"http:\/\/go2.wordpress.com\/?id=725X1342&amp;site=mochilachic.wordpress.com&amp;url=http%3A%2F%2Fwww.santoantonio.org%2Fostensionedelsanto2010&amp;sref=http%3A%2F%2Fmochilachic.com.br%2F2010%2F02%2F02%2Fexposicao-do-corpo-de-santo-antonio-2010%2F\">\u00a0www.santoantonio.org\/ostensionedelsanto2010 <\/a>\u00a0<\/p>\n<\/div>\n<div><a href=\"http:\/\/mochilachic.files.wordpress.com\/2010\/02\/santo_redux.jpg\"><img loading=\"lazy\" decoding=\"async\" src=\"http:\/\/mochilachic.files.wordpress.com\/2010\/02\/santo_redux.jpg?w=300&amp;h=224\" alt=\"Frei admira esqueleto de Santo Ant\u00f4nio em redoma de cristal \" width=\"300\" height=\"224\" \/><\/a>\u00a0<img decoding=\"async\" src=\"http:\/\/mochilachic.files.wordpress.com\/2010\/02\/esqueleto-sto1.jpg\" alt=\"\" \/><\/div>\n<div>Freis admiram esqueleto de Santo Ant\u00f4nio em redoma de cristal<\/div>\n<div id=\"themify_builder_content-9811\" data-postid=\"9811\" class=\"themify_builder_content themify_builder_content-9811 themify_builder themify_builder_front\">\n\t<\/div>\n<!-- \/themify_builder_content -->","protected":false},"excerpt":{"rendered":"<p>13 de Junho Santo Ant\u00f4nio de P\u00e1dua \u00e9 t\u00e3o conhecido por seu nome de ordena\u00e7\u00e3o que cham\u00e1-lo pelo nome que recebeu no batismo parece estranho: Fernando de Bulh\u00f5es e Taveira de Azevedo. Al\u00e9m disso, ele era portugu\u00eas: nasceu em 1195, em Lisboa. De fam\u00edlia muito rica e da nobreza, ingressou muito jovem na Ordem dos [&hellip;]<\/p>\n","protected":false},"author":14,"featured_media":0,"comment_status":"open","ping_status":"open","sticky":false,"template":"","format":"standard","meta":{"ngg_post_thumbnail":0,"footnotes":""},"categories":[186],"tags":[],"yoast_head":"<!-- This site is optimized with the Yoast SEO plugin v23.5 - https:\/\/yoast.com\/wordpress\/plugins\/seo\/ -->\n<title>Santo Ant\u00f4nio de P\u00e1dua - O Arcanjo no ar<\/title>\n<meta name=\"robots\" content=\"index, follow, max-snippet:-1, max-image-preview:large, max-video-preview:-1\" \/>\n<link rel=\"canonical\" href=\"https:\/\/www.oarcanjo.net\/site\/santo-antonio-de-padua\/\" \/>\n<meta property=\"og:locale\" content=\"pt_BR\" \/>\n<meta property=\"og:type\" content=\"article\" \/>\n<meta property=\"og:title\" content=\"Santo Ant\u00f4nio de P\u00e1dua - O Arcanjo no ar\" \/>\n<meta property=\"og:description\" content=\"13 de Junho Santo Ant\u00f4nio de P\u00e1dua \u00e9 t\u00e3o conhecido por seu nome de ordena\u00e7\u00e3o que cham\u00e1-lo pelo nome que recebeu no batismo parece estranho: Fernando de Bulh\u00f5es e Taveira de Azevedo. Al\u00e9m disso, ele era portugu\u00eas: nasceu em 1195, em Lisboa. De fam\u00edlia muito rica e da nobreza, ingressou muito jovem na Ordem dos [&hellip;]\" \/>\n<meta property=\"og:url\" content=\"https:\/\/www.oarcanjo.net\/site\/santo-antonio-de-padua\/\" \/>\n<meta property=\"og:site_name\" content=\"O Arcanjo no ar\" \/>\n<meta property=\"article:publisher\" content=\"https:\/\/www.facebook.com\/OArcanjoNoAr\/\" \/>\n<meta property=\"article:published_time\" content=\"2016-06-13T03:55:37+00:00\" \/>\n<meta property=\"article:modified_time\" content=\"2016-06-10T21:35:37+00:00\" \/>\n<meta property=\"og:image\" content=\"http:\/\/harmoniacelestial.files.wordpress.com\/2009\/06\/santo_antonio_trezena1.jpg\" \/>\n<meta name=\"author\" content=\"danilo\" \/>\n<meta name=\"twitter:card\" content=\"summary_large_image\" \/>\n<meta name=\"twitter:label1\" content=\"Escrito por\" \/>\n\t<meta name=\"twitter:data1\" content=\"danilo\" \/>\n\t<meta name=\"twitter:label2\" content=\"Est. tempo de leitura\" \/>\n\t<meta name=\"twitter:data2\" content=\"15 minutos\" \/>\n<script type=\"application\/ld+json\" class=\"yoast-schema-graph\">{\"@context\":\"https:\/\/schema.org\",\"@graph\":[{\"@type\":\"Article\",\"@id\":\"https:\/\/www.oarcanjo.net\/site\/santo-antonio-de-padua\/#article\",\"isPartOf\":{\"@id\":\"https:\/\/www.oarcanjo.net\/site\/santo-antonio-de-padua\/\"},\"author\":{\"name\":\"danilo\",\"@id\":\"https:\/\/www.oarcanjo.net\/site\/#\/schema\/person\/5eb9480bedd2f3c97e430ce128c29c6c\"},\"headline\":\"Santo Ant\u00f4nio de P\u00e1dua\",\"datePublished\":\"2016-06-13T03:55:37+00:00\",\"dateModified\":\"2016-06-10T21:35:37+00:00\",\"mainEntityOfPage\":{\"@id\":\"https:\/\/www.oarcanjo.net\/site\/santo-antonio-de-padua\/\"},\"wordCount\":2979,\"commentCount\":1,\"publisher\":{\"@id\":\"https:\/\/www.oarcanjo.net\/site\/#organization\"},\"image\":{\"@id\":\"https:\/\/www.oarcanjo.net\/site\/santo-antonio-de-padua\/#primaryimage\"},\"thumbnailUrl\":\"http:\/\/harmoniacelestial.files.wordpress.com\/2009\/06\/santo_antonio_trezena1.jpg\",\"articleSection\":[\"Testemunhos\"],\"inLanguage\":\"pt-BR\",\"potentialAction\":[{\"@type\":\"CommentAction\",\"name\":\"Comment\",\"target\":[\"https:\/\/www.oarcanjo.net\/site\/santo-antonio-de-padua\/#respond\"]}]},{\"@type\":\"WebPage\",\"@id\":\"https:\/\/www.oarcanjo.net\/site\/santo-antonio-de-padua\/\",\"url\":\"https:\/\/www.oarcanjo.net\/site\/santo-antonio-de-padua\/\",\"name\":\"Santo Ant\u00f4nio de P\u00e1dua - O Arcanjo no ar\",\"isPartOf\":{\"@id\":\"https:\/\/www.oarcanjo.net\/site\/#website\"},\"primaryImageOfPage\":{\"@id\":\"https:\/\/www.oarcanjo.net\/site\/santo-antonio-de-padua\/#primaryimage\"},\"image\":{\"@id\":\"https:\/\/www.oarcanjo.net\/site\/santo-antonio-de-padua\/#primaryimage\"},\"thumbnailUrl\":\"http:\/\/harmoniacelestial.files.wordpress.com\/2009\/06\/santo_antonio_trezena1.jpg\",\"datePublished\":\"2016-06-13T03:55:37+00:00\",\"dateModified\":\"2016-06-10T21:35:37+00:00\",\"breadcrumb\":{\"@id\":\"https:\/\/www.oarcanjo.net\/site\/santo-antonio-de-padua\/#breadcrumb\"},\"inLanguage\":\"pt-BR\",\"potentialAction\":[{\"@type\":\"ReadAction\",\"target\":[\"https:\/\/www.oarcanjo.net\/site\/santo-antonio-de-padua\/\"]}]},{\"@type\":\"ImageObject\",\"inLanguage\":\"pt-BR\",\"@id\":\"https:\/\/www.oarcanjo.net\/site\/santo-antonio-de-padua\/#primaryimage\",\"url\":\"http:\/\/harmoniacelestial.files.wordpress.com\/2009\/06\/santo_antonio_trezena1.jpg\",\"contentUrl\":\"http:\/\/harmoniacelestial.files.wordpress.com\/2009\/06\/santo_antonio_trezena1.jpg\"},{\"@type\":\"BreadcrumbList\",\"@id\":\"https:\/\/www.oarcanjo.net\/site\/santo-antonio-de-padua\/#breadcrumb\",\"itemListElement\":[{\"@type\":\"ListItem\",\"position\":1,\"name\":\"In\u00edcio\",\"item\":\"https:\/\/www.oarcanjo.net\/site\/\"},{\"@type\":\"ListItem\",\"position\":2,\"name\":\"Santo Ant\u00f4nio de P\u00e1dua\"}]},{\"@type\":\"WebSite\",\"@id\":\"https:\/\/www.oarcanjo.net\/site\/#website\",\"url\":\"https:\/\/www.oarcanjo.net\/site\/\",\"name\":\"O Arcanjo no ar\",\"description\":\"Site da Par\u00f3quia S\u00e3o Miguel Arcanjo (Arquidiocese de SP)\",\"publisher\":{\"@id\":\"https:\/\/www.oarcanjo.net\/site\/#organization\"},\"potentialAction\":[{\"@type\":\"SearchAction\",\"target\":{\"@type\":\"EntryPoint\",\"urlTemplate\":\"https:\/\/www.oarcanjo.net\/site\/?s={search_term_string}\"},\"query-input\":{\"@type\":\"PropertyValueSpecification\",\"valueRequired\":true,\"valueName\":\"search_term_string\"}}],\"inLanguage\":\"pt-BR\"},{\"@type\":\"Organization\",\"@id\":\"https:\/\/www.oarcanjo.net\/site\/#organization\",\"name\":\"Par\u00f3quia S\u00e3o Miguel Arcanjo\",\"url\":\"https:\/\/www.oarcanjo.net\/site\/\",\"logo\":{\"@type\":\"ImageObject\",\"inLanguage\":\"pt-BR\",\"@id\":\"https:\/\/www.oarcanjo.net\/site\/#\/schema\/logo\/image\/\",\"url\":\"https:\/\/www.oarcanjo.net\/site\/wp-content\/uploads\/LogoOArcanjo.png\",\"contentUrl\":\"https:\/\/www.oarcanjo.net\/site\/wp-content\/uploads\/LogoOArcanjo.png\",\"width\":319,\"height\":99,\"caption\":\"Par\u00f3quia S\u00e3o Miguel Arcanjo\"},\"image\":{\"@id\":\"https:\/\/www.oarcanjo.net\/site\/#\/schema\/logo\/image\/\"},\"sameAs\":[\"https:\/\/www.facebook.com\/OArcanjoNoAr\/\"]},{\"@type\":\"Person\",\"@id\":\"https:\/\/www.oarcanjo.net\/site\/#\/schema\/person\/5eb9480bedd2f3c97e430ce128c29c6c\",\"name\":\"danilo\"}]}<\/script>\n<!-- \/ Yoast SEO plugin. -->","yoast_head_json":{"title":"Santo Ant\u00f4nio de P\u00e1dua - O Arcanjo no ar","robots":{"index":"index","follow":"follow","max-snippet":"max-snippet:-1","max-image-preview":"max-image-preview:large","max-video-preview":"max-video-preview:-1"},"canonical":"https:\/\/www.oarcanjo.net\/site\/santo-antonio-de-padua\/","og_locale":"pt_BR","og_type":"article","og_title":"Santo Ant\u00f4nio de P\u00e1dua - O Arcanjo no ar","og_description":"13 de Junho Santo Ant\u00f4nio de P\u00e1dua \u00e9 t\u00e3o conhecido por seu nome de ordena\u00e7\u00e3o que cham\u00e1-lo pelo nome que recebeu no batismo parece estranho: Fernando de Bulh\u00f5es e Taveira de Azevedo. Al\u00e9m disso, ele era portugu\u00eas: nasceu em 1195, em Lisboa. De fam\u00edlia muito rica e da nobreza, ingressou muito jovem na Ordem dos [&hellip;]","og_url":"https:\/\/www.oarcanjo.net\/site\/santo-antonio-de-padua\/","og_site_name":"O Arcanjo no ar","article_publisher":"https:\/\/www.facebook.com\/OArcanjoNoAr\/","article_published_time":"2016-06-13T03:55:37+00:00","article_modified_time":"2016-06-10T21:35:37+00:00","og_image":[{"url":"http:\/\/harmoniacelestial.files.wordpress.com\/2009\/06\/santo_antonio_trezena1.jpg"}],"author":"danilo","twitter_card":"summary_large_image","twitter_misc":{"Escrito por":"danilo","Est. tempo de leitura":"15 minutos"},"schema":{"@context":"https:\/\/schema.org","@graph":[{"@type":"Article","@id":"https:\/\/www.oarcanjo.net\/site\/santo-antonio-de-padua\/#article","isPartOf":{"@id":"https:\/\/www.oarcanjo.net\/site\/santo-antonio-de-padua\/"},"author":{"name":"danilo","@id":"https:\/\/www.oarcanjo.net\/site\/#\/schema\/person\/5eb9480bedd2f3c97e430ce128c29c6c"},"headline":"Santo Ant\u00f4nio de P\u00e1dua","datePublished":"2016-06-13T03:55:37+00:00","dateModified":"2016-06-10T21:35:37+00:00","mainEntityOfPage":{"@id":"https:\/\/www.oarcanjo.net\/site\/santo-antonio-de-padua\/"},"wordCount":2979,"commentCount":1,"publisher":{"@id":"https:\/\/www.oarcanjo.net\/site\/#organization"},"image":{"@id":"https:\/\/www.oarcanjo.net\/site\/santo-antonio-de-padua\/#primaryimage"},"thumbnailUrl":"http:\/\/harmoniacelestial.files.wordpress.com\/2009\/06\/santo_antonio_trezena1.jpg","articleSection":["Testemunhos"],"inLanguage":"pt-BR","potentialAction":[{"@type":"CommentAction","name":"Comment","target":["https:\/\/www.oarcanjo.net\/site\/santo-antonio-de-padua\/#respond"]}]},{"@type":"WebPage","@id":"https:\/\/www.oarcanjo.net\/site\/santo-antonio-de-padua\/","url":"https:\/\/www.oarcanjo.net\/site\/santo-antonio-de-padua\/","name":"Santo Ant\u00f4nio de P\u00e1dua - O Arcanjo no ar","isPartOf":{"@id":"https:\/\/www.oarcanjo.net\/site\/#website"},"primaryImageOfPage":{"@id":"https:\/\/www.oarcanjo.net\/site\/santo-antonio-de-padua\/#primaryimage"},"image":{"@id":"https:\/\/www.oarcanjo.net\/site\/santo-antonio-de-padua\/#primaryimage"},"thumbnailUrl":"http:\/\/harmoniacelestial.files.wordpress.com\/2009\/06\/santo_antonio_trezena1.jpg","datePublished":"2016-06-13T03:55:37+00:00","dateModified":"2016-06-10T21:35:37+00:00","breadcrumb":{"@id":"https:\/\/www.oarcanjo.net\/site\/santo-antonio-de-padua\/#breadcrumb"},"inLanguage":"pt-BR","potentialAction":[{"@type":"ReadAction","target":["https:\/\/www.oarcanjo.net\/site\/santo-antonio-de-padua\/"]}]},{"@type":"ImageObject","inLanguage":"pt-BR","@id":"https:\/\/www.oarcanjo.net\/site\/santo-antonio-de-padua\/#primaryimage","url":"http:\/\/harmoniacelestial.files.wordpress.com\/2009\/06\/santo_antonio_trezena1.jpg","contentUrl":"http:\/\/harmoniacelestial.files.wordpress.com\/2009\/06\/santo_antonio_trezena1.jpg"},{"@type":"BreadcrumbList","@id":"https:\/\/www.oarcanjo.net\/site\/santo-antonio-de-padua\/#breadcrumb","itemListElement":[{"@type":"ListItem","position":1,"name":"In\u00edcio","item":"https:\/\/www.oarcanjo.net\/site\/"},{"@type":"ListItem","position":2,"name":"Santo Ant\u00f4nio de P\u00e1dua"}]},{"@type":"WebSite","@id":"https:\/\/www.oarcanjo.net\/site\/#website","url":"https:\/\/www.oarcanjo.net\/site\/","name":"O Arcanjo no ar","description":"Site da Par\u00f3quia S\u00e3o Miguel Arcanjo (Arquidiocese de SP)","publisher":{"@id":"https:\/\/www.oarcanjo.net\/site\/#organization"},"potentialAction":[{"@type":"SearchAction","target":{"@type":"EntryPoint","urlTemplate":"https:\/\/www.oarcanjo.net\/site\/?s={search_term_string}"},"query-input":{"@type":"PropertyValueSpecification","valueRequired":true,"valueName":"search_term_string"}}],"inLanguage":"pt-BR"},{"@type":"Organization","@id":"https:\/\/www.oarcanjo.net\/site\/#organization","name":"Par\u00f3quia S\u00e3o Miguel Arcanjo","url":"https:\/\/www.oarcanjo.net\/site\/","logo":{"@type":"ImageObject","inLanguage":"pt-BR","@id":"https:\/\/www.oarcanjo.net\/site\/#\/schema\/logo\/image\/","url":"https:\/\/www.oarcanjo.net\/site\/wp-content\/uploads\/LogoOArcanjo.png","contentUrl":"https:\/\/www.oarcanjo.net\/site\/wp-content\/uploads\/LogoOArcanjo.png","width":319,"height":99,"caption":"Par\u00f3quia S\u00e3o Miguel Arcanjo"},"image":{"@id":"https:\/\/www.oarcanjo.net\/site\/#\/schema\/logo\/image\/"},"sameAs":["https:\/\/www.facebook.com\/OArcanjoNoAr\/"]},{"@type":"Person","@id":"https:\/\/www.oarcanjo.net\/site\/#\/schema\/person\/5eb9480bedd2f3c97e430ce128c29c6c","name":"danilo"}]}},"publishpress_future_action":{"enabled":false,"date":"2026-05-08 21:00:19","action":"category","newStatus":"draft","terms":[],"taxonomy":"category"},"publishpress_future_workflow_manual_trigger":{"enabledWorkflows":[]},"_links":{"self":[{"href":"https:\/\/www.oarcanjo.net\/site\/wp-json\/wp\/v2\/posts\/9811"}],"collection":[{"href":"https:\/\/www.oarcanjo.net\/site\/wp-json\/wp\/v2\/posts"}],"about":[{"href":"https:\/\/www.oarcanjo.net\/site\/wp-json\/wp\/v2\/types\/post"}],"author":[{"embeddable":true,"href":"https:\/\/www.oarcanjo.net\/site\/wp-json\/wp\/v2\/users\/14"}],"replies":[{"embeddable":true,"href":"https:\/\/www.oarcanjo.net\/site\/wp-json\/wp\/v2\/comments?post=9811"}],"version-history":[{"count":0,"href":"https:\/\/www.oarcanjo.net\/site\/wp-json\/wp\/v2\/posts\/9811\/revisions"}],"wp:attachment":[{"href":"https:\/\/www.oarcanjo.net\/site\/wp-json\/wp\/v2\/media?parent=9811"}],"wp:term":[{"taxonomy":"category","embeddable":true,"href":"https:\/\/www.oarcanjo.net\/site\/wp-json\/wp\/v2\/categories?post=9811"},{"taxonomy":"post_tag","embeddable":true,"href":"https:\/\/www.oarcanjo.net\/site\/wp-json\/wp\/v2\/tags?post=9811"}],"curies":[{"name":"wp","href":"https:\/\/api.w.org\/{rel}","templated":true}]}}