
{"id":9817,"date":"2016-06-14T00:12:05","date_gmt":"2016-06-14T03:12:05","guid":{"rendered":"http:\/\/www.oarcanjo.net\/site\/?p=9817"},"modified":"2016-06-10T18:36:40","modified_gmt":"2016-06-10T21:36:40","slug":"bem-aventurada-iolanda-da-polonia","status":"publish","type":"post","link":"https:\/\/www.oarcanjo.net\/site\/bem-aventurada-iolanda-da-polonia\/","title":{"rendered":"Bem Aventurada Iolanda da Polonia"},"content":{"rendered":"<p><img decoding=\"async\" src=\"http:\/\/www.marcelorossi.com.br\/2009\/IMGS_SANTOS\/Iolanda%20da%20Polonia%20Bem-aventurada.jpg\" alt=\"\" \/><\/p>\n<p>14 de Junho<\/p>\n<p>Iolanda, ou Helena, como foi chamada depois pelos s\u00faditos poloneses, nasceu no ano de 1235, filha de Bela IV, rei da Hungria, que era terci\u00e1rio franciscano, e irm\u00e3 da bem-aventurada Cunegundes. Al\u00e9m disso, era sobrinha de santa Isabel da Hungria, tamb\u00e9m da Ordem Terceira. Ali\u00e1s, a tradi\u00e7\u00e3o franciscana acompanhou a linhagem desde seus prim\u00f3rdios, pois a fam\u00edlia descendia de santa Edwiges, santo Est\u00eav\u00e3o e s\u00e3o Ladislau.<\/p>\n<p>Por\u00e9m \u00e9 claro que Iolanda n\u00e3o se tornou santa s\u00f3 porque vinha de toda essa tradi\u00e7\u00e3o extremamente cat\u00f3lica e repleta de santos. N\u00e3o basta ter o caminho da f\u00e9 apontado para entrar-se nele. \u00c9 preciso que todo o ser o aceite e o corpo se disponha a caminhar por uma trilha de entrega total e muito \u00e1rdua, como ela fez.<\/p>\n<p>Iolanda foi educada desde muito pequena pela irm\u00e3, Cunegundes, que se casara, ent\u00e3o, com um dos reis mais virtuosos da Pol\u00f4nia, Boleslau, o Casto. Por tradi\u00e7\u00e3o familiar e social da \u00e9poca, Iolanda deveria tamb\u00e9m se casar com algu\u00e9m da terra e, anos depois, escolheu outro Boleslau, o duque de Kalisz, conhecido como &#8220;o Pio&#8221;. Foi uma \u00e9poca de muita alegria para o povo polon\u00eas, que viu nas duas estrangeiras pessoas profundamente bondosas, crist\u00e3s, justas e caridosas. Pena que tenha sido uma \u00e9poca n\u00e3o muito longa, pois alguns anos depois o quarteto foi desmanchado pela fatalidade.<\/p>\n<p>Primeiro morreu o rei, ficando Cunegundes vi\u00fava. Logo o mesmo aconteceu com Iolanda. Ela j\u00e1 tinha ent\u00e3o tr\u00eas filhas, das quais duas se casaram e uma terceira retirou-se para o convento das clarissas de Sandeck, onde j\u00e1 se encontrava Cunegundes. As duas logo seriam seguidas por Iolanda.<\/p>\n<p>Muitos anos se passaram e as tr\u00eas damas crist\u00e3s continuavam naquele lugar, fazendo do sil\u00eancio do claustro o terreno para um fecundo per\u00edodo de medita\u00e7\u00e3o e ora\u00e7\u00e3o. Quando morreu Cunegundes, em 1292, Iolanda deixou aquele mosteiro e foi mais para o Ocidente, ao convento das clarissas de Gniezno, fundado por seu marido. Ali terminou seus dias como superiora, no dia 14 de junho de 1298.<\/p>\n<p>Amada pela popula\u00e7\u00e3o, seu culto ganhou for\u00e7a entre os fi\u00e9is do Leste europeu e difundiu-se por todo o mundo cat\u00f3lico ao longo dos tempos. Seu t\u00famulo tornou-se meta de romeiros, pelos milagres e gra\u00e7as atribu\u00eddos \u00e0 sua intercess\u00e3o. Em 1827, o papa Urbano VIII autorizou a beatifica\u00e7\u00e3o e marcou a festa lit\u00fargica para o dia do seu tr\u00e2nsito.<\/p>\n<div id=\"themify_builder_content-9817\" data-postid=\"9817\" class=\"themify_builder_content themify_builder_content-9817 themify_builder themify_builder_front\">\n\t<\/div>\n<!-- \/themify_builder_content -->","protected":false},"excerpt":{"rendered":"<p>14 de Junho Iolanda, ou Helena, como foi chamada depois pelos s\u00faditos poloneses, nasceu no ano de 1235, filha de Bela IV, rei da Hungria, que era terci\u00e1rio franciscano, e irm\u00e3 da bem-aventurada Cunegundes. Al\u00e9m disso, era sobrinha de santa Isabel da Hungria, tamb\u00e9m da Ordem Terceira. Ali\u00e1s, a tradi\u00e7\u00e3o franciscana acompanhou a linhagem desde [&hellip;]<\/p>\n","protected":false},"author":14,"featured_media":0,"comment_status":"open","ping_status":"open","sticky":false,"template":"","format":"standard","meta":{"ngg_post_thumbnail":0,"footnotes":""},"categories":[186],"tags":[],"yoast_head":"<!-- This site is optimized with the Yoast SEO plugin v23.5 - https:\/\/yoast.com\/wordpress\/plugins\/seo\/ -->\n<title>Bem Aventurada Iolanda da Polonia - O Arcanjo no ar<\/title>\n<meta name=\"robots\" content=\"index, follow, max-snippet:-1, max-image-preview:large, max-video-preview:-1\" \/>\n<link rel=\"canonical\" href=\"https:\/\/www.oarcanjo.net\/site\/bem-aventurada-iolanda-da-polonia\/\" \/>\n<meta property=\"og:locale\" content=\"pt_BR\" \/>\n<meta property=\"og:type\" content=\"article\" \/>\n<meta property=\"og:title\" content=\"Bem Aventurada Iolanda da Polonia - O Arcanjo no ar\" \/>\n<meta property=\"og:description\" content=\"14 de Junho Iolanda, ou Helena, como foi chamada depois pelos s\u00faditos poloneses, nasceu no ano de 1235, filha de Bela IV, rei da Hungria, que era terci\u00e1rio franciscano, e irm\u00e3 da bem-aventurada Cunegundes. Al\u00e9m disso, era sobrinha de santa Isabel da Hungria, tamb\u00e9m da Ordem Terceira. Ali\u00e1s, a tradi\u00e7\u00e3o franciscana acompanhou a linhagem desde [&hellip;]\" \/>\n<meta property=\"og:url\" content=\"https:\/\/www.oarcanjo.net\/site\/bem-aventurada-iolanda-da-polonia\/\" \/>\n<meta property=\"og:site_name\" content=\"O Arcanjo no ar\" \/>\n<meta property=\"article:publisher\" content=\"https:\/\/www.facebook.com\/OArcanjoNoAr\/\" \/>\n<meta property=\"article:published_time\" content=\"2016-06-14T03:12:05+00:00\" \/>\n<meta property=\"article:modified_time\" content=\"2016-06-10T21:36:40+00:00\" \/>\n<meta property=\"og:image\" content=\"http:\/\/www.marcelorossi.com.br\/2009\/IMGS_SANTOS\/Iolanda%20da%20Polonia%20Bem-aventurada.jpg\" \/>\n<meta name=\"author\" content=\"danilo\" \/>\n<meta name=\"twitter:card\" content=\"summary_large_image\" \/>\n<meta name=\"twitter:label1\" content=\"Escrito por\" \/>\n\t<meta name=\"twitter:data1\" content=\"danilo\" \/>\n\t<meta name=\"twitter:label2\" content=\"Est. tempo de leitura\" \/>\n\t<meta name=\"twitter:data2\" content=\"2 minutos\" \/>\n<script type=\"application\/ld+json\" class=\"yoast-schema-graph\">{\"@context\":\"https:\/\/schema.org\",\"@graph\":[{\"@type\":\"Article\",\"@id\":\"https:\/\/www.oarcanjo.net\/site\/bem-aventurada-iolanda-da-polonia\/#article\",\"isPartOf\":{\"@id\":\"https:\/\/www.oarcanjo.net\/site\/bem-aventurada-iolanda-da-polonia\/\"},\"author\":{\"name\":\"danilo\",\"@id\":\"https:\/\/www.oarcanjo.net\/site\/#\/schema\/person\/5eb9480bedd2f3c97e430ce128c29c6c\"},\"headline\":\"Bem Aventurada Iolanda da Polonia\",\"datePublished\":\"2016-06-14T03:12:05+00:00\",\"dateModified\":\"2016-06-10T21:36:40+00:00\",\"mainEntityOfPage\":{\"@id\":\"https:\/\/www.oarcanjo.net\/site\/bem-aventurada-iolanda-da-polonia\/\"},\"wordCount\":434,\"commentCount\":0,\"publisher\":{\"@id\":\"https:\/\/www.oarcanjo.net\/site\/#organization\"},\"image\":{\"@id\":\"https:\/\/www.oarcanjo.net\/site\/bem-aventurada-iolanda-da-polonia\/#primaryimage\"},\"thumbnailUrl\":\"http:\/\/www.marcelorossi.com.br\/2009\/IMGS_SANTOS\/Iolanda%20da%20Polonia%20Bem-aventurada.jpg\",\"articleSection\":[\"Testemunhos\"],\"inLanguage\":\"pt-BR\",\"potentialAction\":[{\"@type\":\"CommentAction\",\"name\":\"Comment\",\"target\":[\"https:\/\/www.oarcanjo.net\/site\/bem-aventurada-iolanda-da-polonia\/#respond\"]}]},{\"@type\":\"WebPage\",\"@id\":\"https:\/\/www.oarcanjo.net\/site\/bem-aventurada-iolanda-da-polonia\/\",\"url\":\"https:\/\/www.oarcanjo.net\/site\/bem-aventurada-iolanda-da-polonia\/\",\"name\":\"Bem Aventurada Iolanda da Polonia - O Arcanjo no ar\",\"isPartOf\":{\"@id\":\"https:\/\/www.oarcanjo.net\/site\/#website\"},\"primaryImageOfPage\":{\"@id\":\"https:\/\/www.oarcanjo.net\/site\/bem-aventurada-iolanda-da-polonia\/#primaryimage\"},\"image\":{\"@id\":\"https:\/\/www.oarcanjo.net\/site\/bem-aventurada-iolanda-da-polonia\/#primaryimage\"},\"thumbnailUrl\":\"http:\/\/www.marcelorossi.com.br\/2009\/IMGS_SANTOS\/Iolanda%20da%20Polonia%20Bem-aventurada.jpg\",\"datePublished\":\"2016-06-14T03:12:05+00:00\",\"dateModified\":\"2016-06-10T21:36:40+00:00\",\"breadcrumb\":{\"@id\":\"https:\/\/www.oarcanjo.net\/site\/bem-aventurada-iolanda-da-polonia\/#breadcrumb\"},\"inLanguage\":\"pt-BR\",\"potentialAction\":[{\"@type\":\"ReadAction\",\"target\":[\"https:\/\/www.oarcanjo.net\/site\/bem-aventurada-iolanda-da-polonia\/\"]}]},{\"@type\":\"ImageObject\",\"inLanguage\":\"pt-BR\",\"@id\":\"https:\/\/www.oarcanjo.net\/site\/bem-aventurada-iolanda-da-polonia\/#primaryimage\",\"url\":\"http:\/\/www.marcelorossi.com.br\/2009\/IMGS_SANTOS\/Iolanda%20da%20Polonia%20Bem-aventurada.jpg\",\"contentUrl\":\"http:\/\/www.marcelorossi.com.br\/2009\/IMGS_SANTOS\/Iolanda%20da%20Polonia%20Bem-aventurada.jpg\"},{\"@type\":\"BreadcrumbList\",\"@id\":\"https:\/\/www.oarcanjo.net\/site\/bem-aventurada-iolanda-da-polonia\/#breadcrumb\",\"itemListElement\":[{\"@type\":\"ListItem\",\"position\":1,\"name\":\"In\u00edcio\",\"item\":\"https:\/\/www.oarcanjo.net\/site\/\"},{\"@type\":\"ListItem\",\"position\":2,\"name\":\"Bem Aventurada Iolanda da Polonia\"}]},{\"@type\":\"WebSite\",\"@id\":\"https:\/\/www.oarcanjo.net\/site\/#website\",\"url\":\"https:\/\/www.oarcanjo.net\/site\/\",\"name\":\"O Arcanjo no ar\",\"description\":\"Site da Par\u00f3quia S\u00e3o Miguel Arcanjo (Arquidiocese de SP)\",\"publisher\":{\"@id\":\"https:\/\/www.oarcanjo.net\/site\/#organization\"},\"potentialAction\":[{\"@type\":\"SearchAction\",\"target\":{\"@type\":\"EntryPoint\",\"urlTemplate\":\"https:\/\/www.oarcanjo.net\/site\/?s={search_term_string}\"},\"query-input\":{\"@type\":\"PropertyValueSpecification\",\"valueRequired\":true,\"valueName\":\"search_term_string\"}}],\"inLanguage\":\"pt-BR\"},{\"@type\":\"Organization\",\"@id\":\"https:\/\/www.oarcanjo.net\/site\/#organization\",\"name\":\"Par\u00f3quia S\u00e3o Miguel Arcanjo\",\"url\":\"https:\/\/www.oarcanjo.net\/site\/\",\"logo\":{\"@type\":\"ImageObject\",\"inLanguage\":\"pt-BR\",\"@id\":\"https:\/\/www.oarcanjo.net\/site\/#\/schema\/logo\/image\/\",\"url\":\"https:\/\/www.oarcanjo.net\/site\/wp-content\/uploads\/LogoOArcanjo.png\",\"contentUrl\":\"https:\/\/www.oarcanjo.net\/site\/wp-content\/uploads\/LogoOArcanjo.png\",\"width\":319,\"height\":99,\"caption\":\"Par\u00f3quia S\u00e3o Miguel Arcanjo\"},\"image\":{\"@id\":\"https:\/\/www.oarcanjo.net\/site\/#\/schema\/logo\/image\/\"},\"sameAs\":[\"https:\/\/www.facebook.com\/OArcanjoNoAr\/\"]},{\"@type\":\"Person\",\"@id\":\"https:\/\/www.oarcanjo.net\/site\/#\/schema\/person\/5eb9480bedd2f3c97e430ce128c29c6c\",\"name\":\"danilo\"}]}<\/script>\n<!-- \/ Yoast SEO plugin. -->","yoast_head_json":{"title":"Bem Aventurada Iolanda da Polonia - O Arcanjo no ar","robots":{"index":"index","follow":"follow","max-snippet":"max-snippet:-1","max-image-preview":"max-image-preview:large","max-video-preview":"max-video-preview:-1"},"canonical":"https:\/\/www.oarcanjo.net\/site\/bem-aventurada-iolanda-da-polonia\/","og_locale":"pt_BR","og_type":"article","og_title":"Bem Aventurada Iolanda da Polonia - O Arcanjo no ar","og_description":"14 de Junho Iolanda, ou Helena, como foi chamada depois pelos s\u00faditos poloneses, nasceu no ano de 1235, filha de Bela IV, rei da Hungria, que era terci\u00e1rio franciscano, e irm\u00e3 da bem-aventurada Cunegundes. Al\u00e9m disso, era sobrinha de santa Isabel da Hungria, tamb\u00e9m da Ordem Terceira. Ali\u00e1s, a tradi\u00e7\u00e3o franciscana acompanhou a linhagem desde [&hellip;]","og_url":"https:\/\/www.oarcanjo.net\/site\/bem-aventurada-iolanda-da-polonia\/","og_site_name":"O Arcanjo no ar","article_publisher":"https:\/\/www.facebook.com\/OArcanjoNoAr\/","article_published_time":"2016-06-14T03:12:05+00:00","article_modified_time":"2016-06-10T21:36:40+00:00","og_image":[{"url":"http:\/\/www.marcelorossi.com.br\/2009\/IMGS_SANTOS\/Iolanda%20da%20Polonia%20Bem-aventurada.jpg"}],"author":"danilo","twitter_card":"summary_large_image","twitter_misc":{"Escrito por":"danilo","Est. tempo de leitura":"2 minutos"},"schema":{"@context":"https:\/\/schema.org","@graph":[{"@type":"Article","@id":"https:\/\/www.oarcanjo.net\/site\/bem-aventurada-iolanda-da-polonia\/#article","isPartOf":{"@id":"https:\/\/www.oarcanjo.net\/site\/bem-aventurada-iolanda-da-polonia\/"},"author":{"name":"danilo","@id":"https:\/\/www.oarcanjo.net\/site\/#\/schema\/person\/5eb9480bedd2f3c97e430ce128c29c6c"},"headline":"Bem Aventurada Iolanda da Polonia","datePublished":"2016-06-14T03:12:05+00:00","dateModified":"2016-06-10T21:36:40+00:00","mainEntityOfPage":{"@id":"https:\/\/www.oarcanjo.net\/site\/bem-aventurada-iolanda-da-polonia\/"},"wordCount":434,"commentCount":0,"publisher":{"@id":"https:\/\/www.oarcanjo.net\/site\/#organization"},"image":{"@id":"https:\/\/www.oarcanjo.net\/site\/bem-aventurada-iolanda-da-polonia\/#primaryimage"},"thumbnailUrl":"http:\/\/www.marcelorossi.com.br\/2009\/IMGS_SANTOS\/Iolanda%20da%20Polonia%20Bem-aventurada.jpg","articleSection":["Testemunhos"],"inLanguage":"pt-BR","potentialAction":[{"@type":"CommentAction","name":"Comment","target":["https:\/\/www.oarcanjo.net\/site\/bem-aventurada-iolanda-da-polonia\/#respond"]}]},{"@type":"WebPage","@id":"https:\/\/www.oarcanjo.net\/site\/bem-aventurada-iolanda-da-polonia\/","url":"https:\/\/www.oarcanjo.net\/site\/bem-aventurada-iolanda-da-polonia\/","name":"Bem Aventurada Iolanda da Polonia - O Arcanjo no ar","isPartOf":{"@id":"https:\/\/www.oarcanjo.net\/site\/#website"},"primaryImageOfPage":{"@id":"https:\/\/www.oarcanjo.net\/site\/bem-aventurada-iolanda-da-polonia\/#primaryimage"},"image":{"@id":"https:\/\/www.oarcanjo.net\/site\/bem-aventurada-iolanda-da-polonia\/#primaryimage"},"thumbnailUrl":"http:\/\/www.marcelorossi.com.br\/2009\/IMGS_SANTOS\/Iolanda%20da%20Polonia%20Bem-aventurada.jpg","datePublished":"2016-06-14T03:12:05+00:00","dateModified":"2016-06-10T21:36:40+00:00","breadcrumb":{"@id":"https:\/\/www.oarcanjo.net\/site\/bem-aventurada-iolanda-da-polonia\/#breadcrumb"},"inLanguage":"pt-BR","potentialAction":[{"@type":"ReadAction","target":["https:\/\/www.oarcanjo.net\/site\/bem-aventurada-iolanda-da-polonia\/"]}]},{"@type":"ImageObject","inLanguage":"pt-BR","@id":"https:\/\/www.oarcanjo.net\/site\/bem-aventurada-iolanda-da-polonia\/#primaryimage","url":"http:\/\/www.marcelorossi.com.br\/2009\/IMGS_SANTOS\/Iolanda%20da%20Polonia%20Bem-aventurada.jpg","contentUrl":"http:\/\/www.marcelorossi.com.br\/2009\/IMGS_SANTOS\/Iolanda%20da%20Polonia%20Bem-aventurada.jpg"},{"@type":"BreadcrumbList","@id":"https:\/\/www.oarcanjo.net\/site\/bem-aventurada-iolanda-da-polonia\/#breadcrumb","itemListElement":[{"@type":"ListItem","position":1,"name":"In\u00edcio","item":"https:\/\/www.oarcanjo.net\/site\/"},{"@type":"ListItem","position":2,"name":"Bem Aventurada Iolanda da Polonia"}]},{"@type":"WebSite","@id":"https:\/\/www.oarcanjo.net\/site\/#website","url":"https:\/\/www.oarcanjo.net\/site\/","name":"O Arcanjo no ar","description":"Site da Par\u00f3quia S\u00e3o Miguel Arcanjo (Arquidiocese de SP)","publisher":{"@id":"https:\/\/www.oarcanjo.net\/site\/#organization"},"potentialAction":[{"@type":"SearchAction","target":{"@type":"EntryPoint","urlTemplate":"https:\/\/www.oarcanjo.net\/site\/?s={search_term_string}"},"query-input":{"@type":"PropertyValueSpecification","valueRequired":true,"valueName":"search_term_string"}}],"inLanguage":"pt-BR"},{"@type":"Organization","@id":"https:\/\/www.oarcanjo.net\/site\/#organization","name":"Par\u00f3quia S\u00e3o Miguel Arcanjo","url":"https:\/\/www.oarcanjo.net\/site\/","logo":{"@type":"ImageObject","inLanguage":"pt-BR","@id":"https:\/\/www.oarcanjo.net\/site\/#\/schema\/logo\/image\/","url":"https:\/\/www.oarcanjo.net\/site\/wp-content\/uploads\/LogoOArcanjo.png","contentUrl":"https:\/\/www.oarcanjo.net\/site\/wp-content\/uploads\/LogoOArcanjo.png","width":319,"height":99,"caption":"Par\u00f3quia S\u00e3o Miguel Arcanjo"},"image":{"@id":"https:\/\/www.oarcanjo.net\/site\/#\/schema\/logo\/image\/"},"sameAs":["https:\/\/www.facebook.com\/OArcanjoNoAr\/"]},{"@type":"Person","@id":"https:\/\/www.oarcanjo.net\/site\/#\/schema\/person\/5eb9480bedd2f3c97e430ce128c29c6c","name":"danilo"}]}},"publishpress_future_action":{"enabled":false,"date":"2026-05-08 18:01:22","action":"category","newStatus":"draft","terms":[],"taxonomy":"category"},"publishpress_future_workflow_manual_trigger":{"enabledWorkflows":[]},"_links":{"self":[{"href":"https:\/\/www.oarcanjo.net\/site\/wp-json\/wp\/v2\/posts\/9817"}],"collection":[{"href":"https:\/\/www.oarcanjo.net\/site\/wp-json\/wp\/v2\/posts"}],"about":[{"href":"https:\/\/www.oarcanjo.net\/site\/wp-json\/wp\/v2\/types\/post"}],"author":[{"embeddable":true,"href":"https:\/\/www.oarcanjo.net\/site\/wp-json\/wp\/v2\/users\/14"}],"replies":[{"embeddable":true,"href":"https:\/\/www.oarcanjo.net\/site\/wp-json\/wp\/v2\/comments?post=9817"}],"version-history":[{"count":0,"href":"https:\/\/www.oarcanjo.net\/site\/wp-json\/wp\/v2\/posts\/9817\/revisions"}],"wp:attachment":[{"href":"https:\/\/www.oarcanjo.net\/site\/wp-json\/wp\/v2\/media?parent=9817"}],"wp:term":[{"taxonomy":"category","embeddable":true,"href":"https:\/\/www.oarcanjo.net\/site\/wp-json\/wp\/v2\/categories?post=9817"},{"taxonomy":"post_tag","embeddable":true,"href":"https:\/\/www.oarcanjo.net\/site\/wp-json\/wp\/v2\/tags?post=9817"}],"curies":[{"name":"wp","href":"https:\/\/api.w.org\/{rel}","templated":true}]}}