
{"id":9819,"date":"2016-06-15T00:13:17","date_gmt":"2016-06-15T03:13:17","guid":{"rendered":"http:\/\/www.oarcanjo.net\/site\/?p=9819"},"modified":"2016-06-10T18:58:14","modified_gmt":"2016-06-10T21:58:14","slug":"sao-vito","status":"publish","type":"post","link":"https:\/\/www.oarcanjo.net\/site\/sao-vito\/","title":{"rendered":"S\u00e3o Vito"},"content":{"rendered":"<p><img decoding=\"async\" src=\"http:\/\/www.tudook.com\/portalcatolico\/images\/image00298.jpg\" alt=\"\" \/><\/p>\n<p>15 de Junho<\/p>\n<p>Vito nasceu no final do s\u00e9culo III, na antiga cidade de Mazara, na Sic\u00edlia ocidental, numa fam\u00edlia pag\u00e3, muito rica e de nobre estirpe. Sua m\u00e3e morreu quando ele tinha tenra idade e seu pai, Halaz, contratou uma ama, Cresc\u00eancia, para cuidar do pequenino. Ela era crist\u00e3, vi\u00fava e tinha perdido o \u00fanico filho havia pouco tempo, era de linhagem nobre, mas em decad\u00eancia financeira. Ele ainda providenciou um professor, chamado Modesto, para instruir e formar seu herdeiro. Entretanto, o professor tamb\u00e9m era crist\u00e3o.<\/p>\n<p>Halaz era um obstinado pag\u00e3o que encarava o cristianismo como inimigo a ser combatido. Por isso Modesto e Cresc\u00eancia nunca revelaram que eram seguidores de Cristo, contudo educaram o menino dentro da religi\u00e3o. Dessa forma, aos doze anos, embora clandestinamente, Vito j\u00e1 estava batizado e demonstrava identifica\u00e7\u00e3o total com os ensinamentos de Jesus.<\/p>\n<p>Ao saber do batismo, o pai tentou convenc\u00ea-lo a abandonar a f\u00e9, o que n\u00e3o deu resultado. Halaz partiu para a for\u00e7a e castigou o pr\u00f3prio filho, entregando-o, ent\u00e3o, ao governador Valeriano, que o encarcerou e maltratou por v\u00e1rios dias, tentando fazer Vito abdicar de sua f\u00e9. Modesto e Cresc\u00eancia, entretanto, conseguiram arquitetar uma fuga e, segundo a tradi\u00e7\u00e3o, com a ajuda de um anjo, tiraram Vito das m\u00e3os do poderoso governador. Fugiram os tr\u00eas para Luc\u00e2nia, em N\u00e1poles, onde esperavam encontrar paz. Mas depois de algum tempo foram reconhecidos e passaram a viver de cidade em cidade, fugindo dos algozes.<\/p>\n<p>Neste per\u00edodo, Vito, que desde os sete anos havia manifestado dons especiais, patrocinou muitos prod\u00edgios. Como o mais c\u00e9lebre deles, lembrado pela tradi\u00e7\u00e3o, quando ele ressuscitou, em nome de Jesus, um garoto que tinha sido estra\u00e7alhado por c\u00e3es raivosos.<\/p>\n<p>A persegui\u00e7\u00e3o a eles teve uma tr\u00e9gua apenas quando o filho epil\u00e9tico do imperador Diocleciano ficou muito doente. O soberano, tendo conhecimento dos dons de Vito, mandou que o trouxessem vivo \u00e0 sua presen\u00e7a. Na oportunidade, pediu que ele intercedesse por seu filho. Vito, ent\u00e3o, rezou com todo fervor e em nome de Jesus foi logo atendido. Por\u00e9m Diocleciano pagou com a trai\u00e7\u00e3o. Mandou prender Vito, que n\u00e3o aceitou renegar a f\u00e9 em Cristo para ser libertado. Diante da negativa, foi condenado \u00e0 morte, que ocorreu no dia 15 de junho, possivelmente de 304, depois de muitas torturas, quando ele tinha apenas quinze anos de idade.<\/p>\n<p>Esta narrativa \u00e9 t\u00e3o antiga que alguns acontecimentos podem ser, em parte, apenas uma vigorosa tradi\u00e7\u00e3o crist\u00e3. Como esta outra que diz que Vito, Modesto e Cresc\u00eancia teriam sido levados diante da multid\u00e3o no Circo, submetidos a torturas violent\u00edssimas e, finalmente, jogados aos c\u00e3es raivosos. Entretanto, um milagre os salvou. Os c\u00e3es, em vez de atac\u00e1-los, deitaram-se aos seus p\u00e9s. Irado, o sanguin\u00e1rio Diocleciano mandou que fossem colocados dentro de um caldeir\u00e3o com \u00f3leo quente, onde morreram lentamente.<\/p>\n<p>O jovem m\u00e1rtir Vito existiu conforme consta no Martirol\u00f3gio Gerominiano, enquanto Modesto e Cresc\u00eancia s\u00f3 foram inclu\u00eddos no calend\u00e1rio da Igreja no s\u00e9culo XI. Suas rel\u00edquias, que depois de sua morte foram sepultadas em Roma, em 755 foram enviadas para Paris. Mais tarde, foram entregues ao santo rei da Bo\u00eamia, Venceslau, que era muito devoto do santo. Em 958, esse rei fez construir a bel\u00edssima catedral que leva o nome de S\u00e3o Vito e que conserva suas rel\u00edquias at\u00e9 hoje.<\/p>\n<p>Desde a Idade M\u00e9dia, ele \u00e9 considerado um dos &#8220;quatorze santos auxiliares&#8221;, os santos cuja intercess\u00e3o \u00e9 muito eficaz em ocasi\u00f5es espec\u00edficas e para cura determinada. No caso de s\u00e3o Vito, principalmente na Europa, \u00e9 invocado para a cura da epilepsia, da &#8220;cor\u00e9ia&#8221;, doen\u00e7a conhecida popularmente como &#8220;dan\u00e7a de S\u00e3o Vito&#8221;, e da mordida de c\u00e3o raivoso. Al\u00e9m de ser padroeiro de muitas localidades.<\/p>\n<div id=\"themify_builder_content-9819\" data-postid=\"9819\" class=\"themify_builder_content themify_builder_content-9819 themify_builder themify_builder_front\">\n\t<\/div>\n<!-- \/themify_builder_content -->","protected":false},"excerpt":{"rendered":"<p>15 de Junho Vito nasceu no final do s\u00e9culo III, na antiga cidade de Mazara, na Sic\u00edlia ocidental, numa fam\u00edlia pag\u00e3, muito rica e de nobre estirpe. Sua m\u00e3e morreu quando ele tinha tenra idade e seu pai, Halaz, contratou uma ama, Cresc\u00eancia, para cuidar do pequenino. Ela era crist\u00e3, vi\u00fava e tinha perdido o [&hellip;]<\/p>\n","protected":false},"author":14,"featured_media":0,"comment_status":"open","ping_status":"open","sticky":false,"template":"","format":"standard","meta":{"ngg_post_thumbnail":0,"footnotes":""},"categories":[186],"tags":[],"yoast_head":"<!-- This site is optimized with the Yoast SEO plugin v23.5 - https:\/\/yoast.com\/wordpress\/plugins\/seo\/ -->\n<title>S\u00e3o Vito - O Arcanjo no ar<\/title>\n<meta name=\"robots\" content=\"index, follow, max-snippet:-1, max-image-preview:large, max-video-preview:-1\" \/>\n<link rel=\"canonical\" href=\"https:\/\/www.oarcanjo.net\/site\/sao-vito\/\" \/>\n<meta property=\"og:locale\" content=\"pt_BR\" \/>\n<meta property=\"og:type\" content=\"article\" \/>\n<meta property=\"og:title\" content=\"S\u00e3o Vito - O Arcanjo no ar\" \/>\n<meta property=\"og:description\" content=\"15 de Junho Vito nasceu no final do s\u00e9culo III, na antiga cidade de Mazara, na Sic\u00edlia ocidental, numa fam\u00edlia pag\u00e3, muito rica e de nobre estirpe. Sua m\u00e3e morreu quando ele tinha tenra idade e seu pai, Halaz, contratou uma ama, Cresc\u00eancia, para cuidar do pequenino. Ela era crist\u00e3, vi\u00fava e tinha perdido o [&hellip;]\" \/>\n<meta property=\"og:url\" content=\"https:\/\/www.oarcanjo.net\/site\/sao-vito\/\" \/>\n<meta property=\"og:site_name\" content=\"O Arcanjo no ar\" \/>\n<meta property=\"article:publisher\" content=\"https:\/\/www.facebook.com\/OArcanjoNoAr\/\" \/>\n<meta property=\"article:published_time\" content=\"2016-06-15T03:13:17+00:00\" \/>\n<meta property=\"article:modified_time\" content=\"2016-06-10T21:58:14+00:00\" \/>\n<meta property=\"og:image\" content=\"http:\/\/www.tudook.com\/portalcatolico\/images\/image00298.jpg\" \/>\n<meta name=\"author\" content=\"danilo\" \/>\n<meta name=\"twitter:card\" content=\"summary_large_image\" \/>\n<meta name=\"twitter:label1\" content=\"Escrito por\" \/>\n\t<meta name=\"twitter:data1\" content=\"danilo\" \/>\n\t<meta name=\"twitter:label2\" content=\"Est. tempo de leitura\" \/>\n\t<meta name=\"twitter:data2\" content=\"3 minutos\" \/>\n<script type=\"application\/ld+json\" class=\"yoast-schema-graph\">{\"@context\":\"https:\/\/schema.org\",\"@graph\":[{\"@type\":\"Article\",\"@id\":\"https:\/\/www.oarcanjo.net\/site\/sao-vito\/#article\",\"isPartOf\":{\"@id\":\"https:\/\/www.oarcanjo.net\/site\/sao-vito\/\"},\"author\":{\"name\":\"danilo\",\"@id\":\"https:\/\/www.oarcanjo.net\/site\/#\/schema\/person\/5eb9480bedd2f3c97e430ce128c29c6c\"},\"headline\":\"S\u00e3o Vito\",\"datePublished\":\"2016-06-15T03:13:17+00:00\",\"dateModified\":\"2016-06-10T21:58:14+00:00\",\"mainEntityOfPage\":{\"@id\":\"https:\/\/www.oarcanjo.net\/site\/sao-vito\/\"},\"wordCount\":672,\"commentCount\":0,\"publisher\":{\"@id\":\"https:\/\/www.oarcanjo.net\/site\/#organization\"},\"image\":{\"@id\":\"https:\/\/www.oarcanjo.net\/site\/sao-vito\/#primaryimage\"},\"thumbnailUrl\":\"http:\/\/www.tudook.com\/portalcatolico\/images\/image00298.jpg\",\"articleSection\":[\"Testemunhos\"],\"inLanguage\":\"pt-BR\",\"potentialAction\":[{\"@type\":\"CommentAction\",\"name\":\"Comment\",\"target\":[\"https:\/\/www.oarcanjo.net\/site\/sao-vito\/#respond\"]}]},{\"@type\":\"WebPage\",\"@id\":\"https:\/\/www.oarcanjo.net\/site\/sao-vito\/\",\"url\":\"https:\/\/www.oarcanjo.net\/site\/sao-vito\/\",\"name\":\"S\u00e3o Vito - O Arcanjo no ar\",\"isPartOf\":{\"@id\":\"https:\/\/www.oarcanjo.net\/site\/#website\"},\"primaryImageOfPage\":{\"@id\":\"https:\/\/www.oarcanjo.net\/site\/sao-vito\/#primaryimage\"},\"image\":{\"@id\":\"https:\/\/www.oarcanjo.net\/site\/sao-vito\/#primaryimage\"},\"thumbnailUrl\":\"http:\/\/www.tudook.com\/portalcatolico\/images\/image00298.jpg\",\"datePublished\":\"2016-06-15T03:13:17+00:00\",\"dateModified\":\"2016-06-10T21:58:14+00:00\",\"breadcrumb\":{\"@id\":\"https:\/\/www.oarcanjo.net\/site\/sao-vito\/#breadcrumb\"},\"inLanguage\":\"pt-BR\",\"potentialAction\":[{\"@type\":\"ReadAction\",\"target\":[\"https:\/\/www.oarcanjo.net\/site\/sao-vito\/\"]}]},{\"@type\":\"ImageObject\",\"inLanguage\":\"pt-BR\",\"@id\":\"https:\/\/www.oarcanjo.net\/site\/sao-vito\/#primaryimage\",\"url\":\"http:\/\/www.tudook.com\/portalcatolico\/images\/image00298.jpg\",\"contentUrl\":\"http:\/\/www.tudook.com\/portalcatolico\/images\/image00298.jpg\"},{\"@type\":\"BreadcrumbList\",\"@id\":\"https:\/\/www.oarcanjo.net\/site\/sao-vito\/#breadcrumb\",\"itemListElement\":[{\"@type\":\"ListItem\",\"position\":1,\"name\":\"In\u00edcio\",\"item\":\"https:\/\/www.oarcanjo.net\/site\/\"},{\"@type\":\"ListItem\",\"position\":2,\"name\":\"S\u00e3o Vito\"}]},{\"@type\":\"WebSite\",\"@id\":\"https:\/\/www.oarcanjo.net\/site\/#website\",\"url\":\"https:\/\/www.oarcanjo.net\/site\/\",\"name\":\"O Arcanjo no ar\",\"description\":\"Site da Par\u00f3quia S\u00e3o Miguel Arcanjo (Arquidiocese de SP)\",\"publisher\":{\"@id\":\"https:\/\/www.oarcanjo.net\/site\/#organization\"},\"potentialAction\":[{\"@type\":\"SearchAction\",\"target\":{\"@type\":\"EntryPoint\",\"urlTemplate\":\"https:\/\/www.oarcanjo.net\/site\/?s={search_term_string}\"},\"query-input\":{\"@type\":\"PropertyValueSpecification\",\"valueRequired\":true,\"valueName\":\"search_term_string\"}}],\"inLanguage\":\"pt-BR\"},{\"@type\":\"Organization\",\"@id\":\"https:\/\/www.oarcanjo.net\/site\/#organization\",\"name\":\"Par\u00f3quia S\u00e3o Miguel Arcanjo\",\"url\":\"https:\/\/www.oarcanjo.net\/site\/\",\"logo\":{\"@type\":\"ImageObject\",\"inLanguage\":\"pt-BR\",\"@id\":\"https:\/\/www.oarcanjo.net\/site\/#\/schema\/logo\/image\/\",\"url\":\"https:\/\/www.oarcanjo.net\/site\/wp-content\/uploads\/LogoOArcanjo.png\",\"contentUrl\":\"https:\/\/www.oarcanjo.net\/site\/wp-content\/uploads\/LogoOArcanjo.png\",\"width\":319,\"height\":99,\"caption\":\"Par\u00f3quia S\u00e3o Miguel Arcanjo\"},\"image\":{\"@id\":\"https:\/\/www.oarcanjo.net\/site\/#\/schema\/logo\/image\/\"},\"sameAs\":[\"https:\/\/www.facebook.com\/OArcanjoNoAr\/\"]},{\"@type\":\"Person\",\"@id\":\"https:\/\/www.oarcanjo.net\/site\/#\/schema\/person\/5eb9480bedd2f3c97e430ce128c29c6c\",\"name\":\"danilo\"}]}<\/script>\n<!-- \/ Yoast SEO plugin. -->","yoast_head_json":{"title":"S\u00e3o Vito - O Arcanjo no ar","robots":{"index":"index","follow":"follow","max-snippet":"max-snippet:-1","max-image-preview":"max-image-preview:large","max-video-preview":"max-video-preview:-1"},"canonical":"https:\/\/www.oarcanjo.net\/site\/sao-vito\/","og_locale":"pt_BR","og_type":"article","og_title":"S\u00e3o Vito - O Arcanjo no ar","og_description":"15 de Junho Vito nasceu no final do s\u00e9culo III, na antiga cidade de Mazara, na Sic\u00edlia ocidental, numa fam\u00edlia pag\u00e3, muito rica e de nobre estirpe. Sua m\u00e3e morreu quando ele tinha tenra idade e seu pai, Halaz, contratou uma ama, Cresc\u00eancia, para cuidar do pequenino. Ela era crist\u00e3, vi\u00fava e tinha perdido o [&hellip;]","og_url":"https:\/\/www.oarcanjo.net\/site\/sao-vito\/","og_site_name":"O Arcanjo no ar","article_publisher":"https:\/\/www.facebook.com\/OArcanjoNoAr\/","article_published_time":"2016-06-15T03:13:17+00:00","article_modified_time":"2016-06-10T21:58:14+00:00","og_image":[{"url":"http:\/\/www.tudook.com\/portalcatolico\/images\/image00298.jpg"}],"author":"danilo","twitter_card":"summary_large_image","twitter_misc":{"Escrito por":"danilo","Est. tempo de leitura":"3 minutos"},"schema":{"@context":"https:\/\/schema.org","@graph":[{"@type":"Article","@id":"https:\/\/www.oarcanjo.net\/site\/sao-vito\/#article","isPartOf":{"@id":"https:\/\/www.oarcanjo.net\/site\/sao-vito\/"},"author":{"name":"danilo","@id":"https:\/\/www.oarcanjo.net\/site\/#\/schema\/person\/5eb9480bedd2f3c97e430ce128c29c6c"},"headline":"S\u00e3o Vito","datePublished":"2016-06-15T03:13:17+00:00","dateModified":"2016-06-10T21:58:14+00:00","mainEntityOfPage":{"@id":"https:\/\/www.oarcanjo.net\/site\/sao-vito\/"},"wordCount":672,"commentCount":0,"publisher":{"@id":"https:\/\/www.oarcanjo.net\/site\/#organization"},"image":{"@id":"https:\/\/www.oarcanjo.net\/site\/sao-vito\/#primaryimage"},"thumbnailUrl":"http:\/\/www.tudook.com\/portalcatolico\/images\/image00298.jpg","articleSection":["Testemunhos"],"inLanguage":"pt-BR","potentialAction":[{"@type":"CommentAction","name":"Comment","target":["https:\/\/www.oarcanjo.net\/site\/sao-vito\/#respond"]}]},{"@type":"WebPage","@id":"https:\/\/www.oarcanjo.net\/site\/sao-vito\/","url":"https:\/\/www.oarcanjo.net\/site\/sao-vito\/","name":"S\u00e3o Vito - O Arcanjo no ar","isPartOf":{"@id":"https:\/\/www.oarcanjo.net\/site\/#website"},"primaryImageOfPage":{"@id":"https:\/\/www.oarcanjo.net\/site\/sao-vito\/#primaryimage"},"image":{"@id":"https:\/\/www.oarcanjo.net\/site\/sao-vito\/#primaryimage"},"thumbnailUrl":"http:\/\/www.tudook.com\/portalcatolico\/images\/image00298.jpg","datePublished":"2016-06-15T03:13:17+00:00","dateModified":"2016-06-10T21:58:14+00:00","breadcrumb":{"@id":"https:\/\/www.oarcanjo.net\/site\/sao-vito\/#breadcrumb"},"inLanguage":"pt-BR","potentialAction":[{"@type":"ReadAction","target":["https:\/\/www.oarcanjo.net\/site\/sao-vito\/"]}]},{"@type":"ImageObject","inLanguage":"pt-BR","@id":"https:\/\/www.oarcanjo.net\/site\/sao-vito\/#primaryimage","url":"http:\/\/www.tudook.com\/portalcatolico\/images\/image00298.jpg","contentUrl":"http:\/\/www.tudook.com\/portalcatolico\/images\/image00298.jpg"},{"@type":"BreadcrumbList","@id":"https:\/\/www.oarcanjo.net\/site\/sao-vito\/#breadcrumb","itemListElement":[{"@type":"ListItem","position":1,"name":"In\u00edcio","item":"https:\/\/www.oarcanjo.net\/site\/"},{"@type":"ListItem","position":2,"name":"S\u00e3o Vito"}]},{"@type":"WebSite","@id":"https:\/\/www.oarcanjo.net\/site\/#website","url":"https:\/\/www.oarcanjo.net\/site\/","name":"O Arcanjo no ar","description":"Site da Par\u00f3quia S\u00e3o Miguel Arcanjo (Arquidiocese de SP)","publisher":{"@id":"https:\/\/www.oarcanjo.net\/site\/#organization"},"potentialAction":[{"@type":"SearchAction","target":{"@type":"EntryPoint","urlTemplate":"https:\/\/www.oarcanjo.net\/site\/?s={search_term_string}"},"query-input":{"@type":"PropertyValueSpecification","valueRequired":true,"valueName":"search_term_string"}}],"inLanguage":"pt-BR"},{"@type":"Organization","@id":"https:\/\/www.oarcanjo.net\/site\/#organization","name":"Par\u00f3quia S\u00e3o Miguel Arcanjo","url":"https:\/\/www.oarcanjo.net\/site\/","logo":{"@type":"ImageObject","inLanguage":"pt-BR","@id":"https:\/\/www.oarcanjo.net\/site\/#\/schema\/logo\/image\/","url":"https:\/\/www.oarcanjo.net\/site\/wp-content\/uploads\/LogoOArcanjo.png","contentUrl":"https:\/\/www.oarcanjo.net\/site\/wp-content\/uploads\/LogoOArcanjo.png","width":319,"height":99,"caption":"Par\u00f3quia S\u00e3o Miguel Arcanjo"},"image":{"@id":"https:\/\/www.oarcanjo.net\/site\/#\/schema\/logo\/image\/"},"sameAs":["https:\/\/www.facebook.com\/OArcanjoNoAr\/"]},{"@type":"Person","@id":"https:\/\/www.oarcanjo.net\/site\/#\/schema\/person\/5eb9480bedd2f3c97e430ce128c29c6c","name":"danilo"}]}},"publishpress_future_action":{"enabled":false,"date":"2026-05-08 16:37:35","action":"category","newStatus":"draft","terms":[],"taxonomy":"category"},"publishpress_future_workflow_manual_trigger":{"enabledWorkflows":[]},"_links":{"self":[{"href":"https:\/\/www.oarcanjo.net\/site\/wp-json\/wp\/v2\/posts\/9819"}],"collection":[{"href":"https:\/\/www.oarcanjo.net\/site\/wp-json\/wp\/v2\/posts"}],"about":[{"href":"https:\/\/www.oarcanjo.net\/site\/wp-json\/wp\/v2\/types\/post"}],"author":[{"embeddable":true,"href":"https:\/\/www.oarcanjo.net\/site\/wp-json\/wp\/v2\/users\/14"}],"replies":[{"embeddable":true,"href":"https:\/\/www.oarcanjo.net\/site\/wp-json\/wp\/v2\/comments?post=9819"}],"version-history":[{"count":0,"href":"https:\/\/www.oarcanjo.net\/site\/wp-json\/wp\/v2\/posts\/9819\/revisions"}],"wp:attachment":[{"href":"https:\/\/www.oarcanjo.net\/site\/wp-json\/wp\/v2\/media?parent=9819"}],"wp:term":[{"taxonomy":"category","embeddable":true,"href":"https:\/\/www.oarcanjo.net\/site\/wp-json\/wp\/v2\/categories?post=9819"},{"taxonomy":"post_tag","embeddable":true,"href":"https:\/\/www.oarcanjo.net\/site\/wp-json\/wp\/v2\/tags?post=9819"}],"curies":[{"name":"wp","href":"https:\/\/api.w.org\/{rel}","templated":true}]}}