
{"id":9821,"date":"2016-06-15T00:15:22","date_gmt":"2016-06-15T03:15:22","guid":{"rendered":"http:\/\/www.oarcanjo.net\/site\/?p=9821"},"modified":"2016-06-10T18:37:30","modified_gmt":"2016-06-10T21:37:30","slug":"bem-aventurada-albertina-berkenbrock","status":"publish","type":"post","link":"https:\/\/www.oarcanjo.net\/site\/bem-aventurada-albertina-berkenbrock\/","title":{"rendered":"Bem Aventurada Albertina Berkenbrock"},"content":{"rendered":"<p><img decoding=\"async\" src=\"http:\/\/1.bp.blogspot.com\/_GuTKrV_pwk4\/RxsyC7tokXI\/AAAAAAAABAY\/PDRTGPVfKA4\/s400\/yalbertina.jpg\" alt=\"\" \/><\/p>\n<p>15 de Junho<\/p>\n<p>&#8220;Albertina foi uma menina que ousou ser santa.&#8221; Foi com essas palavras que Dom Jacinto Bergmann, bispo da diocese de Tubar\u00e3o &#8211; Santa Catarina -, referiu-se a ela na cerim\u00f4nia de sua beatifica\u00e7\u00e3o.<\/p>\n<p>Albertina Berkenbrock nasceu dia 11 de abril de 1919, no povoado de S\u00e3o Lu\u00eds, munic\u00edpio de Imaru\u00ed no Estado de Santa Catarina, Brasil.<\/p>\n<p>Filha de um casal de agricultores &#8211; Henrique Berkenbrock e Josefa Boeing &#8211; fervorosos cat\u00f3licos oriundos de fam\u00edlias alem\u00e3es, com eles ela aprendeu as verdades da f\u00e9, a rezar, a freq\u00fcentar a igreja e a respeitar os mandamentos de Deus. Cultivou especial devo\u00e7\u00e3o a Virgem Maria e a S\u00e3o Luiz Gonzaga. Recitava diariamente o ros\u00e1rio com a fam\u00edlia. Preparou-se com alegria para a Primeira Eucaristia que recebeu no dia 16 de agosto de 1928.<\/p>\n<p>Foi neste ambiente simples, belo e crist\u00e3o de sua fam\u00edlia que Albertina cresceu. Ajudava os pais nos trabalhos da ro\u00e7a e em casa. Era d\u00f3cil, obediente, incans\u00e1vel, e paciente.<br \/>\nSua caridade era grande. Gostava de acompanhar as meninas mais pobres, de jogar com elas e com elas dividir o p\u00e3o que trazia de casa para comer no intervalo das aulas. Teve especial caridade com os filhos do seu assassino, que trabalhava na casa do seu pai. Muitas vezes Albertina deu de comer a ele e aos filhos pequenos, com os quais se entretinha alegremente. Albertina, apesar de seus 12 anos, aparentava mais idade e tinha um corpo j\u00e1 bastante desenvolvido. Era alta e forte, acostumada ao sol e aos trabalhos da ro\u00e7a. Tinha cabelos louros tendendo ao castanho, olhos verde-escuros. Era uma bonita mo\u00e7a.<\/p>\n<p>Tudo corria normalmente at\u00e9 que chegou o dia 15 de junho de 1931.<br \/>\nPerdera-se um boi pelos pastos. Albertina saiu a procura a pedido dos pais. De longe, Maneco Palho\u00e7a &#8211; ou Indal\u00edcio Cipriano Martins, que planeja conquistar a menina para seus intentos er\u00f3ticos, a avistou.<\/p>\n<p>Albertina procurava o boi fugitivo. De repente viu ao longe alguns chifres e correu naquela dire\u00e7\u00e3o. Para sua surpresa, por\u00e9m, encontrou perto deles Maneco carregando feij\u00e3o na carro\u00e7a. \u00c0 pergunta de Albertina pelo boi desaparecido, o homem lhe deu uma pista falsa para encaminh\u00e1-la ao lugar onde poderia satisfazer seus desejos sem chamar aten\u00e7\u00e3o.<\/p>\n<p>Albertina seguiu a indica\u00e7\u00e3o de Maneco e embrenhou-se pela mata. Repentinamente deu de cara com Maneco. Ficou petrificada. Sozinha, no mato, com aquele homem na frente! Ainda naquela manh\u00e3 ela levara comida a seus filhos, como fazia sempre. Havia certa familiaridade entre Albertina e Maneco: ela o chamava de &#8220;Maneco preto&#8221;, como todo mundo, sem que ele se ofendesse.<\/p>\n<p>Maneco lhe prop\u00f4s seus intentos. Albertina, decidida, n\u00e3o aceitou. Come\u00e7ou ent\u00e3o, a tentativa do assassino de se apossar de Albertina, mas ela n\u00e3o se deixou subjugar. A menina \u00e9 forte. Aos pontap\u00e9s se defendeu, derrubou o assassino. A luta foi longa e terr\u00edvel. Ela n\u00e3o cedeu. Maneco, derrotado moralmente pela menina, vingou-se, agarrou-a pelos cabelos e afundou o canivete no pesco\u00e7o e a degolou. Seu corpo ficou manchado de sangue&#8230; Sua pureza e virgindade, por\u00e9m, ficaram intactas.<\/p>\n<p>Aos 12 anos de idade, Albertina foi assassinada porque quis preservar a sua pureza espiritual e corporal e defender a dignidade da mulher por causa da f\u00e9 e da fidelidade a Deus. E ela o fez heroicamente como verdadeira m\u00e1rtir. O mart\u00edrio e a conseq\u00fcente fama de santidade espalharam-se rapidamente.<\/p>\n<p>A cerim\u00f4nia de beatifica\u00e7\u00e3o de Albertina foi realizada em Tubar\u00e3o &#8211; Santa Catarina . Contou com a presen\u00e7a do bispo local, Dom Jacinto Bergman; presidiu a cerim\u00f4nia o cardeal Jos\u00e9 Saraiva Martins, prefeito da Congrega\u00e7\u00e3o para as Causas dos Santos. Estavam presentes cerca de 20 mil pessoas, na pra\u00e7a da Catedral de Tubar\u00e3o, al\u00e9m de dezenas de bispos e sacerdotes.<\/p>\n<p>Ap\u00f3s a leitura da biografia e a solicita\u00e7\u00e3o de beatifica\u00e7\u00e3o, feita por Dom Jacinto Bergman, o cardeal Saraiva Martins leu o decreto de Bento XVI, que inscrevia oficialmente Albertina no cat\u00e1logo dos bem-aventurados.<\/p>\n<p>Albertina est\u00e1 viva mais do que nunca. Primeiro porque vive em Deus, imersa na paz e na felicidade sem fim. Depois porque vive no cora\u00e7\u00e3o de seus parentes, amigos e devotos.<\/p>\n<div id=\"themify_builder_content-9821\" data-postid=\"9821\" class=\"themify_builder_content themify_builder_content-9821 themify_builder themify_builder_front\">\n\t<\/div>\n<!-- \/themify_builder_content -->","protected":false},"excerpt":{"rendered":"<p>15 de Junho &#8220;Albertina foi uma menina que ousou ser santa.&#8221; Foi com essas palavras que Dom Jacinto Bergmann, bispo da diocese de Tubar\u00e3o &#8211; Santa Catarina -, referiu-se a ela na cerim\u00f4nia de sua beatifica\u00e7\u00e3o. Albertina Berkenbrock nasceu dia 11 de abril de 1919, no povoado de S\u00e3o Lu\u00eds, munic\u00edpio de Imaru\u00ed no Estado [&hellip;]<\/p>\n","protected":false},"author":14,"featured_media":0,"comment_status":"open","ping_status":"open","sticky":false,"template":"","format":"standard","meta":{"ngg_post_thumbnail":0,"footnotes":""},"categories":[186],"tags":[],"yoast_head":"<!-- This site is optimized with the Yoast SEO plugin v23.5 - https:\/\/yoast.com\/wordpress\/plugins\/seo\/ -->\n<title>Bem Aventurada Albertina Berkenbrock - O Arcanjo no ar<\/title>\n<meta name=\"robots\" content=\"index, follow, max-snippet:-1, max-image-preview:large, max-video-preview:-1\" \/>\n<link rel=\"canonical\" href=\"https:\/\/www.oarcanjo.net\/site\/bem-aventurada-albertina-berkenbrock\/\" \/>\n<meta property=\"og:locale\" content=\"pt_BR\" \/>\n<meta property=\"og:type\" content=\"article\" \/>\n<meta property=\"og:title\" content=\"Bem Aventurada Albertina Berkenbrock - O Arcanjo no ar\" \/>\n<meta property=\"og:description\" content=\"15 de Junho &#8220;Albertina foi uma menina que ousou ser santa.&#8221; Foi com essas palavras que Dom Jacinto Bergmann, bispo da diocese de Tubar\u00e3o &#8211; Santa Catarina -, referiu-se a ela na cerim\u00f4nia de sua beatifica\u00e7\u00e3o. Albertina Berkenbrock nasceu dia 11 de abril de 1919, no povoado de S\u00e3o Lu\u00eds, munic\u00edpio de Imaru\u00ed no Estado [&hellip;]\" \/>\n<meta property=\"og:url\" content=\"https:\/\/www.oarcanjo.net\/site\/bem-aventurada-albertina-berkenbrock\/\" \/>\n<meta property=\"og:site_name\" content=\"O Arcanjo no ar\" \/>\n<meta property=\"article:publisher\" content=\"https:\/\/www.facebook.com\/OArcanjoNoAr\/\" \/>\n<meta property=\"article:published_time\" content=\"2016-06-15T03:15:22+00:00\" \/>\n<meta property=\"article:modified_time\" content=\"2016-06-10T21:37:30+00:00\" \/>\n<meta property=\"og:image\" content=\"http:\/\/1.bp.blogspot.com\/_GuTKrV_pwk4\/RxsyC7tokXI\/AAAAAAAABAY\/PDRTGPVfKA4\/s400\/yalbertina.jpg\" \/>\n<meta name=\"author\" content=\"danilo\" \/>\n<meta name=\"twitter:card\" content=\"summary_large_image\" \/>\n<meta name=\"twitter:label1\" content=\"Escrito por\" \/>\n\t<meta name=\"twitter:data1\" content=\"danilo\" \/>\n\t<meta name=\"twitter:label2\" content=\"Est. tempo de leitura\" \/>\n\t<meta name=\"twitter:data2\" content=\"4 minutos\" \/>\n<script type=\"application\/ld+json\" class=\"yoast-schema-graph\">{\"@context\":\"https:\/\/schema.org\",\"@graph\":[{\"@type\":\"Article\",\"@id\":\"https:\/\/www.oarcanjo.net\/site\/bem-aventurada-albertina-berkenbrock\/#article\",\"isPartOf\":{\"@id\":\"https:\/\/www.oarcanjo.net\/site\/bem-aventurada-albertina-berkenbrock\/\"},\"author\":{\"name\":\"danilo\",\"@id\":\"https:\/\/www.oarcanjo.net\/site\/#\/schema\/person\/5eb9480bedd2f3c97e430ce128c29c6c\"},\"headline\":\"Bem Aventurada Albertina Berkenbrock\",\"datePublished\":\"2016-06-15T03:15:22+00:00\",\"dateModified\":\"2016-06-10T21:37:30+00:00\",\"mainEntityOfPage\":{\"@id\":\"https:\/\/www.oarcanjo.net\/site\/bem-aventurada-albertina-berkenbrock\/\"},\"wordCount\":727,\"commentCount\":0,\"publisher\":{\"@id\":\"https:\/\/www.oarcanjo.net\/site\/#organization\"},\"image\":{\"@id\":\"https:\/\/www.oarcanjo.net\/site\/bem-aventurada-albertina-berkenbrock\/#primaryimage\"},\"thumbnailUrl\":\"http:\/\/1.bp.blogspot.com\/_GuTKrV_pwk4\/RxsyC7tokXI\/AAAAAAAABAY\/PDRTGPVfKA4\/s400\/yalbertina.jpg\",\"articleSection\":[\"Testemunhos\"],\"inLanguage\":\"pt-BR\",\"potentialAction\":[{\"@type\":\"CommentAction\",\"name\":\"Comment\",\"target\":[\"https:\/\/www.oarcanjo.net\/site\/bem-aventurada-albertina-berkenbrock\/#respond\"]}]},{\"@type\":\"WebPage\",\"@id\":\"https:\/\/www.oarcanjo.net\/site\/bem-aventurada-albertina-berkenbrock\/\",\"url\":\"https:\/\/www.oarcanjo.net\/site\/bem-aventurada-albertina-berkenbrock\/\",\"name\":\"Bem Aventurada Albertina Berkenbrock - O Arcanjo no ar\",\"isPartOf\":{\"@id\":\"https:\/\/www.oarcanjo.net\/site\/#website\"},\"primaryImageOfPage\":{\"@id\":\"https:\/\/www.oarcanjo.net\/site\/bem-aventurada-albertina-berkenbrock\/#primaryimage\"},\"image\":{\"@id\":\"https:\/\/www.oarcanjo.net\/site\/bem-aventurada-albertina-berkenbrock\/#primaryimage\"},\"thumbnailUrl\":\"http:\/\/1.bp.blogspot.com\/_GuTKrV_pwk4\/RxsyC7tokXI\/AAAAAAAABAY\/PDRTGPVfKA4\/s400\/yalbertina.jpg\",\"datePublished\":\"2016-06-15T03:15:22+00:00\",\"dateModified\":\"2016-06-10T21:37:30+00:00\",\"breadcrumb\":{\"@id\":\"https:\/\/www.oarcanjo.net\/site\/bem-aventurada-albertina-berkenbrock\/#breadcrumb\"},\"inLanguage\":\"pt-BR\",\"potentialAction\":[{\"@type\":\"ReadAction\",\"target\":[\"https:\/\/www.oarcanjo.net\/site\/bem-aventurada-albertina-berkenbrock\/\"]}]},{\"@type\":\"ImageObject\",\"inLanguage\":\"pt-BR\",\"@id\":\"https:\/\/www.oarcanjo.net\/site\/bem-aventurada-albertina-berkenbrock\/#primaryimage\",\"url\":\"http:\/\/1.bp.blogspot.com\/_GuTKrV_pwk4\/RxsyC7tokXI\/AAAAAAAABAY\/PDRTGPVfKA4\/s400\/yalbertina.jpg\",\"contentUrl\":\"http:\/\/1.bp.blogspot.com\/_GuTKrV_pwk4\/RxsyC7tokXI\/AAAAAAAABAY\/PDRTGPVfKA4\/s400\/yalbertina.jpg\"},{\"@type\":\"BreadcrumbList\",\"@id\":\"https:\/\/www.oarcanjo.net\/site\/bem-aventurada-albertina-berkenbrock\/#breadcrumb\",\"itemListElement\":[{\"@type\":\"ListItem\",\"position\":1,\"name\":\"In\u00edcio\",\"item\":\"https:\/\/www.oarcanjo.net\/site\/\"},{\"@type\":\"ListItem\",\"position\":2,\"name\":\"Bem Aventurada Albertina Berkenbrock\"}]},{\"@type\":\"WebSite\",\"@id\":\"https:\/\/www.oarcanjo.net\/site\/#website\",\"url\":\"https:\/\/www.oarcanjo.net\/site\/\",\"name\":\"O Arcanjo no ar\",\"description\":\"Site da Par\u00f3quia S\u00e3o Miguel Arcanjo (Arquidiocese de SP)\",\"publisher\":{\"@id\":\"https:\/\/www.oarcanjo.net\/site\/#organization\"},\"potentialAction\":[{\"@type\":\"SearchAction\",\"target\":{\"@type\":\"EntryPoint\",\"urlTemplate\":\"https:\/\/www.oarcanjo.net\/site\/?s={search_term_string}\"},\"query-input\":{\"@type\":\"PropertyValueSpecification\",\"valueRequired\":true,\"valueName\":\"search_term_string\"}}],\"inLanguage\":\"pt-BR\"},{\"@type\":\"Organization\",\"@id\":\"https:\/\/www.oarcanjo.net\/site\/#organization\",\"name\":\"Par\u00f3quia S\u00e3o Miguel Arcanjo\",\"url\":\"https:\/\/www.oarcanjo.net\/site\/\",\"logo\":{\"@type\":\"ImageObject\",\"inLanguage\":\"pt-BR\",\"@id\":\"https:\/\/www.oarcanjo.net\/site\/#\/schema\/logo\/image\/\",\"url\":\"https:\/\/www.oarcanjo.net\/site\/wp-content\/uploads\/LogoOArcanjo.png\",\"contentUrl\":\"https:\/\/www.oarcanjo.net\/site\/wp-content\/uploads\/LogoOArcanjo.png\",\"width\":319,\"height\":99,\"caption\":\"Par\u00f3quia S\u00e3o Miguel Arcanjo\"},\"image\":{\"@id\":\"https:\/\/www.oarcanjo.net\/site\/#\/schema\/logo\/image\/\"},\"sameAs\":[\"https:\/\/www.facebook.com\/OArcanjoNoAr\/\"]},{\"@type\":\"Person\",\"@id\":\"https:\/\/www.oarcanjo.net\/site\/#\/schema\/person\/5eb9480bedd2f3c97e430ce128c29c6c\",\"name\":\"danilo\"}]}<\/script>\n<!-- \/ Yoast SEO plugin. -->","yoast_head_json":{"title":"Bem Aventurada Albertina Berkenbrock - O Arcanjo no ar","robots":{"index":"index","follow":"follow","max-snippet":"max-snippet:-1","max-image-preview":"max-image-preview:large","max-video-preview":"max-video-preview:-1"},"canonical":"https:\/\/www.oarcanjo.net\/site\/bem-aventurada-albertina-berkenbrock\/","og_locale":"pt_BR","og_type":"article","og_title":"Bem Aventurada Albertina Berkenbrock - O Arcanjo no ar","og_description":"15 de Junho &#8220;Albertina foi uma menina que ousou ser santa.&#8221; Foi com essas palavras que Dom Jacinto Bergmann, bispo da diocese de Tubar\u00e3o &#8211; Santa Catarina -, referiu-se a ela na cerim\u00f4nia de sua beatifica\u00e7\u00e3o. Albertina Berkenbrock nasceu dia 11 de abril de 1919, no povoado de S\u00e3o Lu\u00eds, munic\u00edpio de Imaru\u00ed no Estado [&hellip;]","og_url":"https:\/\/www.oarcanjo.net\/site\/bem-aventurada-albertina-berkenbrock\/","og_site_name":"O Arcanjo no ar","article_publisher":"https:\/\/www.facebook.com\/OArcanjoNoAr\/","article_published_time":"2016-06-15T03:15:22+00:00","article_modified_time":"2016-06-10T21:37:30+00:00","og_image":[{"url":"http:\/\/1.bp.blogspot.com\/_GuTKrV_pwk4\/RxsyC7tokXI\/AAAAAAAABAY\/PDRTGPVfKA4\/s400\/yalbertina.jpg"}],"author":"danilo","twitter_card":"summary_large_image","twitter_misc":{"Escrito por":"danilo","Est. tempo de leitura":"4 minutos"},"schema":{"@context":"https:\/\/schema.org","@graph":[{"@type":"Article","@id":"https:\/\/www.oarcanjo.net\/site\/bem-aventurada-albertina-berkenbrock\/#article","isPartOf":{"@id":"https:\/\/www.oarcanjo.net\/site\/bem-aventurada-albertina-berkenbrock\/"},"author":{"name":"danilo","@id":"https:\/\/www.oarcanjo.net\/site\/#\/schema\/person\/5eb9480bedd2f3c97e430ce128c29c6c"},"headline":"Bem Aventurada Albertina Berkenbrock","datePublished":"2016-06-15T03:15:22+00:00","dateModified":"2016-06-10T21:37:30+00:00","mainEntityOfPage":{"@id":"https:\/\/www.oarcanjo.net\/site\/bem-aventurada-albertina-berkenbrock\/"},"wordCount":727,"commentCount":0,"publisher":{"@id":"https:\/\/www.oarcanjo.net\/site\/#organization"},"image":{"@id":"https:\/\/www.oarcanjo.net\/site\/bem-aventurada-albertina-berkenbrock\/#primaryimage"},"thumbnailUrl":"http:\/\/1.bp.blogspot.com\/_GuTKrV_pwk4\/RxsyC7tokXI\/AAAAAAAABAY\/PDRTGPVfKA4\/s400\/yalbertina.jpg","articleSection":["Testemunhos"],"inLanguage":"pt-BR","potentialAction":[{"@type":"CommentAction","name":"Comment","target":["https:\/\/www.oarcanjo.net\/site\/bem-aventurada-albertina-berkenbrock\/#respond"]}]},{"@type":"WebPage","@id":"https:\/\/www.oarcanjo.net\/site\/bem-aventurada-albertina-berkenbrock\/","url":"https:\/\/www.oarcanjo.net\/site\/bem-aventurada-albertina-berkenbrock\/","name":"Bem Aventurada Albertina Berkenbrock - O Arcanjo no ar","isPartOf":{"@id":"https:\/\/www.oarcanjo.net\/site\/#website"},"primaryImageOfPage":{"@id":"https:\/\/www.oarcanjo.net\/site\/bem-aventurada-albertina-berkenbrock\/#primaryimage"},"image":{"@id":"https:\/\/www.oarcanjo.net\/site\/bem-aventurada-albertina-berkenbrock\/#primaryimage"},"thumbnailUrl":"http:\/\/1.bp.blogspot.com\/_GuTKrV_pwk4\/RxsyC7tokXI\/AAAAAAAABAY\/PDRTGPVfKA4\/s400\/yalbertina.jpg","datePublished":"2016-06-15T03:15:22+00:00","dateModified":"2016-06-10T21:37:30+00:00","breadcrumb":{"@id":"https:\/\/www.oarcanjo.net\/site\/bem-aventurada-albertina-berkenbrock\/#breadcrumb"},"inLanguage":"pt-BR","potentialAction":[{"@type":"ReadAction","target":["https:\/\/www.oarcanjo.net\/site\/bem-aventurada-albertina-berkenbrock\/"]}]},{"@type":"ImageObject","inLanguage":"pt-BR","@id":"https:\/\/www.oarcanjo.net\/site\/bem-aventurada-albertina-berkenbrock\/#primaryimage","url":"http:\/\/1.bp.blogspot.com\/_GuTKrV_pwk4\/RxsyC7tokXI\/AAAAAAAABAY\/PDRTGPVfKA4\/s400\/yalbertina.jpg","contentUrl":"http:\/\/1.bp.blogspot.com\/_GuTKrV_pwk4\/RxsyC7tokXI\/AAAAAAAABAY\/PDRTGPVfKA4\/s400\/yalbertina.jpg"},{"@type":"BreadcrumbList","@id":"https:\/\/www.oarcanjo.net\/site\/bem-aventurada-albertina-berkenbrock\/#breadcrumb","itemListElement":[{"@type":"ListItem","position":1,"name":"In\u00edcio","item":"https:\/\/www.oarcanjo.net\/site\/"},{"@type":"ListItem","position":2,"name":"Bem Aventurada Albertina Berkenbrock"}]},{"@type":"WebSite","@id":"https:\/\/www.oarcanjo.net\/site\/#website","url":"https:\/\/www.oarcanjo.net\/site\/","name":"O Arcanjo no ar","description":"Site da Par\u00f3quia S\u00e3o Miguel Arcanjo (Arquidiocese de SP)","publisher":{"@id":"https:\/\/www.oarcanjo.net\/site\/#organization"},"potentialAction":[{"@type":"SearchAction","target":{"@type":"EntryPoint","urlTemplate":"https:\/\/www.oarcanjo.net\/site\/?s={search_term_string}"},"query-input":{"@type":"PropertyValueSpecification","valueRequired":true,"valueName":"search_term_string"}}],"inLanguage":"pt-BR"},{"@type":"Organization","@id":"https:\/\/www.oarcanjo.net\/site\/#organization","name":"Par\u00f3quia S\u00e3o Miguel Arcanjo","url":"https:\/\/www.oarcanjo.net\/site\/","logo":{"@type":"ImageObject","inLanguage":"pt-BR","@id":"https:\/\/www.oarcanjo.net\/site\/#\/schema\/logo\/image\/","url":"https:\/\/www.oarcanjo.net\/site\/wp-content\/uploads\/LogoOArcanjo.png","contentUrl":"https:\/\/www.oarcanjo.net\/site\/wp-content\/uploads\/LogoOArcanjo.png","width":319,"height":99,"caption":"Par\u00f3quia S\u00e3o Miguel Arcanjo"},"image":{"@id":"https:\/\/www.oarcanjo.net\/site\/#\/schema\/logo\/image\/"},"sameAs":["https:\/\/www.facebook.com\/OArcanjoNoAr\/"]},{"@type":"Person","@id":"https:\/\/www.oarcanjo.net\/site\/#\/schema\/person\/5eb9480bedd2f3c97e430ce128c29c6c","name":"danilo"}]}},"publishpress_future_action":{"enabled":false,"date":"2026-05-08 16:37:36","action":"category","newStatus":"draft","terms":[],"taxonomy":"category"},"publishpress_future_workflow_manual_trigger":{"enabledWorkflows":[]},"_links":{"self":[{"href":"https:\/\/www.oarcanjo.net\/site\/wp-json\/wp\/v2\/posts\/9821"}],"collection":[{"href":"https:\/\/www.oarcanjo.net\/site\/wp-json\/wp\/v2\/posts"}],"about":[{"href":"https:\/\/www.oarcanjo.net\/site\/wp-json\/wp\/v2\/types\/post"}],"author":[{"embeddable":true,"href":"https:\/\/www.oarcanjo.net\/site\/wp-json\/wp\/v2\/users\/14"}],"replies":[{"embeddable":true,"href":"https:\/\/www.oarcanjo.net\/site\/wp-json\/wp\/v2\/comments?post=9821"}],"version-history":[{"count":0,"href":"https:\/\/www.oarcanjo.net\/site\/wp-json\/wp\/v2\/posts\/9821\/revisions"}],"wp:attachment":[{"href":"https:\/\/www.oarcanjo.net\/site\/wp-json\/wp\/v2\/media?parent=9821"}],"wp:term":[{"taxonomy":"category","embeddable":true,"href":"https:\/\/www.oarcanjo.net\/site\/wp-json\/wp\/v2\/categories?post=9821"},{"taxonomy":"post_tag","embeddable":true,"href":"https:\/\/www.oarcanjo.net\/site\/wp-json\/wp\/v2\/tags?post=9821"}],"curies":[{"name":"wp","href":"https:\/\/api.w.org\/{rel}","templated":true}]}}