
{"id":9823,"date":"2016-06-16T00:18:13","date_gmt":"2016-06-16T03:18:13","guid":{"rendered":"http:\/\/www.oarcanjo.net\/site\/?p=9823"},"modified":"2016-06-10T18:34:33","modified_gmt":"2016-06-10T21:34:33","slug":"santos-julita-e-ciro","status":"publish","type":"post","link":"https:\/\/www.oarcanjo.net\/site\/santos-julita-e-ciro\/","title":{"rendered":"Santos Julita e Ciro"},"content":{"rendered":"<p><img decoding=\"async\" src=\"http:\/\/2.bp.blogspot.com\/_gnw-IVbf9II\/SjeIiwilUSI\/AAAAAAAACiA\/-IpZUJ0G1fQ\/s320\/Santos_Julita_e_Ciro.jpg\" alt=\"\" \/><\/p>\n<p>16 de Junho<\/p>\n<p>Julita vivia na cidade de Ic\u00f4nio, na Lica\u00f4nia, atualmente Turquia. Ela era uma senhora riqu\u00edssima, da alta aristocracia e crist\u00e3, que se tornara vi\u00fava logo ap\u00f3s ter dado \u00e0 luz um menino. Ele foi batizado com o nome de Ciro, mas tamb\u00e9m atendia pelo diminutivo Cir\u00edaco ou Quir\u00edaco. Tinha tr\u00eas anos de idade quando o sanguin\u00e1rio imperador Diocleciano come\u00e7ou a perseguir, prender e matar crist\u00e3os.<\/p>\n<p>Julita, levando o filhinho Ciro e algumas servidoras, fugiu para a Sel\u00eaucia e, em seguida, para Tarso, mas ali acabou presa. O governador local, um cruel romano chamado Alexandre, tirou-lhe o filho dos bra\u00e7os e passou a us\u00e1-lo como um elemento a mais para sua tortura. Colocou-o sentado sobre seus joelhos, enquanto submetia Julita ao flagelo na frente do menino, com o intuito de que renegasse a f\u00e9 em Cristo.<\/p>\n<p>Como ela n\u00e3o obedeceu, os castigos aumentaram. Foi ent\u00e3o que o pequenino Ciro saltou dos joelhos do governador, come\u00e7ou a chorar e a gritar junto com a m\u00e3e: &#8220;Tamb\u00e9m sou crist\u00e3o! Tamb\u00e9m sou crist\u00e3o!&#8221; Foi tamanha a ira do governador que ele, com um pontap\u00e9, empurrou Ciro violentamente, fazendo-o rolar pelos degraus do tribunal, esmigalhando-lhe, assim, o cr\u00e2nio.<\/p>\n<p>Conta-se que Julita ficou im\u00f3vel, n\u00e3o reclamou, nem chorou, apenas rezou para que pudesse seguir seu pequenino Ciro no mart\u00edrio e encontr\u00e1-lo, o mais r\u00e1pido poss\u00edvel, ao lado de Deus. E foi o que aconteceu. Julita continuou sendo brutamente espancada e depois foi decapitada. Era o ano 304.<\/p>\n<p>Os corpos foram recolhidos por uma de suas fi\u00e9is servidoras e sepultados num t\u00famulo que foi mantido oculto at\u00e9 que as persegui\u00e7\u00f5es cessassem. Quando isso aconteceu, poucos anos depois, o bispo de Ic\u00f4nio, Teodoro, resolveu, com a ajuda de testemunhas da \u00e9poca e documentos leg\u00edtimos, reconstruir fielmente a dram\u00e1tica hist\u00f3ria de Julita e Ciro. E foi assim, pleno de autenticidade, que este culto chegou aos nossos dias.<\/p>\n<p>Ciro tornou-se o mais jovem m\u00e1rtir do cristianismo, precedido apenas dos santos m\u00e1rtires inocentes, exterminados pelo rei Herodes em Bel\u00e9m . Por isso \u00e9 considerado o santo padroeiro das crian\u00e7as que sofrem de maus-tratos. A festa de santa Julita e de s\u00e3o Ciro \u00e9 celebrada pela Igreja no dia 16 de junho, em todo o mundo cat\u00f3lico.<\/p>\n<div id=\"themify_builder_content-9823\" data-postid=\"9823\" class=\"themify_builder_content themify_builder_content-9823 themify_builder themify_builder_front\">\n\t<\/div>\n<!-- \/themify_builder_content -->","protected":false},"excerpt":{"rendered":"<p>16 de Junho Julita vivia na cidade de Ic\u00f4nio, na Lica\u00f4nia, atualmente Turquia. Ela era uma senhora riqu\u00edssima, da alta aristocracia e crist\u00e3, que se tornara vi\u00fava logo ap\u00f3s ter dado \u00e0 luz um menino. Ele foi batizado com o nome de Ciro, mas tamb\u00e9m atendia pelo diminutivo Cir\u00edaco ou Quir\u00edaco. Tinha tr\u00eas anos de [&hellip;]<\/p>\n","protected":false},"author":14,"featured_media":0,"comment_status":"open","ping_status":"open","sticky":false,"template":"","format":"standard","meta":{"ngg_post_thumbnail":0,"footnotes":""},"categories":[186],"tags":[],"yoast_head":"<!-- This site is optimized with the Yoast SEO plugin v23.5 - https:\/\/yoast.com\/wordpress\/plugins\/seo\/ -->\n<title>Santos Julita e Ciro - O Arcanjo no ar<\/title>\n<meta name=\"robots\" content=\"index, follow, max-snippet:-1, max-image-preview:large, max-video-preview:-1\" \/>\n<link rel=\"canonical\" href=\"https:\/\/www.oarcanjo.net\/site\/santos-julita-e-ciro\/\" \/>\n<meta property=\"og:locale\" content=\"pt_BR\" \/>\n<meta property=\"og:type\" content=\"article\" \/>\n<meta property=\"og:title\" content=\"Santos Julita e Ciro - O Arcanjo no ar\" \/>\n<meta property=\"og:description\" content=\"16 de Junho Julita vivia na cidade de Ic\u00f4nio, na Lica\u00f4nia, atualmente Turquia. Ela era uma senhora riqu\u00edssima, da alta aristocracia e crist\u00e3, que se tornara vi\u00fava logo ap\u00f3s ter dado \u00e0 luz um menino. Ele foi batizado com o nome de Ciro, mas tamb\u00e9m atendia pelo diminutivo Cir\u00edaco ou Quir\u00edaco. Tinha tr\u00eas anos de [&hellip;]\" \/>\n<meta property=\"og:url\" content=\"https:\/\/www.oarcanjo.net\/site\/santos-julita-e-ciro\/\" \/>\n<meta property=\"og:site_name\" content=\"O Arcanjo no ar\" \/>\n<meta property=\"article:publisher\" content=\"https:\/\/www.facebook.com\/OArcanjoNoAr\/\" \/>\n<meta property=\"article:published_time\" content=\"2016-06-16T03:18:13+00:00\" \/>\n<meta property=\"article:modified_time\" content=\"2016-06-10T21:34:33+00:00\" \/>\n<meta property=\"og:image\" content=\"http:\/\/2.bp.blogspot.com\/_gnw-IVbf9II\/SjeIiwilUSI\/AAAAAAAACiA\/-IpZUJ0G1fQ\/s320\/Santos_Julita_e_Ciro.jpg\" \/>\n<meta name=\"author\" content=\"danilo\" \/>\n<meta name=\"twitter:card\" content=\"summary_large_image\" \/>\n<meta name=\"twitter:label1\" content=\"Escrito por\" \/>\n\t<meta name=\"twitter:data1\" content=\"danilo\" \/>\n\t<meta name=\"twitter:label2\" content=\"Est. tempo de leitura\" \/>\n\t<meta name=\"twitter:data2\" content=\"2 minutos\" \/>\n<script type=\"application\/ld+json\" class=\"yoast-schema-graph\">{\"@context\":\"https:\/\/schema.org\",\"@graph\":[{\"@type\":\"Article\",\"@id\":\"https:\/\/www.oarcanjo.net\/site\/santos-julita-e-ciro\/#article\",\"isPartOf\":{\"@id\":\"https:\/\/www.oarcanjo.net\/site\/santos-julita-e-ciro\/\"},\"author\":{\"name\":\"danilo\",\"@id\":\"https:\/\/www.oarcanjo.net\/site\/#\/schema\/person\/5eb9480bedd2f3c97e430ce128c29c6c\"},\"headline\":\"Santos Julita e Ciro\",\"datePublished\":\"2016-06-16T03:18:13+00:00\",\"dateModified\":\"2016-06-10T21:34:33+00:00\",\"mainEntityOfPage\":{\"@id\":\"https:\/\/www.oarcanjo.net\/site\/santos-julita-e-ciro\/\"},\"wordCount\":408,\"commentCount\":0,\"publisher\":{\"@id\":\"https:\/\/www.oarcanjo.net\/site\/#organization\"},\"image\":{\"@id\":\"https:\/\/www.oarcanjo.net\/site\/santos-julita-e-ciro\/#primaryimage\"},\"thumbnailUrl\":\"http:\/\/2.bp.blogspot.com\/_gnw-IVbf9II\/SjeIiwilUSI\/AAAAAAAACiA\/-IpZUJ0G1fQ\/s320\/Santos_Julita_e_Ciro.jpg\",\"articleSection\":[\"Testemunhos\"],\"inLanguage\":\"pt-BR\",\"potentialAction\":[{\"@type\":\"CommentAction\",\"name\":\"Comment\",\"target\":[\"https:\/\/www.oarcanjo.net\/site\/santos-julita-e-ciro\/#respond\"]}]},{\"@type\":\"WebPage\",\"@id\":\"https:\/\/www.oarcanjo.net\/site\/santos-julita-e-ciro\/\",\"url\":\"https:\/\/www.oarcanjo.net\/site\/santos-julita-e-ciro\/\",\"name\":\"Santos Julita e Ciro - O Arcanjo no ar\",\"isPartOf\":{\"@id\":\"https:\/\/www.oarcanjo.net\/site\/#website\"},\"primaryImageOfPage\":{\"@id\":\"https:\/\/www.oarcanjo.net\/site\/santos-julita-e-ciro\/#primaryimage\"},\"image\":{\"@id\":\"https:\/\/www.oarcanjo.net\/site\/santos-julita-e-ciro\/#primaryimage\"},\"thumbnailUrl\":\"http:\/\/2.bp.blogspot.com\/_gnw-IVbf9II\/SjeIiwilUSI\/AAAAAAAACiA\/-IpZUJ0G1fQ\/s320\/Santos_Julita_e_Ciro.jpg\",\"datePublished\":\"2016-06-16T03:18:13+00:00\",\"dateModified\":\"2016-06-10T21:34:33+00:00\",\"breadcrumb\":{\"@id\":\"https:\/\/www.oarcanjo.net\/site\/santos-julita-e-ciro\/#breadcrumb\"},\"inLanguage\":\"pt-BR\",\"potentialAction\":[{\"@type\":\"ReadAction\",\"target\":[\"https:\/\/www.oarcanjo.net\/site\/santos-julita-e-ciro\/\"]}]},{\"@type\":\"ImageObject\",\"inLanguage\":\"pt-BR\",\"@id\":\"https:\/\/www.oarcanjo.net\/site\/santos-julita-e-ciro\/#primaryimage\",\"url\":\"http:\/\/2.bp.blogspot.com\/_gnw-IVbf9II\/SjeIiwilUSI\/AAAAAAAACiA\/-IpZUJ0G1fQ\/s320\/Santos_Julita_e_Ciro.jpg\",\"contentUrl\":\"http:\/\/2.bp.blogspot.com\/_gnw-IVbf9II\/SjeIiwilUSI\/AAAAAAAACiA\/-IpZUJ0G1fQ\/s320\/Santos_Julita_e_Ciro.jpg\"},{\"@type\":\"BreadcrumbList\",\"@id\":\"https:\/\/www.oarcanjo.net\/site\/santos-julita-e-ciro\/#breadcrumb\",\"itemListElement\":[{\"@type\":\"ListItem\",\"position\":1,\"name\":\"In\u00edcio\",\"item\":\"https:\/\/www.oarcanjo.net\/site\/\"},{\"@type\":\"ListItem\",\"position\":2,\"name\":\"Santos Julita e Ciro\"}]},{\"@type\":\"WebSite\",\"@id\":\"https:\/\/www.oarcanjo.net\/site\/#website\",\"url\":\"https:\/\/www.oarcanjo.net\/site\/\",\"name\":\"O Arcanjo no ar\",\"description\":\"Site da Par\u00f3quia S\u00e3o Miguel Arcanjo (Arquidiocese de SP)\",\"publisher\":{\"@id\":\"https:\/\/www.oarcanjo.net\/site\/#organization\"},\"potentialAction\":[{\"@type\":\"SearchAction\",\"target\":{\"@type\":\"EntryPoint\",\"urlTemplate\":\"https:\/\/www.oarcanjo.net\/site\/?s={search_term_string}\"},\"query-input\":{\"@type\":\"PropertyValueSpecification\",\"valueRequired\":true,\"valueName\":\"search_term_string\"}}],\"inLanguage\":\"pt-BR\"},{\"@type\":\"Organization\",\"@id\":\"https:\/\/www.oarcanjo.net\/site\/#organization\",\"name\":\"Par\u00f3quia S\u00e3o Miguel Arcanjo\",\"url\":\"https:\/\/www.oarcanjo.net\/site\/\",\"logo\":{\"@type\":\"ImageObject\",\"inLanguage\":\"pt-BR\",\"@id\":\"https:\/\/www.oarcanjo.net\/site\/#\/schema\/logo\/image\/\",\"url\":\"https:\/\/www.oarcanjo.net\/site\/wp-content\/uploads\/LogoOArcanjo.png\",\"contentUrl\":\"https:\/\/www.oarcanjo.net\/site\/wp-content\/uploads\/LogoOArcanjo.png\",\"width\":319,\"height\":99,\"caption\":\"Par\u00f3quia S\u00e3o Miguel Arcanjo\"},\"image\":{\"@id\":\"https:\/\/www.oarcanjo.net\/site\/#\/schema\/logo\/image\/\"},\"sameAs\":[\"https:\/\/www.facebook.com\/OArcanjoNoAr\/\"]},{\"@type\":\"Person\",\"@id\":\"https:\/\/www.oarcanjo.net\/site\/#\/schema\/person\/5eb9480bedd2f3c97e430ce128c29c6c\",\"name\":\"danilo\"}]}<\/script>\n<!-- \/ Yoast SEO plugin. -->","yoast_head_json":{"title":"Santos Julita e Ciro - O Arcanjo no ar","robots":{"index":"index","follow":"follow","max-snippet":"max-snippet:-1","max-image-preview":"max-image-preview:large","max-video-preview":"max-video-preview:-1"},"canonical":"https:\/\/www.oarcanjo.net\/site\/santos-julita-e-ciro\/","og_locale":"pt_BR","og_type":"article","og_title":"Santos Julita e Ciro - O Arcanjo no ar","og_description":"16 de Junho Julita vivia na cidade de Ic\u00f4nio, na Lica\u00f4nia, atualmente Turquia. Ela era uma senhora riqu\u00edssima, da alta aristocracia e crist\u00e3, que se tornara vi\u00fava logo ap\u00f3s ter dado \u00e0 luz um menino. Ele foi batizado com o nome de Ciro, mas tamb\u00e9m atendia pelo diminutivo Cir\u00edaco ou Quir\u00edaco. Tinha tr\u00eas anos de [&hellip;]","og_url":"https:\/\/www.oarcanjo.net\/site\/santos-julita-e-ciro\/","og_site_name":"O Arcanjo no ar","article_publisher":"https:\/\/www.facebook.com\/OArcanjoNoAr\/","article_published_time":"2016-06-16T03:18:13+00:00","article_modified_time":"2016-06-10T21:34:33+00:00","og_image":[{"url":"http:\/\/2.bp.blogspot.com\/_gnw-IVbf9II\/SjeIiwilUSI\/AAAAAAAACiA\/-IpZUJ0G1fQ\/s320\/Santos_Julita_e_Ciro.jpg"}],"author":"danilo","twitter_card":"summary_large_image","twitter_misc":{"Escrito por":"danilo","Est. tempo de leitura":"2 minutos"},"schema":{"@context":"https:\/\/schema.org","@graph":[{"@type":"Article","@id":"https:\/\/www.oarcanjo.net\/site\/santos-julita-e-ciro\/#article","isPartOf":{"@id":"https:\/\/www.oarcanjo.net\/site\/santos-julita-e-ciro\/"},"author":{"name":"danilo","@id":"https:\/\/www.oarcanjo.net\/site\/#\/schema\/person\/5eb9480bedd2f3c97e430ce128c29c6c"},"headline":"Santos Julita e Ciro","datePublished":"2016-06-16T03:18:13+00:00","dateModified":"2016-06-10T21:34:33+00:00","mainEntityOfPage":{"@id":"https:\/\/www.oarcanjo.net\/site\/santos-julita-e-ciro\/"},"wordCount":408,"commentCount":0,"publisher":{"@id":"https:\/\/www.oarcanjo.net\/site\/#organization"},"image":{"@id":"https:\/\/www.oarcanjo.net\/site\/santos-julita-e-ciro\/#primaryimage"},"thumbnailUrl":"http:\/\/2.bp.blogspot.com\/_gnw-IVbf9II\/SjeIiwilUSI\/AAAAAAAACiA\/-IpZUJ0G1fQ\/s320\/Santos_Julita_e_Ciro.jpg","articleSection":["Testemunhos"],"inLanguage":"pt-BR","potentialAction":[{"@type":"CommentAction","name":"Comment","target":["https:\/\/www.oarcanjo.net\/site\/santos-julita-e-ciro\/#respond"]}]},{"@type":"WebPage","@id":"https:\/\/www.oarcanjo.net\/site\/santos-julita-e-ciro\/","url":"https:\/\/www.oarcanjo.net\/site\/santos-julita-e-ciro\/","name":"Santos Julita e Ciro - O Arcanjo no ar","isPartOf":{"@id":"https:\/\/www.oarcanjo.net\/site\/#website"},"primaryImageOfPage":{"@id":"https:\/\/www.oarcanjo.net\/site\/santos-julita-e-ciro\/#primaryimage"},"image":{"@id":"https:\/\/www.oarcanjo.net\/site\/santos-julita-e-ciro\/#primaryimage"},"thumbnailUrl":"http:\/\/2.bp.blogspot.com\/_gnw-IVbf9II\/SjeIiwilUSI\/AAAAAAAACiA\/-IpZUJ0G1fQ\/s320\/Santos_Julita_e_Ciro.jpg","datePublished":"2016-06-16T03:18:13+00:00","dateModified":"2016-06-10T21:34:33+00:00","breadcrumb":{"@id":"https:\/\/www.oarcanjo.net\/site\/santos-julita-e-ciro\/#breadcrumb"},"inLanguage":"pt-BR","potentialAction":[{"@type":"ReadAction","target":["https:\/\/www.oarcanjo.net\/site\/santos-julita-e-ciro\/"]}]},{"@type":"ImageObject","inLanguage":"pt-BR","@id":"https:\/\/www.oarcanjo.net\/site\/santos-julita-e-ciro\/#primaryimage","url":"http:\/\/2.bp.blogspot.com\/_gnw-IVbf9II\/SjeIiwilUSI\/AAAAAAAACiA\/-IpZUJ0G1fQ\/s320\/Santos_Julita_e_Ciro.jpg","contentUrl":"http:\/\/2.bp.blogspot.com\/_gnw-IVbf9II\/SjeIiwilUSI\/AAAAAAAACiA\/-IpZUJ0G1fQ\/s320\/Santos_Julita_e_Ciro.jpg"},{"@type":"BreadcrumbList","@id":"https:\/\/www.oarcanjo.net\/site\/santos-julita-e-ciro\/#breadcrumb","itemListElement":[{"@type":"ListItem","position":1,"name":"In\u00edcio","item":"https:\/\/www.oarcanjo.net\/site\/"},{"@type":"ListItem","position":2,"name":"Santos Julita e Ciro"}]},{"@type":"WebSite","@id":"https:\/\/www.oarcanjo.net\/site\/#website","url":"https:\/\/www.oarcanjo.net\/site\/","name":"O Arcanjo no ar","description":"Site da Par\u00f3quia S\u00e3o Miguel Arcanjo (Arquidiocese de SP)","publisher":{"@id":"https:\/\/www.oarcanjo.net\/site\/#organization"},"potentialAction":[{"@type":"SearchAction","target":{"@type":"EntryPoint","urlTemplate":"https:\/\/www.oarcanjo.net\/site\/?s={search_term_string}"},"query-input":{"@type":"PropertyValueSpecification","valueRequired":true,"valueName":"search_term_string"}}],"inLanguage":"pt-BR"},{"@type":"Organization","@id":"https:\/\/www.oarcanjo.net\/site\/#organization","name":"Par\u00f3quia S\u00e3o Miguel Arcanjo","url":"https:\/\/www.oarcanjo.net\/site\/","logo":{"@type":"ImageObject","inLanguage":"pt-BR","@id":"https:\/\/www.oarcanjo.net\/site\/#\/schema\/logo\/image\/","url":"https:\/\/www.oarcanjo.net\/site\/wp-content\/uploads\/LogoOArcanjo.png","contentUrl":"https:\/\/www.oarcanjo.net\/site\/wp-content\/uploads\/LogoOArcanjo.png","width":319,"height":99,"caption":"Par\u00f3quia S\u00e3o Miguel Arcanjo"},"image":{"@id":"https:\/\/www.oarcanjo.net\/site\/#\/schema\/logo\/image\/"},"sameAs":["https:\/\/www.facebook.com\/OArcanjoNoAr\/"]},{"@type":"Person","@id":"https:\/\/www.oarcanjo.net\/site\/#\/schema\/person\/5eb9480bedd2f3c97e430ce128c29c6c","name":"danilo"}]}},"publishpress_future_action":{"enabled":false,"date":"2026-05-08 15:02:43","action":"category","newStatus":"draft","terms":[],"taxonomy":"category"},"publishpress_future_workflow_manual_trigger":{"enabledWorkflows":[]},"_links":{"self":[{"href":"https:\/\/www.oarcanjo.net\/site\/wp-json\/wp\/v2\/posts\/9823"}],"collection":[{"href":"https:\/\/www.oarcanjo.net\/site\/wp-json\/wp\/v2\/posts"}],"about":[{"href":"https:\/\/www.oarcanjo.net\/site\/wp-json\/wp\/v2\/types\/post"}],"author":[{"embeddable":true,"href":"https:\/\/www.oarcanjo.net\/site\/wp-json\/wp\/v2\/users\/14"}],"replies":[{"embeddable":true,"href":"https:\/\/www.oarcanjo.net\/site\/wp-json\/wp\/v2\/comments?post=9823"}],"version-history":[{"count":0,"href":"https:\/\/www.oarcanjo.net\/site\/wp-json\/wp\/v2\/posts\/9823\/revisions"}],"wp:attachment":[{"href":"https:\/\/www.oarcanjo.net\/site\/wp-json\/wp\/v2\/media?parent=9823"}],"wp:term":[{"taxonomy":"category","embeddable":true,"href":"https:\/\/www.oarcanjo.net\/site\/wp-json\/wp\/v2\/categories?post=9823"},{"taxonomy":"post_tag","embeddable":true,"href":"https:\/\/www.oarcanjo.net\/site\/wp-json\/wp\/v2\/tags?post=9823"}],"curies":[{"name":"wp","href":"https:\/\/api.w.org\/{rel}","templated":true}]}}