
{"id":9825,"date":"2016-06-17T00:19:16","date_gmt":"2016-06-17T03:19:16","guid":{"rendered":"http:\/\/www.oarcanjo.net\/site\/?p=9825"},"modified":"2016-06-10T18:34:27","modified_gmt":"2016-06-10T21:34:27","slug":"sao-ranieri-de-pisa","status":"publish","type":"post","link":"https:\/\/www.oarcanjo.net\/site\/sao-ranieri-de-pisa\/","title":{"rendered":"S\u00e3o Ranieri de Pisa"},"content":{"rendered":"<p><img decoding=\"async\" src=\"http:\/\/4.bp.blogspot.com\/_VsL8VkjSZWw\/SjkqofdHTII\/AAAAAAAABQk\/DqCuc4hWYY8\/s400\/San_Ranieri_di_Pisa.jpg\" alt=\"\" \/><\/p>\n<p>17 de Junho<\/p>\n<p>\u00a0cidade de Pisa era, nos s\u00e9culos XI e XII, um importante p\u00f3lo comercial mar\u00edtimo da It\u00e1lia, que contribu\u00eda tamb\u00e9m no combate aos piratas sarracenos. Assim, paralelamente, ao burburinho dos neg\u00f3cios, a vida mundana da corte era exuberante e tentadora, principalmente para os mais jovens.<\/p>\n<p>Foi nessa \u00e9poca, no ano 1118, que Ranieri Scacceri nasceu em Pisa. Era filho \u00fanico de Gandulfo e Emengarda, ambos de fam\u00edlias tradicionais de nobres mercadores riqu\u00edssimos. A sua educa\u00e7\u00e3o foi confiada ao bispo de Kinzica, para que recebesse boa forma\u00e7\u00e3o religiosa e para os neg\u00f3cios. Por\u00e9m Ranieri, mostrando forte inclina\u00e7\u00e3o art\u00edstica, preferiu estudar lira e canto. E para desgosto dos pais e do bispo, seu tutor, ele se entregou \u00e0 vida f\u00fatil e desregrada, apreciando as festas da corte onde se apresentava. Com isso, tornou-se uma figura popular e conhecida na cidade de Pisa.<\/p>\n<p>Aos dezenove anos de idade, impressionado com a vida miser\u00e1vel dos pobres da cidade e percebendo a inutilidade de sua vida, decidiu mudar. Contribuiu para isso o encontro que teve com o eremita Alberto da C\u00f3rsega, que o estimulou a voltar para a vida de valores crist\u00e3os e a servi\u00e7o de Deus. Foi assim que Ranieri ingressou no Mosteiro de S\u00e3o Vito, em Pisa, apenas como irm\u00e3o leigo.<\/p>\n<p>Depois de viver, at\u00e9 os vinte e tr\u00eas anos de idade, recolhido como solit\u00e1rio, doou toda a sua fortuna aos pobres e necessitados e partiu em peregrina\u00e7\u00e3o \u00e0 Terra Santa, onde permaneceu por quase quatorze anos. Viajou por todos os lugares santos de Jerusal\u00e9m, Acre e outras cidades da Palestina, conduzindo a sua exist\u00eancia pelo caminho da santidade. Foi nessa ocasi\u00e3o que sua virtude taumat\u00fargica para com os pobres passou a manifestar-se. Vestido com roupas pobres, vivendo s\u00f3 de esmolas, Ranieri lia segredos nos cora\u00e7\u00f5es, expulsava dem\u00f4nios, realizava curas e convers\u00f5es.<\/p>\n<p>J\u00e1 com fama de santidade, em 1154 retornou a Pisa e ao Mosteiro de S\u00e3o Vito, mas sempre como irm\u00e3o leigo. Em pouco tempo, tornou-se o ap\u00f3stolo e diretor espiritual dos monges e dos habitantes da cidade. Segundo os registros da Igreja, os seus prod\u00edgios ocorriam por meio do p\u00e3o e da \u00e1gua benzidos, os quais distribu\u00eda a todos os aflitos que o solicitavam, o que lhe valeu o apelido de &#8220;Ranieri d&#8217;\u00e1gua&#8221;.<\/p>\n<p>Depois de sete anos do seu regresso da longa peregrina\u00e7\u00e3o, Ranieri morreu no dia 17 de junho de 1161. E desde ent\u00e3o os milagres continuaram a ocorrer por sua intercess\u00e3o, por meio da \u00e1gua benzida com sua ora\u00e7\u00e3o ou colocada sobre sua sepultura.<\/p>\n<p>Canonizado pelo papa Alexandre III, s\u00e3o Ranieri de Pisa foi proclamado padroeiro dos viajantes e da cidade de Pisa. A catedral dessa cidade conserva suas rel\u00edquias, que s\u00e3o veneradas no dia de sua morte.<\/p>\n<div id=\"themify_builder_content-9825\" data-postid=\"9825\" class=\"themify_builder_content themify_builder_content-9825 themify_builder themify_builder_front\">\n\t<\/div>\n<!-- \/themify_builder_content -->","protected":false},"excerpt":{"rendered":"<p>17 de Junho \u00a0cidade de Pisa era, nos s\u00e9culos XI e XII, um importante p\u00f3lo comercial mar\u00edtimo da It\u00e1lia, que contribu\u00eda tamb\u00e9m no combate aos piratas sarracenos. Assim, paralelamente, ao burburinho dos neg\u00f3cios, a vida mundana da corte era exuberante e tentadora, principalmente para os mais jovens. Foi nessa \u00e9poca, no ano 1118, que Ranieri [&hellip;]<\/p>\n","protected":false},"author":14,"featured_media":0,"comment_status":"open","ping_status":"open","sticky":false,"template":"","format":"standard","meta":{"ngg_post_thumbnail":0,"footnotes":""},"categories":[186],"tags":[],"yoast_head":"<!-- This site is optimized with the Yoast SEO plugin v23.5 - https:\/\/yoast.com\/wordpress\/plugins\/seo\/ -->\n<title>S\u00e3o Ranieri de Pisa - O Arcanjo no ar<\/title>\n<meta name=\"robots\" content=\"index, follow, max-snippet:-1, max-image-preview:large, max-video-preview:-1\" \/>\n<link rel=\"canonical\" href=\"https:\/\/www.oarcanjo.net\/site\/sao-ranieri-de-pisa\/\" \/>\n<meta property=\"og:locale\" content=\"pt_BR\" \/>\n<meta property=\"og:type\" content=\"article\" \/>\n<meta property=\"og:title\" content=\"S\u00e3o Ranieri de Pisa - O Arcanjo no ar\" \/>\n<meta property=\"og:description\" content=\"17 de Junho \u00a0cidade de Pisa era, nos s\u00e9culos XI e XII, um importante p\u00f3lo comercial mar\u00edtimo da It\u00e1lia, que contribu\u00eda tamb\u00e9m no combate aos piratas sarracenos. Assim, paralelamente, ao burburinho dos neg\u00f3cios, a vida mundana da corte era exuberante e tentadora, principalmente para os mais jovens. Foi nessa \u00e9poca, no ano 1118, que Ranieri [&hellip;]\" \/>\n<meta property=\"og:url\" content=\"https:\/\/www.oarcanjo.net\/site\/sao-ranieri-de-pisa\/\" \/>\n<meta property=\"og:site_name\" content=\"O Arcanjo no ar\" \/>\n<meta property=\"article:publisher\" content=\"https:\/\/www.facebook.com\/OArcanjoNoAr\/\" \/>\n<meta property=\"article:published_time\" content=\"2016-06-17T03:19:16+00:00\" \/>\n<meta property=\"article:modified_time\" content=\"2016-06-10T21:34:27+00:00\" \/>\n<meta property=\"og:image\" content=\"http:\/\/4.bp.blogspot.com\/_VsL8VkjSZWw\/SjkqofdHTII\/AAAAAAAABQk\/DqCuc4hWYY8\/s400\/San_Ranieri_di_Pisa.jpg\" \/>\n<meta name=\"author\" content=\"danilo\" \/>\n<meta name=\"twitter:card\" content=\"summary_large_image\" \/>\n<meta name=\"twitter:label1\" content=\"Escrito por\" \/>\n\t<meta name=\"twitter:data1\" content=\"danilo\" \/>\n\t<meta name=\"twitter:label2\" content=\"Est. tempo de leitura\" \/>\n\t<meta name=\"twitter:data2\" content=\"2 minutos\" \/>\n<script type=\"application\/ld+json\" class=\"yoast-schema-graph\">{\"@context\":\"https:\/\/schema.org\",\"@graph\":[{\"@type\":\"Article\",\"@id\":\"https:\/\/www.oarcanjo.net\/site\/sao-ranieri-de-pisa\/#article\",\"isPartOf\":{\"@id\":\"https:\/\/www.oarcanjo.net\/site\/sao-ranieri-de-pisa\/\"},\"author\":{\"name\":\"danilo\",\"@id\":\"https:\/\/www.oarcanjo.net\/site\/#\/schema\/person\/5eb9480bedd2f3c97e430ce128c29c6c\"},\"headline\":\"S\u00e3o Ranieri de Pisa\",\"datePublished\":\"2016-06-17T03:19:16+00:00\",\"dateModified\":\"2016-06-10T21:34:27+00:00\",\"mainEntityOfPage\":{\"@id\":\"https:\/\/www.oarcanjo.net\/site\/sao-ranieri-de-pisa\/\"},\"wordCount\":495,\"commentCount\":0,\"publisher\":{\"@id\":\"https:\/\/www.oarcanjo.net\/site\/#organization\"},\"image\":{\"@id\":\"https:\/\/www.oarcanjo.net\/site\/sao-ranieri-de-pisa\/#primaryimage\"},\"thumbnailUrl\":\"http:\/\/4.bp.blogspot.com\/_VsL8VkjSZWw\/SjkqofdHTII\/AAAAAAAABQk\/DqCuc4hWYY8\/s400\/San_Ranieri_di_Pisa.jpg\",\"articleSection\":[\"Testemunhos\"],\"inLanguage\":\"pt-BR\",\"potentialAction\":[{\"@type\":\"CommentAction\",\"name\":\"Comment\",\"target\":[\"https:\/\/www.oarcanjo.net\/site\/sao-ranieri-de-pisa\/#respond\"]}]},{\"@type\":\"WebPage\",\"@id\":\"https:\/\/www.oarcanjo.net\/site\/sao-ranieri-de-pisa\/\",\"url\":\"https:\/\/www.oarcanjo.net\/site\/sao-ranieri-de-pisa\/\",\"name\":\"S\u00e3o Ranieri de Pisa - O Arcanjo no ar\",\"isPartOf\":{\"@id\":\"https:\/\/www.oarcanjo.net\/site\/#website\"},\"primaryImageOfPage\":{\"@id\":\"https:\/\/www.oarcanjo.net\/site\/sao-ranieri-de-pisa\/#primaryimage\"},\"image\":{\"@id\":\"https:\/\/www.oarcanjo.net\/site\/sao-ranieri-de-pisa\/#primaryimage\"},\"thumbnailUrl\":\"http:\/\/4.bp.blogspot.com\/_VsL8VkjSZWw\/SjkqofdHTII\/AAAAAAAABQk\/DqCuc4hWYY8\/s400\/San_Ranieri_di_Pisa.jpg\",\"datePublished\":\"2016-06-17T03:19:16+00:00\",\"dateModified\":\"2016-06-10T21:34:27+00:00\",\"breadcrumb\":{\"@id\":\"https:\/\/www.oarcanjo.net\/site\/sao-ranieri-de-pisa\/#breadcrumb\"},\"inLanguage\":\"pt-BR\",\"potentialAction\":[{\"@type\":\"ReadAction\",\"target\":[\"https:\/\/www.oarcanjo.net\/site\/sao-ranieri-de-pisa\/\"]}]},{\"@type\":\"ImageObject\",\"inLanguage\":\"pt-BR\",\"@id\":\"https:\/\/www.oarcanjo.net\/site\/sao-ranieri-de-pisa\/#primaryimage\",\"url\":\"http:\/\/4.bp.blogspot.com\/_VsL8VkjSZWw\/SjkqofdHTII\/AAAAAAAABQk\/DqCuc4hWYY8\/s400\/San_Ranieri_di_Pisa.jpg\",\"contentUrl\":\"http:\/\/4.bp.blogspot.com\/_VsL8VkjSZWw\/SjkqofdHTII\/AAAAAAAABQk\/DqCuc4hWYY8\/s400\/San_Ranieri_di_Pisa.jpg\"},{\"@type\":\"BreadcrumbList\",\"@id\":\"https:\/\/www.oarcanjo.net\/site\/sao-ranieri-de-pisa\/#breadcrumb\",\"itemListElement\":[{\"@type\":\"ListItem\",\"position\":1,\"name\":\"In\u00edcio\",\"item\":\"https:\/\/www.oarcanjo.net\/site\/\"},{\"@type\":\"ListItem\",\"position\":2,\"name\":\"S\u00e3o Ranieri de Pisa\"}]},{\"@type\":\"WebSite\",\"@id\":\"https:\/\/www.oarcanjo.net\/site\/#website\",\"url\":\"https:\/\/www.oarcanjo.net\/site\/\",\"name\":\"O Arcanjo no ar\",\"description\":\"Site da Par\u00f3quia S\u00e3o Miguel Arcanjo (Arquidiocese de SP)\",\"publisher\":{\"@id\":\"https:\/\/www.oarcanjo.net\/site\/#organization\"},\"potentialAction\":[{\"@type\":\"SearchAction\",\"target\":{\"@type\":\"EntryPoint\",\"urlTemplate\":\"https:\/\/www.oarcanjo.net\/site\/?s={search_term_string}\"},\"query-input\":{\"@type\":\"PropertyValueSpecification\",\"valueRequired\":true,\"valueName\":\"search_term_string\"}}],\"inLanguage\":\"pt-BR\"},{\"@type\":\"Organization\",\"@id\":\"https:\/\/www.oarcanjo.net\/site\/#organization\",\"name\":\"Par\u00f3quia S\u00e3o Miguel Arcanjo\",\"url\":\"https:\/\/www.oarcanjo.net\/site\/\",\"logo\":{\"@type\":\"ImageObject\",\"inLanguage\":\"pt-BR\",\"@id\":\"https:\/\/www.oarcanjo.net\/site\/#\/schema\/logo\/image\/\",\"url\":\"https:\/\/www.oarcanjo.net\/site\/wp-content\/uploads\/LogoOArcanjo.png\",\"contentUrl\":\"https:\/\/www.oarcanjo.net\/site\/wp-content\/uploads\/LogoOArcanjo.png\",\"width\":319,\"height\":99,\"caption\":\"Par\u00f3quia S\u00e3o Miguel Arcanjo\"},\"image\":{\"@id\":\"https:\/\/www.oarcanjo.net\/site\/#\/schema\/logo\/image\/\"},\"sameAs\":[\"https:\/\/www.facebook.com\/OArcanjoNoAr\/\"]},{\"@type\":\"Person\",\"@id\":\"https:\/\/www.oarcanjo.net\/site\/#\/schema\/person\/5eb9480bedd2f3c97e430ce128c29c6c\",\"name\":\"danilo\"}]}<\/script>\n<!-- \/ Yoast SEO plugin. -->","yoast_head_json":{"title":"S\u00e3o Ranieri de Pisa - O Arcanjo no ar","robots":{"index":"index","follow":"follow","max-snippet":"max-snippet:-1","max-image-preview":"max-image-preview:large","max-video-preview":"max-video-preview:-1"},"canonical":"https:\/\/www.oarcanjo.net\/site\/sao-ranieri-de-pisa\/","og_locale":"pt_BR","og_type":"article","og_title":"S\u00e3o Ranieri de Pisa - O Arcanjo no ar","og_description":"17 de Junho \u00a0cidade de Pisa era, nos s\u00e9culos XI e XII, um importante p\u00f3lo comercial mar\u00edtimo da It\u00e1lia, que contribu\u00eda tamb\u00e9m no combate aos piratas sarracenos. Assim, paralelamente, ao burburinho dos neg\u00f3cios, a vida mundana da corte era exuberante e tentadora, principalmente para os mais jovens. Foi nessa \u00e9poca, no ano 1118, que Ranieri [&hellip;]","og_url":"https:\/\/www.oarcanjo.net\/site\/sao-ranieri-de-pisa\/","og_site_name":"O Arcanjo no ar","article_publisher":"https:\/\/www.facebook.com\/OArcanjoNoAr\/","article_published_time":"2016-06-17T03:19:16+00:00","article_modified_time":"2016-06-10T21:34:27+00:00","og_image":[{"url":"http:\/\/4.bp.blogspot.com\/_VsL8VkjSZWw\/SjkqofdHTII\/AAAAAAAABQk\/DqCuc4hWYY8\/s400\/San_Ranieri_di_Pisa.jpg"}],"author":"danilo","twitter_card":"summary_large_image","twitter_misc":{"Escrito por":"danilo","Est. tempo de leitura":"2 minutos"},"schema":{"@context":"https:\/\/schema.org","@graph":[{"@type":"Article","@id":"https:\/\/www.oarcanjo.net\/site\/sao-ranieri-de-pisa\/#article","isPartOf":{"@id":"https:\/\/www.oarcanjo.net\/site\/sao-ranieri-de-pisa\/"},"author":{"name":"danilo","@id":"https:\/\/www.oarcanjo.net\/site\/#\/schema\/person\/5eb9480bedd2f3c97e430ce128c29c6c"},"headline":"S\u00e3o Ranieri de Pisa","datePublished":"2016-06-17T03:19:16+00:00","dateModified":"2016-06-10T21:34:27+00:00","mainEntityOfPage":{"@id":"https:\/\/www.oarcanjo.net\/site\/sao-ranieri-de-pisa\/"},"wordCount":495,"commentCount":0,"publisher":{"@id":"https:\/\/www.oarcanjo.net\/site\/#organization"},"image":{"@id":"https:\/\/www.oarcanjo.net\/site\/sao-ranieri-de-pisa\/#primaryimage"},"thumbnailUrl":"http:\/\/4.bp.blogspot.com\/_VsL8VkjSZWw\/SjkqofdHTII\/AAAAAAAABQk\/DqCuc4hWYY8\/s400\/San_Ranieri_di_Pisa.jpg","articleSection":["Testemunhos"],"inLanguage":"pt-BR","potentialAction":[{"@type":"CommentAction","name":"Comment","target":["https:\/\/www.oarcanjo.net\/site\/sao-ranieri-de-pisa\/#respond"]}]},{"@type":"WebPage","@id":"https:\/\/www.oarcanjo.net\/site\/sao-ranieri-de-pisa\/","url":"https:\/\/www.oarcanjo.net\/site\/sao-ranieri-de-pisa\/","name":"S\u00e3o Ranieri de Pisa - O Arcanjo no ar","isPartOf":{"@id":"https:\/\/www.oarcanjo.net\/site\/#website"},"primaryImageOfPage":{"@id":"https:\/\/www.oarcanjo.net\/site\/sao-ranieri-de-pisa\/#primaryimage"},"image":{"@id":"https:\/\/www.oarcanjo.net\/site\/sao-ranieri-de-pisa\/#primaryimage"},"thumbnailUrl":"http:\/\/4.bp.blogspot.com\/_VsL8VkjSZWw\/SjkqofdHTII\/AAAAAAAABQk\/DqCuc4hWYY8\/s400\/San_Ranieri_di_Pisa.jpg","datePublished":"2016-06-17T03:19:16+00:00","dateModified":"2016-06-10T21:34:27+00:00","breadcrumb":{"@id":"https:\/\/www.oarcanjo.net\/site\/sao-ranieri-de-pisa\/#breadcrumb"},"inLanguage":"pt-BR","potentialAction":[{"@type":"ReadAction","target":["https:\/\/www.oarcanjo.net\/site\/sao-ranieri-de-pisa\/"]}]},{"@type":"ImageObject","inLanguage":"pt-BR","@id":"https:\/\/www.oarcanjo.net\/site\/sao-ranieri-de-pisa\/#primaryimage","url":"http:\/\/4.bp.blogspot.com\/_VsL8VkjSZWw\/SjkqofdHTII\/AAAAAAAABQk\/DqCuc4hWYY8\/s400\/San_Ranieri_di_Pisa.jpg","contentUrl":"http:\/\/4.bp.blogspot.com\/_VsL8VkjSZWw\/SjkqofdHTII\/AAAAAAAABQk\/DqCuc4hWYY8\/s400\/San_Ranieri_di_Pisa.jpg"},{"@type":"BreadcrumbList","@id":"https:\/\/www.oarcanjo.net\/site\/sao-ranieri-de-pisa\/#breadcrumb","itemListElement":[{"@type":"ListItem","position":1,"name":"In\u00edcio","item":"https:\/\/www.oarcanjo.net\/site\/"},{"@type":"ListItem","position":2,"name":"S\u00e3o Ranieri de Pisa"}]},{"@type":"WebSite","@id":"https:\/\/www.oarcanjo.net\/site\/#website","url":"https:\/\/www.oarcanjo.net\/site\/","name":"O Arcanjo no ar","description":"Site da Par\u00f3quia S\u00e3o Miguel Arcanjo (Arquidiocese de SP)","publisher":{"@id":"https:\/\/www.oarcanjo.net\/site\/#organization"},"potentialAction":[{"@type":"SearchAction","target":{"@type":"EntryPoint","urlTemplate":"https:\/\/www.oarcanjo.net\/site\/?s={search_term_string}"},"query-input":{"@type":"PropertyValueSpecification","valueRequired":true,"valueName":"search_term_string"}}],"inLanguage":"pt-BR"},{"@type":"Organization","@id":"https:\/\/www.oarcanjo.net\/site\/#organization","name":"Par\u00f3quia S\u00e3o Miguel Arcanjo","url":"https:\/\/www.oarcanjo.net\/site\/","logo":{"@type":"ImageObject","inLanguage":"pt-BR","@id":"https:\/\/www.oarcanjo.net\/site\/#\/schema\/logo\/image\/","url":"https:\/\/www.oarcanjo.net\/site\/wp-content\/uploads\/LogoOArcanjo.png","contentUrl":"https:\/\/www.oarcanjo.net\/site\/wp-content\/uploads\/LogoOArcanjo.png","width":319,"height":99,"caption":"Par\u00f3quia S\u00e3o Miguel Arcanjo"},"image":{"@id":"https:\/\/www.oarcanjo.net\/site\/#\/schema\/logo\/image\/"},"sameAs":["https:\/\/www.facebook.com\/OArcanjoNoAr\/"]},{"@type":"Person","@id":"https:\/\/www.oarcanjo.net\/site\/#\/schema\/person\/5eb9480bedd2f3c97e430ce128c29c6c","name":"danilo"}]}},"publishpress_future_action":{"enabled":false,"date":"2026-05-08 12:15:11","action":"category","newStatus":"draft","terms":[],"taxonomy":"category"},"publishpress_future_workflow_manual_trigger":{"enabledWorkflows":[]},"_links":{"self":[{"href":"https:\/\/www.oarcanjo.net\/site\/wp-json\/wp\/v2\/posts\/9825"}],"collection":[{"href":"https:\/\/www.oarcanjo.net\/site\/wp-json\/wp\/v2\/posts"}],"about":[{"href":"https:\/\/www.oarcanjo.net\/site\/wp-json\/wp\/v2\/types\/post"}],"author":[{"embeddable":true,"href":"https:\/\/www.oarcanjo.net\/site\/wp-json\/wp\/v2\/users\/14"}],"replies":[{"embeddable":true,"href":"https:\/\/www.oarcanjo.net\/site\/wp-json\/wp\/v2\/comments?post=9825"}],"version-history":[{"count":0,"href":"https:\/\/www.oarcanjo.net\/site\/wp-json\/wp\/v2\/posts\/9825\/revisions"}],"wp:attachment":[{"href":"https:\/\/www.oarcanjo.net\/site\/wp-json\/wp\/v2\/media?parent=9825"}],"wp:term":[{"taxonomy":"category","embeddable":true,"href":"https:\/\/www.oarcanjo.net\/site\/wp-json\/wp\/v2\/categories?post=9825"},{"taxonomy":"post_tag","embeddable":true,"href":"https:\/\/www.oarcanjo.net\/site\/wp-json\/wp\/v2\/tags?post=9825"}],"curies":[{"name":"wp","href":"https:\/\/api.w.org\/{rel}","templated":true}]}}