
{"id":9827,"date":"2016-06-18T00:20:12","date_gmt":"2016-06-18T03:20:12","guid":{"rendered":"http:\/\/www.oarcanjo.net\/site\/?p=9827"},"modified":"2016-06-10T18:34:22","modified_gmt":"2016-06-10T21:34:22","slug":"sao-gregorio-joao-barbarigo","status":"publish","type":"post","link":"https:\/\/www.oarcanjo.net\/site\/sao-gregorio-joao-barbarigo\/","title":{"rendered":"S\u00e3o Greg\u00f3rio Jo\u00e3o Barbarigo"},"content":{"rendered":"<p><img decoding=\"async\" src=\"http:\/\/www.matrizsaofrancisco.com.br\/fotos\/santo_70.jpg\" alt=\"\" \/><\/p>\n<p>18 de Junho<\/p>\n<p>Fundou a Congrega\u00e7\u00e3o dos Oblatos dos Santos Prosd\u00f3cimo e Antonio<\/p>\n<p>Greg\u00f3rio Jo\u00e3o Barbarigo nasceu em Veneza, no dia 16 de setembro de 1625, numa fam\u00edlia rica da aristocracia italiana. Aos quatro anos de idade ficou \u00f3rf\u00e3o de m\u00e3e, sendo educado pelo pai, que encaminhou os filhos no seguimento de Cristo. Foi t\u00e3o bem sucedido que Greg\u00f3rio, aos dezoito anos de idade, era secret\u00e1rio do embaixador de Veneza.<\/p>\n<p>Em 1648, acompanhou o embaixador \u00e0 Alemanha para as negocia\u00e7\u00f5es do Tratado de Vestef\u00e1lia, referente \u00e0 Guerra dos Trinta Anos. Na ocasi\u00e3o, conheceu F\u00e1bio Chigi, o n\u00fancio apost\u00f3lico, que o orientou nos estudos e o encaminhou para o sacerd\u00f3cio.<\/p>\n<p>Quando o n\u00fancio foi eleito papa, com o nome de Alexandre VII, nomeou Greg\u00f3rio Barbarigo c\u00f4nego de P\u00e1dua; em 1655, prelado da Casa pontif\u00edcia e dois anos mais tarde foi consagrado bispo de B\u00e9rgamo. Finalmente, em 1660, tornou-se cardeal.<\/p>\n<p>O papa sabia o que estava fazendo, pois as atividades apost\u00f3licas de Greg\u00f3rio Barbarigo marcaram profundamente a sua \u00e9poca. Dotou o semin\u00e1rio de P\u00e1dua com professores not\u00e1veis, provenientes n\u00e3o s\u00f3 da It\u00e1lia, mas tamb\u00e9m de outros pa\u00edses da Europa, aparelhando a institui\u00e7\u00e3o para o estudo das l\u00ednguas orientais. E fundou uma imprensa poliglota, uma das melhores que a It\u00e1lia j\u00e1 teve.<\/p>\n<p>P\u00f4de desenvolver plenamente seu trabalho pastoral, fundando escolas populares e institui\u00e7\u00f5es para o ensino da religi\u00e3o, para orienta\u00e7\u00e3o de pais e educadores. Num per\u00edodo de peste, fez o m\u00e1ximo na dedica\u00e7\u00e3o ao pr\u00f3ximo. Cuidou para estender a assist\u00eancia \u00e0 sa\u00fade para mais de treze mil pessoas.<\/p>\n<p>Greg\u00f3rio Barbarigo fundou, ainda, in\u00fameros semin\u00e1rios, que colocou sob as regras de s\u00e3o Carlos Borromeu, e constituiu a Congrega\u00e7\u00e3o dos Oblatos dos Santos Prosd\u00f3cimo e Ant\u00f4nio. Foi um dos grandes pacificadores do seu tempo, intervindo, pessoalmente, nas graves disputas pol\u00edticas de modo que permanecessem apenas no campo das id\u00e9ias.<\/p>\n<p>Depois de executar t\u00e3o exuberante obra reformista, morreu em P\u00e1dua no dia 18 de junho de 1697. Foi canonizado por seu conterr\u00e2neo, o papa Jo\u00e3o XXIII, em 1960, que, como afirmou no seu discurso na solenidade, elevou s\u00e3o Greg\u00f3rio Jo\u00e3o Barbarigo ao posto que ele merecia ocupar na Igreja.<\/p>\n<div id=\"themify_builder_content-9827\" data-postid=\"9827\" class=\"themify_builder_content themify_builder_content-9827 themify_builder themify_builder_front\">\n\t<\/div>\n<!-- \/themify_builder_content -->","protected":false},"excerpt":{"rendered":"<p>18 de Junho Fundou a Congrega\u00e7\u00e3o dos Oblatos dos Santos Prosd\u00f3cimo e Antonio Greg\u00f3rio Jo\u00e3o Barbarigo nasceu em Veneza, no dia 16 de setembro de 1625, numa fam\u00edlia rica da aristocracia italiana. Aos quatro anos de idade ficou \u00f3rf\u00e3o de m\u00e3e, sendo educado pelo pai, que encaminhou os filhos no seguimento de Cristo. Foi t\u00e3o [&hellip;]<\/p>\n","protected":false},"author":14,"featured_media":0,"comment_status":"open","ping_status":"open","sticky":false,"template":"","format":"standard","meta":{"ngg_post_thumbnail":0,"footnotes":""},"categories":[186],"tags":[],"yoast_head":"<!-- This site is optimized with the Yoast SEO plugin v23.5 - https:\/\/yoast.com\/wordpress\/plugins\/seo\/ -->\n<title>S\u00e3o Greg\u00f3rio Jo\u00e3o Barbarigo - O Arcanjo no ar<\/title>\n<meta name=\"robots\" content=\"index, follow, max-snippet:-1, max-image-preview:large, max-video-preview:-1\" \/>\n<link rel=\"canonical\" href=\"https:\/\/www.oarcanjo.net\/site\/sao-gregorio-joao-barbarigo\/\" \/>\n<meta property=\"og:locale\" content=\"pt_BR\" \/>\n<meta property=\"og:type\" content=\"article\" \/>\n<meta property=\"og:title\" content=\"S\u00e3o Greg\u00f3rio Jo\u00e3o Barbarigo - O Arcanjo no ar\" \/>\n<meta property=\"og:description\" content=\"18 de Junho Fundou a Congrega\u00e7\u00e3o dos Oblatos dos Santos Prosd\u00f3cimo e Antonio Greg\u00f3rio Jo\u00e3o Barbarigo nasceu em Veneza, no dia 16 de setembro de 1625, numa fam\u00edlia rica da aristocracia italiana. Aos quatro anos de idade ficou \u00f3rf\u00e3o de m\u00e3e, sendo educado pelo pai, que encaminhou os filhos no seguimento de Cristo. Foi t\u00e3o [&hellip;]\" \/>\n<meta property=\"og:url\" content=\"https:\/\/www.oarcanjo.net\/site\/sao-gregorio-joao-barbarigo\/\" \/>\n<meta property=\"og:site_name\" content=\"O Arcanjo no ar\" \/>\n<meta property=\"article:publisher\" content=\"https:\/\/www.facebook.com\/OArcanjoNoAr\/\" \/>\n<meta property=\"article:published_time\" content=\"2016-06-18T03:20:12+00:00\" \/>\n<meta property=\"article:modified_time\" content=\"2016-06-10T21:34:22+00:00\" \/>\n<meta property=\"og:image\" content=\"http:\/\/www.matrizsaofrancisco.com.br\/fotos\/santo_70.jpg\" \/>\n<meta name=\"author\" content=\"danilo\" \/>\n<meta name=\"twitter:card\" content=\"summary_large_image\" \/>\n<meta name=\"twitter:label1\" content=\"Escrito por\" \/>\n\t<meta name=\"twitter:data1\" content=\"danilo\" \/>\n\t<meta name=\"twitter:label2\" content=\"Est. tempo de leitura\" \/>\n\t<meta name=\"twitter:data2\" content=\"2 minutos\" \/>\n<script type=\"application\/ld+json\" class=\"yoast-schema-graph\">{\"@context\":\"https:\/\/schema.org\",\"@graph\":[{\"@type\":\"Article\",\"@id\":\"https:\/\/www.oarcanjo.net\/site\/sao-gregorio-joao-barbarigo\/#article\",\"isPartOf\":{\"@id\":\"https:\/\/www.oarcanjo.net\/site\/sao-gregorio-joao-barbarigo\/\"},\"author\":{\"name\":\"danilo\",\"@id\":\"https:\/\/www.oarcanjo.net\/site\/#\/schema\/person\/5eb9480bedd2f3c97e430ce128c29c6c\"},\"headline\":\"S\u00e3o Greg\u00f3rio Jo\u00e3o Barbarigo\",\"datePublished\":\"2016-06-18T03:20:12+00:00\",\"dateModified\":\"2016-06-10T21:34:22+00:00\",\"mainEntityOfPage\":{\"@id\":\"https:\/\/www.oarcanjo.net\/site\/sao-gregorio-joao-barbarigo\/\"},\"wordCount\":409,\"commentCount\":0,\"publisher\":{\"@id\":\"https:\/\/www.oarcanjo.net\/site\/#organization\"},\"image\":{\"@id\":\"https:\/\/www.oarcanjo.net\/site\/sao-gregorio-joao-barbarigo\/#primaryimage\"},\"thumbnailUrl\":\"http:\/\/www.matrizsaofrancisco.com.br\/fotos\/santo_70.jpg\",\"articleSection\":[\"Testemunhos\"],\"inLanguage\":\"pt-BR\",\"potentialAction\":[{\"@type\":\"CommentAction\",\"name\":\"Comment\",\"target\":[\"https:\/\/www.oarcanjo.net\/site\/sao-gregorio-joao-barbarigo\/#respond\"]}]},{\"@type\":\"WebPage\",\"@id\":\"https:\/\/www.oarcanjo.net\/site\/sao-gregorio-joao-barbarigo\/\",\"url\":\"https:\/\/www.oarcanjo.net\/site\/sao-gregorio-joao-barbarigo\/\",\"name\":\"S\u00e3o Greg\u00f3rio Jo\u00e3o Barbarigo - O Arcanjo no ar\",\"isPartOf\":{\"@id\":\"https:\/\/www.oarcanjo.net\/site\/#website\"},\"primaryImageOfPage\":{\"@id\":\"https:\/\/www.oarcanjo.net\/site\/sao-gregorio-joao-barbarigo\/#primaryimage\"},\"image\":{\"@id\":\"https:\/\/www.oarcanjo.net\/site\/sao-gregorio-joao-barbarigo\/#primaryimage\"},\"thumbnailUrl\":\"http:\/\/www.matrizsaofrancisco.com.br\/fotos\/santo_70.jpg\",\"datePublished\":\"2016-06-18T03:20:12+00:00\",\"dateModified\":\"2016-06-10T21:34:22+00:00\",\"breadcrumb\":{\"@id\":\"https:\/\/www.oarcanjo.net\/site\/sao-gregorio-joao-barbarigo\/#breadcrumb\"},\"inLanguage\":\"pt-BR\",\"potentialAction\":[{\"@type\":\"ReadAction\",\"target\":[\"https:\/\/www.oarcanjo.net\/site\/sao-gregorio-joao-barbarigo\/\"]}]},{\"@type\":\"ImageObject\",\"inLanguage\":\"pt-BR\",\"@id\":\"https:\/\/www.oarcanjo.net\/site\/sao-gregorio-joao-barbarigo\/#primaryimage\",\"url\":\"http:\/\/www.matrizsaofrancisco.com.br\/fotos\/santo_70.jpg\",\"contentUrl\":\"http:\/\/www.matrizsaofrancisco.com.br\/fotos\/santo_70.jpg\"},{\"@type\":\"BreadcrumbList\",\"@id\":\"https:\/\/www.oarcanjo.net\/site\/sao-gregorio-joao-barbarigo\/#breadcrumb\",\"itemListElement\":[{\"@type\":\"ListItem\",\"position\":1,\"name\":\"In\u00edcio\",\"item\":\"https:\/\/www.oarcanjo.net\/site\/\"},{\"@type\":\"ListItem\",\"position\":2,\"name\":\"S\u00e3o Greg\u00f3rio Jo\u00e3o Barbarigo\"}]},{\"@type\":\"WebSite\",\"@id\":\"https:\/\/www.oarcanjo.net\/site\/#website\",\"url\":\"https:\/\/www.oarcanjo.net\/site\/\",\"name\":\"O Arcanjo no ar\",\"description\":\"Site da Par\u00f3quia S\u00e3o Miguel Arcanjo (Arquidiocese de SP)\",\"publisher\":{\"@id\":\"https:\/\/www.oarcanjo.net\/site\/#organization\"},\"potentialAction\":[{\"@type\":\"SearchAction\",\"target\":{\"@type\":\"EntryPoint\",\"urlTemplate\":\"https:\/\/www.oarcanjo.net\/site\/?s={search_term_string}\"},\"query-input\":{\"@type\":\"PropertyValueSpecification\",\"valueRequired\":true,\"valueName\":\"search_term_string\"}}],\"inLanguage\":\"pt-BR\"},{\"@type\":\"Organization\",\"@id\":\"https:\/\/www.oarcanjo.net\/site\/#organization\",\"name\":\"Par\u00f3quia S\u00e3o Miguel Arcanjo\",\"url\":\"https:\/\/www.oarcanjo.net\/site\/\",\"logo\":{\"@type\":\"ImageObject\",\"inLanguage\":\"pt-BR\",\"@id\":\"https:\/\/www.oarcanjo.net\/site\/#\/schema\/logo\/image\/\",\"url\":\"https:\/\/www.oarcanjo.net\/site\/wp-content\/uploads\/LogoOArcanjo.png\",\"contentUrl\":\"https:\/\/www.oarcanjo.net\/site\/wp-content\/uploads\/LogoOArcanjo.png\",\"width\":319,\"height\":99,\"caption\":\"Par\u00f3quia S\u00e3o Miguel Arcanjo\"},\"image\":{\"@id\":\"https:\/\/www.oarcanjo.net\/site\/#\/schema\/logo\/image\/\"},\"sameAs\":[\"https:\/\/www.facebook.com\/OArcanjoNoAr\/\"]},{\"@type\":\"Person\",\"@id\":\"https:\/\/www.oarcanjo.net\/site\/#\/schema\/person\/5eb9480bedd2f3c97e430ce128c29c6c\",\"name\":\"danilo\"}]}<\/script>\n<!-- \/ Yoast SEO plugin. -->","yoast_head_json":{"title":"S\u00e3o Greg\u00f3rio Jo\u00e3o Barbarigo - O Arcanjo no ar","robots":{"index":"index","follow":"follow","max-snippet":"max-snippet:-1","max-image-preview":"max-image-preview:large","max-video-preview":"max-video-preview:-1"},"canonical":"https:\/\/www.oarcanjo.net\/site\/sao-gregorio-joao-barbarigo\/","og_locale":"pt_BR","og_type":"article","og_title":"S\u00e3o Greg\u00f3rio Jo\u00e3o Barbarigo - O Arcanjo no ar","og_description":"18 de Junho Fundou a Congrega\u00e7\u00e3o dos Oblatos dos Santos Prosd\u00f3cimo e Antonio Greg\u00f3rio Jo\u00e3o Barbarigo nasceu em Veneza, no dia 16 de setembro de 1625, numa fam\u00edlia rica da aristocracia italiana. Aos quatro anos de idade ficou \u00f3rf\u00e3o de m\u00e3e, sendo educado pelo pai, que encaminhou os filhos no seguimento de Cristo. Foi t\u00e3o [&hellip;]","og_url":"https:\/\/www.oarcanjo.net\/site\/sao-gregorio-joao-barbarigo\/","og_site_name":"O Arcanjo no ar","article_publisher":"https:\/\/www.facebook.com\/OArcanjoNoAr\/","article_published_time":"2016-06-18T03:20:12+00:00","article_modified_time":"2016-06-10T21:34:22+00:00","og_image":[{"url":"http:\/\/www.matrizsaofrancisco.com.br\/fotos\/santo_70.jpg"}],"author":"danilo","twitter_card":"summary_large_image","twitter_misc":{"Escrito por":"danilo","Est. tempo de leitura":"2 minutos"},"schema":{"@context":"https:\/\/schema.org","@graph":[{"@type":"Article","@id":"https:\/\/www.oarcanjo.net\/site\/sao-gregorio-joao-barbarigo\/#article","isPartOf":{"@id":"https:\/\/www.oarcanjo.net\/site\/sao-gregorio-joao-barbarigo\/"},"author":{"name":"danilo","@id":"https:\/\/www.oarcanjo.net\/site\/#\/schema\/person\/5eb9480bedd2f3c97e430ce128c29c6c"},"headline":"S\u00e3o Greg\u00f3rio Jo\u00e3o Barbarigo","datePublished":"2016-06-18T03:20:12+00:00","dateModified":"2016-06-10T21:34:22+00:00","mainEntityOfPage":{"@id":"https:\/\/www.oarcanjo.net\/site\/sao-gregorio-joao-barbarigo\/"},"wordCount":409,"commentCount":0,"publisher":{"@id":"https:\/\/www.oarcanjo.net\/site\/#organization"},"image":{"@id":"https:\/\/www.oarcanjo.net\/site\/sao-gregorio-joao-barbarigo\/#primaryimage"},"thumbnailUrl":"http:\/\/www.matrizsaofrancisco.com.br\/fotos\/santo_70.jpg","articleSection":["Testemunhos"],"inLanguage":"pt-BR","potentialAction":[{"@type":"CommentAction","name":"Comment","target":["https:\/\/www.oarcanjo.net\/site\/sao-gregorio-joao-barbarigo\/#respond"]}]},{"@type":"WebPage","@id":"https:\/\/www.oarcanjo.net\/site\/sao-gregorio-joao-barbarigo\/","url":"https:\/\/www.oarcanjo.net\/site\/sao-gregorio-joao-barbarigo\/","name":"S\u00e3o Greg\u00f3rio Jo\u00e3o Barbarigo - O Arcanjo no ar","isPartOf":{"@id":"https:\/\/www.oarcanjo.net\/site\/#website"},"primaryImageOfPage":{"@id":"https:\/\/www.oarcanjo.net\/site\/sao-gregorio-joao-barbarigo\/#primaryimage"},"image":{"@id":"https:\/\/www.oarcanjo.net\/site\/sao-gregorio-joao-barbarigo\/#primaryimage"},"thumbnailUrl":"http:\/\/www.matrizsaofrancisco.com.br\/fotos\/santo_70.jpg","datePublished":"2016-06-18T03:20:12+00:00","dateModified":"2016-06-10T21:34:22+00:00","breadcrumb":{"@id":"https:\/\/www.oarcanjo.net\/site\/sao-gregorio-joao-barbarigo\/#breadcrumb"},"inLanguage":"pt-BR","potentialAction":[{"@type":"ReadAction","target":["https:\/\/www.oarcanjo.net\/site\/sao-gregorio-joao-barbarigo\/"]}]},{"@type":"ImageObject","inLanguage":"pt-BR","@id":"https:\/\/www.oarcanjo.net\/site\/sao-gregorio-joao-barbarigo\/#primaryimage","url":"http:\/\/www.matrizsaofrancisco.com.br\/fotos\/santo_70.jpg","contentUrl":"http:\/\/www.matrizsaofrancisco.com.br\/fotos\/santo_70.jpg"},{"@type":"BreadcrumbList","@id":"https:\/\/www.oarcanjo.net\/site\/sao-gregorio-joao-barbarigo\/#breadcrumb","itemListElement":[{"@type":"ListItem","position":1,"name":"In\u00edcio","item":"https:\/\/www.oarcanjo.net\/site\/"},{"@type":"ListItem","position":2,"name":"S\u00e3o Greg\u00f3rio Jo\u00e3o Barbarigo"}]},{"@type":"WebSite","@id":"https:\/\/www.oarcanjo.net\/site\/#website","url":"https:\/\/www.oarcanjo.net\/site\/","name":"O Arcanjo no ar","description":"Site da Par\u00f3quia S\u00e3o Miguel Arcanjo (Arquidiocese de SP)","publisher":{"@id":"https:\/\/www.oarcanjo.net\/site\/#organization"},"potentialAction":[{"@type":"SearchAction","target":{"@type":"EntryPoint","urlTemplate":"https:\/\/www.oarcanjo.net\/site\/?s={search_term_string}"},"query-input":{"@type":"PropertyValueSpecification","valueRequired":true,"valueName":"search_term_string"}}],"inLanguage":"pt-BR"},{"@type":"Organization","@id":"https:\/\/www.oarcanjo.net\/site\/#organization","name":"Par\u00f3quia S\u00e3o Miguel Arcanjo","url":"https:\/\/www.oarcanjo.net\/site\/","logo":{"@type":"ImageObject","inLanguage":"pt-BR","@id":"https:\/\/www.oarcanjo.net\/site\/#\/schema\/logo\/image\/","url":"https:\/\/www.oarcanjo.net\/site\/wp-content\/uploads\/LogoOArcanjo.png","contentUrl":"https:\/\/www.oarcanjo.net\/site\/wp-content\/uploads\/LogoOArcanjo.png","width":319,"height":99,"caption":"Par\u00f3quia S\u00e3o Miguel Arcanjo"},"image":{"@id":"https:\/\/www.oarcanjo.net\/site\/#\/schema\/logo\/image\/"},"sameAs":["https:\/\/www.facebook.com\/OArcanjoNoAr\/"]},{"@type":"Person","@id":"https:\/\/www.oarcanjo.net\/site\/#\/schema\/person\/5eb9480bedd2f3c97e430ce128c29c6c","name":"danilo"}]}},"publishpress_future_action":{"enabled":false,"date":"2026-05-08 10:40:33","action":"category","newStatus":"draft","terms":[],"taxonomy":"category"},"publishpress_future_workflow_manual_trigger":{"enabledWorkflows":[]},"_links":{"self":[{"href":"https:\/\/www.oarcanjo.net\/site\/wp-json\/wp\/v2\/posts\/9827"}],"collection":[{"href":"https:\/\/www.oarcanjo.net\/site\/wp-json\/wp\/v2\/posts"}],"about":[{"href":"https:\/\/www.oarcanjo.net\/site\/wp-json\/wp\/v2\/types\/post"}],"author":[{"embeddable":true,"href":"https:\/\/www.oarcanjo.net\/site\/wp-json\/wp\/v2\/users\/14"}],"replies":[{"embeddable":true,"href":"https:\/\/www.oarcanjo.net\/site\/wp-json\/wp\/v2\/comments?post=9827"}],"version-history":[{"count":0,"href":"https:\/\/www.oarcanjo.net\/site\/wp-json\/wp\/v2\/posts\/9827\/revisions"}],"wp:attachment":[{"href":"https:\/\/www.oarcanjo.net\/site\/wp-json\/wp\/v2\/media?parent=9827"}],"wp:term":[{"taxonomy":"category","embeddable":true,"href":"https:\/\/www.oarcanjo.net\/site\/wp-json\/wp\/v2\/categories?post=9827"},{"taxonomy":"post_tag","embeddable":true,"href":"https:\/\/www.oarcanjo.net\/site\/wp-json\/wp\/v2\/tags?post=9827"}],"curies":[{"name":"wp","href":"https:\/\/api.w.org\/{rel}","templated":true}]}}