
{"id":9829,"date":"2010-06-12T10:59:23","date_gmt":"2010-06-12T13:59:23","guid":{"rendered":"http:\/\/www.oarcanjo.net\/site\/?p=9829"},"modified":"2010-06-14T07:38:07","modified_gmt":"2010-06-14T10:38:07","slug":"jesus-profeta-do-perdao-e-da-misericordia","status":"publish","type":"post","link":"https:\/\/www.oarcanjo.net\/site\/jesus-profeta-do-perdao-e-da-misericordia\/","title":{"rendered":"JESUS, profeta do Perd\u00e3o e da miseric\u00f3rdia!"},"content":{"rendered":"<p>O texto de evangelho deste domingo \u00e9 um dos mais impactantes de Lucas.<br \/>\nPor um lado o fariseu Sim\u00e3o que convidou Jesus para uma refei\u00e7\u00e3o, do outro Jesus o convidado, que n\u00e3o foi recebido segundo o protocolo judaico, pois o objetivo do convite n\u00e3o era acolher mas observar e condenar aquele que trazia questionamentos e se colocava ao lado dos marginalizados e evitados.<\/p>\n<p>No centro uma pecadora, sem nome, mas conhecida e que entrou na casa de gente piedosa e de bem sem ser convidadada e que passa a ser o crit\u00e9rio do amor.<\/p>\n<p>A mulher quebra todas as regras,n\u00e3o era convidada,toca em um homem que n\u00e3o \u00e9 seu marido,chora aos seus p\u00e9s,lava-os,perfuma , beija e enxuga com seus cabelos ,um escandalo p\u00fablico.<\/p>\n<p>A rea\u00e7\u00e3o do fariseu puro, piedoso e justo \u00e9 severo: Como um profeta permite tanta intimidade com uma pecadora reconhecida pelo seu pecado.<\/p>\n<p>O crit\u00e9rio de Jesus n\u00e3o \u00e9 a regra, a norma, o estabelecido, mas o perd\u00e3o que gera o amor!<\/p>\n<p>A par\u00e1bola de Jesus \u00e9 desconcertante e de uma l\u00f3gica que n\u00e3o permite ao fariseu rodeios e a conclus\u00e3o p\u00f5e por terra a l\u00f3gica da condena\u00e7\u00e3o.\u00a0O Deus que Jesus manifesta \u00e9 todo miseric\u00f3rdia e compaix\u00e3o.<\/p>\n<p>A religi\u00e3o de Sim\u00e3o n\u00e3o restaura, condena!<\/p>\n<p>O amor compassivo traz perd\u00e3o, devolve dignidade \u00e0 vida desprezada, a mulher acolheu e foi acolhida, lavou e foi lavada, perfumou e foi perfumada, beijou e foi beijada. Amou e foi perdoada, o perd\u00e3o gerou o amor que a redimiu.<\/p>\n<p>Diante dos reclamos dos que se escandalizaram, Jesus se mant\u00e9m firme e declara: Tua f\u00e9 te salvou.Vai em Paz!<\/p>\n<p>A f\u00e9 dos fariseus n\u00e3o salva. condena; n\u00e3o d\u00e1 paz, atormenta.<\/p>\n<p><object classid=\"clsid:6bf52a52-394a-11d3-b153-00c04f79faa6\" width=\"480\" height=\"330\" codebase=\"http:\/\/activex.microsoft.com\/activex\/controls\/mplayer\/en\/nsmp2inf.cab#Version=5,1,52,701\"><param name=\"autostart\" value=\"false\" \/><param name=\"url\" value=\"http:\/\/www.oarcanjo.net\/video\/Homilia20100613-final.wmv\" \/><embed type=\"application\/x-mplayer2\" width=\"480\" height=\"330\" src=\"http:\/\/www.oarcanjo.net\/video\/Homilia20100613-final.wmv\" autostart=\"false\"><\/embed><\/object><\/p>\n<p>Jesus traz a novidade que humaniza. O crit\u00e9rio \u00e9 o amor!<\/p>\n<div id=\"themify_builder_content-9829\" data-postid=\"9829\" class=\"themify_builder_content themify_builder_content-9829 themify_builder themify_builder_front\">\n\t<\/div>\n<!-- \/themify_builder_content -->","protected":false},"excerpt":{"rendered":"<p>O texto de evangelho deste domingo \u00e9 um dos mais impactantes de Lucas. Por um lado o fariseu Sim\u00e3o que convidou Jesus para uma refei\u00e7\u00e3o, do outro Jesus o convidado, que n\u00e3o foi recebido segundo o protocolo judaico, pois o objetivo do convite n\u00e3o era acolher mas observar e condenar aquele que trazia questionamentos e [&hellip;]<\/p>\n","protected":false},"author":4,"featured_media":0,"comment_status":"open","ping_status":"open","sticky":false,"template":"","format":"standard","meta":{"ngg_post_thumbnail":0,"footnotes":""},"categories":[4,475],"tags":[107,273,1016,1637,307],"yoast_head":"<!-- This site is optimized with the Yoast SEO plugin v23.5 - https:\/\/yoast.com\/wordpress\/plugins\/seo\/ -->\n<title>JESUS, profeta do Perd\u00e3o e da miseric\u00f3rdia! - O Arcanjo no ar<\/title>\n<meta name=\"robots\" content=\"index, follow, max-snippet:-1, max-image-preview:large, max-video-preview:-1\" \/>\n<link rel=\"canonical\" href=\"https:\/\/www.oarcanjo.net\/site\/jesus-profeta-do-perdao-e-da-misericordia\/\" \/>\n<meta property=\"og:locale\" content=\"pt_BR\" \/>\n<meta property=\"og:type\" content=\"article\" \/>\n<meta property=\"og:title\" content=\"JESUS, profeta do Perd\u00e3o e da miseric\u00f3rdia! - O Arcanjo no ar\" \/>\n<meta property=\"og:description\" content=\"O texto de evangelho deste domingo \u00e9 um dos mais impactantes de Lucas. Por um lado o fariseu Sim\u00e3o que convidou Jesus para uma refei\u00e7\u00e3o, do outro Jesus o convidado, que n\u00e3o foi recebido segundo o protocolo judaico, pois o objetivo do convite n\u00e3o era acolher mas observar e condenar aquele que trazia questionamentos e [&hellip;]\" \/>\n<meta property=\"og:url\" content=\"https:\/\/www.oarcanjo.net\/site\/jesus-profeta-do-perdao-e-da-misericordia\/\" \/>\n<meta property=\"og:site_name\" content=\"O Arcanjo no ar\" \/>\n<meta property=\"article:publisher\" content=\"https:\/\/www.facebook.com\/OArcanjoNoAr\/\" \/>\n<meta property=\"article:published_time\" content=\"2010-06-12T13:59:23+00:00\" \/>\n<meta property=\"article:modified_time\" content=\"2010-06-14T10:38:07+00:00\" \/>\n<meta property=\"og:image\" content=\"https:\/\/www.oarcanjo.net\/site\/wp-content\/uploads\/logo-o-arcanjo-no-ar-facebook.png\" \/>\n\t<meta property=\"og:image:width\" content=\"300\" \/>\n\t<meta property=\"og:image:height\" content=\"300\" \/>\n\t<meta property=\"og:image:type\" content=\"image\/png\" \/>\n<meta name=\"author\" content=\"julio\" \/>\n<meta name=\"twitter:card\" content=\"summary_large_image\" \/>\n<meta name=\"twitter:label1\" content=\"Escrito por\" \/>\n\t<meta name=\"twitter:data1\" content=\"julio\" \/>\n\t<meta name=\"twitter:label2\" content=\"Est. tempo de leitura\" \/>\n\t<meta name=\"twitter:data2\" content=\"2 minutos\" \/>\n<script type=\"application\/ld+json\" class=\"yoast-schema-graph\">{\"@context\":\"https:\/\/schema.org\",\"@graph\":[{\"@type\":\"Article\",\"@id\":\"https:\/\/www.oarcanjo.net\/site\/jesus-profeta-do-perdao-e-da-misericordia\/#article\",\"isPartOf\":{\"@id\":\"https:\/\/www.oarcanjo.net\/site\/jesus-profeta-do-perdao-e-da-misericordia\/\"},\"author\":{\"name\":\"julio\",\"@id\":\"https:\/\/www.oarcanjo.net\/site\/#\/schema\/person\/d78ea01c648c91e29c364b516767079e\"},\"headline\":\"JESUS, profeta do Perd\u00e3o e da miseric\u00f3rdia!\",\"datePublished\":\"2010-06-12T13:59:23+00:00\",\"dateModified\":\"2010-06-14T10:38:07+00:00\",\"mainEntityOfPage\":{\"@id\":\"https:\/\/www.oarcanjo.net\/site\/jesus-profeta-do-perdao-e-da-misericordia\/\"},\"wordCount\":326,\"commentCount\":6,\"publisher\":{\"@id\":\"https:\/\/www.oarcanjo.net\/site\/#organization\"},\"keywords\":[\"amor\",\"evangelho\",\"fariseu\",\"Lucas\",\"mulher\"],\"articleSection\":[\"Blog\",\"Homilias\"],\"inLanguage\":\"pt-BR\",\"potentialAction\":[{\"@type\":\"CommentAction\",\"name\":\"Comment\",\"target\":[\"https:\/\/www.oarcanjo.net\/site\/jesus-profeta-do-perdao-e-da-misericordia\/#respond\"]}]},{\"@type\":\"WebPage\",\"@id\":\"https:\/\/www.oarcanjo.net\/site\/jesus-profeta-do-perdao-e-da-misericordia\/\",\"url\":\"https:\/\/www.oarcanjo.net\/site\/jesus-profeta-do-perdao-e-da-misericordia\/\",\"name\":\"JESUS, profeta do Perd\u00e3o e da miseric\u00f3rdia! - O Arcanjo no ar\",\"isPartOf\":{\"@id\":\"https:\/\/www.oarcanjo.net\/site\/#website\"},\"datePublished\":\"2010-06-12T13:59:23+00:00\",\"dateModified\":\"2010-06-14T10:38:07+00:00\",\"breadcrumb\":{\"@id\":\"https:\/\/www.oarcanjo.net\/site\/jesus-profeta-do-perdao-e-da-misericordia\/#breadcrumb\"},\"inLanguage\":\"pt-BR\",\"potentialAction\":[{\"@type\":\"ReadAction\",\"target\":[\"https:\/\/www.oarcanjo.net\/site\/jesus-profeta-do-perdao-e-da-misericordia\/\"]}]},{\"@type\":\"BreadcrumbList\",\"@id\":\"https:\/\/www.oarcanjo.net\/site\/jesus-profeta-do-perdao-e-da-misericordia\/#breadcrumb\",\"itemListElement\":[{\"@type\":\"ListItem\",\"position\":1,\"name\":\"In\u00edcio\",\"item\":\"https:\/\/www.oarcanjo.net\/site\/\"},{\"@type\":\"ListItem\",\"position\":2,\"name\":\"JESUS, profeta do Perd\u00e3o e da miseric\u00f3rdia!\"}]},{\"@type\":\"WebSite\",\"@id\":\"https:\/\/www.oarcanjo.net\/site\/#website\",\"url\":\"https:\/\/www.oarcanjo.net\/site\/\",\"name\":\"O Arcanjo no ar\",\"description\":\"Site da Par\u00f3quia S\u00e3o Miguel Arcanjo (Arquidiocese de SP)\",\"publisher\":{\"@id\":\"https:\/\/www.oarcanjo.net\/site\/#organization\"},\"potentialAction\":[{\"@type\":\"SearchAction\",\"target\":{\"@type\":\"EntryPoint\",\"urlTemplate\":\"https:\/\/www.oarcanjo.net\/site\/?s={search_term_string}\"},\"query-input\":{\"@type\":\"PropertyValueSpecification\",\"valueRequired\":true,\"valueName\":\"search_term_string\"}}],\"inLanguage\":\"pt-BR\"},{\"@type\":\"Organization\",\"@id\":\"https:\/\/www.oarcanjo.net\/site\/#organization\",\"name\":\"Par\u00f3quia S\u00e3o Miguel Arcanjo\",\"url\":\"https:\/\/www.oarcanjo.net\/site\/\",\"logo\":{\"@type\":\"ImageObject\",\"inLanguage\":\"pt-BR\",\"@id\":\"https:\/\/www.oarcanjo.net\/site\/#\/schema\/logo\/image\/\",\"url\":\"https:\/\/www.oarcanjo.net\/site\/wp-content\/uploads\/LogoOArcanjo.png\",\"contentUrl\":\"https:\/\/www.oarcanjo.net\/site\/wp-content\/uploads\/LogoOArcanjo.png\",\"width\":319,\"height\":99,\"caption\":\"Par\u00f3quia S\u00e3o Miguel Arcanjo\"},\"image\":{\"@id\":\"https:\/\/www.oarcanjo.net\/site\/#\/schema\/logo\/image\/\"},\"sameAs\":[\"https:\/\/www.facebook.com\/OArcanjoNoAr\/\"]},{\"@type\":\"Person\",\"@id\":\"https:\/\/www.oarcanjo.net\/site\/#\/schema\/person\/d78ea01c648c91e29c364b516767079e\",\"name\":\"julio\",\"sameAs\":[\"http:\/\/www.oarcanjo.net\"]}]}<\/script>\n<!-- \/ Yoast SEO plugin. -->","yoast_head_json":{"title":"JESUS, profeta do Perd\u00e3o e da miseric\u00f3rdia! - O Arcanjo no ar","robots":{"index":"index","follow":"follow","max-snippet":"max-snippet:-1","max-image-preview":"max-image-preview:large","max-video-preview":"max-video-preview:-1"},"canonical":"https:\/\/www.oarcanjo.net\/site\/jesus-profeta-do-perdao-e-da-misericordia\/","og_locale":"pt_BR","og_type":"article","og_title":"JESUS, profeta do Perd\u00e3o e da miseric\u00f3rdia! - O Arcanjo no ar","og_description":"O texto de evangelho deste domingo \u00e9 um dos mais impactantes de Lucas. Por um lado o fariseu Sim\u00e3o que convidou Jesus para uma refei\u00e7\u00e3o, do outro Jesus o convidado, que n\u00e3o foi recebido segundo o protocolo judaico, pois o objetivo do convite n\u00e3o era acolher mas observar e condenar aquele que trazia questionamentos e [&hellip;]","og_url":"https:\/\/www.oarcanjo.net\/site\/jesus-profeta-do-perdao-e-da-misericordia\/","og_site_name":"O Arcanjo no ar","article_publisher":"https:\/\/www.facebook.com\/OArcanjoNoAr\/","article_published_time":"2010-06-12T13:59:23+00:00","article_modified_time":"2010-06-14T10:38:07+00:00","og_image":[{"width":300,"height":300,"url":"https:\/\/www.oarcanjo.net\/site\/wp-content\/uploads\/logo-o-arcanjo-no-ar-facebook.png","type":"image\/png"}],"author":"julio","twitter_card":"summary_large_image","twitter_misc":{"Escrito por":"julio","Est. tempo de leitura":"2 minutos"},"schema":{"@context":"https:\/\/schema.org","@graph":[{"@type":"Article","@id":"https:\/\/www.oarcanjo.net\/site\/jesus-profeta-do-perdao-e-da-misericordia\/#article","isPartOf":{"@id":"https:\/\/www.oarcanjo.net\/site\/jesus-profeta-do-perdao-e-da-misericordia\/"},"author":{"name":"julio","@id":"https:\/\/www.oarcanjo.net\/site\/#\/schema\/person\/d78ea01c648c91e29c364b516767079e"},"headline":"JESUS, profeta do Perd\u00e3o e da miseric\u00f3rdia!","datePublished":"2010-06-12T13:59:23+00:00","dateModified":"2010-06-14T10:38:07+00:00","mainEntityOfPage":{"@id":"https:\/\/www.oarcanjo.net\/site\/jesus-profeta-do-perdao-e-da-misericordia\/"},"wordCount":326,"commentCount":6,"publisher":{"@id":"https:\/\/www.oarcanjo.net\/site\/#organization"},"keywords":["amor","evangelho","fariseu","Lucas","mulher"],"articleSection":["Blog","Homilias"],"inLanguage":"pt-BR","potentialAction":[{"@type":"CommentAction","name":"Comment","target":["https:\/\/www.oarcanjo.net\/site\/jesus-profeta-do-perdao-e-da-misericordia\/#respond"]}]},{"@type":"WebPage","@id":"https:\/\/www.oarcanjo.net\/site\/jesus-profeta-do-perdao-e-da-misericordia\/","url":"https:\/\/www.oarcanjo.net\/site\/jesus-profeta-do-perdao-e-da-misericordia\/","name":"JESUS, profeta do Perd\u00e3o e da miseric\u00f3rdia! - O Arcanjo no ar","isPartOf":{"@id":"https:\/\/www.oarcanjo.net\/site\/#website"},"datePublished":"2010-06-12T13:59:23+00:00","dateModified":"2010-06-14T10:38:07+00:00","breadcrumb":{"@id":"https:\/\/www.oarcanjo.net\/site\/jesus-profeta-do-perdao-e-da-misericordia\/#breadcrumb"},"inLanguage":"pt-BR","potentialAction":[{"@type":"ReadAction","target":["https:\/\/www.oarcanjo.net\/site\/jesus-profeta-do-perdao-e-da-misericordia\/"]}]},{"@type":"BreadcrumbList","@id":"https:\/\/www.oarcanjo.net\/site\/jesus-profeta-do-perdao-e-da-misericordia\/#breadcrumb","itemListElement":[{"@type":"ListItem","position":1,"name":"In\u00edcio","item":"https:\/\/www.oarcanjo.net\/site\/"},{"@type":"ListItem","position":2,"name":"JESUS, profeta do Perd\u00e3o e da miseric\u00f3rdia!"}]},{"@type":"WebSite","@id":"https:\/\/www.oarcanjo.net\/site\/#website","url":"https:\/\/www.oarcanjo.net\/site\/","name":"O Arcanjo no ar","description":"Site da Par\u00f3quia S\u00e3o Miguel Arcanjo (Arquidiocese de SP)","publisher":{"@id":"https:\/\/www.oarcanjo.net\/site\/#organization"},"potentialAction":[{"@type":"SearchAction","target":{"@type":"EntryPoint","urlTemplate":"https:\/\/www.oarcanjo.net\/site\/?s={search_term_string}"},"query-input":{"@type":"PropertyValueSpecification","valueRequired":true,"valueName":"search_term_string"}}],"inLanguage":"pt-BR"},{"@type":"Organization","@id":"https:\/\/www.oarcanjo.net\/site\/#organization","name":"Par\u00f3quia S\u00e3o Miguel Arcanjo","url":"https:\/\/www.oarcanjo.net\/site\/","logo":{"@type":"ImageObject","inLanguage":"pt-BR","@id":"https:\/\/www.oarcanjo.net\/site\/#\/schema\/logo\/image\/","url":"https:\/\/www.oarcanjo.net\/site\/wp-content\/uploads\/LogoOArcanjo.png","contentUrl":"https:\/\/www.oarcanjo.net\/site\/wp-content\/uploads\/LogoOArcanjo.png","width":319,"height":99,"caption":"Par\u00f3quia S\u00e3o Miguel Arcanjo"},"image":{"@id":"https:\/\/www.oarcanjo.net\/site\/#\/schema\/logo\/image\/"},"sameAs":["https:\/\/www.facebook.com\/OArcanjoNoAr\/"]},{"@type":"Person","@id":"https:\/\/www.oarcanjo.net\/site\/#\/schema\/person\/d78ea01c648c91e29c364b516767079e","name":"julio","sameAs":["http:\/\/www.oarcanjo.net"]}]}},"publishpress_future_action":{"enabled":false,"date":"2026-05-09 07:23:41","action":"category","newStatus":"draft","terms":[],"taxonomy":"category"},"publishpress_future_workflow_manual_trigger":{"enabledWorkflows":[]},"_links":{"self":[{"href":"https:\/\/www.oarcanjo.net\/site\/wp-json\/wp\/v2\/posts\/9829"}],"collection":[{"href":"https:\/\/www.oarcanjo.net\/site\/wp-json\/wp\/v2\/posts"}],"about":[{"href":"https:\/\/www.oarcanjo.net\/site\/wp-json\/wp\/v2\/types\/post"}],"author":[{"embeddable":true,"href":"https:\/\/www.oarcanjo.net\/site\/wp-json\/wp\/v2\/users\/4"}],"replies":[{"embeddable":true,"href":"https:\/\/www.oarcanjo.net\/site\/wp-json\/wp\/v2\/comments?post=9829"}],"version-history":[{"count":0,"href":"https:\/\/www.oarcanjo.net\/site\/wp-json\/wp\/v2\/posts\/9829\/revisions"}],"wp:attachment":[{"href":"https:\/\/www.oarcanjo.net\/site\/wp-json\/wp\/v2\/media?parent=9829"}],"wp:term":[{"taxonomy":"category","embeddable":true,"href":"https:\/\/www.oarcanjo.net\/site\/wp-json\/wp\/v2\/categories?post=9829"},{"taxonomy":"post_tag","embeddable":true,"href":"https:\/\/www.oarcanjo.net\/site\/wp-json\/wp\/v2\/tags?post=9829"}],"curies":[{"name":"wp","href":"https:\/\/api.w.org\/{rel}","templated":true}]}}