
{"id":98328,"date":"2020-02-11T18:42:06","date_gmt":"2020-02-11T21:42:06","guid":{"rendered":"https:\/\/www.oarcanjo.net\/site\/?p=98328"},"modified":"2020-02-11T18:42:06","modified_gmt":"2020-02-11T21:42:06","slug":"reportagem-da-tvt-sobre-novas-ameacas-ao-pe-julio","status":"publish","type":"post","link":"https:\/\/www.oarcanjo.net\/site\/reportagem-da-tvt-sobre-novas-ameacas-ao-pe-julio\/","title":{"rendered":"Reportagem da TVT sobre novas amea\u00e7as ao Pe. Julio"},"content":{"rendered":"<p>Assista \u00e0 reportagem da TVT &#8211; TV dos Trabalhadores &#8211; sobre as novas amea\u00e7as sofridas pelo Pe. Julio:<\/p>\n<p><iframe loading=\"lazy\" width=\"700\" height=\"394\" src=\"https:\/\/www.youtube.com\/embed\/GEJO2s4tkcc?rel=0\" frameborder=\"0\" allow=\"accelerometer; autoplay; encrypted-media; gyroscope; picture-in-picture\" allowfullscreen><\/iframe><\/p>\n<div id=\"themify_builder_content-98328\" data-postid=\"98328\" class=\"themify_builder_content themify_builder_content-98328 themify_builder themify_builder_front\">\n\t<\/div>\n<!-- \/themify_builder_content -->","protected":false},"excerpt":{"rendered":"<p>Assista \u00e0 reportagem da TVT &#8211; TV dos Trabalhadores &#8211; sobre as novas amea\u00e7as sofridas pelo Pe. Julio<\/p>\n","protected":false},"author":5,"featured_media":98329,"comment_status":"open","ping_status":"open","sticky":false,"template":"","format":"standard","meta":{"ngg_post_thumbnail":0,"footnotes":""},"categories":[3,8,280],"tags":[],"yoast_head":"<!-- This site is optimized with the Yoast SEO plugin v23.5 - https:\/\/yoast.com\/wordpress\/plugins\/seo\/ -->\n<title>Reportagem da TVT sobre novas amea\u00e7as ao Pe. Julio - O Arcanjo no ar<\/title>\n<meta name=\"robots\" content=\"index, follow, max-snippet:-1, max-image-preview:large, max-video-preview:-1\" \/>\n<link rel=\"canonical\" href=\"https:\/\/www.oarcanjo.net\/site\/reportagem-da-tvt-sobre-novas-ameacas-ao-pe-julio\/\" \/>\n<meta property=\"og:locale\" content=\"pt_BR\" \/>\n<meta property=\"og:type\" content=\"article\" \/>\n<meta property=\"og:title\" content=\"Reportagem da TVT sobre novas amea\u00e7as ao Pe. Julio - O Arcanjo no ar\" \/>\n<meta property=\"og:description\" content=\"Assista \u00e0 reportagem da TVT - TV dos Trabalhadores - sobre as novas amea\u00e7as sofridas pelo Pe. Julio\" \/>\n<meta property=\"og:url\" content=\"https:\/\/www.oarcanjo.net\/site\/reportagem-da-tvt-sobre-novas-ameacas-ao-pe-julio\/\" \/>\n<meta property=\"og:site_name\" content=\"O Arcanjo no ar\" \/>\n<meta property=\"article:publisher\" content=\"https:\/\/www.facebook.com\/OArcanjoNoAr\/\" \/>\n<meta property=\"article:published_time\" content=\"2020-02-11T21:42:06+00:00\" \/>\n<meta property=\"og:image\" content=\"https:\/\/www.oarcanjo.net\/site\/wp-content\/uploads\/BannerTVT2020.jpg\" \/>\n\t<meta property=\"og:image:width\" content=\"1280\" \/>\n\t<meta property=\"og:image:height\" content=\"720\" \/>\n\t<meta property=\"og:image:type\" content=\"image\/jpeg\" \/>\n<meta name=\"author\" content=\"editor\" \/>\n<meta name=\"twitter:card\" content=\"summary_large_image\" \/>\n<meta name=\"twitter:label1\" content=\"Escrito por\" \/>\n\t<meta name=\"twitter:data1\" content=\"editor\" \/>\n<script type=\"application\/ld+json\" class=\"yoast-schema-graph\">{\"@context\":\"https:\/\/schema.org\",\"@graph\":[{\"@type\":\"Article\",\"@id\":\"https:\/\/www.oarcanjo.net\/site\/reportagem-da-tvt-sobre-novas-ameacas-ao-pe-julio\/#article\",\"isPartOf\":{\"@id\":\"https:\/\/www.oarcanjo.net\/site\/reportagem-da-tvt-sobre-novas-ameacas-ao-pe-julio\/\"},\"author\":{\"name\":\"editor\",\"@id\":\"https:\/\/www.oarcanjo.net\/site\/#\/schema\/person\/f7024d007863202483a31326673a0838\"},\"headline\":\"Reportagem da TVT sobre novas amea\u00e7as ao Pe. Julio\",\"datePublished\":\"2020-02-11T21:42:06+00:00\",\"dateModified\":\"2020-02-11T21:42:06+00:00\",\"mainEntityOfPage\":{\"@id\":\"https:\/\/www.oarcanjo.net\/site\/reportagem-da-tvt-sobre-novas-ameacas-ao-pe-julio\/\"},\"wordCount\":28,\"commentCount\":0,\"publisher\":{\"@id\":\"https:\/\/www.oarcanjo.net\/site\/#organization\"},\"image\":{\"@id\":\"https:\/\/www.oarcanjo.net\/site\/reportagem-da-tvt-sobre-novas-ameacas-ao-pe-julio\/#primaryimage\"},\"thumbnailUrl\":\"https:\/\/www.oarcanjo.net\/site\/wp-content\/uploads\/BannerTVT2020.jpg\",\"articleSection\":[\"Destaques\",\"Not\u00edcias\",\"V\u00eddeos\"],\"inLanguage\":\"pt-BR\",\"potentialAction\":[{\"@type\":\"CommentAction\",\"name\":\"Comment\",\"target\":[\"https:\/\/www.oarcanjo.net\/site\/reportagem-da-tvt-sobre-novas-ameacas-ao-pe-julio\/#respond\"]}]},{\"@type\":\"WebPage\",\"@id\":\"https:\/\/www.oarcanjo.net\/site\/reportagem-da-tvt-sobre-novas-ameacas-ao-pe-julio\/\",\"url\":\"https:\/\/www.oarcanjo.net\/site\/reportagem-da-tvt-sobre-novas-ameacas-ao-pe-julio\/\",\"name\":\"Reportagem da TVT sobre novas amea\u00e7as ao Pe. Julio - O Arcanjo no ar\",\"isPartOf\":{\"@id\":\"https:\/\/www.oarcanjo.net\/site\/#website\"},\"primaryImageOfPage\":{\"@id\":\"https:\/\/www.oarcanjo.net\/site\/reportagem-da-tvt-sobre-novas-ameacas-ao-pe-julio\/#primaryimage\"},\"image\":{\"@id\":\"https:\/\/www.oarcanjo.net\/site\/reportagem-da-tvt-sobre-novas-ameacas-ao-pe-julio\/#primaryimage\"},\"thumbnailUrl\":\"https:\/\/www.oarcanjo.net\/site\/wp-content\/uploads\/BannerTVT2020.jpg\",\"datePublished\":\"2020-02-11T21:42:06+00:00\",\"dateModified\":\"2020-02-11T21:42:06+00:00\",\"breadcrumb\":{\"@id\":\"https:\/\/www.oarcanjo.net\/site\/reportagem-da-tvt-sobre-novas-ameacas-ao-pe-julio\/#breadcrumb\"},\"inLanguage\":\"pt-BR\",\"potentialAction\":[{\"@type\":\"ReadAction\",\"target\":[\"https:\/\/www.oarcanjo.net\/site\/reportagem-da-tvt-sobre-novas-ameacas-ao-pe-julio\/\"]}]},{\"@type\":\"ImageObject\",\"inLanguage\":\"pt-BR\",\"@id\":\"https:\/\/www.oarcanjo.net\/site\/reportagem-da-tvt-sobre-novas-ameacas-ao-pe-julio\/#primaryimage\",\"url\":\"https:\/\/www.oarcanjo.net\/site\/wp-content\/uploads\/BannerTVT2020.jpg\",\"contentUrl\":\"https:\/\/www.oarcanjo.net\/site\/wp-content\/uploads\/BannerTVT2020.jpg\",\"width\":1280,\"height\":720},{\"@type\":\"BreadcrumbList\",\"@id\":\"https:\/\/www.oarcanjo.net\/site\/reportagem-da-tvt-sobre-novas-ameacas-ao-pe-julio\/#breadcrumb\",\"itemListElement\":[{\"@type\":\"ListItem\",\"position\":1,\"name\":\"In\u00edcio\",\"item\":\"https:\/\/www.oarcanjo.net\/site\/\"},{\"@type\":\"ListItem\",\"position\":2,\"name\":\"Reportagem da TVT sobre novas amea\u00e7as ao Pe. Julio\"}]},{\"@type\":\"WebSite\",\"@id\":\"https:\/\/www.oarcanjo.net\/site\/#website\",\"url\":\"https:\/\/www.oarcanjo.net\/site\/\",\"name\":\"O Arcanjo no ar\",\"description\":\"Site da Par\u00f3quia S\u00e3o Miguel Arcanjo (Arquidiocese de SP)\",\"publisher\":{\"@id\":\"https:\/\/www.oarcanjo.net\/site\/#organization\"},\"potentialAction\":[{\"@type\":\"SearchAction\",\"target\":{\"@type\":\"EntryPoint\",\"urlTemplate\":\"https:\/\/www.oarcanjo.net\/site\/?s={search_term_string}\"},\"query-input\":{\"@type\":\"PropertyValueSpecification\",\"valueRequired\":true,\"valueName\":\"search_term_string\"}}],\"inLanguage\":\"pt-BR\"},{\"@type\":\"Organization\",\"@id\":\"https:\/\/www.oarcanjo.net\/site\/#organization\",\"name\":\"Par\u00f3quia S\u00e3o Miguel Arcanjo\",\"url\":\"https:\/\/www.oarcanjo.net\/site\/\",\"logo\":{\"@type\":\"ImageObject\",\"inLanguage\":\"pt-BR\",\"@id\":\"https:\/\/www.oarcanjo.net\/site\/#\/schema\/logo\/image\/\",\"url\":\"https:\/\/www.oarcanjo.net\/site\/wp-content\/uploads\/LogoOArcanjo.png\",\"contentUrl\":\"https:\/\/www.oarcanjo.net\/site\/wp-content\/uploads\/LogoOArcanjo.png\",\"width\":319,\"height\":99,\"caption\":\"Par\u00f3quia S\u00e3o Miguel Arcanjo\"},\"image\":{\"@id\":\"https:\/\/www.oarcanjo.net\/site\/#\/schema\/logo\/image\/\"},\"sameAs\":[\"https:\/\/www.facebook.com\/OArcanjoNoAr\/\"]},{\"@type\":\"Person\",\"@id\":\"https:\/\/www.oarcanjo.net\/site\/#\/schema\/person\/f7024d007863202483a31326673a0838\",\"name\":\"editor\",\"sameAs\":[\"http:\/\/www.oarcanjo.net\"]}]}<\/script>\n<!-- \/ Yoast SEO plugin. -->","yoast_head_json":{"title":"Reportagem da TVT sobre novas amea\u00e7as ao Pe. Julio - O Arcanjo no ar","robots":{"index":"index","follow":"follow","max-snippet":"max-snippet:-1","max-image-preview":"max-image-preview:large","max-video-preview":"max-video-preview:-1"},"canonical":"https:\/\/www.oarcanjo.net\/site\/reportagem-da-tvt-sobre-novas-ameacas-ao-pe-julio\/","og_locale":"pt_BR","og_type":"article","og_title":"Reportagem da TVT sobre novas amea\u00e7as ao Pe. Julio - O Arcanjo no ar","og_description":"Assista \u00e0 reportagem da TVT - TV dos Trabalhadores - sobre as novas amea\u00e7as sofridas pelo Pe. Julio","og_url":"https:\/\/www.oarcanjo.net\/site\/reportagem-da-tvt-sobre-novas-ameacas-ao-pe-julio\/","og_site_name":"O Arcanjo no ar","article_publisher":"https:\/\/www.facebook.com\/OArcanjoNoAr\/","article_published_time":"2020-02-11T21:42:06+00:00","og_image":[{"width":1280,"height":720,"url":"https:\/\/www.oarcanjo.net\/site\/wp-content\/uploads\/BannerTVT2020.jpg","type":"image\/jpeg"}],"author":"editor","twitter_card":"summary_large_image","twitter_misc":{"Escrito por":"editor"},"schema":{"@context":"https:\/\/schema.org","@graph":[{"@type":"Article","@id":"https:\/\/www.oarcanjo.net\/site\/reportagem-da-tvt-sobre-novas-ameacas-ao-pe-julio\/#article","isPartOf":{"@id":"https:\/\/www.oarcanjo.net\/site\/reportagem-da-tvt-sobre-novas-ameacas-ao-pe-julio\/"},"author":{"name":"editor","@id":"https:\/\/www.oarcanjo.net\/site\/#\/schema\/person\/f7024d007863202483a31326673a0838"},"headline":"Reportagem da TVT sobre novas amea\u00e7as ao Pe. Julio","datePublished":"2020-02-11T21:42:06+00:00","dateModified":"2020-02-11T21:42:06+00:00","mainEntityOfPage":{"@id":"https:\/\/www.oarcanjo.net\/site\/reportagem-da-tvt-sobre-novas-ameacas-ao-pe-julio\/"},"wordCount":28,"commentCount":0,"publisher":{"@id":"https:\/\/www.oarcanjo.net\/site\/#organization"},"image":{"@id":"https:\/\/www.oarcanjo.net\/site\/reportagem-da-tvt-sobre-novas-ameacas-ao-pe-julio\/#primaryimage"},"thumbnailUrl":"https:\/\/www.oarcanjo.net\/site\/wp-content\/uploads\/BannerTVT2020.jpg","articleSection":["Destaques","Not\u00edcias","V\u00eddeos"],"inLanguage":"pt-BR","potentialAction":[{"@type":"CommentAction","name":"Comment","target":["https:\/\/www.oarcanjo.net\/site\/reportagem-da-tvt-sobre-novas-ameacas-ao-pe-julio\/#respond"]}]},{"@type":"WebPage","@id":"https:\/\/www.oarcanjo.net\/site\/reportagem-da-tvt-sobre-novas-ameacas-ao-pe-julio\/","url":"https:\/\/www.oarcanjo.net\/site\/reportagem-da-tvt-sobre-novas-ameacas-ao-pe-julio\/","name":"Reportagem da TVT sobre novas amea\u00e7as ao Pe. Julio - O Arcanjo no ar","isPartOf":{"@id":"https:\/\/www.oarcanjo.net\/site\/#website"},"primaryImageOfPage":{"@id":"https:\/\/www.oarcanjo.net\/site\/reportagem-da-tvt-sobre-novas-ameacas-ao-pe-julio\/#primaryimage"},"image":{"@id":"https:\/\/www.oarcanjo.net\/site\/reportagem-da-tvt-sobre-novas-ameacas-ao-pe-julio\/#primaryimage"},"thumbnailUrl":"https:\/\/www.oarcanjo.net\/site\/wp-content\/uploads\/BannerTVT2020.jpg","datePublished":"2020-02-11T21:42:06+00:00","dateModified":"2020-02-11T21:42:06+00:00","breadcrumb":{"@id":"https:\/\/www.oarcanjo.net\/site\/reportagem-da-tvt-sobre-novas-ameacas-ao-pe-julio\/#breadcrumb"},"inLanguage":"pt-BR","potentialAction":[{"@type":"ReadAction","target":["https:\/\/www.oarcanjo.net\/site\/reportagem-da-tvt-sobre-novas-ameacas-ao-pe-julio\/"]}]},{"@type":"ImageObject","inLanguage":"pt-BR","@id":"https:\/\/www.oarcanjo.net\/site\/reportagem-da-tvt-sobre-novas-ameacas-ao-pe-julio\/#primaryimage","url":"https:\/\/www.oarcanjo.net\/site\/wp-content\/uploads\/BannerTVT2020.jpg","contentUrl":"https:\/\/www.oarcanjo.net\/site\/wp-content\/uploads\/BannerTVT2020.jpg","width":1280,"height":720},{"@type":"BreadcrumbList","@id":"https:\/\/www.oarcanjo.net\/site\/reportagem-da-tvt-sobre-novas-ameacas-ao-pe-julio\/#breadcrumb","itemListElement":[{"@type":"ListItem","position":1,"name":"In\u00edcio","item":"https:\/\/www.oarcanjo.net\/site\/"},{"@type":"ListItem","position":2,"name":"Reportagem da TVT sobre novas amea\u00e7as ao Pe. Julio"}]},{"@type":"WebSite","@id":"https:\/\/www.oarcanjo.net\/site\/#website","url":"https:\/\/www.oarcanjo.net\/site\/","name":"O Arcanjo no ar","description":"Site da Par\u00f3quia S\u00e3o Miguel Arcanjo (Arquidiocese de SP)","publisher":{"@id":"https:\/\/www.oarcanjo.net\/site\/#organization"},"potentialAction":[{"@type":"SearchAction","target":{"@type":"EntryPoint","urlTemplate":"https:\/\/www.oarcanjo.net\/site\/?s={search_term_string}"},"query-input":{"@type":"PropertyValueSpecification","valueRequired":true,"valueName":"search_term_string"}}],"inLanguage":"pt-BR"},{"@type":"Organization","@id":"https:\/\/www.oarcanjo.net\/site\/#organization","name":"Par\u00f3quia S\u00e3o Miguel Arcanjo","url":"https:\/\/www.oarcanjo.net\/site\/","logo":{"@type":"ImageObject","inLanguage":"pt-BR","@id":"https:\/\/www.oarcanjo.net\/site\/#\/schema\/logo\/image\/","url":"https:\/\/www.oarcanjo.net\/site\/wp-content\/uploads\/LogoOArcanjo.png","contentUrl":"https:\/\/www.oarcanjo.net\/site\/wp-content\/uploads\/LogoOArcanjo.png","width":319,"height":99,"caption":"Par\u00f3quia S\u00e3o Miguel Arcanjo"},"image":{"@id":"https:\/\/www.oarcanjo.net\/site\/#\/schema\/logo\/image\/"},"sameAs":["https:\/\/www.facebook.com\/OArcanjoNoAr\/"]},{"@type":"Person","@id":"https:\/\/www.oarcanjo.net\/site\/#\/schema\/person\/f7024d007863202483a31326673a0838","name":"editor","sameAs":["http:\/\/www.oarcanjo.net"]}]}},"publishpress_future_action":{"enabled":false,"date":"2026-05-06 05:49:17","action":"category","newStatus":"draft","terms":[],"taxonomy":"category"},"publishpress_future_workflow_manual_trigger":{"enabledWorkflows":[]},"_links":{"self":[{"href":"https:\/\/www.oarcanjo.net\/site\/wp-json\/wp\/v2\/posts\/98328"}],"collection":[{"href":"https:\/\/www.oarcanjo.net\/site\/wp-json\/wp\/v2\/posts"}],"about":[{"href":"https:\/\/www.oarcanjo.net\/site\/wp-json\/wp\/v2\/types\/post"}],"author":[{"embeddable":true,"href":"https:\/\/www.oarcanjo.net\/site\/wp-json\/wp\/v2\/users\/5"}],"replies":[{"embeddable":true,"href":"https:\/\/www.oarcanjo.net\/site\/wp-json\/wp\/v2\/comments?post=98328"}],"version-history":[{"count":2,"href":"https:\/\/www.oarcanjo.net\/site\/wp-json\/wp\/v2\/posts\/98328\/revisions"}],"predecessor-version":[{"id":98331,"href":"https:\/\/www.oarcanjo.net\/site\/wp-json\/wp\/v2\/posts\/98328\/revisions\/98331"}],"wp:featuredmedia":[{"embeddable":true,"href":"https:\/\/www.oarcanjo.net\/site\/wp-json\/wp\/v2\/media\/98329"}],"wp:attachment":[{"href":"https:\/\/www.oarcanjo.net\/site\/wp-json\/wp\/v2\/media?parent=98328"}],"wp:term":[{"taxonomy":"category","embeddable":true,"href":"https:\/\/www.oarcanjo.net\/site\/wp-json\/wp\/v2\/categories?post=98328"},{"taxonomy":"post_tag","embeddable":true,"href":"https:\/\/www.oarcanjo.net\/site\/wp-json\/wp\/v2\/tags?post=98328"}],"curies":[{"name":"wp","href":"https:\/\/api.w.org\/{rel}","templated":true}]}}