
{"id":98371,"date":"2020-02-11T11:02:43","date_gmt":"2020-02-11T14:02:43","guid":{"rendered":"https:\/\/www.oarcanjo.net\/site\/?p=98371"},"modified":"2020-02-12T13:41:57","modified_gmt":"2020-02-12T16:41:57","slug":"querida-amazonia-a-ressurreicao-da-irma-dorothy-stang","status":"publish","type":"post","link":"https:\/\/www.oarcanjo.net\/site\/querida-amazonia-a-ressurreicao-da-irma-dorothy-stang\/","title":{"rendered":"\u201cQuerida Amaz\u00f4nia&#8221;: a ressurrei\u00e7\u00e3o da irm\u00e3 Dorothy Stang"},"content":{"rendered":"<p>Existem datas associadas a pessoas espec\u00edficas. Na Amaz\u00f4nia brasileira, o dia 12 de fevereiro, desde 2005, \u00e9 uma data que lembra a irm\u00e3 Dorothy Stang, algu\u00e9m que considerava a Amaz\u00f4nia uma terra querida, que n\u00e3o hesitou em dar a vida por uma causa, a causa dos povos que a habitam. Foi nessa data em que seu mart\u00edrio fez dela um \u00edcone de resist\u00eancia, um exemplo a seguir.<\/p>\n<p>A reportagem \u00e9 de Luis Miguel Modino, publicada no <a href=\"http:\/\/www.ihu.unisinos.br\/596191-querida-amazonia-a-ressurreicao-da-irma-dorothy-stang\" target=\"_blank\" rel=\"noopener\">site do IHU (Instituto Humanitas Unisinos)<\/a><\/p>\n<p>Que na mesma data seja publicada \u201cQuerida Amaz\u00f4nia\u201d, a exorta\u00e7\u00e3o p\u00f3s-sinodal nascida de tudo o que foi vivido durante a assembleia do S\u00ednodo para a Amaz\u00f4nia, realizada em Roma, de 6 a 27 de outubro de 2019, e os dois anos em que, desde a escuta, foi preparado, \u00e9 uma raz\u00e3o para pensar que tudo tem um motivo e que isso pode ser considerado como uma homenagem merecida a tantos m\u00e1rtires que deram a vida por algo que realmente queriam.<\/p>\n<p>Um dos momentos mais emocionantes da assembl\u00e9ia sinodal foi a prociss\u00e3o que levou seus participantes da Bas\u00edlica de S\u00e3o Pedro \u00e0 sala sinodal. Entre os muitos s\u00edmbolos que acompanharam os passos dos padres sinodais, auditores e peritos do s\u00ednodo, estavam cartazes mostrando m\u00e1rtires da Amaz\u00f4nia. O sangue dos m\u00e1rtires queria ser uma for\u00e7a que encorajava o esp\u00edrito de homens e mulheres que durante tr\u00eas semanas iam procurar novos caminhos para a Igreja e para uma ecologia integral.<\/p>\n<p>Nesses cartazes apareceram as imagens de Alejandro Labaka e In\u00e9s Arango, Ezequiel Ramin, Chico Mendes, Josimo Tavares, Vicente Ca\u00f1as, Cleusa Rody Coelho, Alcides Jim\u00e9nez, Rodolfo Lunkenbein e Sim\u00f3n Bororo, al\u00e9m de muitos outros, tamb\u00e9m Dorothy Stang. Eles entraram e permaneceram na sala sinodal durante toda a assembleia, emanando a for\u00e7a daqueles que renunciaram a suas pr\u00f3prias vidas para que sua querida Amaz\u00f4nia e os povos que a habitam tenham mais vida. Mulheres e homens cujo sangue se tornou a semente de uma nova vida, da P\u00e1scoa.<\/p>\n<p><img loading=\"lazy\" decoding=\"async\" width=\"300\" height=\"225\" class=\"alignnone size-full wp-image-98372\" alt=\"\" src=\"https:\/\/www.oarcanjo.net\/site\/wp-content\/uploads\/Holy-Passion-Bearer-Dorothy-Stang-163.jpg\"><br \/>\n<em>\u00cdcone da Irm\u00e3 Dorothy Stang, criado por<\/em><br \/>\n<em>Rev. Bill McNichols, SJ.<\/em><\/p>\n<p>S\u00e3o eles, e tudo o que defenderam, que ressuscitaram neste processo sinodal. Esses homens e mulheres s\u00e3o precursores da convers\u00e3o para a qual o S\u00ednodo da Amaz\u00f4nia nos chamou. Pessoas que n\u00e3o tinham medo de iniciar novos caminhos de evangeliza\u00e7\u00e3o, de a\u00e7\u00e3o pastoral, pessoas que insistiam em defender a M\u00e3e Terra e aqueles que mantinham um relacionamento sagrado com ela, mulheres e homens que deixaram suas culturas para tr\u00e1s para assumir uma nova cultura, que foram descobrindo nos povos para onde haviam sido enviados, pessoas que n\u00e3o hesitavam em viver a sinodalidade, caminhar junto com os povos.<\/p>\n<p>Um dos que melhor conheceu a vida e a miss\u00e3o da irm\u00e3 Dorothy \u00e9 dom Erwin Kr\u00e4utler, bispo em\u00e9rito do Xingu. Ele reconhece que &#8220;o que me impressionou, desde que ela chegou aqui, em 1982, \u00e9 a sua op\u00e7\u00e3o radical pelos pobres&#8221;. O bispo lembra que &#8220;foi para uma \u00e1rea que naquela \u00e9poca era, n\u00e3o apenas de pobreza, mas de mis\u00e9ria&#8221;. Ele ainda destaca que \u201ceu quase n\u00e3o acreditei no in\u00edcio, porque essa mulher vem l\u00e1 dos Estados Unidos, do conforto e tudo o que tem l\u00e1 naquele pa\u00eds, e vai se meter numa situa\u00e7\u00e3o, numa realidade t\u00e3o cruel. Mas ela foi, e ficou at\u00e9 o dia da sua morte\u201d. O exemplo da irm\u00e3 Dorothy, \u00e9 apenas mais um entre os muitos homens e mulheres que ao longo da hist\u00f3ria da presen\u00e7a da Igreja Cat\u00f3lica na Amaz\u00f4nia, n\u00e3o hesitaram em assumir um novo modo de vida.<\/p>\n<p>Falando da religiosa, algo que tamb\u00e9m impressionou Dom Erwin, bispo do Xing\u00fa de 1981 a 2015, \u201cfoi a sua defesa da Amaz\u00f4nia, no sentido da floresta em p\u00e9. Ela n\u00e3o queria a Amaz\u00f4nia desmatada, e a sua luta era tamb\u00e9m nesse sentido. Por isso, ela luto pelos projetos de desenvolvimento sustent\u00e1vel\u201d. As conseq\u00fc\u00eancias dessa posi\u00e7\u00e3o, segundo o bispo, logo apareceram, &#8220;naquele tempo, logicamente, essa luta pela Amaz\u00f4nia em p\u00e9, pela floresta em p\u00e9, contrariou os interesses de grandes fazendeiros e madeireiros&#8221;.<\/p>\n<p>Dom Erwin reconhece que &#8220;a\u00ed come\u00e7ou uma grande trama contra ela, e culminou com a morte dela\u201d. Ele afirma que &#8220;n\u00f3s n\u00e3o acredit\u00e1vamos nunca na morte dela&#8221;. Ele lembra que \u201cpoucos dias antes que ela morreu, ela ainda esteve aqui comigo, nos falamos sobre a situa\u00e7\u00e3o, e eu disse, Dorothy, voc\u00ea est\u00e1 sendo amea\u00e7ada. A\u00ed, ela respondeu, quem vai matar uma velha como eu?\u201d. Essa \u00e9 mais uma prova da confian\u00e7a de algu\u00e9m que n\u00e3o temia a morte, que entendia a vida com base em algo que \u00e9 maior.<\/p>\n<p>Segundo o bispo em\u00e9rito de Xingu, \u201cDorothy foi amea\u00e7ada por muito tempo, tantas vezes falei com ela. N\u00f3s lutamos juntos, para n\u00f3s ela deixou um grande legado\u201d. Por isso, ele n\u00e3o hesita em afirmar que s\u00e3o \u201c15 anos de morte, 15 anos de mart\u00edrio, \u00e9 um legado para todos n\u00f3s, \u00e9 um exemplo de vida doada\u201d. Lembrando de suas palavras no momento de mart\u00edrio da religiosa, &#8220;naquele tempo, eu falei que ela fez exatamente o que Cristo fez&#8221;. Dom Erwin insiste que &#8220;ela doou a sua vida para que todos tenham vida, e isso impressiona. Ela \u00e9 uma m\u00e1rtir pela causa do Evangelho, uma m\u00e1rtir pela causa que ela defendeu at\u00e9 a morte cruel de que ela foi v\u00edtima\u201d.<\/p>\n<p>O testemunho dos m\u00e1rtires da Amaz\u00f4nia \u00e9 um exemplo de que novos caminhos s\u00e3o poss\u00edveis, que vale a pena dar a sua vida para que o Reino de Deus se torne uma realidade cada vez mais vis\u00edvel nesta terra, dominada por interesses semelhantes aos aqueles que tiveram aqueles que condenaram Jesus de Nazar\u00e9 \u00e0 morte da cruz. O S\u00ednodo para a Amaz\u00f4nia plantou novas sementes, vindas de uma terra onde o cuidado produziu frutos abundantes, que devem ser mostrados a toda a Igreja, a todo o mundo.<\/p>\n<p>A vida que n\u00e3o termina, a vida nascida na P\u00e1scoa, a vida que permanece de gera\u00e7\u00e3o em gera\u00e7\u00e3o, iluminou e continua alimentando uma Igreja e os povos que o S\u00ednodo da Amaz\u00f4nia colocou no centro do debate eclesial e social. Aqueles que muitos consideravam inimigos do sistema e, portanto, foram condenados \u00e0 morte, renasceram, ressuscitaram, continuam gerando vida para a casa comum e para os povos que cuidam dela, tamb\u00e9m para uma Igreja que quer estar ao lado do que e de quem muitos consideram descart\u00e1veis.<\/p>\n<p>A irm\u00e3 Dorothy, com seu rosto sereno, deve estar assistindo da Casa do Pai tudo o que est\u00e1 acontecendo em sua querida Amaz\u00f4nia. Ela, em 12 de fevereiro de 2005, estava indo a uma comunidade para falar sobre os direitos da Amaz\u00f4nia, quando foi abordada por dois homens armados. Quando lhe perguntaram se ela estava armada, ela respondeu que sua \u00fanica arma era a B\u00edblia que ela carregava na bolsa, que ela come\u00e7ou a ler na passagem das bem-aventuran\u00e7as. Sua morte, como a de tantos m\u00e1rtires, foi um exemplo de compromisso, de f\u00e9 em Deus que nos promete que seremos felizes eternamente quando assumirmos seu projeto de vida.<\/p>\n<div id=\"themify_builder_content-98371\" data-postid=\"98371\" class=\"themify_builder_content themify_builder_content-98371 themify_builder themify_builder_front\">\n\t<\/div>\n<!-- \/themify_builder_content -->","protected":false},"excerpt":{"rendered":"<p>Na Amaz\u00f4nia brasileira, o dia 12 de fevereiro, desde 2005, \u00e9 uma data que lembra a irm\u00e3 Dorothy Stang<\/p>\n","protected":false},"author":5,"featured_media":0,"comment_status":"open","ping_status":"open","sticky":false,"template":"","format":"standard","meta":{"ngg_post_thumbnail":0,"footnotes":""},"categories":[769,3345],"tags":[],"yoast_head":"<!-- This site is optimized with the Yoast SEO plugin v23.5 - https:\/\/yoast.com\/wordpress\/plugins\/seo\/ -->\n<title>\u201cQuerida Amaz\u00f4nia&quot;: a ressurrei\u00e7\u00e3o da irm\u00e3 Dorothy Stang - O Arcanjo no ar<\/title>\n<meta name=\"robots\" content=\"index, follow, max-snippet:-1, max-image-preview:large, max-video-preview:-1\" \/>\n<link rel=\"canonical\" href=\"https:\/\/www.oarcanjo.net\/site\/querida-amazonia-a-ressurreicao-da-irma-dorothy-stang\/\" \/>\n<meta property=\"og:locale\" content=\"pt_BR\" \/>\n<meta property=\"og:type\" content=\"article\" \/>\n<meta property=\"og:title\" content=\"\u201cQuerida Amaz\u00f4nia&quot;: a ressurrei\u00e7\u00e3o da irm\u00e3 Dorothy Stang - O Arcanjo no ar\" \/>\n<meta property=\"og:description\" content=\"Na Amaz\u00f4nia brasileira, o dia 12 de fevereiro, desde 2005, \u00e9 uma data que lembra a irm\u00e3 Dorothy Stang\" \/>\n<meta property=\"og:url\" content=\"https:\/\/www.oarcanjo.net\/site\/querida-amazonia-a-ressurreicao-da-irma-dorothy-stang\/\" \/>\n<meta property=\"og:site_name\" content=\"O Arcanjo no ar\" \/>\n<meta property=\"article:publisher\" content=\"https:\/\/www.facebook.com\/OArcanjoNoAr\/\" \/>\n<meta property=\"article:published_time\" content=\"2020-02-11T14:02:43+00:00\" \/>\n<meta property=\"article:modified_time\" content=\"2020-02-12T16:41:57+00:00\" \/>\n<meta property=\"og:image\" content=\"https:\/\/www.oarcanjo.net\/site\/wp-content\/uploads\/Holy-Passion-Bearer-Dorothy-Stang-163.jpg\" \/>\n<meta name=\"author\" content=\"editor\" \/>\n<meta name=\"twitter:card\" content=\"summary_large_image\" \/>\n<meta name=\"twitter:label1\" content=\"Escrito por\" \/>\n\t<meta name=\"twitter:data1\" content=\"editor\" \/>\n\t<meta name=\"twitter:label2\" content=\"Est. tempo de leitura\" \/>\n\t<meta name=\"twitter:data2\" content=\"6 minutos\" \/>\n<script type=\"application\/ld+json\" class=\"yoast-schema-graph\">{\"@context\":\"https:\/\/schema.org\",\"@graph\":[{\"@type\":\"Article\",\"@id\":\"https:\/\/www.oarcanjo.net\/site\/querida-amazonia-a-ressurreicao-da-irma-dorothy-stang\/#article\",\"isPartOf\":{\"@id\":\"https:\/\/www.oarcanjo.net\/site\/querida-amazonia-a-ressurreicao-da-irma-dorothy-stang\/\"},\"author\":{\"name\":\"editor\",\"@id\":\"https:\/\/www.oarcanjo.net\/site\/#\/schema\/person\/f7024d007863202483a31326673a0838\"},\"headline\":\"\u201cQuerida Amaz\u00f4nia&#8221;: a ressurrei\u00e7\u00e3o da irm\u00e3 Dorothy Stang\",\"datePublished\":\"2020-02-11T14:02:43+00:00\",\"dateModified\":\"2020-02-12T16:41:57+00:00\",\"mainEntityOfPage\":{\"@id\":\"https:\/\/www.oarcanjo.net\/site\/querida-amazonia-a-ressurreicao-da-irma-dorothy-stang\/\"},\"wordCount\":1246,\"commentCount\":0,\"publisher\":{\"@id\":\"https:\/\/www.oarcanjo.net\/site\/#organization\"},\"image\":{\"@id\":\"https:\/\/www.oarcanjo.net\/site\/querida-amazonia-a-ressurreicao-da-irma-dorothy-stang\/#primaryimage\"},\"thumbnailUrl\":\"https:\/\/www.oarcanjo.net\/site\/wp-content\/uploads\/Holy-Passion-Bearer-Dorothy-Stang-163.jpg\",\"articleSection\":[\"Ir. Dorothy Stang\",\"S\u00ednodo para a Amaz\u00f4nia\"],\"inLanguage\":\"pt-BR\",\"potentialAction\":[{\"@type\":\"CommentAction\",\"name\":\"Comment\",\"target\":[\"https:\/\/www.oarcanjo.net\/site\/querida-amazonia-a-ressurreicao-da-irma-dorothy-stang\/#respond\"]}]},{\"@type\":\"WebPage\",\"@id\":\"https:\/\/www.oarcanjo.net\/site\/querida-amazonia-a-ressurreicao-da-irma-dorothy-stang\/\",\"url\":\"https:\/\/www.oarcanjo.net\/site\/querida-amazonia-a-ressurreicao-da-irma-dorothy-stang\/\",\"name\":\"\u201cQuerida Amaz\u00f4nia\\\": a ressurrei\u00e7\u00e3o da irm\u00e3 Dorothy Stang - O Arcanjo no ar\",\"isPartOf\":{\"@id\":\"https:\/\/www.oarcanjo.net\/site\/#website\"},\"primaryImageOfPage\":{\"@id\":\"https:\/\/www.oarcanjo.net\/site\/querida-amazonia-a-ressurreicao-da-irma-dorothy-stang\/#primaryimage\"},\"image\":{\"@id\":\"https:\/\/www.oarcanjo.net\/site\/querida-amazonia-a-ressurreicao-da-irma-dorothy-stang\/#primaryimage\"},\"thumbnailUrl\":\"https:\/\/www.oarcanjo.net\/site\/wp-content\/uploads\/Holy-Passion-Bearer-Dorothy-Stang-163.jpg\",\"datePublished\":\"2020-02-11T14:02:43+00:00\",\"dateModified\":\"2020-02-12T16:41:57+00:00\",\"breadcrumb\":{\"@id\":\"https:\/\/www.oarcanjo.net\/site\/querida-amazonia-a-ressurreicao-da-irma-dorothy-stang\/#breadcrumb\"},\"inLanguage\":\"pt-BR\",\"potentialAction\":[{\"@type\":\"ReadAction\",\"target\":[\"https:\/\/www.oarcanjo.net\/site\/querida-amazonia-a-ressurreicao-da-irma-dorothy-stang\/\"]}]},{\"@type\":\"ImageObject\",\"inLanguage\":\"pt-BR\",\"@id\":\"https:\/\/www.oarcanjo.net\/site\/querida-amazonia-a-ressurreicao-da-irma-dorothy-stang\/#primaryimage\",\"url\":\"https:\/\/www.oarcanjo.net\/site\/wp-content\/uploads\/Holy-Passion-Bearer-Dorothy-Stang-163.jpg\",\"contentUrl\":\"https:\/\/www.oarcanjo.net\/site\/wp-content\/uploads\/Holy-Passion-Bearer-Dorothy-Stang-163.jpg\",\"width\":300,\"height\":225},{\"@type\":\"BreadcrumbList\",\"@id\":\"https:\/\/www.oarcanjo.net\/site\/querida-amazonia-a-ressurreicao-da-irma-dorothy-stang\/#breadcrumb\",\"itemListElement\":[{\"@type\":\"ListItem\",\"position\":1,\"name\":\"In\u00edcio\",\"item\":\"https:\/\/www.oarcanjo.net\/site\/\"},{\"@type\":\"ListItem\",\"position\":2,\"name\":\"\u201cQuerida Amaz\u00f4nia&#8221;: a ressurrei\u00e7\u00e3o da irm\u00e3 Dorothy Stang\"}]},{\"@type\":\"WebSite\",\"@id\":\"https:\/\/www.oarcanjo.net\/site\/#website\",\"url\":\"https:\/\/www.oarcanjo.net\/site\/\",\"name\":\"O Arcanjo no ar\",\"description\":\"Site da Par\u00f3quia S\u00e3o Miguel Arcanjo (Arquidiocese de SP)\",\"publisher\":{\"@id\":\"https:\/\/www.oarcanjo.net\/site\/#organization\"},\"potentialAction\":[{\"@type\":\"SearchAction\",\"target\":{\"@type\":\"EntryPoint\",\"urlTemplate\":\"https:\/\/www.oarcanjo.net\/site\/?s={search_term_string}\"},\"query-input\":{\"@type\":\"PropertyValueSpecification\",\"valueRequired\":true,\"valueName\":\"search_term_string\"}}],\"inLanguage\":\"pt-BR\"},{\"@type\":\"Organization\",\"@id\":\"https:\/\/www.oarcanjo.net\/site\/#organization\",\"name\":\"Par\u00f3quia S\u00e3o Miguel Arcanjo\",\"url\":\"https:\/\/www.oarcanjo.net\/site\/\",\"logo\":{\"@type\":\"ImageObject\",\"inLanguage\":\"pt-BR\",\"@id\":\"https:\/\/www.oarcanjo.net\/site\/#\/schema\/logo\/image\/\",\"url\":\"https:\/\/www.oarcanjo.net\/site\/wp-content\/uploads\/LogoOArcanjo.png\",\"contentUrl\":\"https:\/\/www.oarcanjo.net\/site\/wp-content\/uploads\/LogoOArcanjo.png\",\"width\":319,\"height\":99,\"caption\":\"Par\u00f3quia S\u00e3o Miguel Arcanjo\"},\"image\":{\"@id\":\"https:\/\/www.oarcanjo.net\/site\/#\/schema\/logo\/image\/\"},\"sameAs\":[\"https:\/\/www.facebook.com\/OArcanjoNoAr\/\"]},{\"@type\":\"Person\",\"@id\":\"https:\/\/www.oarcanjo.net\/site\/#\/schema\/person\/f7024d007863202483a31326673a0838\",\"name\":\"editor\",\"sameAs\":[\"http:\/\/www.oarcanjo.net\"]}]}<\/script>\n<!-- \/ Yoast SEO plugin. -->","yoast_head_json":{"title":"\u201cQuerida Amaz\u00f4nia\": a ressurrei\u00e7\u00e3o da irm\u00e3 Dorothy Stang - O Arcanjo no ar","robots":{"index":"index","follow":"follow","max-snippet":"max-snippet:-1","max-image-preview":"max-image-preview:large","max-video-preview":"max-video-preview:-1"},"canonical":"https:\/\/www.oarcanjo.net\/site\/querida-amazonia-a-ressurreicao-da-irma-dorothy-stang\/","og_locale":"pt_BR","og_type":"article","og_title":"\u201cQuerida Amaz\u00f4nia\": a ressurrei\u00e7\u00e3o da irm\u00e3 Dorothy Stang - O Arcanjo no ar","og_description":"Na Amaz\u00f4nia brasileira, o dia 12 de fevereiro, desde 2005, \u00e9 uma data que lembra a irm\u00e3 Dorothy Stang","og_url":"https:\/\/www.oarcanjo.net\/site\/querida-amazonia-a-ressurreicao-da-irma-dorothy-stang\/","og_site_name":"O Arcanjo no ar","article_publisher":"https:\/\/www.facebook.com\/OArcanjoNoAr\/","article_published_time":"2020-02-11T14:02:43+00:00","article_modified_time":"2020-02-12T16:41:57+00:00","og_image":[{"url":"https:\/\/www.oarcanjo.net\/site\/wp-content\/uploads\/Holy-Passion-Bearer-Dorothy-Stang-163.jpg"}],"author":"editor","twitter_card":"summary_large_image","twitter_misc":{"Escrito por":"editor","Est. tempo de leitura":"6 minutos"},"schema":{"@context":"https:\/\/schema.org","@graph":[{"@type":"Article","@id":"https:\/\/www.oarcanjo.net\/site\/querida-amazonia-a-ressurreicao-da-irma-dorothy-stang\/#article","isPartOf":{"@id":"https:\/\/www.oarcanjo.net\/site\/querida-amazonia-a-ressurreicao-da-irma-dorothy-stang\/"},"author":{"name":"editor","@id":"https:\/\/www.oarcanjo.net\/site\/#\/schema\/person\/f7024d007863202483a31326673a0838"},"headline":"\u201cQuerida Amaz\u00f4nia&#8221;: a ressurrei\u00e7\u00e3o da irm\u00e3 Dorothy Stang","datePublished":"2020-02-11T14:02:43+00:00","dateModified":"2020-02-12T16:41:57+00:00","mainEntityOfPage":{"@id":"https:\/\/www.oarcanjo.net\/site\/querida-amazonia-a-ressurreicao-da-irma-dorothy-stang\/"},"wordCount":1246,"commentCount":0,"publisher":{"@id":"https:\/\/www.oarcanjo.net\/site\/#organization"},"image":{"@id":"https:\/\/www.oarcanjo.net\/site\/querida-amazonia-a-ressurreicao-da-irma-dorothy-stang\/#primaryimage"},"thumbnailUrl":"https:\/\/www.oarcanjo.net\/site\/wp-content\/uploads\/Holy-Passion-Bearer-Dorothy-Stang-163.jpg","articleSection":["Ir. Dorothy Stang","S\u00ednodo para a Amaz\u00f4nia"],"inLanguage":"pt-BR","potentialAction":[{"@type":"CommentAction","name":"Comment","target":["https:\/\/www.oarcanjo.net\/site\/querida-amazonia-a-ressurreicao-da-irma-dorothy-stang\/#respond"]}]},{"@type":"WebPage","@id":"https:\/\/www.oarcanjo.net\/site\/querida-amazonia-a-ressurreicao-da-irma-dorothy-stang\/","url":"https:\/\/www.oarcanjo.net\/site\/querida-amazonia-a-ressurreicao-da-irma-dorothy-stang\/","name":"\u201cQuerida Amaz\u00f4nia\": a ressurrei\u00e7\u00e3o da irm\u00e3 Dorothy Stang - O Arcanjo no ar","isPartOf":{"@id":"https:\/\/www.oarcanjo.net\/site\/#website"},"primaryImageOfPage":{"@id":"https:\/\/www.oarcanjo.net\/site\/querida-amazonia-a-ressurreicao-da-irma-dorothy-stang\/#primaryimage"},"image":{"@id":"https:\/\/www.oarcanjo.net\/site\/querida-amazonia-a-ressurreicao-da-irma-dorothy-stang\/#primaryimage"},"thumbnailUrl":"https:\/\/www.oarcanjo.net\/site\/wp-content\/uploads\/Holy-Passion-Bearer-Dorothy-Stang-163.jpg","datePublished":"2020-02-11T14:02:43+00:00","dateModified":"2020-02-12T16:41:57+00:00","breadcrumb":{"@id":"https:\/\/www.oarcanjo.net\/site\/querida-amazonia-a-ressurreicao-da-irma-dorothy-stang\/#breadcrumb"},"inLanguage":"pt-BR","potentialAction":[{"@type":"ReadAction","target":["https:\/\/www.oarcanjo.net\/site\/querida-amazonia-a-ressurreicao-da-irma-dorothy-stang\/"]}]},{"@type":"ImageObject","inLanguage":"pt-BR","@id":"https:\/\/www.oarcanjo.net\/site\/querida-amazonia-a-ressurreicao-da-irma-dorothy-stang\/#primaryimage","url":"https:\/\/www.oarcanjo.net\/site\/wp-content\/uploads\/Holy-Passion-Bearer-Dorothy-Stang-163.jpg","contentUrl":"https:\/\/www.oarcanjo.net\/site\/wp-content\/uploads\/Holy-Passion-Bearer-Dorothy-Stang-163.jpg","width":300,"height":225},{"@type":"BreadcrumbList","@id":"https:\/\/www.oarcanjo.net\/site\/querida-amazonia-a-ressurreicao-da-irma-dorothy-stang\/#breadcrumb","itemListElement":[{"@type":"ListItem","position":1,"name":"In\u00edcio","item":"https:\/\/www.oarcanjo.net\/site\/"},{"@type":"ListItem","position":2,"name":"\u201cQuerida Amaz\u00f4nia&#8221;: a ressurrei\u00e7\u00e3o da irm\u00e3 Dorothy Stang"}]},{"@type":"WebSite","@id":"https:\/\/www.oarcanjo.net\/site\/#website","url":"https:\/\/www.oarcanjo.net\/site\/","name":"O Arcanjo no ar","description":"Site da Par\u00f3quia S\u00e3o Miguel Arcanjo (Arquidiocese de SP)","publisher":{"@id":"https:\/\/www.oarcanjo.net\/site\/#organization"},"potentialAction":[{"@type":"SearchAction","target":{"@type":"EntryPoint","urlTemplate":"https:\/\/www.oarcanjo.net\/site\/?s={search_term_string}"},"query-input":{"@type":"PropertyValueSpecification","valueRequired":true,"valueName":"search_term_string"}}],"inLanguage":"pt-BR"},{"@type":"Organization","@id":"https:\/\/www.oarcanjo.net\/site\/#organization","name":"Par\u00f3quia S\u00e3o Miguel Arcanjo","url":"https:\/\/www.oarcanjo.net\/site\/","logo":{"@type":"ImageObject","inLanguage":"pt-BR","@id":"https:\/\/www.oarcanjo.net\/site\/#\/schema\/logo\/image\/","url":"https:\/\/www.oarcanjo.net\/site\/wp-content\/uploads\/LogoOArcanjo.png","contentUrl":"https:\/\/www.oarcanjo.net\/site\/wp-content\/uploads\/LogoOArcanjo.png","width":319,"height":99,"caption":"Par\u00f3quia S\u00e3o Miguel Arcanjo"},"image":{"@id":"https:\/\/www.oarcanjo.net\/site\/#\/schema\/logo\/image\/"},"sameAs":["https:\/\/www.facebook.com\/OArcanjoNoAr\/"]},{"@type":"Person","@id":"https:\/\/www.oarcanjo.net\/site\/#\/schema\/person\/f7024d007863202483a31326673a0838","name":"editor","sameAs":["http:\/\/www.oarcanjo.net"]}]}},"publishpress_future_action":{"enabled":false,"date":"2026-05-09 07:38:04","action":"category","newStatus":"draft","terms":[],"taxonomy":"category"},"publishpress_future_workflow_manual_trigger":{"enabledWorkflows":[]},"_links":{"self":[{"href":"https:\/\/www.oarcanjo.net\/site\/wp-json\/wp\/v2\/posts\/98371"}],"collection":[{"href":"https:\/\/www.oarcanjo.net\/site\/wp-json\/wp\/v2\/posts"}],"about":[{"href":"https:\/\/www.oarcanjo.net\/site\/wp-json\/wp\/v2\/types\/post"}],"author":[{"embeddable":true,"href":"https:\/\/www.oarcanjo.net\/site\/wp-json\/wp\/v2\/users\/5"}],"replies":[{"embeddable":true,"href":"https:\/\/www.oarcanjo.net\/site\/wp-json\/wp\/v2\/comments?post=98371"}],"version-history":[{"count":3,"href":"https:\/\/www.oarcanjo.net\/site\/wp-json\/wp\/v2\/posts\/98371\/revisions"}],"predecessor-version":[{"id":98375,"href":"https:\/\/www.oarcanjo.net\/site\/wp-json\/wp\/v2\/posts\/98371\/revisions\/98375"}],"wp:attachment":[{"href":"https:\/\/www.oarcanjo.net\/site\/wp-json\/wp\/v2\/media?parent=98371"}],"wp:term":[{"taxonomy":"category","embeddable":true,"href":"https:\/\/www.oarcanjo.net\/site\/wp-json\/wp\/v2\/categories?post=98371"},{"taxonomy":"post_tag","embeddable":true,"href":"https:\/\/www.oarcanjo.net\/site\/wp-json\/wp\/v2\/tags?post=98371"}],"curies":[{"name":"wp","href":"https:\/\/api.w.org\/{rel}","templated":true}]}}