
{"id":98392,"date":"2020-02-12T17:48:39","date_gmt":"2020-02-12T20:48:39","guid":{"rendered":"https:\/\/www.oarcanjo.net\/site\/?p=98392"},"modified":"2020-02-12T17:48:39","modified_gmt":"2020-02-12T20:48:39","slug":"15-anos-sem-irma-dorothy","status":"publish","type":"post","link":"https:\/\/www.oarcanjo.net\/site\/15-anos-sem-irma-dorothy\/","title":{"rendered":"15 anos sem irm\u00e3 Dorothy"},"content":{"rendered":"<p><img loading=\"lazy\" decoding=\"async\" width=\"700\" height=\"320\" class=\"alignnone size-full wp-image-58931\" alt=\"\" src=\"https:\/\/www.oarcanjo.net\/site\/wp-content\/uploads\/ir-dorothy-700.jpg\" srcset=\"https:\/\/www.oarcanjo.net\/site\/wp-content\/uploads\/ir-dorothy-700.jpg 700w, https:\/\/www.oarcanjo.net\/site\/wp-content\/uploads\/ir-dorothy-700-300x137.jpg 300w\" sizes=\"(max-width: 700px) 100vw, 700px\" \/><\/p>\n<p><span>No dia de hoje, h\u00e1 15 anos, foi assassinada Ir. Dorothy Stang, da Comiss\u00e3o Pastoral da Terra (CPT) em Anapu, na Prelazia do Xingu, no Par\u00e1. Mission\u00e1ria estadunidense, da Congrega\u00e7\u00e3o das Irm\u00e3s de Notre Dame de Namur, naturalizada brasileira, foi pioneira da Pastoral da Terra, nos anos 1970, dedicada de corpo e alma aos camponeses na luta por um modo de vida em conviv\u00eancia com o bioma amaz\u00f4nico. Por isso foi morta, por contrariar poderosos interesses na devasta\u00e7\u00e3o da floresta e expuls\u00e3o de suas gentes tradicionais.<\/span><\/p>\n<p><span>Desde ent\u00e3o, ainda que estejam presos mandante e executor do crime, a situa\u00e7\u00e3o na regi\u00e3o, como de resto em todo o campo brasileiro, muito se agravou. Fazer mem\u00f3ria de Dorothy e sua luta s\u00f3 \u00e9 poss\u00edvel denunciando esta situa\u00e7\u00e3o e retomando seu ideal de vida e miss\u00e3o. <\/span><\/p>\n<p><span>De 2015 a 2019, foram registrados 19 assassinatos em Anapu, sete apenas no ano de 2015, em conflitos nas terras sem lei do munic\u00edpio de Anapu-PA, v\u00edtimas da sanha devastadora do Capital e da omiss\u00e3o do Estado. O acervo da CPT cont\u00e9m dezenas de documentos, c\u00f3pias de den\u00fancias encaminhadas aos \u00f3rg\u00e3os p\u00fablicos pelos camponeses e suas organiza\u00e7\u00f5es, nesses 15 anos, de viol\u00eancias sofridas a mando de grileiros.<\/span><\/p>\n<p><span>A partir dos anos 1980, o Instituto Nacional de Coloniza\u00e7\u00e3o e Reforma Agr\u00e1ria (INCRA) tinha uma s\u00e9rie de atribui\u00e7\u00f5es e desafios que dependiam da vontade pol\u00edtica dos governantes e de que quem estava \u00e0 frente do \u00f3rg\u00e3o para resolver os lit\u00edgios existentes. Ref\u00e9m de retrocessos legislativos no Congresso, hegemonizado pela bancada ruralista, sem or\u00e7amento suficiente, o INCRA arrastou, por anos, processos capazes de resolver as tens\u00f5es que resultaram nas mortes de camponeses em Anapu e outros munic\u00edpios da regi\u00e3o. O \u00f3rg\u00e3o n\u00e3o recuperou as terras da Uni\u00e3o alienadas a terceiros nos anos 1970-1980, via Contratos de Aliena\u00e7\u00e3o de Terras P\u00fablicas (CATPs) descumpridos, para destin\u00e1-las \u00e0 Reforma Agr\u00e1ria; n\u00e3o superou os empecilhos para a desapropria\u00e7\u00e3o de lotes nas Glebas Bacaj\u00e1 e Belo Monte, deixando acontecer a lei do mais forte. Assim, fica impedida a viabilidade dos Projetos de Desenvolvimento Sustent\u00e1vel idealizados por Dorothy e seus companheiros, que combinavam agricultura familiar com preserva\u00e7\u00e3o ambiental. Trata-se de estrat\u00e9gia decisiva para salvar a floresta e sua gente que a salva.<\/span><\/p>\n<p><span>Estrat\u00e9gia ainda mais prejudicada hoje, com as pol\u00edticas do atual governo federal, ap\u00e1trida e entreguista, de abertura da Amaz\u00f4nia \u00e0 explora\u00e7\u00e3o sem freios das riquezas da floresta, inclusive em terras ind\u00edgenas. O INCRA entregue \u00e0 famigerada Uni\u00e3o Democr\u00e1tica Ruralista (UDR) significa o fim de qualquer programa vi\u00e1vel de reforma agr\u00e1ria, como sonhava Dorothy.<\/span><\/p>\n<p><span>N\u00e3o \u00e9 outra raz\u00e3o para que o Papa Francisco tenha escolhido o dia de hoje para lan\u00e7ar a sua <a href=\"https:\/\/www.oarcanjo.net\/site\/querida-amazonia-a-exortacao-do-papa-por-uma-igreja-com-rosto-amazonico\/\">Exorta\u00e7\u00e3o Apost\u00f3lica \u201cQuerida Amaz\u00f4nia\u201d<\/a> com as decis\u00f5es pastorais do S\u00ednodo da Amaz\u00f4nia, ocorrido em outubro de 2019, no Vaticano. O exemplo de Dorothy nos comove e nos incita \u00e0 continuidade de sua luta, como tem feito o Pe. Amaro Lopes, seu sucessor, perseguido e acusado injustamente. Dizia Ir. Dorothy pouco antes de ser assassinada: \u201cN\u00e3o vou fugir nem abandonar a luta desses agricultores que est\u00e3o desprotegidos no meio da floresta. Eles t\u00eam o sagrado direito a uma vida melhor numa terra onde possam viver e produzir com dignidade sem devastar\u201d. Sejamos fiel a ela, como ela foi no Caminho de Jesus.<\/span><\/p>\n<p><span>Ir. Dorothy Presente! Presente! Presente!<\/span><\/p>\n<p><span>Goi\u00e2nia, 12 de fevereiro de 2020.<br \/>\nDiretoria e Coordena\u00e7\u00e3o da CPT<\/span><\/p>\n<div id=\"themify_builder_content-98392\" data-postid=\"98392\" class=\"themify_builder_content themify_builder_content-98392 themify_builder themify_builder_front\">\n\t<\/div>\n<!-- \/themify_builder_content -->","protected":false},"excerpt":{"rendered":"<p>Nota da Comiss\u00e3o Pastoral da Terra sobre os 15 anos da morte de Ir. Dorothy<\/p>\n","protected":false},"author":5,"featured_media":0,"comment_status":"open","ping_status":"open","sticky":false,"template":"","format":"standard","meta":{"ngg_post_thumbnail":0,"footnotes":""},"categories":[769,8],"tags":[],"yoast_head":"<!-- This site is optimized with the Yoast SEO plugin v23.5 - https:\/\/yoast.com\/wordpress\/plugins\/seo\/ -->\n<title>15 anos sem irm\u00e3 Dorothy - O Arcanjo no ar<\/title>\n<meta name=\"robots\" content=\"index, follow, max-snippet:-1, max-image-preview:large, max-video-preview:-1\" \/>\n<link rel=\"canonical\" href=\"https:\/\/www.oarcanjo.net\/site\/15-anos-sem-irma-dorothy\/\" \/>\n<meta property=\"og:locale\" content=\"pt_BR\" \/>\n<meta property=\"og:type\" content=\"article\" \/>\n<meta property=\"og:title\" content=\"15 anos sem irm\u00e3 Dorothy - O Arcanjo no ar\" \/>\n<meta property=\"og:description\" content=\"Nota da Comiss\u00e3o Pastoral da Terra sobre os 15 anos da morte de Ir. Dorothy\" \/>\n<meta property=\"og:url\" content=\"https:\/\/www.oarcanjo.net\/site\/15-anos-sem-irma-dorothy\/\" \/>\n<meta property=\"og:site_name\" content=\"O Arcanjo no ar\" \/>\n<meta property=\"article:publisher\" content=\"https:\/\/www.facebook.com\/OArcanjoNoAr\/\" \/>\n<meta property=\"article:published_time\" content=\"2020-02-12T20:48:39+00:00\" \/>\n<meta property=\"og:image\" content=\"https:\/\/www.oarcanjo.net\/site\/wp-content\/uploads\/ir-dorothy-700.jpg\" \/>\n<meta name=\"author\" content=\"editor\" \/>\n<meta name=\"twitter:card\" content=\"summary_large_image\" \/>\n<meta name=\"twitter:label1\" content=\"Escrito por\" \/>\n\t<meta name=\"twitter:data1\" content=\"editor\" \/>\n\t<meta name=\"twitter:label2\" content=\"Est. tempo de leitura\" \/>\n\t<meta name=\"twitter:data2\" content=\"3 minutos\" \/>\n<script type=\"application\/ld+json\" class=\"yoast-schema-graph\">{\"@context\":\"https:\/\/schema.org\",\"@graph\":[{\"@type\":\"Article\",\"@id\":\"https:\/\/www.oarcanjo.net\/site\/15-anos-sem-irma-dorothy\/#article\",\"isPartOf\":{\"@id\":\"https:\/\/www.oarcanjo.net\/site\/15-anos-sem-irma-dorothy\/\"},\"author\":{\"name\":\"editor\",\"@id\":\"https:\/\/www.oarcanjo.net\/site\/#\/schema\/person\/f7024d007863202483a31326673a0838\"},\"headline\":\"15 anos sem irm\u00e3 Dorothy\",\"datePublished\":\"2020-02-12T20:48:39+00:00\",\"dateModified\":\"2020-02-12T20:48:39+00:00\",\"mainEntityOfPage\":{\"@id\":\"https:\/\/www.oarcanjo.net\/site\/15-anos-sem-irma-dorothy\/\"},\"wordCount\":614,\"commentCount\":0,\"publisher\":{\"@id\":\"https:\/\/www.oarcanjo.net\/site\/#organization\"},\"image\":{\"@id\":\"https:\/\/www.oarcanjo.net\/site\/15-anos-sem-irma-dorothy\/#primaryimage\"},\"thumbnailUrl\":\"https:\/\/www.oarcanjo.net\/site\/wp-content\/uploads\/ir-dorothy-700.jpg\",\"articleSection\":[\"Ir. Dorothy Stang\",\"Not\u00edcias\"],\"inLanguage\":\"pt-BR\",\"potentialAction\":[{\"@type\":\"CommentAction\",\"name\":\"Comment\",\"target\":[\"https:\/\/www.oarcanjo.net\/site\/15-anos-sem-irma-dorothy\/#respond\"]}]},{\"@type\":\"WebPage\",\"@id\":\"https:\/\/www.oarcanjo.net\/site\/15-anos-sem-irma-dorothy\/\",\"url\":\"https:\/\/www.oarcanjo.net\/site\/15-anos-sem-irma-dorothy\/\",\"name\":\"15 anos sem irm\u00e3 Dorothy - O Arcanjo no ar\",\"isPartOf\":{\"@id\":\"https:\/\/www.oarcanjo.net\/site\/#website\"},\"primaryImageOfPage\":{\"@id\":\"https:\/\/www.oarcanjo.net\/site\/15-anos-sem-irma-dorothy\/#primaryimage\"},\"image\":{\"@id\":\"https:\/\/www.oarcanjo.net\/site\/15-anos-sem-irma-dorothy\/#primaryimage\"},\"thumbnailUrl\":\"https:\/\/www.oarcanjo.net\/site\/wp-content\/uploads\/ir-dorothy-700.jpg\",\"datePublished\":\"2020-02-12T20:48:39+00:00\",\"dateModified\":\"2020-02-12T20:48:39+00:00\",\"breadcrumb\":{\"@id\":\"https:\/\/www.oarcanjo.net\/site\/15-anos-sem-irma-dorothy\/#breadcrumb\"},\"inLanguage\":\"pt-BR\",\"potentialAction\":[{\"@type\":\"ReadAction\",\"target\":[\"https:\/\/www.oarcanjo.net\/site\/15-anos-sem-irma-dorothy\/\"]}]},{\"@type\":\"ImageObject\",\"inLanguage\":\"pt-BR\",\"@id\":\"https:\/\/www.oarcanjo.net\/site\/15-anos-sem-irma-dorothy\/#primaryimage\",\"url\":\"https:\/\/www.oarcanjo.net\/site\/wp-content\/uploads\/ir-dorothy-700.jpg\",\"contentUrl\":\"https:\/\/www.oarcanjo.net\/site\/wp-content\/uploads\/ir-dorothy-700.jpg\",\"width\":700,\"height\":320},{\"@type\":\"BreadcrumbList\",\"@id\":\"https:\/\/www.oarcanjo.net\/site\/15-anos-sem-irma-dorothy\/#breadcrumb\",\"itemListElement\":[{\"@type\":\"ListItem\",\"position\":1,\"name\":\"In\u00edcio\",\"item\":\"https:\/\/www.oarcanjo.net\/site\/\"},{\"@type\":\"ListItem\",\"position\":2,\"name\":\"15 anos sem irm\u00e3 Dorothy\"}]},{\"@type\":\"WebSite\",\"@id\":\"https:\/\/www.oarcanjo.net\/site\/#website\",\"url\":\"https:\/\/www.oarcanjo.net\/site\/\",\"name\":\"O Arcanjo no ar\",\"description\":\"Site da Par\u00f3quia S\u00e3o Miguel Arcanjo (Arquidiocese de SP)\",\"publisher\":{\"@id\":\"https:\/\/www.oarcanjo.net\/site\/#organization\"},\"potentialAction\":[{\"@type\":\"SearchAction\",\"target\":{\"@type\":\"EntryPoint\",\"urlTemplate\":\"https:\/\/www.oarcanjo.net\/site\/?s={search_term_string}\"},\"query-input\":{\"@type\":\"PropertyValueSpecification\",\"valueRequired\":true,\"valueName\":\"search_term_string\"}}],\"inLanguage\":\"pt-BR\"},{\"@type\":\"Organization\",\"@id\":\"https:\/\/www.oarcanjo.net\/site\/#organization\",\"name\":\"Par\u00f3quia S\u00e3o Miguel Arcanjo\",\"url\":\"https:\/\/www.oarcanjo.net\/site\/\",\"logo\":{\"@type\":\"ImageObject\",\"inLanguage\":\"pt-BR\",\"@id\":\"https:\/\/www.oarcanjo.net\/site\/#\/schema\/logo\/image\/\",\"url\":\"https:\/\/www.oarcanjo.net\/site\/wp-content\/uploads\/LogoOArcanjo.png\",\"contentUrl\":\"https:\/\/www.oarcanjo.net\/site\/wp-content\/uploads\/LogoOArcanjo.png\",\"width\":319,\"height\":99,\"caption\":\"Par\u00f3quia S\u00e3o Miguel Arcanjo\"},\"image\":{\"@id\":\"https:\/\/www.oarcanjo.net\/site\/#\/schema\/logo\/image\/\"},\"sameAs\":[\"https:\/\/www.facebook.com\/OArcanjoNoAr\/\"]},{\"@type\":\"Person\",\"@id\":\"https:\/\/www.oarcanjo.net\/site\/#\/schema\/person\/f7024d007863202483a31326673a0838\",\"name\":\"editor\",\"sameAs\":[\"http:\/\/www.oarcanjo.net\"]}]}<\/script>\n<!-- \/ Yoast SEO plugin. -->","yoast_head_json":{"title":"15 anos sem irm\u00e3 Dorothy - O Arcanjo no ar","robots":{"index":"index","follow":"follow","max-snippet":"max-snippet:-1","max-image-preview":"max-image-preview:large","max-video-preview":"max-video-preview:-1"},"canonical":"https:\/\/www.oarcanjo.net\/site\/15-anos-sem-irma-dorothy\/","og_locale":"pt_BR","og_type":"article","og_title":"15 anos sem irm\u00e3 Dorothy - O Arcanjo no ar","og_description":"Nota da Comiss\u00e3o Pastoral da Terra sobre os 15 anos da morte de Ir. Dorothy","og_url":"https:\/\/www.oarcanjo.net\/site\/15-anos-sem-irma-dorothy\/","og_site_name":"O Arcanjo no ar","article_publisher":"https:\/\/www.facebook.com\/OArcanjoNoAr\/","article_published_time":"2020-02-12T20:48:39+00:00","og_image":[{"url":"https:\/\/www.oarcanjo.net\/site\/wp-content\/uploads\/ir-dorothy-700.jpg"}],"author":"editor","twitter_card":"summary_large_image","twitter_misc":{"Escrito por":"editor","Est. tempo de leitura":"3 minutos"},"schema":{"@context":"https:\/\/schema.org","@graph":[{"@type":"Article","@id":"https:\/\/www.oarcanjo.net\/site\/15-anos-sem-irma-dorothy\/#article","isPartOf":{"@id":"https:\/\/www.oarcanjo.net\/site\/15-anos-sem-irma-dorothy\/"},"author":{"name":"editor","@id":"https:\/\/www.oarcanjo.net\/site\/#\/schema\/person\/f7024d007863202483a31326673a0838"},"headline":"15 anos sem irm\u00e3 Dorothy","datePublished":"2020-02-12T20:48:39+00:00","dateModified":"2020-02-12T20:48:39+00:00","mainEntityOfPage":{"@id":"https:\/\/www.oarcanjo.net\/site\/15-anos-sem-irma-dorothy\/"},"wordCount":614,"commentCount":0,"publisher":{"@id":"https:\/\/www.oarcanjo.net\/site\/#organization"},"image":{"@id":"https:\/\/www.oarcanjo.net\/site\/15-anos-sem-irma-dorothy\/#primaryimage"},"thumbnailUrl":"https:\/\/www.oarcanjo.net\/site\/wp-content\/uploads\/ir-dorothy-700.jpg","articleSection":["Ir. Dorothy Stang","Not\u00edcias"],"inLanguage":"pt-BR","potentialAction":[{"@type":"CommentAction","name":"Comment","target":["https:\/\/www.oarcanjo.net\/site\/15-anos-sem-irma-dorothy\/#respond"]}]},{"@type":"WebPage","@id":"https:\/\/www.oarcanjo.net\/site\/15-anos-sem-irma-dorothy\/","url":"https:\/\/www.oarcanjo.net\/site\/15-anos-sem-irma-dorothy\/","name":"15 anos sem irm\u00e3 Dorothy - O Arcanjo no ar","isPartOf":{"@id":"https:\/\/www.oarcanjo.net\/site\/#website"},"primaryImageOfPage":{"@id":"https:\/\/www.oarcanjo.net\/site\/15-anos-sem-irma-dorothy\/#primaryimage"},"image":{"@id":"https:\/\/www.oarcanjo.net\/site\/15-anos-sem-irma-dorothy\/#primaryimage"},"thumbnailUrl":"https:\/\/www.oarcanjo.net\/site\/wp-content\/uploads\/ir-dorothy-700.jpg","datePublished":"2020-02-12T20:48:39+00:00","dateModified":"2020-02-12T20:48:39+00:00","breadcrumb":{"@id":"https:\/\/www.oarcanjo.net\/site\/15-anos-sem-irma-dorothy\/#breadcrumb"},"inLanguage":"pt-BR","potentialAction":[{"@type":"ReadAction","target":["https:\/\/www.oarcanjo.net\/site\/15-anos-sem-irma-dorothy\/"]}]},{"@type":"ImageObject","inLanguage":"pt-BR","@id":"https:\/\/www.oarcanjo.net\/site\/15-anos-sem-irma-dorothy\/#primaryimage","url":"https:\/\/www.oarcanjo.net\/site\/wp-content\/uploads\/ir-dorothy-700.jpg","contentUrl":"https:\/\/www.oarcanjo.net\/site\/wp-content\/uploads\/ir-dorothy-700.jpg","width":700,"height":320},{"@type":"BreadcrumbList","@id":"https:\/\/www.oarcanjo.net\/site\/15-anos-sem-irma-dorothy\/#breadcrumb","itemListElement":[{"@type":"ListItem","position":1,"name":"In\u00edcio","item":"https:\/\/www.oarcanjo.net\/site\/"},{"@type":"ListItem","position":2,"name":"15 anos sem irm\u00e3 Dorothy"}]},{"@type":"WebSite","@id":"https:\/\/www.oarcanjo.net\/site\/#website","url":"https:\/\/www.oarcanjo.net\/site\/","name":"O Arcanjo no ar","description":"Site da Par\u00f3quia S\u00e3o Miguel Arcanjo (Arquidiocese de SP)","publisher":{"@id":"https:\/\/www.oarcanjo.net\/site\/#organization"},"potentialAction":[{"@type":"SearchAction","target":{"@type":"EntryPoint","urlTemplate":"https:\/\/www.oarcanjo.net\/site\/?s={search_term_string}"},"query-input":{"@type":"PropertyValueSpecification","valueRequired":true,"valueName":"search_term_string"}}],"inLanguage":"pt-BR"},{"@type":"Organization","@id":"https:\/\/www.oarcanjo.net\/site\/#organization","name":"Par\u00f3quia S\u00e3o Miguel Arcanjo","url":"https:\/\/www.oarcanjo.net\/site\/","logo":{"@type":"ImageObject","inLanguage":"pt-BR","@id":"https:\/\/www.oarcanjo.net\/site\/#\/schema\/logo\/image\/","url":"https:\/\/www.oarcanjo.net\/site\/wp-content\/uploads\/LogoOArcanjo.png","contentUrl":"https:\/\/www.oarcanjo.net\/site\/wp-content\/uploads\/LogoOArcanjo.png","width":319,"height":99,"caption":"Par\u00f3quia S\u00e3o Miguel Arcanjo"},"image":{"@id":"https:\/\/www.oarcanjo.net\/site\/#\/schema\/logo\/image\/"},"sameAs":["https:\/\/www.facebook.com\/OArcanjoNoAr\/"]},{"@type":"Person","@id":"https:\/\/www.oarcanjo.net\/site\/#\/schema\/person\/f7024d007863202483a31326673a0838","name":"editor","sameAs":["http:\/\/www.oarcanjo.net"]}]}},"publishpress_future_action":{"enabled":false,"date":"2026-05-07 23:26:42","action":"category","newStatus":"draft","terms":[],"taxonomy":"category"},"publishpress_future_workflow_manual_trigger":{"enabledWorkflows":[]},"_links":{"self":[{"href":"https:\/\/www.oarcanjo.net\/site\/wp-json\/wp\/v2\/posts\/98392"}],"collection":[{"href":"https:\/\/www.oarcanjo.net\/site\/wp-json\/wp\/v2\/posts"}],"about":[{"href":"https:\/\/www.oarcanjo.net\/site\/wp-json\/wp\/v2\/types\/post"}],"author":[{"embeddable":true,"href":"https:\/\/www.oarcanjo.net\/site\/wp-json\/wp\/v2\/users\/5"}],"replies":[{"embeddable":true,"href":"https:\/\/www.oarcanjo.net\/site\/wp-json\/wp\/v2\/comments?post=98392"}],"version-history":[{"count":2,"href":"https:\/\/www.oarcanjo.net\/site\/wp-json\/wp\/v2\/posts\/98392\/revisions"}],"predecessor-version":[{"id":98394,"href":"https:\/\/www.oarcanjo.net\/site\/wp-json\/wp\/v2\/posts\/98392\/revisions\/98394"}],"wp:attachment":[{"href":"https:\/\/www.oarcanjo.net\/site\/wp-json\/wp\/v2\/media?parent=98392"}],"wp:term":[{"taxonomy":"category","embeddable":true,"href":"https:\/\/www.oarcanjo.net\/site\/wp-json\/wp\/v2\/categories?post=98392"},{"taxonomy":"post_tag","embeddable":true,"href":"https:\/\/www.oarcanjo.net\/site\/wp-json\/wp\/v2\/tags?post=98392"}],"curies":[{"name":"wp","href":"https:\/\/api.w.org\/{rel}","templated":true}]}}