
{"id":9847,"date":"2016-06-19T00:18:34","date_gmt":"2016-06-19T03:18:34","guid":{"rendered":"http:\/\/www.oarcanjo.net\/site\/?p=9847"},"modified":"2016-06-10T18:34:17","modified_gmt":"2016-06-10T21:34:17","slug":"santa-juliana-falconieri","status":"publish","type":"post","link":"https:\/\/www.oarcanjo.net\/site\/santa-juliana-falconieri\/","title":{"rendered":"Santa Juliana Falconieri"},"content":{"rendered":"<p><img decoding=\"async\" src=\"http:\/\/images.evangelizo.org\/images\/santibeati\/G\/Santa_Giuliana_Falconieri_Vergine\/Santa_Giuliana_Falconieri_D.jpg\" alt=\"\" \/><\/p>\n<p>19 de Junho<\/p>\n<p>Fundou a Congrega\u00e7\u00e3o Servas de Maria<\/p>\n<p>Juliana nasceu em Floren\u00e7a no ano de 1270. Era filha \u00fanica do j\u00e1 idoso casal Car\u00edssimo e Ricordata, da riqu\u00edssima disnatia dos Falconieri. De grande tradi\u00e7\u00e3o na aristocracia, bem como no clero, a fam\u00edlia contribuiu ao longo do tempo com muitos santos venerados nos altares da Igreja. Ela era sobrinha de santo Aleixo Falconieri, um dos sete fundadores da Ordem dos Servos de Maria, e como ele tamb\u00e9m trilhou o caminho para a santidade.<\/p>\n<p>Ainda crian\u00e7a, vivia com o cora\u00e7\u00e3o dedicado \u00e0s virtudes, longe das ambi\u00e7\u00f5es terrenas e das vaidades. Junto com algumas amigas, em vez das brincadeiras t\u00edpicas da idade, preferia cantar e rezar para o Menino Jesus e a Virgem Maria.<\/p>\n<p>Aos quinze anos de idade, fez voto de castidade, ingressando na Ordem das Servitas, sob a orienta\u00e7\u00e3o de Filipe Ben\u00edcio, hoje santo. Foi seguida por suas amigas aristocratas e, com o apoio de religiosas, passaram a visitar hospitais e a desenvolver dezenas de obras de caridade e assistenciais. Essas jovens se organizaram de tal forma que logo optaram por ter sua pr\u00f3pria institui\u00e7\u00e3o. Com inspira\u00e7\u00e3o em regras escritas por Juliana, fundaram a Congrega\u00e7\u00e3o das Servas de Maria, tamb\u00e9m chamadas de &#8220;Mantellate&#8221;, numa refer\u00eancia ao h\u00e1bito que vestem. Ordem que obteve a aprova\u00e7\u00e3o can\u00f4nica em 1304.<\/p>\n<p>A dedica\u00e7\u00e3o de Juliana foi t\u00e3o radical ao trabalho junto aos pobres e doente, \u00e0s ora\u00e7\u00f5es contemplativas e \u00e0s severas penit\u00eancias que acabou por adoecer. Mesmo assim, continuou dormindo no ch\u00e3o e fazendo os jejuns a que se tinha proposto. Por isso os problemas estomacais surgiram, passaram a ser freq\u00fcentes e depois se tornaram cr\u00f4nicos, padecendo de fortes dores.<\/p>\n<p>Apesar disso, n\u00e3o diminuiu as penit\u00eancias, nem mesmo o trabalho com seus pobres e doentes abandonados. Aos setenta anos, o problema g\u00e1strico era t\u00e3o grave que n\u00e3o conseguia manter nenhum alimento no est\u00f4mago. Nem mesmo a h\u00f3stia.<\/p>\n<p>No dia 10 de junho de 1341, poucos momentos antes de morrer, Juliana pediu ao sacerdote que colocasse uma h\u00f3stia sobre seu peito e, pronunciando as palavras: &#8220;Meu doce Jesus&#8221;, ingressou no Reino de Deus.<\/p>\n<p>Ao prepararem o corpo para ser sepultado, as irm\u00e3s constataram no seu peito uma mancha roxa, como se fosse uma h\u00f3stia impressa na sua carne, tendo no centro a imagem de Jesus crucificado. Em mem\u00f3ria desse milagre, as irm\u00e3s &#8220;Mantellate&#8221; trazem sobre o lado esquerdo do escapul\u00e1rio a imagem de uma h\u00f3stia.<\/p>\n<p>Canonizada em 1737 pelo papa Clemente XII, santa Juliana Falconieri \u00e9 celebrada no dia de sua morte.<\/p>\n<div id=\"themify_builder_content-9847\" data-postid=\"9847\" class=\"themify_builder_content themify_builder_content-9847 themify_builder themify_builder_front\">\n\t<\/div>\n<!-- \/themify_builder_content -->","protected":false},"excerpt":{"rendered":"<p>19 de Junho Fundou a Congrega\u00e7\u00e3o Servas de Maria Juliana nasceu em Floren\u00e7a no ano de 1270. Era filha \u00fanica do j\u00e1 idoso casal Car\u00edssimo e Ricordata, da riqu\u00edssima disnatia dos Falconieri. De grande tradi\u00e7\u00e3o na aristocracia, bem como no clero, a fam\u00edlia contribuiu ao longo do tempo com muitos santos venerados nos altares da [&hellip;]<\/p>\n","protected":false},"author":14,"featured_media":0,"comment_status":"open","ping_status":"open","sticky":false,"template":"","format":"standard","meta":{"ngg_post_thumbnail":0,"footnotes":""},"categories":[186],"tags":[],"yoast_head":"<!-- This site is optimized with the Yoast SEO plugin v23.5 - https:\/\/yoast.com\/wordpress\/plugins\/seo\/ -->\n<title>Santa Juliana Falconieri - O Arcanjo no ar<\/title>\n<meta name=\"robots\" content=\"index, follow, max-snippet:-1, max-image-preview:large, max-video-preview:-1\" \/>\n<link rel=\"canonical\" href=\"https:\/\/www.oarcanjo.net\/site\/santa-juliana-falconieri\/\" \/>\n<meta property=\"og:locale\" content=\"pt_BR\" \/>\n<meta property=\"og:type\" content=\"article\" \/>\n<meta property=\"og:title\" content=\"Santa Juliana Falconieri - O Arcanjo no ar\" \/>\n<meta property=\"og:description\" content=\"19 de Junho Fundou a Congrega\u00e7\u00e3o Servas de Maria Juliana nasceu em Floren\u00e7a no ano de 1270. Era filha \u00fanica do j\u00e1 idoso casal Car\u00edssimo e Ricordata, da riqu\u00edssima disnatia dos Falconieri. De grande tradi\u00e7\u00e3o na aristocracia, bem como no clero, a fam\u00edlia contribuiu ao longo do tempo com muitos santos venerados nos altares da [&hellip;]\" \/>\n<meta property=\"og:url\" content=\"https:\/\/www.oarcanjo.net\/site\/santa-juliana-falconieri\/\" \/>\n<meta property=\"og:site_name\" content=\"O Arcanjo no ar\" \/>\n<meta property=\"article:publisher\" content=\"https:\/\/www.facebook.com\/OArcanjoNoAr\/\" \/>\n<meta property=\"article:published_time\" content=\"2016-06-19T03:18:34+00:00\" \/>\n<meta property=\"article:modified_time\" content=\"2016-06-10T21:34:17+00:00\" \/>\n<meta property=\"og:image\" content=\"http:\/\/images.evangelizo.org\/images\/santibeati\/G\/Santa_Giuliana_Falconieri_Vergine\/Santa_Giuliana_Falconieri_D.jpg\" \/>\n<meta name=\"author\" content=\"danilo\" \/>\n<meta name=\"twitter:card\" content=\"summary_large_image\" \/>\n<meta name=\"twitter:label1\" content=\"Escrito por\" \/>\n\t<meta name=\"twitter:data1\" content=\"danilo\" \/>\n\t<meta name=\"twitter:label2\" content=\"Est. tempo de leitura\" \/>\n\t<meta name=\"twitter:data2\" content=\"2 minutos\" \/>\n<script type=\"application\/ld+json\" class=\"yoast-schema-graph\">{\"@context\":\"https:\/\/schema.org\",\"@graph\":[{\"@type\":\"Article\",\"@id\":\"https:\/\/www.oarcanjo.net\/site\/santa-juliana-falconieri\/#article\",\"isPartOf\":{\"@id\":\"https:\/\/www.oarcanjo.net\/site\/santa-juliana-falconieri\/\"},\"author\":{\"name\":\"danilo\",\"@id\":\"https:\/\/www.oarcanjo.net\/site\/#\/schema\/person\/5eb9480bedd2f3c97e430ce128c29c6c\"},\"headline\":\"Santa Juliana Falconieri\",\"datePublished\":\"2016-06-19T03:18:34+00:00\",\"dateModified\":\"2016-06-10T21:34:17+00:00\",\"mainEntityOfPage\":{\"@id\":\"https:\/\/www.oarcanjo.net\/site\/santa-juliana-falconieri\/\"},\"wordCount\":456,\"commentCount\":0,\"publisher\":{\"@id\":\"https:\/\/www.oarcanjo.net\/site\/#organization\"},\"image\":{\"@id\":\"https:\/\/www.oarcanjo.net\/site\/santa-juliana-falconieri\/#primaryimage\"},\"thumbnailUrl\":\"http:\/\/images.evangelizo.org\/images\/santibeati\/G\/Santa_Giuliana_Falconieri_Vergine\/Santa_Giuliana_Falconieri_D.jpg\",\"articleSection\":[\"Testemunhos\"],\"inLanguage\":\"pt-BR\",\"potentialAction\":[{\"@type\":\"CommentAction\",\"name\":\"Comment\",\"target\":[\"https:\/\/www.oarcanjo.net\/site\/santa-juliana-falconieri\/#respond\"]}]},{\"@type\":\"WebPage\",\"@id\":\"https:\/\/www.oarcanjo.net\/site\/santa-juliana-falconieri\/\",\"url\":\"https:\/\/www.oarcanjo.net\/site\/santa-juliana-falconieri\/\",\"name\":\"Santa Juliana Falconieri - O Arcanjo no ar\",\"isPartOf\":{\"@id\":\"https:\/\/www.oarcanjo.net\/site\/#website\"},\"primaryImageOfPage\":{\"@id\":\"https:\/\/www.oarcanjo.net\/site\/santa-juliana-falconieri\/#primaryimage\"},\"image\":{\"@id\":\"https:\/\/www.oarcanjo.net\/site\/santa-juliana-falconieri\/#primaryimage\"},\"thumbnailUrl\":\"http:\/\/images.evangelizo.org\/images\/santibeati\/G\/Santa_Giuliana_Falconieri_Vergine\/Santa_Giuliana_Falconieri_D.jpg\",\"datePublished\":\"2016-06-19T03:18:34+00:00\",\"dateModified\":\"2016-06-10T21:34:17+00:00\",\"breadcrumb\":{\"@id\":\"https:\/\/www.oarcanjo.net\/site\/santa-juliana-falconieri\/#breadcrumb\"},\"inLanguage\":\"pt-BR\",\"potentialAction\":[{\"@type\":\"ReadAction\",\"target\":[\"https:\/\/www.oarcanjo.net\/site\/santa-juliana-falconieri\/\"]}]},{\"@type\":\"ImageObject\",\"inLanguage\":\"pt-BR\",\"@id\":\"https:\/\/www.oarcanjo.net\/site\/santa-juliana-falconieri\/#primaryimage\",\"url\":\"http:\/\/images.evangelizo.org\/images\/santibeati\/G\/Santa_Giuliana_Falconieri_Vergine\/Santa_Giuliana_Falconieri_D.jpg\",\"contentUrl\":\"http:\/\/images.evangelizo.org\/images\/santibeati\/G\/Santa_Giuliana_Falconieri_Vergine\/Santa_Giuliana_Falconieri_D.jpg\"},{\"@type\":\"BreadcrumbList\",\"@id\":\"https:\/\/www.oarcanjo.net\/site\/santa-juliana-falconieri\/#breadcrumb\",\"itemListElement\":[{\"@type\":\"ListItem\",\"position\":1,\"name\":\"In\u00edcio\",\"item\":\"https:\/\/www.oarcanjo.net\/site\/\"},{\"@type\":\"ListItem\",\"position\":2,\"name\":\"Santa Juliana Falconieri\"}]},{\"@type\":\"WebSite\",\"@id\":\"https:\/\/www.oarcanjo.net\/site\/#website\",\"url\":\"https:\/\/www.oarcanjo.net\/site\/\",\"name\":\"O Arcanjo no ar\",\"description\":\"Site da Par\u00f3quia S\u00e3o Miguel Arcanjo (Arquidiocese de SP)\",\"publisher\":{\"@id\":\"https:\/\/www.oarcanjo.net\/site\/#organization\"},\"potentialAction\":[{\"@type\":\"SearchAction\",\"target\":{\"@type\":\"EntryPoint\",\"urlTemplate\":\"https:\/\/www.oarcanjo.net\/site\/?s={search_term_string}\"},\"query-input\":{\"@type\":\"PropertyValueSpecification\",\"valueRequired\":true,\"valueName\":\"search_term_string\"}}],\"inLanguage\":\"pt-BR\"},{\"@type\":\"Organization\",\"@id\":\"https:\/\/www.oarcanjo.net\/site\/#organization\",\"name\":\"Par\u00f3quia S\u00e3o Miguel Arcanjo\",\"url\":\"https:\/\/www.oarcanjo.net\/site\/\",\"logo\":{\"@type\":\"ImageObject\",\"inLanguage\":\"pt-BR\",\"@id\":\"https:\/\/www.oarcanjo.net\/site\/#\/schema\/logo\/image\/\",\"url\":\"https:\/\/www.oarcanjo.net\/site\/wp-content\/uploads\/LogoOArcanjo.png\",\"contentUrl\":\"https:\/\/www.oarcanjo.net\/site\/wp-content\/uploads\/LogoOArcanjo.png\",\"width\":319,\"height\":99,\"caption\":\"Par\u00f3quia S\u00e3o Miguel Arcanjo\"},\"image\":{\"@id\":\"https:\/\/www.oarcanjo.net\/site\/#\/schema\/logo\/image\/\"},\"sameAs\":[\"https:\/\/www.facebook.com\/OArcanjoNoAr\/\"]},{\"@type\":\"Person\",\"@id\":\"https:\/\/www.oarcanjo.net\/site\/#\/schema\/person\/5eb9480bedd2f3c97e430ce128c29c6c\",\"name\":\"danilo\"}]}<\/script>\n<!-- \/ Yoast SEO plugin. -->","yoast_head_json":{"title":"Santa Juliana Falconieri - O Arcanjo no ar","robots":{"index":"index","follow":"follow","max-snippet":"max-snippet:-1","max-image-preview":"max-image-preview:large","max-video-preview":"max-video-preview:-1"},"canonical":"https:\/\/www.oarcanjo.net\/site\/santa-juliana-falconieri\/","og_locale":"pt_BR","og_type":"article","og_title":"Santa Juliana Falconieri - O Arcanjo no ar","og_description":"19 de Junho Fundou a Congrega\u00e7\u00e3o Servas de Maria Juliana nasceu em Floren\u00e7a no ano de 1270. Era filha \u00fanica do j\u00e1 idoso casal Car\u00edssimo e Ricordata, da riqu\u00edssima disnatia dos Falconieri. De grande tradi\u00e7\u00e3o na aristocracia, bem como no clero, a fam\u00edlia contribuiu ao longo do tempo com muitos santos venerados nos altares da [&hellip;]","og_url":"https:\/\/www.oarcanjo.net\/site\/santa-juliana-falconieri\/","og_site_name":"O Arcanjo no ar","article_publisher":"https:\/\/www.facebook.com\/OArcanjoNoAr\/","article_published_time":"2016-06-19T03:18:34+00:00","article_modified_time":"2016-06-10T21:34:17+00:00","og_image":[{"url":"http:\/\/images.evangelizo.org\/images\/santibeati\/G\/Santa_Giuliana_Falconieri_Vergine\/Santa_Giuliana_Falconieri_D.jpg"}],"author":"danilo","twitter_card":"summary_large_image","twitter_misc":{"Escrito por":"danilo","Est. tempo de leitura":"2 minutos"},"schema":{"@context":"https:\/\/schema.org","@graph":[{"@type":"Article","@id":"https:\/\/www.oarcanjo.net\/site\/santa-juliana-falconieri\/#article","isPartOf":{"@id":"https:\/\/www.oarcanjo.net\/site\/santa-juliana-falconieri\/"},"author":{"name":"danilo","@id":"https:\/\/www.oarcanjo.net\/site\/#\/schema\/person\/5eb9480bedd2f3c97e430ce128c29c6c"},"headline":"Santa Juliana Falconieri","datePublished":"2016-06-19T03:18:34+00:00","dateModified":"2016-06-10T21:34:17+00:00","mainEntityOfPage":{"@id":"https:\/\/www.oarcanjo.net\/site\/santa-juliana-falconieri\/"},"wordCount":456,"commentCount":0,"publisher":{"@id":"https:\/\/www.oarcanjo.net\/site\/#organization"},"image":{"@id":"https:\/\/www.oarcanjo.net\/site\/santa-juliana-falconieri\/#primaryimage"},"thumbnailUrl":"http:\/\/images.evangelizo.org\/images\/santibeati\/G\/Santa_Giuliana_Falconieri_Vergine\/Santa_Giuliana_Falconieri_D.jpg","articleSection":["Testemunhos"],"inLanguage":"pt-BR","potentialAction":[{"@type":"CommentAction","name":"Comment","target":["https:\/\/www.oarcanjo.net\/site\/santa-juliana-falconieri\/#respond"]}]},{"@type":"WebPage","@id":"https:\/\/www.oarcanjo.net\/site\/santa-juliana-falconieri\/","url":"https:\/\/www.oarcanjo.net\/site\/santa-juliana-falconieri\/","name":"Santa Juliana Falconieri - O Arcanjo no ar","isPartOf":{"@id":"https:\/\/www.oarcanjo.net\/site\/#website"},"primaryImageOfPage":{"@id":"https:\/\/www.oarcanjo.net\/site\/santa-juliana-falconieri\/#primaryimage"},"image":{"@id":"https:\/\/www.oarcanjo.net\/site\/santa-juliana-falconieri\/#primaryimage"},"thumbnailUrl":"http:\/\/images.evangelizo.org\/images\/santibeati\/G\/Santa_Giuliana_Falconieri_Vergine\/Santa_Giuliana_Falconieri_D.jpg","datePublished":"2016-06-19T03:18:34+00:00","dateModified":"2016-06-10T21:34:17+00:00","breadcrumb":{"@id":"https:\/\/www.oarcanjo.net\/site\/santa-juliana-falconieri\/#breadcrumb"},"inLanguage":"pt-BR","potentialAction":[{"@type":"ReadAction","target":["https:\/\/www.oarcanjo.net\/site\/santa-juliana-falconieri\/"]}]},{"@type":"ImageObject","inLanguage":"pt-BR","@id":"https:\/\/www.oarcanjo.net\/site\/santa-juliana-falconieri\/#primaryimage","url":"http:\/\/images.evangelizo.org\/images\/santibeati\/G\/Santa_Giuliana_Falconieri_Vergine\/Santa_Giuliana_Falconieri_D.jpg","contentUrl":"http:\/\/images.evangelizo.org\/images\/santibeati\/G\/Santa_Giuliana_Falconieri_Vergine\/Santa_Giuliana_Falconieri_D.jpg"},{"@type":"BreadcrumbList","@id":"https:\/\/www.oarcanjo.net\/site\/santa-juliana-falconieri\/#breadcrumb","itemListElement":[{"@type":"ListItem","position":1,"name":"In\u00edcio","item":"https:\/\/www.oarcanjo.net\/site\/"},{"@type":"ListItem","position":2,"name":"Santa Juliana Falconieri"}]},{"@type":"WebSite","@id":"https:\/\/www.oarcanjo.net\/site\/#website","url":"https:\/\/www.oarcanjo.net\/site\/","name":"O Arcanjo no ar","description":"Site da Par\u00f3quia S\u00e3o Miguel Arcanjo (Arquidiocese de SP)","publisher":{"@id":"https:\/\/www.oarcanjo.net\/site\/#organization"},"potentialAction":[{"@type":"SearchAction","target":{"@type":"EntryPoint","urlTemplate":"https:\/\/www.oarcanjo.net\/site\/?s={search_term_string}"},"query-input":{"@type":"PropertyValueSpecification","valueRequired":true,"valueName":"search_term_string"}}],"inLanguage":"pt-BR"},{"@type":"Organization","@id":"https:\/\/www.oarcanjo.net\/site\/#organization","name":"Par\u00f3quia S\u00e3o Miguel Arcanjo","url":"https:\/\/www.oarcanjo.net\/site\/","logo":{"@type":"ImageObject","inLanguage":"pt-BR","@id":"https:\/\/www.oarcanjo.net\/site\/#\/schema\/logo\/image\/","url":"https:\/\/www.oarcanjo.net\/site\/wp-content\/uploads\/LogoOArcanjo.png","contentUrl":"https:\/\/www.oarcanjo.net\/site\/wp-content\/uploads\/LogoOArcanjo.png","width":319,"height":99,"caption":"Par\u00f3quia S\u00e3o Miguel Arcanjo"},"image":{"@id":"https:\/\/www.oarcanjo.net\/site\/#\/schema\/logo\/image\/"},"sameAs":["https:\/\/www.facebook.com\/OArcanjoNoAr\/"]},{"@type":"Person","@id":"https:\/\/www.oarcanjo.net\/site\/#\/schema\/person\/5eb9480bedd2f3c97e430ce128c29c6c","name":"danilo"}]}},"publishpress_future_action":{"enabled":false,"date":"2026-05-08 09:15:29","action":"category","newStatus":"draft","terms":[],"taxonomy":"category"},"publishpress_future_workflow_manual_trigger":{"enabledWorkflows":[]},"_links":{"self":[{"href":"https:\/\/www.oarcanjo.net\/site\/wp-json\/wp\/v2\/posts\/9847"}],"collection":[{"href":"https:\/\/www.oarcanjo.net\/site\/wp-json\/wp\/v2\/posts"}],"about":[{"href":"https:\/\/www.oarcanjo.net\/site\/wp-json\/wp\/v2\/types\/post"}],"author":[{"embeddable":true,"href":"https:\/\/www.oarcanjo.net\/site\/wp-json\/wp\/v2\/users\/14"}],"replies":[{"embeddable":true,"href":"https:\/\/www.oarcanjo.net\/site\/wp-json\/wp\/v2\/comments?post=9847"}],"version-history":[{"count":0,"href":"https:\/\/www.oarcanjo.net\/site\/wp-json\/wp\/v2\/posts\/9847\/revisions"}],"wp:attachment":[{"href":"https:\/\/www.oarcanjo.net\/site\/wp-json\/wp\/v2\/media?parent=9847"}],"wp:term":[{"taxonomy":"category","embeddable":true,"href":"https:\/\/www.oarcanjo.net\/site\/wp-json\/wp\/v2\/categories?post=9847"},{"taxonomy":"post_tag","embeddable":true,"href":"https:\/\/www.oarcanjo.net\/site\/wp-json\/wp\/v2\/tags?post=9847"}],"curies":[{"name":"wp","href":"https:\/\/api.w.org\/{rel}","templated":true}]}}