
{"id":9849,"date":"2016-06-19T00:20:37","date_gmt":"2016-06-19T03:20:37","guid":{"rendered":"http:\/\/www.oarcanjo.net\/site\/?p=9849"},"modified":"2016-06-10T18:34:11","modified_gmt":"2016-06-10T21:34:11","slug":"sao-romualdo-2","status":"publish","type":"post","link":"https:\/\/www.oarcanjo.net\/site\/sao-romualdo-2\/","title":{"rendered":"S\u00e3o Romualdo"},"content":{"rendered":"<p><img decoding=\"async\" src=\"http:\/\/www.mosteirodaencarnacao.com.br\/imagens\/saoromualdo.jpg\" alt=\"\" \/><\/p>\n<p>19 de Junho<\/p>\n<p>Fundou a Ordem dos Camaldulenses<\/p>\n<p>Romualdo era descendente dos duques de Orseoli e nasceu em Ravena, na It\u00e1lia, no ano de 956. Sua fam\u00edlia n\u00e3o tinha v\u00ednculo algum com a religi\u00e3o e por isso o rapaz teve uma vida de prazeres e divers\u00f5es irrespons\u00e1veis at\u00e9 os vinte anos. De repente, ao atingir essa idade, tomou conhecimento de como \u00e9 f\u00e1cil desperdi\u00e7ar uma vida por valores sem sentido. Tudo aconteceu por causa de uma luta mortal.<\/p>\n<p>S\u00e9rgio, o pai de Romualdo, travou um duelo com seu melhor amigo e obrigou o filho a assisti-lo. A cena de sangue, da qual seu pai saiu como vencedor e assassino, chocou Romualdo e o fez recolher-se a um convento. Depois de passar algum tempo na Fran\u00e7a, em contato com a espiritualidade da Abadia de Cluny, retornou \u00e0 It\u00e1lia.<\/p>\n<p>Repensou a exist\u00eancia e decidindo-se pela vida mon\u00e1stica, ingressou na Ordem de S\u00e3o Bento. Em pouco tempo, tornou-se um exemplo para todos, mas isso lhe atraiu algumas inimizades. Tanta era sua disciplina, tamanha era sua dedica\u00e7\u00e3o, que passou a sofrer oposi\u00e7\u00e3o de seus irm\u00e3os de ordem.<\/p>\n<p>Deixou o convento, indo viver na companhia de Marinho, um eremita famoso. Aperfei\u00e7oou-se tanto no trabalho espiritual que atraiu v\u00e1rios amigos para a vida religiosa. At\u00e9 o pr\u00f3prio pai acabou se convertendo por causa dele, abandonando tudo para viver na reclus\u00e3o de um mosteiro. Mais tarde, seu pai tamb\u00e9m foi canonizado, sendo celebrado como s\u00e3o Severo.<\/p>\n<p>Romualdo fundou v\u00e1rios conventos, sendo o mais famoso deles o de Campo Maldoli, na Toscana, que acabou dando origem \u00e0 Ordem dos Camaldulenses, criada por ele. Mas sua grande obra foi a reforma da disciplina mon\u00e1stica, que fez os conventos recuperarem os verdadeiros valores crist\u00e3os em sua \u00e9poca.<\/p>\n<p>Introduziu uma nova caracter\u00edstica na vida dos monges, que al\u00e9m da vida contemplativa consistia na participa\u00e7\u00e3o ativa dos problemas do seu tempo, como as miss\u00f5es na Bo\u00eamia e na Pol\u00f4nia, as peregrina\u00e7\u00f5es \u00e0 Terra Santa, a reforma do clero e muitos outros pontos vitais para a Igreja. Em suas peregrina\u00e7\u00f5es espirituais, reformou mosteiros e fundou outros novos em Verghereto, em Lemmo, Roma, Fontebuana, Vallombrosa e em Val de Castro, perto de Fabiano.<\/p>\n<p>Romualdo, pressentindo sua morte, despediu-se dos monges e quis morrer sozinho, o que aconteceu no dia 19 de junho de 1027 no Convento de Val de Castro. Seu t\u00famulo foi local de muitos prod\u00edgios e, quando seu corpo foi exumado, cinco anos depois, foi encontrado incorrupto. Venerado pelos devotos, em 1569 o papa Clemente VIII canonizou-o e indicou o dia do seu tr\u00e2nsito para a festa de S\u00e3o Romualdo, o &#8220;pai dos monges camaldulenses&#8221;.<\/p>\n<h2>O S\u00cdMBOLO DA CONGREGA\u00c7\u00c3O\u00a0 CAMALDOLENSE<\/h2>\n<p>\u00a0<\/p>\n<p><em>Ego vobis vos mihi<\/em><\/p>\n<h1>\u00a0\u00a0\u00a0 Eu Deus para voc\u00eas, voc\u00eas povo para mim<\/h1>\n<p>\u00a0<img loading=\"lazy\" decoding=\"async\" src=\"http:\/\/www.mosteirodaencarnacao.com.br\/imagens\/logo.gif\" border=\"0\" alt=\"\" width=\"176\" height=\"173\" \/><\/p>\n<p>O s\u00edmbolo \u00e9 constitu\u00eddo por duas pombas que bebem do mesmo c\u00e1lice, e embaixo delas est\u00e1 uma pequena faixa com a escrita\u00a0 latina <em>\u201c Ego vobis, vos mihi\u201d.<\/em> Em cima do c\u00e1lice \u00e9 colocada uma estrela.<\/p>\n<p>\u00a0\u00a0\u00a0\u00a0\u00a0\u00a0\u00a0\u00a0\u00a0 O s\u00edmbolo atual tem uma longa hist\u00f3ria antes de chegar a ser utilizado como s\u00edmbolo da comunidade mon\u00e1stica camaldolense e, por isso, guarda em si mesmo v\u00e1rios n\u00edveis de significado.<\/p>\n<p>\u00a0\u00a0\u00a0\u00a0\u00a0\u00a0\u00a0\u00a0 Em \u00e2mbito crist\u00e3o o primeiro testemunho\u00a0 o encontramos no chamado\u201d Mausoleo di Galla Plac\u00eddia\u201d em Ravenna(s\u00e9c.V), antiga cidade romana que guarda profundos influxos gregos na pr\u00f3pria arte.\u00a0 O conjunto\u00a0 das decora\u00e7\u00f5es musivas do Mausoleo, que\u00a0\u00a0\u00a0 se referem\u00a0 \u00e0 vida da comunidade crist\u00e3 atrav\u00e9s de v\u00e1rios s\u00edmbolos e alegorias da natureza (estrelas,aves,animais,flores) e da b\u00edblia, induz a interpretar\u00a0 a cena das duas aves voando para beber \u00e0 fonte de \u00e1gua viva, como\u00a0 s\u00edmbolo dos fi\u00e9is que v\u00e3o beber a \u00e1gua do Esp\u00edrito de Cristo no Batismo.<\/p>\n<p>\u00a0No s\u00e9culo XII os elementos fundamentais deste\u00a0 s\u00edmbolo aparecem no s\u00ealo\u00a0 do Prior de Cam\u00e1ldoli: duas pombas bebendo do c\u00e1lice. Uma primeira refer\u00eancia j\u00e1 encontrava-se num antigo c\u00f3digo da Biblioteca do S.Eremo de Cam\u00e1ldoli, com a figura de dois pav\u00f5es, s\u00edmbolo da eternidade.<\/p>\n<p>\u00a0\u00a0\u00a0\u00a0\u00a0\u00a0\u00a0\u00a0\u00a0\u00a0\u00a0 Pouco mais tarde\u00a0 o s\u00edmbolo aparece em muitos\u00a0 c\u00f3digos\u00a0 e estruturas arquitet\u00f4nicas dos mosteiros e eremit\u00e9rios camaldolenses, enriquecido por outro elemento embaixo do c\u00e1lice: a faixa tendo as palavras b\u00edblicas <em>\u201cEgo vobis, Vos mihi\u201d \u2013 \u201c Eu para voc\u00eas, Voc\u00eas para mim<\/em>\u201d. O texto na realidade \u00e9 o resumo da f\u00f3rmula usada na Escritura (cf Dt 26,16-17),\u00a0 sobretudo\u00a0 pelos profetas Jeremias (cf 30,22; 31,31) e\u00a0 Ezequiel (cf 11,19-20), para exprimir a \u201calian\u00e7a nupcial\u201d entre o Senhor Deus e o povo de Israel, escolhido como sua esposa\u00a0 amada com amor fiel e misericordioso (cf Os 2,1-25):<em> \u201cEu Deus para voc\u00eas, voc\u00eas povo para mim\u201d<\/em><\/p>\n<p>\u00a0O assunto central do texto citado \u00e9\u00a0 o dom da alian\u00e7a que o Senhor guarda al\u00e9m da infidelidade da esposa,\u00a0 e o\u00a0 da intimidade estabelecida por Deus com seu povo.<\/p>\n<p>Os escritores camaldolenses, desde o s\u00e9culo XII, ficam divulgando uma nova\u00a0\u00a0 interpreta\u00e7\u00e3o do mesmo s\u00edmbolo, adaptada\u00a0 \u00e0 vida mon\u00e1stica camaldolense.<\/p>\n<p>1- o monge, a monja, chamado\/a por Deus a segui-lo na vida mon\u00e1stica, recebe o dom e a voca\u00e7\u00e3o\u00a0 \u00e0\u00a0 intimidade do amor com Ele. Este chamado e este dom \u00e9 o\u00a0 pr\u00f3prio cerne e alvo da vida contemplativa crist\u00e3 e mon\u00e1stica. Intimidade a\u00a0 ser\u00a0 guardada\u00a0 e cultivada. O monge\/ a monja com efeito a atinge bebendo cada dia\u00a0 ao c\u00e1lice do Senhor na celebra\u00e7\u00e3o eucar\u00edstica,memorial sacramental da sua P\u00e1scoa, isso \u00e9 do seu amor.<\/p>\n<p>2- a vida mon\u00e1stica camaldolense tem duas formas, relatadas uma \u00e0 outra na comunh\u00e3o da caridade e\u00a0 complementares\u00a0 entre elas na\u00a0 reciprocidade: vida erem\u00edtica na solid\u00e3o do eremit\u00e9rio(para os monges) e vida cenob\u00edtica nos mosteiros. Cada uma, e as duas juntas, recebem a capacidade do amor rec\u00edproco ao beber do amor do Senhor partilhado no c\u00e1lice da Eucaristia. A estrela indica a\u00a0 origem divina deste amor.<\/p>\n<p>Unidade na diversidade. Unit\u00e1ria no objetivo, pluralista nas suas express\u00f5es. Esta \u00e9 a tradi\u00e7\u00e3o\u00a0 mon\u00e1stica camaldolense e o seu dom pelos homens e as mulheres hoje. Dom\u00a0 e\u00a0 desafio.<\/p>\n<p>\u00a0\u00a0\u00a0\u00a0\u00a0\u00a0\u00a0\u00a0 A rec\u00edproca comunh\u00e3o fraterna constitui o testemunho\u00a0 vis\u00edvel da alian\u00e7a do Senhor , profetizada no primeiro testamento e realizada na sua plenitude\u00a0 na morte e ressurrei\u00e7\u00e3o de Jesus.<\/p>\n<p>\u00a0O monge e a monja s\u00e3o chamados a viver\u00a0 em si mesmos este mist\u00e9rio do amor divino pela gra\u00e7a do Senhor\u00a0 e a \u00a0testemunha-lo.<\/p>\n<p>Como nos lembra tamb\u00e9m a recente Confer\u00eancia dos bispos da Am\u00e9rica Latina e do Caribe na Aparecida (2007), \u201ctodo disc\u00edpulo \u00e9 mission\u00e1rio, pois Jesus o faz part\u00edcipe da sua miss\u00e3o, ao mesmo tempo que o vincula a Ele como amigo e irm\u00e3o&#8230;.Cumprir essa miss\u00e3o n\u00e3o \u00e9 tarefa opcional, mas parte integrante da identidade crist\u00e3, porque \u00e9\u00a0 extens\u00e3o testemunhal da voca\u00e7\u00e3o mesma\u201d<\/p>\n<div id=\"themify_builder_content-9849\" data-postid=\"9849\" class=\"themify_builder_content themify_builder_content-9849 themify_builder themify_builder_front\">\n\t<\/div>\n<!-- \/themify_builder_content -->","protected":false},"excerpt":{"rendered":"<p>19 de Junho Fundou a Ordem dos Camaldulenses Romualdo era descendente dos duques de Orseoli e nasceu em Ravena, na It\u00e1lia, no ano de 956. Sua fam\u00edlia n\u00e3o tinha v\u00ednculo algum com a religi\u00e3o e por isso o rapaz teve uma vida de prazeres e divers\u00f5es irrespons\u00e1veis at\u00e9 os vinte anos. De repente, ao atingir [&hellip;]<\/p>\n","protected":false},"author":14,"featured_media":0,"comment_status":"open","ping_status":"open","sticky":false,"template":"","format":"standard","meta":{"ngg_post_thumbnail":0,"footnotes":""},"categories":[186],"tags":[],"yoast_head":"<!-- This site is optimized with the Yoast SEO plugin v23.5 - https:\/\/yoast.com\/wordpress\/plugins\/seo\/ -->\n<title>S\u00e3o Romualdo - O Arcanjo no ar<\/title>\n<meta name=\"robots\" content=\"index, follow, max-snippet:-1, max-image-preview:large, max-video-preview:-1\" \/>\n<link rel=\"canonical\" href=\"https:\/\/www.oarcanjo.net\/site\/sao-romualdo-2\/\" \/>\n<meta property=\"og:locale\" content=\"pt_BR\" \/>\n<meta property=\"og:type\" content=\"article\" \/>\n<meta property=\"og:title\" content=\"S\u00e3o Romualdo - O Arcanjo no ar\" \/>\n<meta property=\"og:description\" content=\"19 de Junho Fundou a Ordem dos Camaldulenses Romualdo era descendente dos duques de Orseoli e nasceu em Ravena, na It\u00e1lia, no ano de 956. Sua fam\u00edlia n\u00e3o tinha v\u00ednculo algum com a religi\u00e3o e por isso o rapaz teve uma vida de prazeres e divers\u00f5es irrespons\u00e1veis at\u00e9 os vinte anos. De repente, ao atingir [&hellip;]\" \/>\n<meta property=\"og:url\" content=\"https:\/\/www.oarcanjo.net\/site\/sao-romualdo-2\/\" \/>\n<meta property=\"og:site_name\" content=\"O Arcanjo no ar\" \/>\n<meta property=\"article:publisher\" content=\"https:\/\/www.facebook.com\/OArcanjoNoAr\/\" \/>\n<meta property=\"article:published_time\" content=\"2016-06-19T03:20:37+00:00\" \/>\n<meta property=\"article:modified_time\" content=\"2016-06-10T21:34:11+00:00\" \/>\n<meta property=\"og:image\" content=\"http:\/\/www.mosteirodaencarnacao.com.br\/imagens\/saoromualdo.jpg\" \/>\n<meta name=\"author\" content=\"danilo\" \/>\n<meta name=\"twitter:card\" content=\"summary_large_image\" \/>\n<meta name=\"twitter:label1\" content=\"Escrito por\" \/>\n\t<meta name=\"twitter:data1\" content=\"danilo\" \/>\n\t<meta name=\"twitter:label2\" content=\"Est. tempo de leitura\" \/>\n\t<meta name=\"twitter:data2\" content=\"6 minutos\" \/>\n<script type=\"application\/ld+json\" class=\"yoast-schema-graph\">{\"@context\":\"https:\/\/schema.org\",\"@graph\":[{\"@type\":\"Article\",\"@id\":\"https:\/\/www.oarcanjo.net\/site\/sao-romualdo-2\/#article\",\"isPartOf\":{\"@id\":\"https:\/\/www.oarcanjo.net\/site\/sao-romualdo-2\/\"},\"author\":{\"name\":\"danilo\",\"@id\":\"https:\/\/www.oarcanjo.net\/site\/#\/schema\/person\/5eb9480bedd2f3c97e430ce128c29c6c\"},\"headline\":\"S\u00e3o Romualdo\",\"datePublished\":\"2016-06-19T03:20:37+00:00\",\"dateModified\":\"2016-06-10T21:34:11+00:00\",\"mainEntityOfPage\":{\"@id\":\"https:\/\/www.oarcanjo.net\/site\/sao-romualdo-2\/\"},\"wordCount\":1196,\"commentCount\":0,\"publisher\":{\"@id\":\"https:\/\/www.oarcanjo.net\/site\/#organization\"},\"image\":{\"@id\":\"https:\/\/www.oarcanjo.net\/site\/sao-romualdo-2\/#primaryimage\"},\"thumbnailUrl\":\"http:\/\/www.mosteirodaencarnacao.com.br\/imagens\/saoromualdo.jpg\",\"articleSection\":[\"Testemunhos\"],\"inLanguage\":\"pt-BR\",\"potentialAction\":[{\"@type\":\"CommentAction\",\"name\":\"Comment\",\"target\":[\"https:\/\/www.oarcanjo.net\/site\/sao-romualdo-2\/#respond\"]}]},{\"@type\":\"WebPage\",\"@id\":\"https:\/\/www.oarcanjo.net\/site\/sao-romualdo-2\/\",\"url\":\"https:\/\/www.oarcanjo.net\/site\/sao-romualdo-2\/\",\"name\":\"S\u00e3o Romualdo - O Arcanjo no ar\",\"isPartOf\":{\"@id\":\"https:\/\/www.oarcanjo.net\/site\/#website\"},\"primaryImageOfPage\":{\"@id\":\"https:\/\/www.oarcanjo.net\/site\/sao-romualdo-2\/#primaryimage\"},\"image\":{\"@id\":\"https:\/\/www.oarcanjo.net\/site\/sao-romualdo-2\/#primaryimage\"},\"thumbnailUrl\":\"http:\/\/www.mosteirodaencarnacao.com.br\/imagens\/saoromualdo.jpg\",\"datePublished\":\"2016-06-19T03:20:37+00:00\",\"dateModified\":\"2016-06-10T21:34:11+00:00\",\"breadcrumb\":{\"@id\":\"https:\/\/www.oarcanjo.net\/site\/sao-romualdo-2\/#breadcrumb\"},\"inLanguage\":\"pt-BR\",\"potentialAction\":[{\"@type\":\"ReadAction\",\"target\":[\"https:\/\/www.oarcanjo.net\/site\/sao-romualdo-2\/\"]}]},{\"@type\":\"ImageObject\",\"inLanguage\":\"pt-BR\",\"@id\":\"https:\/\/www.oarcanjo.net\/site\/sao-romualdo-2\/#primaryimage\",\"url\":\"http:\/\/www.mosteirodaencarnacao.com.br\/imagens\/saoromualdo.jpg\",\"contentUrl\":\"http:\/\/www.mosteirodaencarnacao.com.br\/imagens\/saoromualdo.jpg\"},{\"@type\":\"BreadcrumbList\",\"@id\":\"https:\/\/www.oarcanjo.net\/site\/sao-romualdo-2\/#breadcrumb\",\"itemListElement\":[{\"@type\":\"ListItem\",\"position\":1,\"name\":\"In\u00edcio\",\"item\":\"https:\/\/www.oarcanjo.net\/site\/\"},{\"@type\":\"ListItem\",\"position\":2,\"name\":\"S\u00e3o Romualdo\"}]},{\"@type\":\"WebSite\",\"@id\":\"https:\/\/www.oarcanjo.net\/site\/#website\",\"url\":\"https:\/\/www.oarcanjo.net\/site\/\",\"name\":\"O Arcanjo no ar\",\"description\":\"Site da Par\u00f3quia S\u00e3o Miguel Arcanjo (Arquidiocese de SP)\",\"publisher\":{\"@id\":\"https:\/\/www.oarcanjo.net\/site\/#organization\"},\"potentialAction\":[{\"@type\":\"SearchAction\",\"target\":{\"@type\":\"EntryPoint\",\"urlTemplate\":\"https:\/\/www.oarcanjo.net\/site\/?s={search_term_string}\"},\"query-input\":{\"@type\":\"PropertyValueSpecification\",\"valueRequired\":true,\"valueName\":\"search_term_string\"}}],\"inLanguage\":\"pt-BR\"},{\"@type\":\"Organization\",\"@id\":\"https:\/\/www.oarcanjo.net\/site\/#organization\",\"name\":\"Par\u00f3quia S\u00e3o Miguel Arcanjo\",\"url\":\"https:\/\/www.oarcanjo.net\/site\/\",\"logo\":{\"@type\":\"ImageObject\",\"inLanguage\":\"pt-BR\",\"@id\":\"https:\/\/www.oarcanjo.net\/site\/#\/schema\/logo\/image\/\",\"url\":\"https:\/\/www.oarcanjo.net\/site\/wp-content\/uploads\/LogoOArcanjo.png\",\"contentUrl\":\"https:\/\/www.oarcanjo.net\/site\/wp-content\/uploads\/LogoOArcanjo.png\",\"width\":319,\"height\":99,\"caption\":\"Par\u00f3quia S\u00e3o Miguel Arcanjo\"},\"image\":{\"@id\":\"https:\/\/www.oarcanjo.net\/site\/#\/schema\/logo\/image\/\"},\"sameAs\":[\"https:\/\/www.facebook.com\/OArcanjoNoAr\/\"]},{\"@type\":\"Person\",\"@id\":\"https:\/\/www.oarcanjo.net\/site\/#\/schema\/person\/5eb9480bedd2f3c97e430ce128c29c6c\",\"name\":\"danilo\"}]}<\/script>\n<!-- \/ Yoast SEO plugin. -->","yoast_head_json":{"title":"S\u00e3o Romualdo - O Arcanjo no ar","robots":{"index":"index","follow":"follow","max-snippet":"max-snippet:-1","max-image-preview":"max-image-preview:large","max-video-preview":"max-video-preview:-1"},"canonical":"https:\/\/www.oarcanjo.net\/site\/sao-romualdo-2\/","og_locale":"pt_BR","og_type":"article","og_title":"S\u00e3o Romualdo - O Arcanjo no ar","og_description":"19 de Junho Fundou a Ordem dos Camaldulenses Romualdo era descendente dos duques de Orseoli e nasceu em Ravena, na It\u00e1lia, no ano de 956. Sua fam\u00edlia n\u00e3o tinha v\u00ednculo algum com a religi\u00e3o e por isso o rapaz teve uma vida de prazeres e divers\u00f5es irrespons\u00e1veis at\u00e9 os vinte anos. De repente, ao atingir [&hellip;]","og_url":"https:\/\/www.oarcanjo.net\/site\/sao-romualdo-2\/","og_site_name":"O Arcanjo no ar","article_publisher":"https:\/\/www.facebook.com\/OArcanjoNoAr\/","article_published_time":"2016-06-19T03:20:37+00:00","article_modified_time":"2016-06-10T21:34:11+00:00","og_image":[{"url":"http:\/\/www.mosteirodaencarnacao.com.br\/imagens\/saoromualdo.jpg"}],"author":"danilo","twitter_card":"summary_large_image","twitter_misc":{"Escrito por":"danilo","Est. tempo de leitura":"6 minutos"},"schema":{"@context":"https:\/\/schema.org","@graph":[{"@type":"Article","@id":"https:\/\/www.oarcanjo.net\/site\/sao-romualdo-2\/#article","isPartOf":{"@id":"https:\/\/www.oarcanjo.net\/site\/sao-romualdo-2\/"},"author":{"name":"danilo","@id":"https:\/\/www.oarcanjo.net\/site\/#\/schema\/person\/5eb9480bedd2f3c97e430ce128c29c6c"},"headline":"S\u00e3o Romualdo","datePublished":"2016-06-19T03:20:37+00:00","dateModified":"2016-06-10T21:34:11+00:00","mainEntityOfPage":{"@id":"https:\/\/www.oarcanjo.net\/site\/sao-romualdo-2\/"},"wordCount":1196,"commentCount":0,"publisher":{"@id":"https:\/\/www.oarcanjo.net\/site\/#organization"},"image":{"@id":"https:\/\/www.oarcanjo.net\/site\/sao-romualdo-2\/#primaryimage"},"thumbnailUrl":"http:\/\/www.mosteirodaencarnacao.com.br\/imagens\/saoromualdo.jpg","articleSection":["Testemunhos"],"inLanguage":"pt-BR","potentialAction":[{"@type":"CommentAction","name":"Comment","target":["https:\/\/www.oarcanjo.net\/site\/sao-romualdo-2\/#respond"]}]},{"@type":"WebPage","@id":"https:\/\/www.oarcanjo.net\/site\/sao-romualdo-2\/","url":"https:\/\/www.oarcanjo.net\/site\/sao-romualdo-2\/","name":"S\u00e3o Romualdo - O Arcanjo no ar","isPartOf":{"@id":"https:\/\/www.oarcanjo.net\/site\/#website"},"primaryImageOfPage":{"@id":"https:\/\/www.oarcanjo.net\/site\/sao-romualdo-2\/#primaryimage"},"image":{"@id":"https:\/\/www.oarcanjo.net\/site\/sao-romualdo-2\/#primaryimage"},"thumbnailUrl":"http:\/\/www.mosteirodaencarnacao.com.br\/imagens\/saoromualdo.jpg","datePublished":"2016-06-19T03:20:37+00:00","dateModified":"2016-06-10T21:34:11+00:00","breadcrumb":{"@id":"https:\/\/www.oarcanjo.net\/site\/sao-romualdo-2\/#breadcrumb"},"inLanguage":"pt-BR","potentialAction":[{"@type":"ReadAction","target":["https:\/\/www.oarcanjo.net\/site\/sao-romualdo-2\/"]}]},{"@type":"ImageObject","inLanguage":"pt-BR","@id":"https:\/\/www.oarcanjo.net\/site\/sao-romualdo-2\/#primaryimage","url":"http:\/\/www.mosteirodaencarnacao.com.br\/imagens\/saoromualdo.jpg","contentUrl":"http:\/\/www.mosteirodaencarnacao.com.br\/imagens\/saoromualdo.jpg"},{"@type":"BreadcrumbList","@id":"https:\/\/www.oarcanjo.net\/site\/sao-romualdo-2\/#breadcrumb","itemListElement":[{"@type":"ListItem","position":1,"name":"In\u00edcio","item":"https:\/\/www.oarcanjo.net\/site\/"},{"@type":"ListItem","position":2,"name":"S\u00e3o Romualdo"}]},{"@type":"WebSite","@id":"https:\/\/www.oarcanjo.net\/site\/#website","url":"https:\/\/www.oarcanjo.net\/site\/","name":"O Arcanjo no ar","description":"Site da Par\u00f3quia S\u00e3o Miguel Arcanjo (Arquidiocese de SP)","publisher":{"@id":"https:\/\/www.oarcanjo.net\/site\/#organization"},"potentialAction":[{"@type":"SearchAction","target":{"@type":"EntryPoint","urlTemplate":"https:\/\/www.oarcanjo.net\/site\/?s={search_term_string}"},"query-input":{"@type":"PropertyValueSpecification","valueRequired":true,"valueName":"search_term_string"}}],"inLanguage":"pt-BR"},{"@type":"Organization","@id":"https:\/\/www.oarcanjo.net\/site\/#organization","name":"Par\u00f3quia S\u00e3o Miguel Arcanjo","url":"https:\/\/www.oarcanjo.net\/site\/","logo":{"@type":"ImageObject","inLanguage":"pt-BR","@id":"https:\/\/www.oarcanjo.net\/site\/#\/schema\/logo\/image\/","url":"https:\/\/www.oarcanjo.net\/site\/wp-content\/uploads\/LogoOArcanjo.png","contentUrl":"https:\/\/www.oarcanjo.net\/site\/wp-content\/uploads\/LogoOArcanjo.png","width":319,"height":99,"caption":"Par\u00f3quia S\u00e3o Miguel Arcanjo"},"image":{"@id":"https:\/\/www.oarcanjo.net\/site\/#\/schema\/logo\/image\/"},"sameAs":["https:\/\/www.facebook.com\/OArcanjoNoAr\/"]},{"@type":"Person","@id":"https:\/\/www.oarcanjo.net\/site\/#\/schema\/person\/5eb9480bedd2f3c97e430ce128c29c6c","name":"danilo"}]}},"publishpress_future_action":{"enabled":false,"date":"2026-05-08 07:48:56","action":"category","newStatus":"draft","terms":[],"taxonomy":"category"},"publishpress_future_workflow_manual_trigger":{"enabledWorkflows":[]},"_links":{"self":[{"href":"https:\/\/www.oarcanjo.net\/site\/wp-json\/wp\/v2\/posts\/9849"}],"collection":[{"href":"https:\/\/www.oarcanjo.net\/site\/wp-json\/wp\/v2\/posts"}],"about":[{"href":"https:\/\/www.oarcanjo.net\/site\/wp-json\/wp\/v2\/types\/post"}],"author":[{"embeddable":true,"href":"https:\/\/www.oarcanjo.net\/site\/wp-json\/wp\/v2\/users\/14"}],"replies":[{"embeddable":true,"href":"https:\/\/www.oarcanjo.net\/site\/wp-json\/wp\/v2\/comments?post=9849"}],"version-history":[{"count":0,"href":"https:\/\/www.oarcanjo.net\/site\/wp-json\/wp\/v2\/posts\/9849\/revisions"}],"wp:attachment":[{"href":"https:\/\/www.oarcanjo.net\/site\/wp-json\/wp\/v2\/media?parent=9849"}],"wp:term":[{"taxonomy":"category","embeddable":true,"href":"https:\/\/www.oarcanjo.net\/site\/wp-json\/wp\/v2\/categories?post=9849"},{"taxonomy":"post_tag","embeddable":true,"href":"https:\/\/www.oarcanjo.net\/site\/wp-json\/wp\/v2\/tags?post=9849"}],"curies":[{"name":"wp","href":"https:\/\/api.w.org\/{rel}","templated":true}]}}