
{"id":985,"date":"2008-12-20T08:00:42","date_gmt":"2008-12-20T11:00:42","guid":{"rendered":"http:\/\/www.oarcanjo.net\/site\/?p=985"},"modified":"2008-12-20T00:10:34","modified_gmt":"2008-12-20T02:10:34","slug":"missa-do-galo","status":"publish","type":"post","link":"https:\/\/www.oarcanjo.net\/site\/missa-do-galo\/","title":{"rendered":"Missa do Galo"},"content":{"rendered":"<p><em>Frei Betto<\/em><\/p>\n<p>Natal \u00e9 festa poliss\u00eamica. De certo modo, desconfort\u00e1vel. Para os crist\u00e3os, comemora\u00e7\u00e3o do nascimento de Jesus, Deus feito homem. Para a ind\u00fastria e o com\u00e9rcio, ocasi\u00e3o de promissoras vendas. Para uns tantos, minif\u00e9rias de fim de ano. Para o peru, dia de finados.<\/p>\n<p>O desconforto resulta da obrigatoriedade de dar presentes a quem n\u00e3o amamos, mal conhecemos ou fingimos amizade. Transferido o pres\u00e9pio de Bel\u00e9m para o balc\u00e3o das lojas, substitu\u00eddo Jesus por Papai Noel, a festa perde progressivamente o car\u00e1ter religioso. O Menino da manjedoura, que evoca o sentido da exist\u00eancia, cede lugar ao velho barbudo e barrigudo, s\u00edmbolo do fetiche da mercadoria.<\/p>\n<p>O olhar desavisado diria que o consumismo hedonista despe-nos da religiosidade. A Missa do Galo, outrora \u00e0 meia-noite de 24 de dezembro, reduz-se ao galeto das celebra\u00e7\u00f5es, \u00e0s oito ou nove da noite, antecipando-se \u00e0 madrugada na qual impera a viol\u00eancia urbana. O apetite da ceia e a curiosidade em abrir presentes falam mais alto que bons e velhos costumes: ora\u00e7\u00e3o em fam\u00edlia, c\u00e2nticos lit\u00fargicos, narrativas b\u00edblicas, mem\u00f3ria dos eventos paradigm\u00e1ticos de Bel\u00e9m da Jud\u00e9ia.<\/p>\n<p>Uma atualiza\u00e7\u00e3o dos eventos b\u00edblicos permite-nos imaginar, a partir do contexto brasileiro, o leitor do Di\u00e1rio de Bel\u00e9m, edi\u00e7\u00e3o de 26 de dezembro de 1, frente \u00e0 seguinte not\u00edcia: &#8220;Fam\u00edlia de sem-terra ocupou ontem a fazenda Estrela de Davi, em cujo pasto uma tal Maria, esposa do carpinteiro Jos\u00e9, deu \u00e0 luz o filho Jesus. A pol\u00edcia de Herodes est\u00e1 no encal\u00e7o dos sem-terra, que se encontram foragidos.&#8221;<\/p>\n<p>A abstra\u00e7\u00e3o da linguagem, contudo, faz do pseudolirismo natalino o inverso do fato hist\u00f3rico. O Verbo encarnado perde contund\u00eancia e cede lugar ao pres\u00e9pio descontextualizado, mero adorno \u00e0 festa papaino\u00e9lica.<\/p>\n<p>Vivemos hoje assolados por fortes ventos esot\u00e9ricos, nessa \u00e9poca epif\u00e2nica em que religi\u00f5es tendem a ocupar o lugar deixado pelas ideologias messi\u00e2nicas. Assistimos \u00e0 crise das Igrejas tradicionais, encerradas num mon\u00f3logo inintelig\u00edvel para o contexto de pluralismo e toler\u00e2ncia com o diferente. A perplexidade assemelha-se \u00e0 da professora de piano cl\u00e1ssico que v\u00ea seus alunos aplaudirem os metaleiros.<\/p>\n<p>Proliferam novas modalidades de aspirar ao Transcendente, da aer\u00f3bica lit\u00fargica \u00e0s medita\u00e7\u00f5es orientais. Nunca houve, na express\u00e3o de Rimbaud, tanta &#8220;gula de Deus&#8221;. I Ching, astrologia, b\u00fazios, tar\u00f4 etc., s\u00e3o vias pelas quais se tenta encontrar seguran\u00e7a diante do futuro imprevis\u00edvel. Agora, j\u00e1 n\u00e3o h\u00e1 tanto interesse pelas religi\u00f5es das grandes narrativas b\u00edblicas, da santidade asc\u00e9tica, da autoridade sacralizada, da moral coercitiva, da escatologia que nos faz trafegar, titubeantes, sobre o fio invis\u00edvel que liga o C\u00e9u ao Inferno.<\/p>\n<p>Predominam as religi\u00f5es do consolo subjetivo, da alegria d&#8217;alma, da cura imediata, dos fen\u00f4menos paranormais, da comunidade que se sente resgatada do anonimato, de b\u00ean\u00e7\u00e3os e gra\u00e7as que jorram quais juros de quem acredita na vers\u00e3o p\u00f3s-moderna do dilema &#8220;a bolsa ou a vida&#8221;. Vigora a religiosidade pr\u00eat-\u00e0-porter, sem culpas, macroecum\u00eanica, fundada na cren\u00e7a em um Deus que dispensa hierarquias, manifesta-se pelas regras de ouro do marketing e tolera todas as nossas incoer\u00eancias.<\/p>\n<p>Talvez n\u00e3o haja na literatura brasileira quem melhor tenha captado o sentido do Natal que Machado de Assis, no cl\u00e1ssico conto Missa do Galo. N\u00e3o h\u00e1 propriamente missa, apenas a espera ansiosa num ser\u00e3o que progressivamente transmuta a anfitri\u00e3 Concei\u00e7\u00e3o, que atingira os 30 anos, aos olhos de Nogueira, rapaz de 17. Machado faz do cora\u00e7\u00e3o do jovem narrador um profundo e aquiescente pres\u00e9pio, onde a vida renasce no sutil milagre do amor desinteressado. Um gosto de eternidade. De eterna idade. No entanto, quebrado pelo tempo que flui incoerc\u00edvel ao ritmo implac\u00e1vel das horas. Na sala, a missa em torno da musa antecede e realiza a comunh\u00e3o, eclodindo na beleza de um singelo encontro entre duas pessoas.<\/p>\n<p>Isso \u00e9 Natal, festa rara no mais profundo de si mesmo, na qual as pessoas se fazem presentes umas \u00e0s outras e entre as quais o amor refulge como estrela. Essa festa n\u00e3o tem data e \u00e9 celebrada sempre que h\u00e1 encontro em clima de afeto e sabor de comunh\u00e3o. Ali, as palavras s\u00e3o como barbante de presente em m\u00e3os de uma crian\u00e7a: a cada n\u00f3 desfeito, uma expectativa de surpreendente revela\u00e7\u00e3o.<\/p>\n<div id=\"themify_builder_content-985\" data-postid=\"985\" class=\"themify_builder_content themify_builder_content-985 themify_builder themify_builder_front\">\n\t<\/div>\n<!-- \/themify_builder_content -->","protected":false},"excerpt":{"rendered":"<p>Frei Betto Natal \u00e9 festa poliss\u00eamica. De certo modo, desconfort\u00e1vel. Para os crist\u00e3os, comemora\u00e7\u00e3o do nascimento de Jesus, Deus feito homem. Para a ind\u00fastria e o com\u00e9rcio, ocasi\u00e3o de promissoras vendas. Para uns tantos, minif\u00e9rias de fim de ano. Para o peru, dia de finados. O desconforto resulta da obrigatoriedade de dar presentes a quem [&hellip;]<\/p>\n","protected":false},"author":5,"featured_media":0,"comment_status":"open","ping_status":"open","sticky":false,"template":"","format":"standard","meta":{"ngg_post_thumbnail":0,"footnotes":""},"categories":[9],"tags":[151,60,150],"yoast_head":"<!-- This site is optimized with the Yoast SEO plugin v23.5 - https:\/\/yoast.com\/wordpress\/plugins\/seo\/ -->\n<title>Missa do Galo - O Arcanjo no ar<\/title>\n<meta name=\"robots\" content=\"index, follow, max-snippet:-1, max-image-preview:large, max-video-preview:-1\" \/>\n<link rel=\"canonical\" href=\"https:\/\/www.oarcanjo.net\/site\/missa-do-galo\/\" \/>\n<meta property=\"og:locale\" content=\"pt_BR\" \/>\n<meta property=\"og:type\" content=\"article\" \/>\n<meta property=\"og:title\" content=\"Missa do Galo - O Arcanjo no ar\" \/>\n<meta property=\"og:description\" content=\"Frei Betto Natal \u00e9 festa poliss\u00eamica. De certo modo, desconfort\u00e1vel. Para os crist\u00e3os, comemora\u00e7\u00e3o do nascimento de Jesus, Deus feito homem. Para a ind\u00fastria e o com\u00e9rcio, ocasi\u00e3o de promissoras vendas. Para uns tantos, minif\u00e9rias de fim de ano. Para o peru, dia de finados. O desconforto resulta da obrigatoriedade de dar presentes a quem [&hellip;]\" \/>\n<meta property=\"og:url\" content=\"https:\/\/www.oarcanjo.net\/site\/missa-do-galo\/\" \/>\n<meta property=\"og:site_name\" content=\"O Arcanjo no ar\" \/>\n<meta property=\"article:publisher\" content=\"https:\/\/www.facebook.com\/OArcanjoNoAr\/\" \/>\n<meta property=\"article:published_time\" content=\"2008-12-20T11:00:42+00:00\" \/>\n<meta property=\"article:modified_time\" content=\"2008-12-20T02:10:34+00:00\" \/>\n<meta property=\"og:image\" content=\"https:\/\/www.oarcanjo.net\/site\/wp-content\/uploads\/logo-o-arcanjo-no-ar-facebook.png\" \/>\n\t<meta property=\"og:image:width\" content=\"300\" \/>\n\t<meta property=\"og:image:height\" content=\"300\" \/>\n\t<meta property=\"og:image:type\" content=\"image\/png\" \/>\n<meta name=\"author\" content=\"editor\" \/>\n<meta name=\"twitter:card\" content=\"summary_large_image\" \/>\n<meta name=\"twitter:label1\" content=\"Escrito por\" \/>\n\t<meta name=\"twitter:data1\" content=\"editor\" \/>\n\t<meta name=\"twitter:label2\" content=\"Est. tempo de leitura\" \/>\n\t<meta name=\"twitter:data2\" content=\"4 minutos\" \/>\n<script type=\"application\/ld+json\" class=\"yoast-schema-graph\">{\"@context\":\"https:\/\/schema.org\",\"@graph\":[{\"@type\":\"Article\",\"@id\":\"https:\/\/www.oarcanjo.net\/site\/missa-do-galo\/#article\",\"isPartOf\":{\"@id\":\"https:\/\/www.oarcanjo.net\/site\/missa-do-galo\/\"},\"author\":{\"name\":\"editor\",\"@id\":\"https:\/\/www.oarcanjo.net\/site\/#\/schema\/person\/f7024d007863202483a31326673a0838\"},\"headline\":\"Missa do Galo\",\"datePublished\":\"2008-12-20T11:00:42+00:00\",\"dateModified\":\"2008-12-20T02:10:34+00:00\",\"mainEntityOfPage\":{\"@id\":\"https:\/\/www.oarcanjo.net\/site\/missa-do-galo\/\"},\"wordCount\":757,\"commentCount\":0,\"publisher\":{\"@id\":\"https:\/\/www.oarcanjo.net\/site\/#organization\"},\"keywords\":[\"Missa do Galo\",\"natal\",\"pres\u00e9pio\"],\"articleSection\":[\"Reflex\u00f5es\"],\"inLanguage\":\"pt-BR\",\"potentialAction\":[{\"@type\":\"CommentAction\",\"name\":\"Comment\",\"target\":[\"https:\/\/www.oarcanjo.net\/site\/missa-do-galo\/#respond\"]}]},{\"@type\":\"WebPage\",\"@id\":\"https:\/\/www.oarcanjo.net\/site\/missa-do-galo\/\",\"url\":\"https:\/\/www.oarcanjo.net\/site\/missa-do-galo\/\",\"name\":\"Missa do Galo - O Arcanjo no ar\",\"isPartOf\":{\"@id\":\"https:\/\/www.oarcanjo.net\/site\/#website\"},\"datePublished\":\"2008-12-20T11:00:42+00:00\",\"dateModified\":\"2008-12-20T02:10:34+00:00\",\"breadcrumb\":{\"@id\":\"https:\/\/www.oarcanjo.net\/site\/missa-do-galo\/#breadcrumb\"},\"inLanguage\":\"pt-BR\",\"potentialAction\":[{\"@type\":\"ReadAction\",\"target\":[\"https:\/\/www.oarcanjo.net\/site\/missa-do-galo\/\"]}]},{\"@type\":\"BreadcrumbList\",\"@id\":\"https:\/\/www.oarcanjo.net\/site\/missa-do-galo\/#breadcrumb\",\"itemListElement\":[{\"@type\":\"ListItem\",\"position\":1,\"name\":\"In\u00edcio\",\"item\":\"https:\/\/www.oarcanjo.net\/site\/\"},{\"@type\":\"ListItem\",\"position\":2,\"name\":\"Missa do Galo\"}]},{\"@type\":\"WebSite\",\"@id\":\"https:\/\/www.oarcanjo.net\/site\/#website\",\"url\":\"https:\/\/www.oarcanjo.net\/site\/\",\"name\":\"O Arcanjo no ar\",\"description\":\"Site da Par\u00f3quia S\u00e3o Miguel Arcanjo (Arquidiocese de SP)\",\"publisher\":{\"@id\":\"https:\/\/www.oarcanjo.net\/site\/#organization\"},\"potentialAction\":[{\"@type\":\"SearchAction\",\"target\":{\"@type\":\"EntryPoint\",\"urlTemplate\":\"https:\/\/www.oarcanjo.net\/site\/?s={search_term_string}\"},\"query-input\":{\"@type\":\"PropertyValueSpecification\",\"valueRequired\":true,\"valueName\":\"search_term_string\"}}],\"inLanguage\":\"pt-BR\"},{\"@type\":\"Organization\",\"@id\":\"https:\/\/www.oarcanjo.net\/site\/#organization\",\"name\":\"Par\u00f3quia S\u00e3o Miguel Arcanjo\",\"url\":\"https:\/\/www.oarcanjo.net\/site\/\",\"logo\":{\"@type\":\"ImageObject\",\"inLanguage\":\"pt-BR\",\"@id\":\"https:\/\/www.oarcanjo.net\/site\/#\/schema\/logo\/image\/\",\"url\":\"https:\/\/www.oarcanjo.net\/site\/wp-content\/uploads\/LogoOArcanjo.png\",\"contentUrl\":\"https:\/\/www.oarcanjo.net\/site\/wp-content\/uploads\/LogoOArcanjo.png\",\"width\":319,\"height\":99,\"caption\":\"Par\u00f3quia S\u00e3o Miguel Arcanjo\"},\"image\":{\"@id\":\"https:\/\/www.oarcanjo.net\/site\/#\/schema\/logo\/image\/\"},\"sameAs\":[\"https:\/\/www.facebook.com\/OArcanjoNoAr\/\"]},{\"@type\":\"Person\",\"@id\":\"https:\/\/www.oarcanjo.net\/site\/#\/schema\/person\/f7024d007863202483a31326673a0838\",\"name\":\"editor\",\"sameAs\":[\"http:\/\/www.oarcanjo.net\"]}]}<\/script>\n<!-- \/ Yoast SEO plugin. -->","yoast_head_json":{"title":"Missa do Galo - O Arcanjo no ar","robots":{"index":"index","follow":"follow","max-snippet":"max-snippet:-1","max-image-preview":"max-image-preview:large","max-video-preview":"max-video-preview:-1"},"canonical":"https:\/\/www.oarcanjo.net\/site\/missa-do-galo\/","og_locale":"pt_BR","og_type":"article","og_title":"Missa do Galo - O Arcanjo no ar","og_description":"Frei Betto Natal \u00e9 festa poliss\u00eamica. De certo modo, desconfort\u00e1vel. Para os crist\u00e3os, comemora\u00e7\u00e3o do nascimento de Jesus, Deus feito homem. Para a ind\u00fastria e o com\u00e9rcio, ocasi\u00e3o de promissoras vendas. Para uns tantos, minif\u00e9rias de fim de ano. Para o peru, dia de finados. O desconforto resulta da obrigatoriedade de dar presentes a quem [&hellip;]","og_url":"https:\/\/www.oarcanjo.net\/site\/missa-do-galo\/","og_site_name":"O Arcanjo no ar","article_publisher":"https:\/\/www.facebook.com\/OArcanjoNoAr\/","article_published_time":"2008-12-20T11:00:42+00:00","article_modified_time":"2008-12-20T02:10:34+00:00","og_image":[{"width":300,"height":300,"url":"https:\/\/www.oarcanjo.net\/site\/wp-content\/uploads\/logo-o-arcanjo-no-ar-facebook.png","type":"image\/png"}],"author":"editor","twitter_card":"summary_large_image","twitter_misc":{"Escrito por":"editor","Est. tempo de leitura":"4 minutos"},"schema":{"@context":"https:\/\/schema.org","@graph":[{"@type":"Article","@id":"https:\/\/www.oarcanjo.net\/site\/missa-do-galo\/#article","isPartOf":{"@id":"https:\/\/www.oarcanjo.net\/site\/missa-do-galo\/"},"author":{"name":"editor","@id":"https:\/\/www.oarcanjo.net\/site\/#\/schema\/person\/f7024d007863202483a31326673a0838"},"headline":"Missa do Galo","datePublished":"2008-12-20T11:00:42+00:00","dateModified":"2008-12-20T02:10:34+00:00","mainEntityOfPage":{"@id":"https:\/\/www.oarcanjo.net\/site\/missa-do-galo\/"},"wordCount":757,"commentCount":0,"publisher":{"@id":"https:\/\/www.oarcanjo.net\/site\/#organization"},"keywords":["Missa do Galo","natal","pres\u00e9pio"],"articleSection":["Reflex\u00f5es"],"inLanguage":"pt-BR","potentialAction":[{"@type":"CommentAction","name":"Comment","target":["https:\/\/www.oarcanjo.net\/site\/missa-do-galo\/#respond"]}]},{"@type":"WebPage","@id":"https:\/\/www.oarcanjo.net\/site\/missa-do-galo\/","url":"https:\/\/www.oarcanjo.net\/site\/missa-do-galo\/","name":"Missa do Galo - O Arcanjo no ar","isPartOf":{"@id":"https:\/\/www.oarcanjo.net\/site\/#website"},"datePublished":"2008-12-20T11:00:42+00:00","dateModified":"2008-12-20T02:10:34+00:00","breadcrumb":{"@id":"https:\/\/www.oarcanjo.net\/site\/missa-do-galo\/#breadcrumb"},"inLanguage":"pt-BR","potentialAction":[{"@type":"ReadAction","target":["https:\/\/www.oarcanjo.net\/site\/missa-do-galo\/"]}]},{"@type":"BreadcrumbList","@id":"https:\/\/www.oarcanjo.net\/site\/missa-do-galo\/#breadcrumb","itemListElement":[{"@type":"ListItem","position":1,"name":"In\u00edcio","item":"https:\/\/www.oarcanjo.net\/site\/"},{"@type":"ListItem","position":2,"name":"Missa do Galo"}]},{"@type":"WebSite","@id":"https:\/\/www.oarcanjo.net\/site\/#website","url":"https:\/\/www.oarcanjo.net\/site\/","name":"O Arcanjo no ar","description":"Site da Par\u00f3quia S\u00e3o Miguel Arcanjo (Arquidiocese de SP)","publisher":{"@id":"https:\/\/www.oarcanjo.net\/site\/#organization"},"potentialAction":[{"@type":"SearchAction","target":{"@type":"EntryPoint","urlTemplate":"https:\/\/www.oarcanjo.net\/site\/?s={search_term_string}"},"query-input":{"@type":"PropertyValueSpecification","valueRequired":true,"valueName":"search_term_string"}}],"inLanguage":"pt-BR"},{"@type":"Organization","@id":"https:\/\/www.oarcanjo.net\/site\/#organization","name":"Par\u00f3quia S\u00e3o Miguel Arcanjo","url":"https:\/\/www.oarcanjo.net\/site\/","logo":{"@type":"ImageObject","inLanguage":"pt-BR","@id":"https:\/\/www.oarcanjo.net\/site\/#\/schema\/logo\/image\/","url":"https:\/\/www.oarcanjo.net\/site\/wp-content\/uploads\/LogoOArcanjo.png","contentUrl":"https:\/\/www.oarcanjo.net\/site\/wp-content\/uploads\/LogoOArcanjo.png","width":319,"height":99,"caption":"Par\u00f3quia S\u00e3o Miguel Arcanjo"},"image":{"@id":"https:\/\/www.oarcanjo.net\/site\/#\/schema\/logo\/image\/"},"sameAs":["https:\/\/www.facebook.com\/OArcanjoNoAr\/"]},{"@type":"Person","@id":"https:\/\/www.oarcanjo.net\/site\/#\/schema\/person\/f7024d007863202483a31326673a0838","name":"editor","sameAs":["http:\/\/www.oarcanjo.net"]}]}},"publishpress_future_action":{"enabled":false,"date":"2026-05-08 03:39:11","action":"category","newStatus":"draft","terms":[],"taxonomy":"category"},"publishpress_future_workflow_manual_trigger":{"enabledWorkflows":[]},"_links":{"self":[{"href":"https:\/\/www.oarcanjo.net\/site\/wp-json\/wp\/v2\/posts\/985"}],"collection":[{"href":"https:\/\/www.oarcanjo.net\/site\/wp-json\/wp\/v2\/posts"}],"about":[{"href":"https:\/\/www.oarcanjo.net\/site\/wp-json\/wp\/v2\/types\/post"}],"author":[{"embeddable":true,"href":"https:\/\/www.oarcanjo.net\/site\/wp-json\/wp\/v2\/users\/5"}],"replies":[{"embeddable":true,"href":"https:\/\/www.oarcanjo.net\/site\/wp-json\/wp\/v2\/comments?post=985"}],"version-history":[{"count":0,"href":"https:\/\/www.oarcanjo.net\/site\/wp-json\/wp\/v2\/posts\/985\/revisions"}],"wp:attachment":[{"href":"https:\/\/www.oarcanjo.net\/site\/wp-json\/wp\/v2\/media?parent=985"}],"wp:term":[{"taxonomy":"category","embeddable":true,"href":"https:\/\/www.oarcanjo.net\/site\/wp-json\/wp\/v2\/categories?post=985"},{"taxonomy":"post_tag","embeddable":true,"href":"https:\/\/www.oarcanjo.net\/site\/wp-json\/wp\/v2\/tags?post=985"}],"curies":[{"name":"wp","href":"https:\/\/api.w.org\/{rel}","templated":true}]}}