
{"id":9851,"date":"2016-06-19T00:24:12","date_gmt":"2016-06-19T03:24:12","guid":{"rendered":"http:\/\/www.oarcanjo.net\/site\/?p=9851"},"modified":"2016-06-10T18:34:06","modified_gmt":"2016-06-10T21:34:06","slug":"santos-gervasio-e-protasio","status":"publish","type":"post","link":"https:\/\/www.oarcanjo.net\/site\/santos-gervasio-e-protasio\/","title":{"rendered":"Santos Gerv\u00e1sio e Prot\u00e1sio"},"content":{"rendered":"<p><img decoding=\"async\" src=\"http:\/\/2.bp.blogspot.com\/_z-c0Sh5Zlrs\/SJwDlG6ruMI\/AAAAAAAABl8\/a48oiuLMTcY\/s400\/Santos+Gerv%C3%A1sio+e+Prot%C3%A1sio.jpg\" alt=\"\" \/><\/p>\n<p>19 de Junho<\/p>\n<p>Entre os muitos m\u00e9ritos de santo Ambr\u00f3sio, o grande bispo de Mil\u00e3o, est\u00e1 a exalta\u00e7\u00e3o e devo\u00e7\u00e3o de alguns m\u00e1rtires que ele encontrou por toda sua diocese. Constru\u00edda no s\u00e9culo I, a pastoral de Ambr\u00f3sio parecia, ainda, abrigar muitos corpos, ocultos, de m\u00e1rtires das persegui\u00e7\u00f5es dos s\u00e9culos precedentes.<\/p>\n<p>Muito c\u00e9lebre se tornou a exuma\u00e7\u00e3o dos m\u00e1rtires Gerv\u00e1sio e Prot\u00e1sio, depois de uma vis\u00e3o que Ambr\u00f3sio teve, na qual lhe foi indicado o lugar de suas sepulturas. Ambos foram encontrados em 18 de junho de 386, quando suas lembran\u00e7as j\u00e1 estavam se perdendo entre os fi\u00e9is.<\/p>\n<p>Ambr\u00f3sio contou, mesmo, com o cr\u00e9dito de seu contempor\u00e2neo amigo Agostinho, o bispo de Hipona, que naquele per\u00edodo estava em Mil\u00e3o. No seu livro &#8220;Confiss\u00f5es&#8221;, Agostinho escreveu: &#8220;Citado bispo teve uma revela\u00e7\u00e3o em vis\u00e3o sobre o lugar onde jaziam os corpos dos m\u00e1rtires Prot\u00e1sio e Gerv\u00e1sio, os quais por muitos anos haviam estado repousando incorruptos, para se apresentarem na hora oportuna e refrear a raiva de uma senhora real&#8221;.<\/p>\n<p>Ele se referia \u00e0 imperatriz Justina, que, apoiada por quase toda a corte romana, pretendia transferir Ambr\u00f3sio para entregar a diocese aos hereges arianos. Mas teve de desistir, pois a como\u00e7\u00e3o popular foi imensa com o traslado das rel\u00edquias, no dia seguinte, feita pelo bispo em inten\u00e7\u00e3o lit\u00fargica, a exemplo das cerim\u00f4nias de traslado lit\u00fargico orientais.<\/p>\n<p>O acontecimento foi inacredit\u00e1vel, arrebatando uma multid\u00e3o de fi\u00e9is, ocorrendo in\u00fameros milagres e gra\u00e7as. Os dois santos tiveram logo uma not\u00e1vel popularidade. At\u00e9 mesmo propiciou um grande impulso em todo o mundo crist\u00e3o do Ocidente, assinalando uma reviravolta decisiva na hist\u00f3ria da venera\u00e7\u00e3o e do culto aos santos e \u00e0s suas rel\u00edquias para toda a Igreja.<\/p>\n<p>A tradi\u00e7\u00e3o narra-nos que Gerv\u00e1sio e Prot\u00e1sio eram g\u00eameos e os \u00fanicos filhos de Vidal e Val\u00e9ria, cidad\u00e3os da nobreza de Mil\u00e3o. Pais e filhos haviam sido convertidos pelo bispo s\u00e3o Caio. Em vista disso, mandaram construir a igreja de Mil\u00e3o, em 63. Mas depois Vidal e Val\u00e9ria foram mortos testemunhando a f\u00e9, durante o governo do imperador Nero, em 68.<\/p>\n<p>\u00d3rf\u00e3os dos pais, os dois irm\u00e3os venderam todos os bens, entregaram o que arrecadaram ao bispo, para terminar a constru\u00e7\u00e3o da igreja e distribuir aos pobres, e recolheram-se numa pequena casa afastada, onde passaram dez anos em ora\u00e7\u00f5es e penit\u00eancias. Denunciados como crist\u00e3os, foram torturados lentamente, e depois assassinados. Gerv\u00e1sio morreu sob os golpes dos chicotes e Prot\u00e1sio, al\u00e9m disso, foi decapitado.<\/p>\n<p>Os irm\u00e3os g\u00eameos Gerv\u00e1sio e Prot\u00e1sio, santos m\u00e1rtires, recebem a venera\u00e7\u00e3o lit\u00fargica em 19 de junho, mesmo dia em que suas rel\u00edquias foram transferidas para a igreja de Mil\u00e3o, aquela constru\u00edda por sua fam\u00edlia. Em 1874, as rel\u00edquias de ambos foram transferidas e colocadas ao lado da sepultura de santo Ambr\u00f3sio, na igreja a ele dedicada, tamb\u00e9m em Mil\u00e3o, It\u00e1lia.<\/p>\n<div id=\"themify_builder_content-9851\" data-postid=\"9851\" class=\"themify_builder_content themify_builder_content-9851 themify_builder themify_builder_front\">\n\t<\/div>\n<!-- \/themify_builder_content -->","protected":false},"excerpt":{"rendered":"<p>19 de Junho Entre os muitos m\u00e9ritos de santo Ambr\u00f3sio, o grande bispo de Mil\u00e3o, est\u00e1 a exalta\u00e7\u00e3o e devo\u00e7\u00e3o de alguns m\u00e1rtires que ele encontrou por toda sua diocese. Constru\u00edda no s\u00e9culo I, a pastoral de Ambr\u00f3sio parecia, ainda, abrigar muitos corpos, ocultos, de m\u00e1rtires das persegui\u00e7\u00f5es dos s\u00e9culos precedentes. Muito c\u00e9lebre se tornou [&hellip;]<\/p>\n","protected":false},"author":14,"featured_media":0,"comment_status":"open","ping_status":"open","sticky":false,"template":"","format":"standard","meta":{"ngg_post_thumbnail":0,"footnotes":""},"categories":[186],"tags":[],"yoast_head":"<!-- This site is optimized with the Yoast SEO plugin v23.5 - https:\/\/yoast.com\/wordpress\/plugins\/seo\/ -->\n<title>Santos Gerv\u00e1sio e Prot\u00e1sio - O Arcanjo no ar<\/title>\n<meta name=\"robots\" content=\"index, follow, max-snippet:-1, max-image-preview:large, max-video-preview:-1\" \/>\n<link rel=\"canonical\" href=\"https:\/\/www.oarcanjo.net\/site\/santos-gervasio-e-protasio\/\" \/>\n<meta property=\"og:locale\" content=\"pt_BR\" \/>\n<meta property=\"og:type\" content=\"article\" \/>\n<meta property=\"og:title\" content=\"Santos Gerv\u00e1sio e Prot\u00e1sio - O Arcanjo no ar\" \/>\n<meta property=\"og:description\" content=\"19 de Junho Entre os muitos m\u00e9ritos de santo Ambr\u00f3sio, o grande bispo de Mil\u00e3o, est\u00e1 a exalta\u00e7\u00e3o e devo\u00e7\u00e3o de alguns m\u00e1rtires que ele encontrou por toda sua diocese. Constru\u00edda no s\u00e9culo I, a pastoral de Ambr\u00f3sio parecia, ainda, abrigar muitos corpos, ocultos, de m\u00e1rtires das persegui\u00e7\u00f5es dos s\u00e9culos precedentes. Muito c\u00e9lebre se tornou [&hellip;]\" \/>\n<meta property=\"og:url\" content=\"https:\/\/www.oarcanjo.net\/site\/santos-gervasio-e-protasio\/\" \/>\n<meta property=\"og:site_name\" content=\"O Arcanjo no ar\" \/>\n<meta property=\"article:publisher\" content=\"https:\/\/www.facebook.com\/OArcanjoNoAr\/\" \/>\n<meta property=\"article:published_time\" content=\"2016-06-19T03:24:12+00:00\" \/>\n<meta property=\"article:modified_time\" content=\"2016-06-10T21:34:06+00:00\" \/>\n<meta property=\"og:image\" content=\"http:\/\/2.bp.blogspot.com\/_z-c0Sh5Zlrs\/SJwDlG6ruMI\/AAAAAAAABl8\/a48oiuLMTcY\/s400\/Santos+Gerv%C3%A1sio+e+Prot%C3%A1sio.jpg\" \/>\n<meta name=\"author\" content=\"danilo\" \/>\n<meta name=\"twitter:card\" content=\"summary_large_image\" \/>\n<meta name=\"twitter:label1\" content=\"Escrito por\" \/>\n\t<meta name=\"twitter:data1\" content=\"danilo\" \/>\n\t<meta name=\"twitter:label2\" content=\"Est. tempo de leitura\" \/>\n\t<meta name=\"twitter:data2\" content=\"3 minutos\" \/>\n<script type=\"application\/ld+json\" class=\"yoast-schema-graph\">{\"@context\":\"https:\/\/schema.org\",\"@graph\":[{\"@type\":\"Article\",\"@id\":\"https:\/\/www.oarcanjo.net\/site\/santos-gervasio-e-protasio\/#article\",\"isPartOf\":{\"@id\":\"https:\/\/www.oarcanjo.net\/site\/santos-gervasio-e-protasio\/\"},\"author\":{\"name\":\"danilo\",\"@id\":\"https:\/\/www.oarcanjo.net\/site\/#\/schema\/person\/5eb9480bedd2f3c97e430ce128c29c6c\"},\"headline\":\"Santos Gerv\u00e1sio e Prot\u00e1sio\",\"datePublished\":\"2016-06-19T03:24:12+00:00\",\"dateModified\":\"2016-06-10T21:34:06+00:00\",\"mainEntityOfPage\":{\"@id\":\"https:\/\/www.oarcanjo.net\/site\/santos-gervasio-e-protasio\/\"},\"wordCount\":544,\"commentCount\":0,\"publisher\":{\"@id\":\"https:\/\/www.oarcanjo.net\/site\/#organization\"},\"image\":{\"@id\":\"https:\/\/www.oarcanjo.net\/site\/santos-gervasio-e-protasio\/#primaryimage\"},\"thumbnailUrl\":\"http:\/\/2.bp.blogspot.com\/_z-c0Sh5Zlrs\/SJwDlG6ruMI\/AAAAAAAABl8\/a48oiuLMTcY\/s400\/Santos+Gerv%C3%A1sio+e+Prot%C3%A1sio.jpg\",\"articleSection\":[\"Testemunhos\"],\"inLanguage\":\"pt-BR\",\"potentialAction\":[{\"@type\":\"CommentAction\",\"name\":\"Comment\",\"target\":[\"https:\/\/www.oarcanjo.net\/site\/santos-gervasio-e-protasio\/#respond\"]}]},{\"@type\":\"WebPage\",\"@id\":\"https:\/\/www.oarcanjo.net\/site\/santos-gervasio-e-protasio\/\",\"url\":\"https:\/\/www.oarcanjo.net\/site\/santos-gervasio-e-protasio\/\",\"name\":\"Santos Gerv\u00e1sio e Prot\u00e1sio - O Arcanjo no ar\",\"isPartOf\":{\"@id\":\"https:\/\/www.oarcanjo.net\/site\/#website\"},\"primaryImageOfPage\":{\"@id\":\"https:\/\/www.oarcanjo.net\/site\/santos-gervasio-e-protasio\/#primaryimage\"},\"image\":{\"@id\":\"https:\/\/www.oarcanjo.net\/site\/santos-gervasio-e-protasio\/#primaryimage\"},\"thumbnailUrl\":\"http:\/\/2.bp.blogspot.com\/_z-c0Sh5Zlrs\/SJwDlG6ruMI\/AAAAAAAABl8\/a48oiuLMTcY\/s400\/Santos+Gerv%C3%A1sio+e+Prot%C3%A1sio.jpg\",\"datePublished\":\"2016-06-19T03:24:12+00:00\",\"dateModified\":\"2016-06-10T21:34:06+00:00\",\"breadcrumb\":{\"@id\":\"https:\/\/www.oarcanjo.net\/site\/santos-gervasio-e-protasio\/#breadcrumb\"},\"inLanguage\":\"pt-BR\",\"potentialAction\":[{\"@type\":\"ReadAction\",\"target\":[\"https:\/\/www.oarcanjo.net\/site\/santos-gervasio-e-protasio\/\"]}]},{\"@type\":\"ImageObject\",\"inLanguage\":\"pt-BR\",\"@id\":\"https:\/\/www.oarcanjo.net\/site\/santos-gervasio-e-protasio\/#primaryimage\",\"url\":\"http:\/\/2.bp.blogspot.com\/_z-c0Sh5Zlrs\/SJwDlG6ruMI\/AAAAAAAABl8\/a48oiuLMTcY\/s400\/Santos+Gerv%C3%A1sio+e+Prot%C3%A1sio.jpg\",\"contentUrl\":\"http:\/\/2.bp.blogspot.com\/_z-c0Sh5Zlrs\/SJwDlG6ruMI\/AAAAAAAABl8\/a48oiuLMTcY\/s400\/Santos+Gerv%C3%A1sio+e+Prot%C3%A1sio.jpg\"},{\"@type\":\"BreadcrumbList\",\"@id\":\"https:\/\/www.oarcanjo.net\/site\/santos-gervasio-e-protasio\/#breadcrumb\",\"itemListElement\":[{\"@type\":\"ListItem\",\"position\":1,\"name\":\"In\u00edcio\",\"item\":\"https:\/\/www.oarcanjo.net\/site\/\"},{\"@type\":\"ListItem\",\"position\":2,\"name\":\"Santos Gerv\u00e1sio e Prot\u00e1sio\"}]},{\"@type\":\"WebSite\",\"@id\":\"https:\/\/www.oarcanjo.net\/site\/#website\",\"url\":\"https:\/\/www.oarcanjo.net\/site\/\",\"name\":\"O Arcanjo no ar\",\"description\":\"Site da Par\u00f3quia S\u00e3o Miguel Arcanjo (Arquidiocese de SP)\",\"publisher\":{\"@id\":\"https:\/\/www.oarcanjo.net\/site\/#organization\"},\"potentialAction\":[{\"@type\":\"SearchAction\",\"target\":{\"@type\":\"EntryPoint\",\"urlTemplate\":\"https:\/\/www.oarcanjo.net\/site\/?s={search_term_string}\"},\"query-input\":{\"@type\":\"PropertyValueSpecification\",\"valueRequired\":true,\"valueName\":\"search_term_string\"}}],\"inLanguage\":\"pt-BR\"},{\"@type\":\"Organization\",\"@id\":\"https:\/\/www.oarcanjo.net\/site\/#organization\",\"name\":\"Par\u00f3quia S\u00e3o Miguel Arcanjo\",\"url\":\"https:\/\/www.oarcanjo.net\/site\/\",\"logo\":{\"@type\":\"ImageObject\",\"inLanguage\":\"pt-BR\",\"@id\":\"https:\/\/www.oarcanjo.net\/site\/#\/schema\/logo\/image\/\",\"url\":\"https:\/\/www.oarcanjo.net\/site\/wp-content\/uploads\/LogoOArcanjo.png\",\"contentUrl\":\"https:\/\/www.oarcanjo.net\/site\/wp-content\/uploads\/LogoOArcanjo.png\",\"width\":319,\"height\":99,\"caption\":\"Par\u00f3quia S\u00e3o Miguel Arcanjo\"},\"image\":{\"@id\":\"https:\/\/www.oarcanjo.net\/site\/#\/schema\/logo\/image\/\"},\"sameAs\":[\"https:\/\/www.facebook.com\/OArcanjoNoAr\/\"]},{\"@type\":\"Person\",\"@id\":\"https:\/\/www.oarcanjo.net\/site\/#\/schema\/person\/5eb9480bedd2f3c97e430ce128c29c6c\",\"name\":\"danilo\"}]}<\/script>\n<!-- \/ Yoast SEO plugin. -->","yoast_head_json":{"title":"Santos Gerv\u00e1sio e Prot\u00e1sio - O Arcanjo no ar","robots":{"index":"index","follow":"follow","max-snippet":"max-snippet:-1","max-image-preview":"max-image-preview:large","max-video-preview":"max-video-preview:-1"},"canonical":"https:\/\/www.oarcanjo.net\/site\/santos-gervasio-e-protasio\/","og_locale":"pt_BR","og_type":"article","og_title":"Santos Gerv\u00e1sio e Prot\u00e1sio - O Arcanjo no ar","og_description":"19 de Junho Entre os muitos m\u00e9ritos de santo Ambr\u00f3sio, o grande bispo de Mil\u00e3o, est\u00e1 a exalta\u00e7\u00e3o e devo\u00e7\u00e3o de alguns m\u00e1rtires que ele encontrou por toda sua diocese. Constru\u00edda no s\u00e9culo I, a pastoral de Ambr\u00f3sio parecia, ainda, abrigar muitos corpos, ocultos, de m\u00e1rtires das persegui\u00e7\u00f5es dos s\u00e9culos precedentes. Muito c\u00e9lebre se tornou [&hellip;]","og_url":"https:\/\/www.oarcanjo.net\/site\/santos-gervasio-e-protasio\/","og_site_name":"O Arcanjo no ar","article_publisher":"https:\/\/www.facebook.com\/OArcanjoNoAr\/","article_published_time":"2016-06-19T03:24:12+00:00","article_modified_time":"2016-06-10T21:34:06+00:00","og_image":[{"url":"http:\/\/2.bp.blogspot.com\/_z-c0Sh5Zlrs\/SJwDlG6ruMI\/AAAAAAAABl8\/a48oiuLMTcY\/s400\/Santos+Gerv%C3%A1sio+e+Prot%C3%A1sio.jpg"}],"author":"danilo","twitter_card":"summary_large_image","twitter_misc":{"Escrito por":"danilo","Est. tempo de leitura":"3 minutos"},"schema":{"@context":"https:\/\/schema.org","@graph":[{"@type":"Article","@id":"https:\/\/www.oarcanjo.net\/site\/santos-gervasio-e-protasio\/#article","isPartOf":{"@id":"https:\/\/www.oarcanjo.net\/site\/santos-gervasio-e-protasio\/"},"author":{"name":"danilo","@id":"https:\/\/www.oarcanjo.net\/site\/#\/schema\/person\/5eb9480bedd2f3c97e430ce128c29c6c"},"headline":"Santos Gerv\u00e1sio e Prot\u00e1sio","datePublished":"2016-06-19T03:24:12+00:00","dateModified":"2016-06-10T21:34:06+00:00","mainEntityOfPage":{"@id":"https:\/\/www.oarcanjo.net\/site\/santos-gervasio-e-protasio\/"},"wordCount":544,"commentCount":0,"publisher":{"@id":"https:\/\/www.oarcanjo.net\/site\/#organization"},"image":{"@id":"https:\/\/www.oarcanjo.net\/site\/santos-gervasio-e-protasio\/#primaryimage"},"thumbnailUrl":"http:\/\/2.bp.blogspot.com\/_z-c0Sh5Zlrs\/SJwDlG6ruMI\/AAAAAAAABl8\/a48oiuLMTcY\/s400\/Santos+Gerv%C3%A1sio+e+Prot%C3%A1sio.jpg","articleSection":["Testemunhos"],"inLanguage":"pt-BR","potentialAction":[{"@type":"CommentAction","name":"Comment","target":["https:\/\/www.oarcanjo.net\/site\/santos-gervasio-e-protasio\/#respond"]}]},{"@type":"WebPage","@id":"https:\/\/www.oarcanjo.net\/site\/santos-gervasio-e-protasio\/","url":"https:\/\/www.oarcanjo.net\/site\/santos-gervasio-e-protasio\/","name":"Santos Gerv\u00e1sio e Prot\u00e1sio - O Arcanjo no ar","isPartOf":{"@id":"https:\/\/www.oarcanjo.net\/site\/#website"},"primaryImageOfPage":{"@id":"https:\/\/www.oarcanjo.net\/site\/santos-gervasio-e-protasio\/#primaryimage"},"image":{"@id":"https:\/\/www.oarcanjo.net\/site\/santos-gervasio-e-protasio\/#primaryimage"},"thumbnailUrl":"http:\/\/2.bp.blogspot.com\/_z-c0Sh5Zlrs\/SJwDlG6ruMI\/AAAAAAAABl8\/a48oiuLMTcY\/s400\/Santos+Gerv%C3%A1sio+e+Prot%C3%A1sio.jpg","datePublished":"2016-06-19T03:24:12+00:00","dateModified":"2016-06-10T21:34:06+00:00","breadcrumb":{"@id":"https:\/\/www.oarcanjo.net\/site\/santos-gervasio-e-protasio\/#breadcrumb"},"inLanguage":"pt-BR","potentialAction":[{"@type":"ReadAction","target":["https:\/\/www.oarcanjo.net\/site\/santos-gervasio-e-protasio\/"]}]},{"@type":"ImageObject","inLanguage":"pt-BR","@id":"https:\/\/www.oarcanjo.net\/site\/santos-gervasio-e-protasio\/#primaryimage","url":"http:\/\/2.bp.blogspot.com\/_z-c0Sh5Zlrs\/SJwDlG6ruMI\/AAAAAAAABl8\/a48oiuLMTcY\/s400\/Santos+Gerv%C3%A1sio+e+Prot%C3%A1sio.jpg","contentUrl":"http:\/\/2.bp.blogspot.com\/_z-c0Sh5Zlrs\/SJwDlG6ruMI\/AAAAAAAABl8\/a48oiuLMTcY\/s400\/Santos+Gerv%C3%A1sio+e+Prot%C3%A1sio.jpg"},{"@type":"BreadcrumbList","@id":"https:\/\/www.oarcanjo.net\/site\/santos-gervasio-e-protasio\/#breadcrumb","itemListElement":[{"@type":"ListItem","position":1,"name":"In\u00edcio","item":"https:\/\/www.oarcanjo.net\/site\/"},{"@type":"ListItem","position":2,"name":"Santos Gerv\u00e1sio e Prot\u00e1sio"}]},{"@type":"WebSite","@id":"https:\/\/www.oarcanjo.net\/site\/#website","url":"https:\/\/www.oarcanjo.net\/site\/","name":"O Arcanjo no ar","description":"Site da Par\u00f3quia S\u00e3o Miguel Arcanjo (Arquidiocese de SP)","publisher":{"@id":"https:\/\/www.oarcanjo.net\/site\/#organization"},"potentialAction":[{"@type":"SearchAction","target":{"@type":"EntryPoint","urlTemplate":"https:\/\/www.oarcanjo.net\/site\/?s={search_term_string}"},"query-input":{"@type":"PropertyValueSpecification","valueRequired":true,"valueName":"search_term_string"}}],"inLanguage":"pt-BR"},{"@type":"Organization","@id":"https:\/\/www.oarcanjo.net\/site\/#organization","name":"Par\u00f3quia S\u00e3o Miguel Arcanjo","url":"https:\/\/www.oarcanjo.net\/site\/","logo":{"@type":"ImageObject","inLanguage":"pt-BR","@id":"https:\/\/www.oarcanjo.net\/site\/#\/schema\/logo\/image\/","url":"https:\/\/www.oarcanjo.net\/site\/wp-content\/uploads\/LogoOArcanjo.png","contentUrl":"https:\/\/www.oarcanjo.net\/site\/wp-content\/uploads\/LogoOArcanjo.png","width":319,"height":99,"caption":"Par\u00f3quia S\u00e3o Miguel Arcanjo"},"image":{"@id":"https:\/\/www.oarcanjo.net\/site\/#\/schema\/logo\/image\/"},"sameAs":["https:\/\/www.facebook.com\/OArcanjoNoAr\/"]},{"@type":"Person","@id":"https:\/\/www.oarcanjo.net\/site\/#\/schema\/person\/5eb9480bedd2f3c97e430ce128c29c6c","name":"danilo"}]}},"publishpress_future_action":{"enabled":false,"date":"2026-05-08 09:15:29","action":"category","newStatus":"draft","terms":[],"taxonomy":"category"},"publishpress_future_workflow_manual_trigger":{"enabledWorkflows":[]},"_links":{"self":[{"href":"https:\/\/www.oarcanjo.net\/site\/wp-json\/wp\/v2\/posts\/9851"}],"collection":[{"href":"https:\/\/www.oarcanjo.net\/site\/wp-json\/wp\/v2\/posts"}],"about":[{"href":"https:\/\/www.oarcanjo.net\/site\/wp-json\/wp\/v2\/types\/post"}],"author":[{"embeddable":true,"href":"https:\/\/www.oarcanjo.net\/site\/wp-json\/wp\/v2\/users\/14"}],"replies":[{"embeddable":true,"href":"https:\/\/www.oarcanjo.net\/site\/wp-json\/wp\/v2\/comments?post=9851"}],"version-history":[{"count":0,"href":"https:\/\/www.oarcanjo.net\/site\/wp-json\/wp\/v2\/posts\/9851\/revisions"}],"wp:attachment":[{"href":"https:\/\/www.oarcanjo.net\/site\/wp-json\/wp\/v2\/media?parent=9851"}],"wp:term":[{"taxonomy":"category","embeddable":true,"href":"https:\/\/www.oarcanjo.net\/site\/wp-json\/wp\/v2\/categories?post=9851"},{"taxonomy":"post_tag","embeddable":true,"href":"https:\/\/www.oarcanjo.net\/site\/wp-json\/wp\/v2\/tags?post=9851"}],"curies":[{"name":"wp","href":"https:\/\/api.w.org\/{rel}","templated":true}]}}