
{"id":9855,"date":"2019-06-21T00:27:45","date_gmt":"2019-06-21T03:27:45","guid":{"rendered":"http:\/\/www.oarcanjo.net\/site\/?p=9855"},"modified":"2021-03-04T10:38:16","modified_gmt":"2021-03-04T13:38:16","slug":"sao-luis-gonzaga","status":"publish","type":"post","link":"https:\/\/www.oarcanjo.net\/site\/sao-luis-gonzaga\/","title":{"rendered":"S\u00e3o Lu\u00eds Gonzaga"},"content":{"rendered":"<p><img loading=\"lazy\" decoding=\"async\" class=\"alignnone  wp-image-106545\" src=\"https:\/\/www.oarcanjo.net\/site\/wp-content\/uploads\/Sao-Luiz-Gonzaga.jpg\" alt=\"\" width=\"309\" height=\"527\"><\/p>\n<p>21 de Junho<\/p>\n<p>Lu\u00eds nasceu no dia 9 de mar\u00e7o de 1568, na It\u00e1lia. Foi o primeiro dos sete filhos de Ferrante Gonzaga, marqu\u00eas de Castiglione delle Stiviere e sobrinho do duque de M\u00e2ntua. Seu pai, que servia ao rei da Espanha, sonhava ver seu herdeiro e sucessor ingressar nas fileiras daquele ex\u00e9rcito. Por isso, desde pequenino, Lu\u00eds era visto vestido como soldado, marchando atr\u00e1s do batalh\u00e3o ao qual seu pai orgulhosamente servia.<\/p>\n<p>Entretanto, Lu\u00eds n\u00e3o desejava essa carreira, pois, ainda crian\u00e7a fizera voto de castidade. Quando tinha dez anos, foi enviado a Floren\u00e7a na qualidade de pajem de honra do gr\u00e3o-duque de Toscana. Posteriormente, foi \u00e0 Espanha, para ser pajem do infante dom Diego, per\u00edodo em que aproveitou para estudar filosofia na universidade de Alcal\u00e1 de Henares. Com doze anos, recebeu a primeira comunh\u00e3o diretamente das m\u00e3os de Carlos Borromeu, hoje santo da Igreja.<\/p>\n<p>Desejava ingressar na vida religiosa, mas seu pai demorou cerca de dois anos para convencer-se de sua voca\u00e7\u00e3o. At\u00e9 que consentiu; mas antes de concordar definitivamente, ele enviou Lu\u00eds \u00e0s cortes de Ferrara, Parma e Turim, tentando fazer com que o filho se deixasse seduzir pelas honras da nobreza dessas cortes.<\/p>\n<p>Lu\u00eds tinha quatorze anos quando venceu as resist\u00eancias do pai, renunciou ao t\u00edtulo a que tinha direito por descend\u00eancia e \u00e0 heran\u00e7a da fam\u00edlia e entrou para o noviciado romano dos jesu\u00edtas, sob a dire\u00e7\u00e3o de Roberto Belarmino, o qual, depois, tamb\u00e9m foi canonizado.<\/p>\n<p>L\u00e1 escolheu para si as incumb\u00eancias mais humildes e o atendimento aos doentes, principalmente durante as epidemias que atingiram Roma, em 1590, esquecendo totalmente suas origens aristocr\u00e1ticas. Consta que, certa vez, Lu\u00eds carregou nos ombros um moribundo que encontrou no caminho, levando-o ao hospital. Isso fez com que contra\u00edsse a peste que assolava a cidade.<\/p>\n<p>Lu\u00eds Gonzaga morreu com apenas vinte e tr\u00eas anos, em 21 de junho de 1591. Segundo a tradi\u00e7\u00e3o, ainda na inf\u00e2ncia preconizara a data de sua morte, previs\u00e3o que ningu\u00e9m considerou por causa de sua pouca idade. Mas ele estava certo.<\/p>\n<p>O papa Bento XIII, em 1726, canonizou Lu\u00eds Gonzaga e proclamou-o Padroeiro da Juventude. A igreja de Santo In\u00e1cio, em Roma, guarda as suas rel\u00edquias, que s\u00e3o veneradas no dia de sua morte. Enquanto a capa que s\u00e3o Lu\u00eds Gonzaga usava encontra-se na bel\u00edssima bas\u00edlica dedicada a ele, em Castiglione delle Stiviere, sua cidade natal.<\/p>\n<div id=\"themify_builder_content-9855\" data-postid=\"9855\" class=\"themify_builder_content themify_builder_content-9855 themify_builder themify_builder_front\">\n\t<\/div>\n<!-- \/themify_builder_content -->","protected":false},"excerpt":{"rendered":"<p>21 de Junho Lu\u00eds nasceu no dia 9 de mar\u00e7o de 1568, na It\u00e1lia. Foi o primeiro dos sete filhos de Ferrante Gonzaga, marqu\u00eas de Castiglione delle Stiviere e sobrinho do duque de M\u00e2ntua. Seu pai, que servia ao rei da Espanha, sonhava ver seu herdeiro e sucessor ingressar nas fileiras daquele ex\u00e9rcito. Por isso, [&hellip;]<\/p>\n","protected":false},"author":14,"featured_media":0,"comment_status":"open","ping_status":"open","sticky":false,"template":"","format":"standard","meta":{"ngg_post_thumbnail":0,"footnotes":""},"categories":[186],"tags":[],"yoast_head":"<!-- This site is optimized with the Yoast SEO plugin v23.5 - https:\/\/yoast.com\/wordpress\/plugins\/seo\/ -->\n<title>S\u00e3o Lu\u00eds Gonzaga - O Arcanjo no ar<\/title>\n<meta name=\"robots\" content=\"index, follow, max-snippet:-1, max-image-preview:large, max-video-preview:-1\" \/>\n<link rel=\"canonical\" href=\"https:\/\/www.oarcanjo.net\/site\/sao-luis-gonzaga\/\" \/>\n<meta property=\"og:locale\" content=\"pt_BR\" \/>\n<meta property=\"og:type\" content=\"article\" \/>\n<meta property=\"og:title\" content=\"S\u00e3o Lu\u00eds Gonzaga - O Arcanjo no ar\" \/>\n<meta property=\"og:description\" content=\"21 de Junho Lu\u00eds nasceu no dia 9 de mar\u00e7o de 1568, na It\u00e1lia. Foi o primeiro dos sete filhos de Ferrante Gonzaga, marqu\u00eas de Castiglione delle Stiviere e sobrinho do duque de M\u00e2ntua. Seu pai, que servia ao rei da Espanha, sonhava ver seu herdeiro e sucessor ingressar nas fileiras daquele ex\u00e9rcito. Por isso, [&hellip;]\" \/>\n<meta property=\"og:url\" content=\"https:\/\/www.oarcanjo.net\/site\/sao-luis-gonzaga\/\" \/>\n<meta property=\"og:site_name\" content=\"O Arcanjo no ar\" \/>\n<meta property=\"article:publisher\" content=\"https:\/\/www.facebook.com\/OArcanjoNoAr\/\" \/>\n<meta property=\"article:published_time\" content=\"2019-06-21T03:27:45+00:00\" \/>\n<meta property=\"article:modified_time\" content=\"2021-03-04T13:38:16+00:00\" \/>\n<meta property=\"og:image\" content=\"https:\/\/www.oarcanjo.net\/site\/wp-content\/uploads\/Sao-Luiz-Gonzaga.jpg\" \/>\n<meta name=\"author\" content=\"danilo\" \/>\n<meta name=\"twitter:card\" content=\"summary_large_image\" \/>\n<meta name=\"twitter:label1\" content=\"Escrito por\" \/>\n\t<meta name=\"twitter:data1\" content=\"danilo\" \/>\n\t<meta name=\"twitter:label2\" content=\"Est. tempo de leitura\" \/>\n\t<meta name=\"twitter:data2\" content=\"2 minutos\" \/>\n<script type=\"application\/ld+json\" class=\"yoast-schema-graph\">{\"@context\":\"https:\/\/schema.org\",\"@graph\":[{\"@type\":\"Article\",\"@id\":\"https:\/\/www.oarcanjo.net\/site\/sao-luis-gonzaga\/#article\",\"isPartOf\":{\"@id\":\"https:\/\/www.oarcanjo.net\/site\/sao-luis-gonzaga\/\"},\"author\":{\"name\":\"danilo\",\"@id\":\"https:\/\/www.oarcanjo.net\/site\/#\/schema\/person\/5eb9480bedd2f3c97e430ce128c29c6c\"},\"headline\":\"S\u00e3o Lu\u00eds Gonzaga\",\"datePublished\":\"2019-06-21T03:27:45+00:00\",\"dateModified\":\"2021-03-04T13:38:16+00:00\",\"mainEntityOfPage\":{\"@id\":\"https:\/\/www.oarcanjo.net\/site\/sao-luis-gonzaga\/\"},\"wordCount\":433,\"commentCount\":0,\"publisher\":{\"@id\":\"https:\/\/www.oarcanjo.net\/site\/#organization\"},\"image\":{\"@id\":\"https:\/\/www.oarcanjo.net\/site\/sao-luis-gonzaga\/#primaryimage\"},\"thumbnailUrl\":\"https:\/\/www.oarcanjo.net\/site\/wp-content\/uploads\/Sao-Luiz-Gonzaga.jpg\",\"articleSection\":[\"Testemunhos\"],\"inLanguage\":\"pt-BR\",\"potentialAction\":[{\"@type\":\"CommentAction\",\"name\":\"Comment\",\"target\":[\"https:\/\/www.oarcanjo.net\/site\/sao-luis-gonzaga\/#respond\"]}]},{\"@type\":\"WebPage\",\"@id\":\"https:\/\/www.oarcanjo.net\/site\/sao-luis-gonzaga\/\",\"url\":\"https:\/\/www.oarcanjo.net\/site\/sao-luis-gonzaga\/\",\"name\":\"S\u00e3o Lu\u00eds Gonzaga - O Arcanjo no ar\",\"isPartOf\":{\"@id\":\"https:\/\/www.oarcanjo.net\/site\/#website\"},\"primaryImageOfPage\":{\"@id\":\"https:\/\/www.oarcanjo.net\/site\/sao-luis-gonzaga\/#primaryimage\"},\"image\":{\"@id\":\"https:\/\/www.oarcanjo.net\/site\/sao-luis-gonzaga\/#primaryimage\"},\"thumbnailUrl\":\"https:\/\/www.oarcanjo.net\/site\/wp-content\/uploads\/Sao-Luiz-Gonzaga.jpg\",\"datePublished\":\"2019-06-21T03:27:45+00:00\",\"dateModified\":\"2021-03-04T13:38:16+00:00\",\"breadcrumb\":{\"@id\":\"https:\/\/www.oarcanjo.net\/site\/sao-luis-gonzaga\/#breadcrumb\"},\"inLanguage\":\"pt-BR\",\"potentialAction\":[{\"@type\":\"ReadAction\",\"target\":[\"https:\/\/www.oarcanjo.net\/site\/sao-luis-gonzaga\/\"]}]},{\"@type\":\"ImageObject\",\"inLanguage\":\"pt-BR\",\"@id\":\"https:\/\/www.oarcanjo.net\/site\/sao-luis-gonzaga\/#primaryimage\",\"url\":\"https:\/\/www.oarcanjo.net\/site\/wp-content\/uploads\/Sao-Luiz-Gonzaga.jpg\",\"contentUrl\":\"https:\/\/www.oarcanjo.net\/site\/wp-content\/uploads\/Sao-Luiz-Gonzaga.jpg\",\"width\":800,\"height\":1148},{\"@type\":\"BreadcrumbList\",\"@id\":\"https:\/\/www.oarcanjo.net\/site\/sao-luis-gonzaga\/#breadcrumb\",\"itemListElement\":[{\"@type\":\"ListItem\",\"position\":1,\"name\":\"In\u00edcio\",\"item\":\"https:\/\/www.oarcanjo.net\/site\/\"},{\"@type\":\"ListItem\",\"position\":2,\"name\":\"S\u00e3o Lu\u00eds Gonzaga\"}]},{\"@type\":\"WebSite\",\"@id\":\"https:\/\/www.oarcanjo.net\/site\/#website\",\"url\":\"https:\/\/www.oarcanjo.net\/site\/\",\"name\":\"O Arcanjo no ar\",\"description\":\"Site da Par\u00f3quia S\u00e3o Miguel Arcanjo (Arquidiocese de SP)\",\"publisher\":{\"@id\":\"https:\/\/www.oarcanjo.net\/site\/#organization\"},\"potentialAction\":[{\"@type\":\"SearchAction\",\"target\":{\"@type\":\"EntryPoint\",\"urlTemplate\":\"https:\/\/www.oarcanjo.net\/site\/?s={search_term_string}\"},\"query-input\":{\"@type\":\"PropertyValueSpecification\",\"valueRequired\":true,\"valueName\":\"search_term_string\"}}],\"inLanguage\":\"pt-BR\"},{\"@type\":\"Organization\",\"@id\":\"https:\/\/www.oarcanjo.net\/site\/#organization\",\"name\":\"Par\u00f3quia S\u00e3o Miguel Arcanjo\",\"url\":\"https:\/\/www.oarcanjo.net\/site\/\",\"logo\":{\"@type\":\"ImageObject\",\"inLanguage\":\"pt-BR\",\"@id\":\"https:\/\/www.oarcanjo.net\/site\/#\/schema\/logo\/image\/\",\"url\":\"https:\/\/www.oarcanjo.net\/site\/wp-content\/uploads\/LogoOArcanjo.png\",\"contentUrl\":\"https:\/\/www.oarcanjo.net\/site\/wp-content\/uploads\/LogoOArcanjo.png\",\"width\":319,\"height\":99,\"caption\":\"Par\u00f3quia S\u00e3o Miguel Arcanjo\"},\"image\":{\"@id\":\"https:\/\/www.oarcanjo.net\/site\/#\/schema\/logo\/image\/\"},\"sameAs\":[\"https:\/\/www.facebook.com\/OArcanjoNoAr\/\"]},{\"@type\":\"Person\",\"@id\":\"https:\/\/www.oarcanjo.net\/site\/#\/schema\/person\/5eb9480bedd2f3c97e430ce128c29c6c\",\"name\":\"danilo\"}]}<\/script>\n<!-- \/ Yoast SEO plugin. -->","yoast_head_json":{"title":"S\u00e3o Lu\u00eds Gonzaga - O Arcanjo no ar","robots":{"index":"index","follow":"follow","max-snippet":"max-snippet:-1","max-image-preview":"max-image-preview:large","max-video-preview":"max-video-preview:-1"},"canonical":"https:\/\/www.oarcanjo.net\/site\/sao-luis-gonzaga\/","og_locale":"pt_BR","og_type":"article","og_title":"S\u00e3o Lu\u00eds Gonzaga - O Arcanjo no ar","og_description":"21 de Junho Lu\u00eds nasceu no dia 9 de mar\u00e7o de 1568, na It\u00e1lia. Foi o primeiro dos sete filhos de Ferrante Gonzaga, marqu\u00eas de Castiglione delle Stiviere e sobrinho do duque de M\u00e2ntua. Seu pai, que servia ao rei da Espanha, sonhava ver seu herdeiro e sucessor ingressar nas fileiras daquele ex\u00e9rcito. Por isso, [&hellip;]","og_url":"https:\/\/www.oarcanjo.net\/site\/sao-luis-gonzaga\/","og_site_name":"O Arcanjo no ar","article_publisher":"https:\/\/www.facebook.com\/OArcanjoNoAr\/","article_published_time":"2019-06-21T03:27:45+00:00","article_modified_time":"2021-03-04T13:38:16+00:00","og_image":[{"url":"https:\/\/www.oarcanjo.net\/site\/wp-content\/uploads\/Sao-Luiz-Gonzaga.jpg"}],"author":"danilo","twitter_card":"summary_large_image","twitter_misc":{"Escrito por":"danilo","Est. tempo de leitura":"2 minutos"},"schema":{"@context":"https:\/\/schema.org","@graph":[{"@type":"Article","@id":"https:\/\/www.oarcanjo.net\/site\/sao-luis-gonzaga\/#article","isPartOf":{"@id":"https:\/\/www.oarcanjo.net\/site\/sao-luis-gonzaga\/"},"author":{"name":"danilo","@id":"https:\/\/www.oarcanjo.net\/site\/#\/schema\/person\/5eb9480bedd2f3c97e430ce128c29c6c"},"headline":"S\u00e3o Lu\u00eds Gonzaga","datePublished":"2019-06-21T03:27:45+00:00","dateModified":"2021-03-04T13:38:16+00:00","mainEntityOfPage":{"@id":"https:\/\/www.oarcanjo.net\/site\/sao-luis-gonzaga\/"},"wordCount":433,"commentCount":0,"publisher":{"@id":"https:\/\/www.oarcanjo.net\/site\/#organization"},"image":{"@id":"https:\/\/www.oarcanjo.net\/site\/sao-luis-gonzaga\/#primaryimage"},"thumbnailUrl":"https:\/\/www.oarcanjo.net\/site\/wp-content\/uploads\/Sao-Luiz-Gonzaga.jpg","articleSection":["Testemunhos"],"inLanguage":"pt-BR","potentialAction":[{"@type":"CommentAction","name":"Comment","target":["https:\/\/www.oarcanjo.net\/site\/sao-luis-gonzaga\/#respond"]}]},{"@type":"WebPage","@id":"https:\/\/www.oarcanjo.net\/site\/sao-luis-gonzaga\/","url":"https:\/\/www.oarcanjo.net\/site\/sao-luis-gonzaga\/","name":"S\u00e3o Lu\u00eds Gonzaga - O Arcanjo no ar","isPartOf":{"@id":"https:\/\/www.oarcanjo.net\/site\/#website"},"primaryImageOfPage":{"@id":"https:\/\/www.oarcanjo.net\/site\/sao-luis-gonzaga\/#primaryimage"},"image":{"@id":"https:\/\/www.oarcanjo.net\/site\/sao-luis-gonzaga\/#primaryimage"},"thumbnailUrl":"https:\/\/www.oarcanjo.net\/site\/wp-content\/uploads\/Sao-Luiz-Gonzaga.jpg","datePublished":"2019-06-21T03:27:45+00:00","dateModified":"2021-03-04T13:38:16+00:00","breadcrumb":{"@id":"https:\/\/www.oarcanjo.net\/site\/sao-luis-gonzaga\/#breadcrumb"},"inLanguage":"pt-BR","potentialAction":[{"@type":"ReadAction","target":["https:\/\/www.oarcanjo.net\/site\/sao-luis-gonzaga\/"]}]},{"@type":"ImageObject","inLanguage":"pt-BR","@id":"https:\/\/www.oarcanjo.net\/site\/sao-luis-gonzaga\/#primaryimage","url":"https:\/\/www.oarcanjo.net\/site\/wp-content\/uploads\/Sao-Luiz-Gonzaga.jpg","contentUrl":"https:\/\/www.oarcanjo.net\/site\/wp-content\/uploads\/Sao-Luiz-Gonzaga.jpg","width":800,"height":1148},{"@type":"BreadcrumbList","@id":"https:\/\/www.oarcanjo.net\/site\/sao-luis-gonzaga\/#breadcrumb","itemListElement":[{"@type":"ListItem","position":1,"name":"In\u00edcio","item":"https:\/\/www.oarcanjo.net\/site\/"},{"@type":"ListItem","position":2,"name":"S\u00e3o Lu\u00eds Gonzaga"}]},{"@type":"WebSite","@id":"https:\/\/www.oarcanjo.net\/site\/#website","url":"https:\/\/www.oarcanjo.net\/site\/","name":"O Arcanjo no ar","description":"Site da Par\u00f3quia S\u00e3o Miguel Arcanjo (Arquidiocese de SP)","publisher":{"@id":"https:\/\/www.oarcanjo.net\/site\/#organization"},"potentialAction":[{"@type":"SearchAction","target":{"@type":"EntryPoint","urlTemplate":"https:\/\/www.oarcanjo.net\/site\/?s={search_term_string}"},"query-input":{"@type":"PropertyValueSpecification","valueRequired":true,"valueName":"search_term_string"}}],"inLanguage":"pt-BR"},{"@type":"Organization","@id":"https:\/\/www.oarcanjo.net\/site\/#organization","name":"Par\u00f3quia S\u00e3o Miguel Arcanjo","url":"https:\/\/www.oarcanjo.net\/site\/","logo":{"@type":"ImageObject","inLanguage":"pt-BR","@id":"https:\/\/www.oarcanjo.net\/site\/#\/schema\/logo\/image\/","url":"https:\/\/www.oarcanjo.net\/site\/wp-content\/uploads\/LogoOArcanjo.png","contentUrl":"https:\/\/www.oarcanjo.net\/site\/wp-content\/uploads\/LogoOArcanjo.png","width":319,"height":99,"caption":"Par\u00f3quia S\u00e3o Miguel Arcanjo"},"image":{"@id":"https:\/\/www.oarcanjo.net\/site\/#\/schema\/logo\/image\/"},"sameAs":["https:\/\/www.facebook.com\/OArcanjoNoAr\/"]},{"@type":"Person","@id":"https:\/\/www.oarcanjo.net\/site\/#\/schema\/person\/5eb9480bedd2f3c97e430ce128c29c6c","name":"danilo"}]}},"publishpress_future_action":{"enabled":false,"date":"2026-05-08 10:23:08","action":"category","newStatus":"draft","terms":[],"taxonomy":"category"},"publishpress_future_workflow_manual_trigger":{"enabledWorkflows":[]},"_links":{"self":[{"href":"https:\/\/www.oarcanjo.net\/site\/wp-json\/wp\/v2\/posts\/9855"}],"collection":[{"href":"https:\/\/www.oarcanjo.net\/site\/wp-json\/wp\/v2\/posts"}],"about":[{"href":"https:\/\/www.oarcanjo.net\/site\/wp-json\/wp\/v2\/types\/post"}],"author":[{"embeddable":true,"href":"https:\/\/www.oarcanjo.net\/site\/wp-json\/wp\/v2\/users\/14"}],"replies":[{"embeddable":true,"href":"https:\/\/www.oarcanjo.net\/site\/wp-json\/wp\/v2\/comments?post=9855"}],"version-history":[{"count":3,"href":"https:\/\/www.oarcanjo.net\/site\/wp-json\/wp\/v2\/posts\/9855\/revisions"}],"predecessor-version":[{"id":106544,"href":"https:\/\/www.oarcanjo.net\/site\/wp-json\/wp\/v2\/posts\/9855\/revisions\/106544"}],"wp:attachment":[{"href":"https:\/\/www.oarcanjo.net\/site\/wp-json\/wp\/v2\/media?parent=9855"}],"wp:term":[{"taxonomy":"category","embeddable":true,"href":"https:\/\/www.oarcanjo.net\/site\/wp-json\/wp\/v2\/categories?post=9855"},{"taxonomy":"post_tag","embeddable":true,"href":"https:\/\/www.oarcanjo.net\/site\/wp-json\/wp\/v2\/tags?post=9855"}],"curies":[{"name":"wp","href":"https:\/\/api.w.org\/{rel}","templated":true}]}}