
{"id":9859,"date":"2010-06-17T18:29:35","date_gmt":"2010-06-17T21:29:35","guid":{"rendered":"http:\/\/www.oarcanjo.net\/site\/?p=9859"},"modified":"2010-06-17T18:29:35","modified_gmt":"2010-06-17T21:29:35","slug":"reforma-agraria-interessa-ao-campo-e-a-cidade","status":"publish","type":"post","link":"https:\/\/www.oarcanjo.net\/site\/reforma-agraria-interessa-ao-campo-e-a-cidade\/","title":{"rendered":"Reforma agr\u00e1ria interessa ao campo e \u00e0 cidade"},"content":{"rendered":"<p>CPT-BA<\/p>\n<p><em>Este ano ser\u00e1 realizado um Plebiscito Popular que consultar\u00e1 a sociedade brasileira sobre o limite da propriedade da terra. Para C\u00e1tia Cardoso, a efetiva\u00e7\u00e3o desse limite e da Reforma Agr\u00e1ria vai permitir mais justi\u00e7a e dignidade para o conjunto do povo brasileiro.<\/em><\/p>\n<p><em>Coordenadora da C\u00e1ritas Bahia-Sergipe e integrante da Coordena\u00e7\u00e3o Estadual da Campanha pelo Limite da Propriedade da Terra, C\u00e1tia nos fala sobre o hist\u00f3rico da campanha, as principais dificuldades em pautar a quest\u00e3o agr\u00e1ria e as perspectivas com a realiza\u00e7\u00e3o do plebiscito popular.<\/em><\/p>\n<p><em>Confira a entrevista<\/em><\/p>\n<p>Entrevista com C\u00e1tia Cardoso, da Coordena\u00e7\u00e3o da C\u00e1ritas Bahia-Sergipe<\/p>\n<p>-Em que contexto surge a Campanha pelo Limite da Propriedade da Terra?<\/p>\n<p>-A Campanha surgiu em 1998, quando t\u00ednhamos na sociedade um debate j\u00e1 bem aprofundado em torno da import\u00e2ncia da Reforma Agr\u00e1ria. Naquela \u00e9poca, dados apontavam uma aceita\u00e7\u00e3o de 68% da sociedade brasileira em torno desse tema, porque consegu\u00edamos naquele momento articular o debate da Reforma Agr\u00e1ria com as quest\u00f5es relativas ao emprego e renda, \u00e0 diminui\u00e7\u00e3o do \u00eaxodo rural, ao modelo de desenvolvimento sustent\u00e1vel. Ent\u00e3o, foi um momento onde havia um ac\u00famulo de mobiliza\u00e7\u00e3o na sociedade que nos permitia trazer o debate sobre o limite da propriedade.<\/p>\n<p>-De 1998 at\u00e9 hoje, com a realiza\u00e7\u00e3o do Plebiscito, quais as principais a\u00e7\u00f5es e resultados que a Campanha j\u00e1 gerou?<\/p>\n<p>-Ao longo desse per\u00edodo estamos acumulando no debate pol\u00edtico na sociedade na compreens\u00e3o da import\u00e2ncia do limite da propriedade, no sentido de garantir um modelo de desenvolvimento que permita at\u00e9 um papel social que n\u00f3s conseguimos garantir na Constitui\u00e7\u00e3o de 88, mas que de fato ainda n\u00e3o se materializa. Ent\u00e3o, nessa trajet\u00f3ria tivemos em 2000 a discuss\u00e3o sobre a elabora\u00e7\u00e3o da emenda constitucional do limite da propriedade e temos trabalhado ao longo desse per\u00edodo com grandes atividades, envolvendo principalmente os trabalhadores rurais, as comunidades tradicionais, ind\u00edgenas, quilombolas, popula\u00e7\u00f5es ribeirinhas, pescadores, que s\u00e3o os povos diretamente envolvidos na import\u00e2ncia da limita\u00e7\u00e3o da propriedade e da materializa\u00e7\u00e3o concreta do processo de Reforma Agr\u00e1ria no Brasil.<\/p>\n<p>-Quais t\u00eam sido as principais dificuldades encontradas em pautar a quest\u00e3o agr\u00e1ria na sociedade?<\/p>\n<p>-Temos, historicamente, um Estado Brasileiro que se organiza a partir do interesse do grande latif\u00fandio, desde o processo da coloniza\u00e7\u00e3o portuguesa. E isso tem sido uma dificuldade concreta dentro dos espa\u00e7os de formula\u00e7\u00e3o das leis, de efetiva\u00e7\u00e3o dos direitos garantidos. Al\u00e9m disso, h\u00e1 o processo de informa\u00e7\u00e3o, afinal temos os grandes ve\u00edculos de comunica\u00e7\u00e3o que tamb\u00e9m se posicionam numa perspectiva de defesa desse modelo de concentra\u00e7\u00e3o de terra e de riquezas.<\/p>\n<p>Ent\u00e3o, furar esse espa\u00e7o de informa\u00e7\u00e3o e garantir um debate amplo na sociedade de que se limitarmos a propriedade e fizermos a Reforma Agr\u00e1ria, como muitos pa\u00edses da Europa e da pr\u00f3pria Am\u00e9rica j\u00e1 t\u00eam isso garantido em sua legisla\u00e7\u00e3o e efetivado, vamos avan\u00e7ar para uma sociedade mais justa, mais digna para o conjunto do povo brasileiro.<\/p>\n<p>Enfim, esses t\u00eam sido os nossos grandes imites: o posicionamento dos nossos governantes e tamb\u00e9m a barreira midi\u00e1tica que os grandes ve\u00edculos imp\u00f5em. Precisamos superar para avan\u00e7ar num processo de mobiliza\u00e7\u00e3o mais caudaloso que gere a transforma\u00e7\u00e3o social.<\/p>\n<p>-Muito tem se discutido sobre a necessidade de articular campo e cidade para a transforma\u00e7\u00e3o social. Mas, como de fato, tem sido feito o debate da quest\u00e3o agr\u00e1ria junto ao p\u00fablico urbano?<\/p>\n<p>-Nesse per\u00edodo de 98 culminando agora com o Plebiscito temos conseguido construir um debate que vai dando maior visibilidade a essa rela\u00e7\u00e3o. Quando discutimos, por exemplo, o crescimento da viol\u00eancia, o aumento do desemprego, a falta de respostas que esse tipo de desenvolvimento d\u00e1 no sentido de distribui\u00e7\u00e3o de riquezas, da concentra\u00e7\u00e3o de renda que continua crescente no Brasil, visualizamos e estamos conseguindo pontuar que o processo da Reforma Agr\u00e1ria, o processo do limite da propriedade vai permitir uma fixa\u00e7\u00e3o maior dos povos tradicionais, dos agricultores nas suas comunidades de forma produtiva.<\/p>\n<p>Al\u00e9m disso, o pr\u00f3prio processo de alimenta\u00e7\u00e3o das cidades depende da agricultura familiar, depende das pequenas propriedades. O Brasil \u00e9 hoje o quarto produtor de gr\u00e3os, mas \u00e9 tamb\u00e9m um pa\u00eds com \u00edndice grande de fome, de mortalidade infantil por desnutri\u00e7\u00e3o. Ent\u00e3o, temos conseguido estabelecer isso de uma forma muito concreta. Tudo isso facilita a aproxima\u00e7\u00e3o com o movimento urbano, que se reflete com a participa\u00e7\u00e3o ativa de movimentos sem-teto, movimentos de desempregados, movimento negro e a juventude das cidades.<\/p>\n<p>-Ao final do dia 7 de setembro, que resultado voc\u00ea deseja que o Plebiscito deixe para a sociedade brasileira?<\/p>\n<p>-A concretiza\u00e7\u00e3o, de fato, da lei que limite a propriedade da terra. Por isso, estamos trabalhando de uma forma articulada, com o abaixo-assinado para a constitui\u00e7\u00e3o de um Projeto de Lei de Iniciativa Popular para o limite da propriedade.<\/p>\n<p>Ent\u00e3o, queremos mostrar que a sociedade Brasileira \u00e9 favor\u00e1vel ao limite da propriedade e estamos trabalhando para que possamos ter uma quantidade de participa\u00e7\u00e3o que represente esse posicionamento da sociedade. Mas concretamente tamb\u00e9m conseguir ter as assinaturas de 1% do eleitorado brasileiro para que possamos apresentar a lei como apresentamos a lei do Ficha Limpa, a lei de iniciativa popular do combate \u00e0 corrup\u00e7\u00e3o eleitoral. Acreditamos que vamos conseguir concretizar isso tamb\u00e9m com rela\u00e7\u00e3o ao limite da propriedade da terra.<\/p>\n<p>Entrevista realizada por Paulo Victor Melo<br \/>\nComunica\u00e7\u00e3o CPT Juazeiro &#8211; Bahia<br \/>\nPublicada pela Ag\u00eancia Adital<\/p>\n<div id=\"themify_builder_content-9859\" data-postid=\"9859\" class=\"themify_builder_content themify_builder_content-9859 themify_builder themify_builder_front\">\n\t<\/div>\n<!-- \/themify_builder_content -->","protected":false},"excerpt":{"rendered":"<p>CPT-BA Este ano ser\u00e1 realizado um Plebiscito Popular que consultar\u00e1 a sociedade brasileira sobre o limite da propriedade da terra. Para C\u00e1tia Cardoso, a efetiva\u00e7\u00e3o desse limite e da Reforma Agr\u00e1ria vai permitir mais justi\u00e7a e dignidade para o conjunto do povo brasileiro. Coordenadora da C\u00e1ritas Bahia-Sergipe e integrante da Coordena\u00e7\u00e3o Estadual da Campanha pelo [&hellip;]<\/p>\n","protected":false},"author":5,"featured_media":0,"comment_status":"open","ping_status":"open","sticky":false,"template":"","format":"standard","meta":{"ngg_post_thumbnail":0,"footnotes":""},"categories":[8],"tags":[264,1640,75,1021,341,1639,293],"yoast_head":"<!-- This site is optimized with the Yoast SEO plugin v23.5 - https:\/\/yoast.com\/wordpress\/plugins\/seo\/ -->\n<title>Reforma agr\u00e1ria interessa ao campo e \u00e0 cidade - O Arcanjo no ar<\/title>\n<meta name=\"robots\" content=\"index, follow, max-snippet:-1, max-image-preview:large, max-video-preview:-1\" \/>\n<link rel=\"canonical\" href=\"https:\/\/www.oarcanjo.net\/site\/reforma-agraria-interessa-ao-campo-e-a-cidade\/\" \/>\n<meta property=\"og:locale\" content=\"pt_BR\" \/>\n<meta property=\"og:type\" content=\"article\" \/>\n<meta property=\"og:title\" content=\"Reforma agr\u00e1ria interessa ao campo e \u00e0 cidade - O Arcanjo no ar\" \/>\n<meta property=\"og:description\" content=\"CPT-BA Este ano ser\u00e1 realizado um Plebiscito Popular que consultar\u00e1 a sociedade brasileira sobre o limite da propriedade da terra. Para C\u00e1tia Cardoso, a efetiva\u00e7\u00e3o desse limite e da Reforma Agr\u00e1ria vai permitir mais justi\u00e7a e dignidade para o conjunto do povo brasileiro. Coordenadora da C\u00e1ritas Bahia-Sergipe e integrante da Coordena\u00e7\u00e3o Estadual da Campanha pelo [&hellip;]\" \/>\n<meta property=\"og:url\" content=\"https:\/\/www.oarcanjo.net\/site\/reforma-agraria-interessa-ao-campo-e-a-cidade\/\" \/>\n<meta property=\"og:site_name\" content=\"O Arcanjo no ar\" \/>\n<meta property=\"article:publisher\" content=\"https:\/\/www.facebook.com\/OArcanjoNoAr\/\" \/>\n<meta property=\"article:published_time\" content=\"2010-06-17T21:29:35+00:00\" \/>\n<meta property=\"og:image\" content=\"https:\/\/www.oarcanjo.net\/site\/wp-content\/uploads\/logo-o-arcanjo-no-ar-facebook.png\" \/>\n\t<meta property=\"og:image:width\" content=\"300\" \/>\n\t<meta property=\"og:image:height\" content=\"300\" \/>\n\t<meta property=\"og:image:type\" content=\"image\/png\" \/>\n<meta name=\"author\" content=\"editor\" \/>\n<meta name=\"twitter:card\" content=\"summary_large_image\" \/>\n<meta name=\"twitter:label1\" content=\"Escrito por\" \/>\n\t<meta name=\"twitter:data1\" content=\"editor\" \/>\n\t<meta name=\"twitter:label2\" content=\"Est. tempo de leitura\" \/>\n\t<meta name=\"twitter:data2\" content=\"5 minutos\" \/>\n<script type=\"application\/ld+json\" class=\"yoast-schema-graph\">{\"@context\":\"https:\/\/schema.org\",\"@graph\":[{\"@type\":\"Article\",\"@id\":\"https:\/\/www.oarcanjo.net\/site\/reforma-agraria-interessa-ao-campo-e-a-cidade\/#article\",\"isPartOf\":{\"@id\":\"https:\/\/www.oarcanjo.net\/site\/reforma-agraria-interessa-ao-campo-e-a-cidade\/\"},\"author\":{\"name\":\"editor\",\"@id\":\"https:\/\/www.oarcanjo.net\/site\/#\/schema\/person\/f7024d007863202483a31326673a0838\"},\"headline\":\"Reforma agr\u00e1ria interessa ao campo e \u00e0 cidade\",\"datePublished\":\"2010-06-17T21:29:35+00:00\",\"dateModified\":\"2010-06-17T21:29:35+00:00\",\"mainEntityOfPage\":{\"@id\":\"https:\/\/www.oarcanjo.net\/site\/reforma-agraria-interessa-ao-campo-e-a-cidade\/\"},\"wordCount\":972,\"commentCount\":0,\"publisher\":{\"@id\":\"https:\/\/www.oarcanjo.net\/site\/#organization\"},\"keywords\":[\"CPT\",\"iniciativa popular de lei\",\"Justi\u00e7a social\",\"mobiliza\u00e7\u00e3o popular\",\"Pastoral da Terra\",\"plebiscito\",\"Reforma agr\u00e1ria\"],\"articleSection\":[\"Not\u00edcias\"],\"inLanguage\":\"pt-BR\",\"potentialAction\":[{\"@type\":\"CommentAction\",\"name\":\"Comment\",\"target\":[\"https:\/\/www.oarcanjo.net\/site\/reforma-agraria-interessa-ao-campo-e-a-cidade\/#respond\"]}]},{\"@type\":\"WebPage\",\"@id\":\"https:\/\/www.oarcanjo.net\/site\/reforma-agraria-interessa-ao-campo-e-a-cidade\/\",\"url\":\"https:\/\/www.oarcanjo.net\/site\/reforma-agraria-interessa-ao-campo-e-a-cidade\/\",\"name\":\"Reforma agr\u00e1ria interessa ao campo e \u00e0 cidade - O Arcanjo no ar\",\"isPartOf\":{\"@id\":\"https:\/\/www.oarcanjo.net\/site\/#website\"},\"datePublished\":\"2010-06-17T21:29:35+00:00\",\"dateModified\":\"2010-06-17T21:29:35+00:00\",\"breadcrumb\":{\"@id\":\"https:\/\/www.oarcanjo.net\/site\/reforma-agraria-interessa-ao-campo-e-a-cidade\/#breadcrumb\"},\"inLanguage\":\"pt-BR\",\"potentialAction\":[{\"@type\":\"ReadAction\",\"target\":[\"https:\/\/www.oarcanjo.net\/site\/reforma-agraria-interessa-ao-campo-e-a-cidade\/\"]}]},{\"@type\":\"BreadcrumbList\",\"@id\":\"https:\/\/www.oarcanjo.net\/site\/reforma-agraria-interessa-ao-campo-e-a-cidade\/#breadcrumb\",\"itemListElement\":[{\"@type\":\"ListItem\",\"position\":1,\"name\":\"In\u00edcio\",\"item\":\"https:\/\/www.oarcanjo.net\/site\/\"},{\"@type\":\"ListItem\",\"position\":2,\"name\":\"Reforma agr\u00e1ria interessa ao campo e \u00e0 cidade\"}]},{\"@type\":\"WebSite\",\"@id\":\"https:\/\/www.oarcanjo.net\/site\/#website\",\"url\":\"https:\/\/www.oarcanjo.net\/site\/\",\"name\":\"O Arcanjo no ar\",\"description\":\"Site da Par\u00f3quia S\u00e3o Miguel Arcanjo (Arquidiocese de SP)\",\"publisher\":{\"@id\":\"https:\/\/www.oarcanjo.net\/site\/#organization\"},\"potentialAction\":[{\"@type\":\"SearchAction\",\"target\":{\"@type\":\"EntryPoint\",\"urlTemplate\":\"https:\/\/www.oarcanjo.net\/site\/?s={search_term_string}\"},\"query-input\":{\"@type\":\"PropertyValueSpecification\",\"valueRequired\":true,\"valueName\":\"search_term_string\"}}],\"inLanguage\":\"pt-BR\"},{\"@type\":\"Organization\",\"@id\":\"https:\/\/www.oarcanjo.net\/site\/#organization\",\"name\":\"Par\u00f3quia S\u00e3o Miguel Arcanjo\",\"url\":\"https:\/\/www.oarcanjo.net\/site\/\",\"logo\":{\"@type\":\"ImageObject\",\"inLanguage\":\"pt-BR\",\"@id\":\"https:\/\/www.oarcanjo.net\/site\/#\/schema\/logo\/image\/\",\"url\":\"https:\/\/www.oarcanjo.net\/site\/wp-content\/uploads\/LogoOArcanjo.png\",\"contentUrl\":\"https:\/\/www.oarcanjo.net\/site\/wp-content\/uploads\/LogoOArcanjo.png\",\"width\":319,\"height\":99,\"caption\":\"Par\u00f3quia S\u00e3o Miguel Arcanjo\"},\"image\":{\"@id\":\"https:\/\/www.oarcanjo.net\/site\/#\/schema\/logo\/image\/\"},\"sameAs\":[\"https:\/\/www.facebook.com\/OArcanjoNoAr\/\"]},{\"@type\":\"Person\",\"@id\":\"https:\/\/www.oarcanjo.net\/site\/#\/schema\/person\/f7024d007863202483a31326673a0838\",\"name\":\"editor\",\"sameAs\":[\"http:\/\/www.oarcanjo.net\"]}]}<\/script>\n<!-- \/ Yoast SEO plugin. -->","yoast_head_json":{"title":"Reforma agr\u00e1ria interessa ao campo e \u00e0 cidade - O Arcanjo no ar","robots":{"index":"index","follow":"follow","max-snippet":"max-snippet:-1","max-image-preview":"max-image-preview:large","max-video-preview":"max-video-preview:-1"},"canonical":"https:\/\/www.oarcanjo.net\/site\/reforma-agraria-interessa-ao-campo-e-a-cidade\/","og_locale":"pt_BR","og_type":"article","og_title":"Reforma agr\u00e1ria interessa ao campo e \u00e0 cidade - O Arcanjo no ar","og_description":"CPT-BA Este ano ser\u00e1 realizado um Plebiscito Popular que consultar\u00e1 a sociedade brasileira sobre o limite da propriedade da terra. Para C\u00e1tia Cardoso, a efetiva\u00e7\u00e3o desse limite e da Reforma Agr\u00e1ria vai permitir mais justi\u00e7a e dignidade para o conjunto do povo brasileiro. Coordenadora da C\u00e1ritas Bahia-Sergipe e integrante da Coordena\u00e7\u00e3o Estadual da Campanha pelo [&hellip;]","og_url":"https:\/\/www.oarcanjo.net\/site\/reforma-agraria-interessa-ao-campo-e-a-cidade\/","og_site_name":"O Arcanjo no ar","article_publisher":"https:\/\/www.facebook.com\/OArcanjoNoAr\/","article_published_time":"2010-06-17T21:29:35+00:00","og_image":[{"width":300,"height":300,"url":"https:\/\/www.oarcanjo.net\/site\/wp-content\/uploads\/logo-o-arcanjo-no-ar-facebook.png","type":"image\/png"}],"author":"editor","twitter_card":"summary_large_image","twitter_misc":{"Escrito por":"editor","Est. tempo de leitura":"5 minutos"},"schema":{"@context":"https:\/\/schema.org","@graph":[{"@type":"Article","@id":"https:\/\/www.oarcanjo.net\/site\/reforma-agraria-interessa-ao-campo-e-a-cidade\/#article","isPartOf":{"@id":"https:\/\/www.oarcanjo.net\/site\/reforma-agraria-interessa-ao-campo-e-a-cidade\/"},"author":{"name":"editor","@id":"https:\/\/www.oarcanjo.net\/site\/#\/schema\/person\/f7024d007863202483a31326673a0838"},"headline":"Reforma agr\u00e1ria interessa ao campo e \u00e0 cidade","datePublished":"2010-06-17T21:29:35+00:00","dateModified":"2010-06-17T21:29:35+00:00","mainEntityOfPage":{"@id":"https:\/\/www.oarcanjo.net\/site\/reforma-agraria-interessa-ao-campo-e-a-cidade\/"},"wordCount":972,"commentCount":0,"publisher":{"@id":"https:\/\/www.oarcanjo.net\/site\/#organization"},"keywords":["CPT","iniciativa popular de lei","Justi\u00e7a social","mobiliza\u00e7\u00e3o popular","Pastoral da Terra","plebiscito","Reforma agr\u00e1ria"],"articleSection":["Not\u00edcias"],"inLanguage":"pt-BR","potentialAction":[{"@type":"CommentAction","name":"Comment","target":["https:\/\/www.oarcanjo.net\/site\/reforma-agraria-interessa-ao-campo-e-a-cidade\/#respond"]}]},{"@type":"WebPage","@id":"https:\/\/www.oarcanjo.net\/site\/reforma-agraria-interessa-ao-campo-e-a-cidade\/","url":"https:\/\/www.oarcanjo.net\/site\/reforma-agraria-interessa-ao-campo-e-a-cidade\/","name":"Reforma agr\u00e1ria interessa ao campo e \u00e0 cidade - O Arcanjo no ar","isPartOf":{"@id":"https:\/\/www.oarcanjo.net\/site\/#website"},"datePublished":"2010-06-17T21:29:35+00:00","dateModified":"2010-06-17T21:29:35+00:00","breadcrumb":{"@id":"https:\/\/www.oarcanjo.net\/site\/reforma-agraria-interessa-ao-campo-e-a-cidade\/#breadcrumb"},"inLanguage":"pt-BR","potentialAction":[{"@type":"ReadAction","target":["https:\/\/www.oarcanjo.net\/site\/reforma-agraria-interessa-ao-campo-e-a-cidade\/"]}]},{"@type":"BreadcrumbList","@id":"https:\/\/www.oarcanjo.net\/site\/reforma-agraria-interessa-ao-campo-e-a-cidade\/#breadcrumb","itemListElement":[{"@type":"ListItem","position":1,"name":"In\u00edcio","item":"https:\/\/www.oarcanjo.net\/site\/"},{"@type":"ListItem","position":2,"name":"Reforma agr\u00e1ria interessa ao campo e \u00e0 cidade"}]},{"@type":"WebSite","@id":"https:\/\/www.oarcanjo.net\/site\/#website","url":"https:\/\/www.oarcanjo.net\/site\/","name":"O Arcanjo no ar","description":"Site da Par\u00f3quia S\u00e3o Miguel Arcanjo (Arquidiocese de SP)","publisher":{"@id":"https:\/\/www.oarcanjo.net\/site\/#organization"},"potentialAction":[{"@type":"SearchAction","target":{"@type":"EntryPoint","urlTemplate":"https:\/\/www.oarcanjo.net\/site\/?s={search_term_string}"},"query-input":{"@type":"PropertyValueSpecification","valueRequired":true,"valueName":"search_term_string"}}],"inLanguage":"pt-BR"},{"@type":"Organization","@id":"https:\/\/www.oarcanjo.net\/site\/#organization","name":"Par\u00f3quia S\u00e3o Miguel Arcanjo","url":"https:\/\/www.oarcanjo.net\/site\/","logo":{"@type":"ImageObject","inLanguage":"pt-BR","@id":"https:\/\/www.oarcanjo.net\/site\/#\/schema\/logo\/image\/","url":"https:\/\/www.oarcanjo.net\/site\/wp-content\/uploads\/LogoOArcanjo.png","contentUrl":"https:\/\/www.oarcanjo.net\/site\/wp-content\/uploads\/LogoOArcanjo.png","width":319,"height":99,"caption":"Par\u00f3quia S\u00e3o Miguel Arcanjo"},"image":{"@id":"https:\/\/www.oarcanjo.net\/site\/#\/schema\/logo\/image\/"},"sameAs":["https:\/\/www.facebook.com\/OArcanjoNoAr\/"]},{"@type":"Person","@id":"https:\/\/www.oarcanjo.net\/site\/#\/schema\/person\/f7024d007863202483a31326673a0838","name":"editor","sameAs":["http:\/\/www.oarcanjo.net"]}]}},"publishpress_future_action":{"enabled":false,"date":"2026-05-09 09:04:23","action":"category","newStatus":"draft","terms":[],"taxonomy":"category"},"publishpress_future_workflow_manual_trigger":{"enabledWorkflows":[]},"_links":{"self":[{"href":"https:\/\/www.oarcanjo.net\/site\/wp-json\/wp\/v2\/posts\/9859"}],"collection":[{"href":"https:\/\/www.oarcanjo.net\/site\/wp-json\/wp\/v2\/posts"}],"about":[{"href":"https:\/\/www.oarcanjo.net\/site\/wp-json\/wp\/v2\/types\/post"}],"author":[{"embeddable":true,"href":"https:\/\/www.oarcanjo.net\/site\/wp-json\/wp\/v2\/users\/5"}],"replies":[{"embeddable":true,"href":"https:\/\/www.oarcanjo.net\/site\/wp-json\/wp\/v2\/comments?post=9859"}],"version-history":[{"count":0,"href":"https:\/\/www.oarcanjo.net\/site\/wp-json\/wp\/v2\/posts\/9859\/revisions"}],"wp:attachment":[{"href":"https:\/\/www.oarcanjo.net\/site\/wp-json\/wp\/v2\/media?parent=9859"}],"wp:term":[{"taxonomy":"category","embeddable":true,"href":"https:\/\/www.oarcanjo.net\/site\/wp-json\/wp\/v2\/categories?post=9859"},{"taxonomy":"post_tag","embeddable":true,"href":"https:\/\/www.oarcanjo.net\/site\/wp-json\/wp\/v2\/tags?post=9859"}],"curies":[{"name":"wp","href":"https:\/\/api.w.org\/{rel}","templated":true}]}}