
{"id":9877,"date":"2018-06-22T00:02:42","date_gmt":"2018-06-22T03:02:42","guid":{"rendered":"http:\/\/www.oarcanjo.net\/site\/?p=9877"},"modified":"2018-06-20T18:19:25","modified_gmt":"2018-06-20T21:19:25","slug":"santo-albano","status":"publish","type":"post","link":"https:\/\/www.oarcanjo.net\/site\/santo-albano\/","title":{"rendered":"Santo Albano"},"content":{"rendered":"<p><img decoding=\"async\" src=\"http:\/\/1.bp.blogspot.com\/_iC4-uGwan-s\/St3Oti5D8rI\/AAAAAAAABeQ\/xp91hLWL8jY\/s400\/200px-StAlban.jpg\" alt=\"\" \/><\/p>\n<p>22 de Junho<\/p>\n<p>Albano \u00e9 o primeiro m\u00e1rtir crist\u00e3o da Inglaterra, onde prestou servi\u00e7o no ex\u00e9rcito romano, como soldado. Albano, cuja origem talvez fosse romana, residia em Verulamium, a cidade-fortaleza constru\u00edda pelos romanos a sudeste da ilha brit\u00e2nica, perto do rio Ver. Sendo um pag\u00e3o, n\u00e3o tinha nada a temer quando chegou \u00e0 ilha a persegui\u00e7\u00e3o anticrist\u00e3, possivelmente a decretada pelo imperador S\u00e9timo Severo e n\u00e3o a do seu sucessor Diocleciano, como alguns historiadores acreditam.<\/p>\n<p>Albano, certo dia, viu chegar em sua casa um daqueles homens crist\u00e3os perseguidos. Ele o acolheu e escondeu. Observou que o homem estava em estado de prece cont\u00ednua, em vig\u00edlia noite e dia. Ent\u00e3o, come\u00e7aram a conversar e Albano conheceu a verdade da f\u00e9 crist\u00e3. Tocado pela gra\u00e7a de Deus, converteu-se. Tornou-se um crist\u00e3o, justamente naquele momento de risco de morte t\u00e3o s\u00e9rio.<\/p>\n<p>Dias depois, alguns soldados foram \u00e0 casa de Albano fazer uma rigorosa busca, porque souberam que ele escondia um crist\u00e3o. Quando chegaram, o santo m\u00e1rtir se apresentou vestindo as roupas do crist\u00e3o procurado e disse: &#8220;Aquele que voc\u00eas procuram sou eu&#8221;. Assim, foi levado, amarrado, perante o juiz.<\/p>\n<p>O juiz ordenou que Albano fosse cruelmente torturado. E ele tudo suportou, paciente e alegremente, por nosso Redentor. Quando o juiz percebeu que ele n\u00e3o abandonaria sua f\u00e9 crist\u00e3, decretou sua morte por decapita\u00e7\u00e3o. Ao ser levado para a execu\u00e7\u00e3o, Albano converteu seu carrasco, que posteriormente tamb\u00e9m foi executado. O m\u00e1rtir Albano morreu no dia 22 de junho.<\/p>\n<p>Quando as persegui\u00e7\u00f5es aos crist\u00e3os terminaram, no lugar de seu mart\u00edrio foi erguido um monumento para sua sepultura, o qual se tornou um lugar de muitas peregrina\u00e7\u00f5es nos s\u00e9culos seguintes, at\u00e9 mesmo aquela empreendida por s\u00e3o Germano, que levou para a Fran\u00e7a um pouco da terra da sepultura do venerado m\u00e1rtir Albano, em 429. Assim, o povo franc\u00eas passou a conhecer e a venerar este m\u00e1rtir.<\/p>\n<p>Ainda no s\u00e9culo V, com a sa\u00edda dos romanos, a ilha brit\u00e2nica sofreu a invas\u00e3o das tribos germ\u00e2nicas, que depois foram evangelizadas e passaram a propagar o culto do admir\u00e1vel m\u00e1rtir Albano por toda a Alemanha. O papa Greg\u00f3rio Magno, entre os anos de 590 e 604, concedeu a autoriza\u00e7\u00e3o para o culto e declarou Albano santo e m\u00e1rtir pelo testemunho da f\u00e9 em Cristo.<\/p>\n<p>No lugar onde foi martirizado, formou-se a cidade que hoje leva o seu nome: Saint Albans, ao norte da \u00e1rea metropolitana de Londres, onde se encontra a espl\u00eandida catedral de Santo Albano. A Igreja Cat\u00f3lica festeja-o no dia 22 de junho, mas em algumas regi\u00f5es \u00e9 homenageado no dia 17, isso porque um antigo copista cometeu um erro e trocou o numero romano XXII por XVII.<\/p>\n<div id=\"themify_builder_content-9877\" data-postid=\"9877\" class=\"themify_builder_content themify_builder_content-9877 themify_builder themify_builder_front\">\n\t<\/div>\n<!-- \/themify_builder_content -->","protected":false},"excerpt":{"rendered":"<p>22 de Junho Albano \u00e9 o primeiro m\u00e1rtir crist\u00e3o da Inglaterra, onde prestou servi\u00e7o no ex\u00e9rcito romano, como soldado. Albano, cuja origem talvez fosse romana, residia em Verulamium, a cidade-fortaleza constru\u00edda pelos romanos a sudeste da ilha brit\u00e2nica, perto do rio Ver. Sendo um pag\u00e3o, n\u00e3o tinha nada a temer quando chegou \u00e0 ilha a [&hellip;]<\/p>\n","protected":false},"author":14,"featured_media":0,"comment_status":"open","ping_status":"open","sticky":false,"template":"","format":"standard","meta":{"ngg_post_thumbnail":0,"footnotes":""},"categories":[186],"tags":[],"yoast_head":"<!-- This site is optimized with the Yoast SEO plugin v23.5 - https:\/\/yoast.com\/wordpress\/plugins\/seo\/ -->\n<title>Santo Albano - O Arcanjo no ar<\/title>\n<meta name=\"robots\" content=\"index, follow, max-snippet:-1, max-image-preview:large, max-video-preview:-1\" \/>\n<link rel=\"canonical\" href=\"https:\/\/www.oarcanjo.net\/site\/santo-albano\/\" \/>\n<meta property=\"og:locale\" content=\"pt_BR\" \/>\n<meta property=\"og:type\" content=\"article\" \/>\n<meta property=\"og:title\" content=\"Santo Albano - O Arcanjo no ar\" \/>\n<meta property=\"og:description\" content=\"22 de Junho Albano \u00e9 o primeiro m\u00e1rtir crist\u00e3o da Inglaterra, onde prestou servi\u00e7o no ex\u00e9rcito romano, como soldado. Albano, cuja origem talvez fosse romana, residia em Verulamium, a cidade-fortaleza constru\u00edda pelos romanos a sudeste da ilha brit\u00e2nica, perto do rio Ver. Sendo um pag\u00e3o, n\u00e3o tinha nada a temer quando chegou \u00e0 ilha a [&hellip;]\" \/>\n<meta property=\"og:url\" content=\"https:\/\/www.oarcanjo.net\/site\/santo-albano\/\" \/>\n<meta property=\"og:site_name\" content=\"O Arcanjo no ar\" \/>\n<meta property=\"article:publisher\" content=\"https:\/\/www.facebook.com\/OArcanjoNoAr\/\" \/>\n<meta property=\"article:published_time\" content=\"2018-06-22T03:02:42+00:00\" \/>\n<meta property=\"article:modified_time\" content=\"2018-06-20T21:19:25+00:00\" \/>\n<meta property=\"og:image\" content=\"http:\/\/1.bp.blogspot.com\/_iC4-uGwan-s\/St3Oti5D8rI\/AAAAAAAABeQ\/xp91hLWL8jY\/s400\/200px-StAlban.jpg\" \/>\n<meta name=\"author\" content=\"danilo\" \/>\n<meta name=\"twitter:card\" content=\"summary_large_image\" \/>\n<meta name=\"twitter:label1\" content=\"Escrito por\" \/>\n\t<meta name=\"twitter:data1\" content=\"danilo\" \/>\n\t<meta name=\"twitter:label2\" content=\"Est. tempo de leitura\" \/>\n\t<meta name=\"twitter:data2\" content=\"2 minutos\" \/>\n<script type=\"application\/ld+json\" class=\"yoast-schema-graph\">{\"@context\":\"https:\/\/schema.org\",\"@graph\":[{\"@type\":\"Article\",\"@id\":\"https:\/\/www.oarcanjo.net\/site\/santo-albano\/#article\",\"isPartOf\":{\"@id\":\"https:\/\/www.oarcanjo.net\/site\/santo-albano\/\"},\"author\":{\"name\":\"danilo\",\"@id\":\"https:\/\/www.oarcanjo.net\/site\/#\/schema\/person\/5eb9480bedd2f3c97e430ce128c29c6c\"},\"headline\":\"Santo Albano\",\"datePublished\":\"2018-06-22T03:02:42+00:00\",\"dateModified\":\"2018-06-20T21:19:25+00:00\",\"mainEntityOfPage\":{\"@id\":\"https:\/\/www.oarcanjo.net\/site\/santo-albano\/\"},\"wordCount\":484,\"commentCount\":1,\"publisher\":{\"@id\":\"https:\/\/www.oarcanjo.net\/site\/#organization\"},\"image\":{\"@id\":\"https:\/\/www.oarcanjo.net\/site\/santo-albano\/#primaryimage\"},\"thumbnailUrl\":\"http:\/\/1.bp.blogspot.com\/_iC4-uGwan-s\/St3Oti5D8rI\/AAAAAAAABeQ\/xp91hLWL8jY\/s400\/200px-StAlban.jpg\",\"articleSection\":[\"Testemunhos\"],\"inLanguage\":\"pt-BR\",\"potentialAction\":[{\"@type\":\"CommentAction\",\"name\":\"Comment\",\"target\":[\"https:\/\/www.oarcanjo.net\/site\/santo-albano\/#respond\"]}]},{\"@type\":\"WebPage\",\"@id\":\"https:\/\/www.oarcanjo.net\/site\/santo-albano\/\",\"url\":\"https:\/\/www.oarcanjo.net\/site\/santo-albano\/\",\"name\":\"Santo Albano - O Arcanjo no ar\",\"isPartOf\":{\"@id\":\"https:\/\/www.oarcanjo.net\/site\/#website\"},\"primaryImageOfPage\":{\"@id\":\"https:\/\/www.oarcanjo.net\/site\/santo-albano\/#primaryimage\"},\"image\":{\"@id\":\"https:\/\/www.oarcanjo.net\/site\/santo-albano\/#primaryimage\"},\"thumbnailUrl\":\"http:\/\/1.bp.blogspot.com\/_iC4-uGwan-s\/St3Oti5D8rI\/AAAAAAAABeQ\/xp91hLWL8jY\/s400\/200px-StAlban.jpg\",\"datePublished\":\"2018-06-22T03:02:42+00:00\",\"dateModified\":\"2018-06-20T21:19:25+00:00\",\"breadcrumb\":{\"@id\":\"https:\/\/www.oarcanjo.net\/site\/santo-albano\/#breadcrumb\"},\"inLanguage\":\"pt-BR\",\"potentialAction\":[{\"@type\":\"ReadAction\",\"target\":[\"https:\/\/www.oarcanjo.net\/site\/santo-albano\/\"]}]},{\"@type\":\"ImageObject\",\"inLanguage\":\"pt-BR\",\"@id\":\"https:\/\/www.oarcanjo.net\/site\/santo-albano\/#primaryimage\",\"url\":\"http:\/\/1.bp.blogspot.com\/_iC4-uGwan-s\/St3Oti5D8rI\/AAAAAAAABeQ\/xp91hLWL8jY\/s400\/200px-StAlban.jpg\",\"contentUrl\":\"http:\/\/1.bp.blogspot.com\/_iC4-uGwan-s\/St3Oti5D8rI\/AAAAAAAABeQ\/xp91hLWL8jY\/s400\/200px-StAlban.jpg\"},{\"@type\":\"BreadcrumbList\",\"@id\":\"https:\/\/www.oarcanjo.net\/site\/santo-albano\/#breadcrumb\",\"itemListElement\":[{\"@type\":\"ListItem\",\"position\":1,\"name\":\"In\u00edcio\",\"item\":\"https:\/\/www.oarcanjo.net\/site\/\"},{\"@type\":\"ListItem\",\"position\":2,\"name\":\"Santo Albano\"}]},{\"@type\":\"WebSite\",\"@id\":\"https:\/\/www.oarcanjo.net\/site\/#website\",\"url\":\"https:\/\/www.oarcanjo.net\/site\/\",\"name\":\"O Arcanjo no ar\",\"description\":\"Site da Par\u00f3quia S\u00e3o Miguel Arcanjo (Arquidiocese de SP)\",\"publisher\":{\"@id\":\"https:\/\/www.oarcanjo.net\/site\/#organization\"},\"potentialAction\":[{\"@type\":\"SearchAction\",\"target\":{\"@type\":\"EntryPoint\",\"urlTemplate\":\"https:\/\/www.oarcanjo.net\/site\/?s={search_term_string}\"},\"query-input\":{\"@type\":\"PropertyValueSpecification\",\"valueRequired\":true,\"valueName\":\"search_term_string\"}}],\"inLanguage\":\"pt-BR\"},{\"@type\":\"Organization\",\"@id\":\"https:\/\/www.oarcanjo.net\/site\/#organization\",\"name\":\"Par\u00f3quia S\u00e3o Miguel Arcanjo\",\"url\":\"https:\/\/www.oarcanjo.net\/site\/\",\"logo\":{\"@type\":\"ImageObject\",\"inLanguage\":\"pt-BR\",\"@id\":\"https:\/\/www.oarcanjo.net\/site\/#\/schema\/logo\/image\/\",\"url\":\"https:\/\/www.oarcanjo.net\/site\/wp-content\/uploads\/LogoOArcanjo.png\",\"contentUrl\":\"https:\/\/www.oarcanjo.net\/site\/wp-content\/uploads\/LogoOArcanjo.png\",\"width\":319,\"height\":99,\"caption\":\"Par\u00f3quia S\u00e3o Miguel Arcanjo\"},\"image\":{\"@id\":\"https:\/\/www.oarcanjo.net\/site\/#\/schema\/logo\/image\/\"},\"sameAs\":[\"https:\/\/www.facebook.com\/OArcanjoNoAr\/\"]},{\"@type\":\"Person\",\"@id\":\"https:\/\/www.oarcanjo.net\/site\/#\/schema\/person\/5eb9480bedd2f3c97e430ce128c29c6c\",\"name\":\"danilo\"}]}<\/script>\n<!-- \/ Yoast SEO plugin. -->","yoast_head_json":{"title":"Santo Albano - O Arcanjo no ar","robots":{"index":"index","follow":"follow","max-snippet":"max-snippet:-1","max-image-preview":"max-image-preview:large","max-video-preview":"max-video-preview:-1"},"canonical":"https:\/\/www.oarcanjo.net\/site\/santo-albano\/","og_locale":"pt_BR","og_type":"article","og_title":"Santo Albano - O Arcanjo no ar","og_description":"22 de Junho Albano \u00e9 o primeiro m\u00e1rtir crist\u00e3o da Inglaterra, onde prestou servi\u00e7o no ex\u00e9rcito romano, como soldado. Albano, cuja origem talvez fosse romana, residia em Verulamium, a cidade-fortaleza constru\u00edda pelos romanos a sudeste da ilha brit\u00e2nica, perto do rio Ver. Sendo um pag\u00e3o, n\u00e3o tinha nada a temer quando chegou \u00e0 ilha a [&hellip;]","og_url":"https:\/\/www.oarcanjo.net\/site\/santo-albano\/","og_site_name":"O Arcanjo no ar","article_publisher":"https:\/\/www.facebook.com\/OArcanjoNoAr\/","article_published_time":"2018-06-22T03:02:42+00:00","article_modified_time":"2018-06-20T21:19:25+00:00","og_image":[{"url":"http:\/\/1.bp.blogspot.com\/_iC4-uGwan-s\/St3Oti5D8rI\/AAAAAAAABeQ\/xp91hLWL8jY\/s400\/200px-StAlban.jpg"}],"author":"danilo","twitter_card":"summary_large_image","twitter_misc":{"Escrito por":"danilo","Est. tempo de leitura":"2 minutos"},"schema":{"@context":"https:\/\/schema.org","@graph":[{"@type":"Article","@id":"https:\/\/www.oarcanjo.net\/site\/santo-albano\/#article","isPartOf":{"@id":"https:\/\/www.oarcanjo.net\/site\/santo-albano\/"},"author":{"name":"danilo","@id":"https:\/\/www.oarcanjo.net\/site\/#\/schema\/person\/5eb9480bedd2f3c97e430ce128c29c6c"},"headline":"Santo Albano","datePublished":"2018-06-22T03:02:42+00:00","dateModified":"2018-06-20T21:19:25+00:00","mainEntityOfPage":{"@id":"https:\/\/www.oarcanjo.net\/site\/santo-albano\/"},"wordCount":484,"commentCount":1,"publisher":{"@id":"https:\/\/www.oarcanjo.net\/site\/#organization"},"image":{"@id":"https:\/\/www.oarcanjo.net\/site\/santo-albano\/#primaryimage"},"thumbnailUrl":"http:\/\/1.bp.blogspot.com\/_iC4-uGwan-s\/St3Oti5D8rI\/AAAAAAAABeQ\/xp91hLWL8jY\/s400\/200px-StAlban.jpg","articleSection":["Testemunhos"],"inLanguage":"pt-BR","potentialAction":[{"@type":"CommentAction","name":"Comment","target":["https:\/\/www.oarcanjo.net\/site\/santo-albano\/#respond"]}]},{"@type":"WebPage","@id":"https:\/\/www.oarcanjo.net\/site\/santo-albano\/","url":"https:\/\/www.oarcanjo.net\/site\/santo-albano\/","name":"Santo Albano - O Arcanjo no ar","isPartOf":{"@id":"https:\/\/www.oarcanjo.net\/site\/#website"},"primaryImageOfPage":{"@id":"https:\/\/www.oarcanjo.net\/site\/santo-albano\/#primaryimage"},"image":{"@id":"https:\/\/www.oarcanjo.net\/site\/santo-albano\/#primaryimage"},"thumbnailUrl":"http:\/\/1.bp.blogspot.com\/_iC4-uGwan-s\/St3Oti5D8rI\/AAAAAAAABeQ\/xp91hLWL8jY\/s400\/200px-StAlban.jpg","datePublished":"2018-06-22T03:02:42+00:00","dateModified":"2018-06-20T21:19:25+00:00","breadcrumb":{"@id":"https:\/\/www.oarcanjo.net\/site\/santo-albano\/#breadcrumb"},"inLanguage":"pt-BR","potentialAction":[{"@type":"ReadAction","target":["https:\/\/www.oarcanjo.net\/site\/santo-albano\/"]}]},{"@type":"ImageObject","inLanguage":"pt-BR","@id":"https:\/\/www.oarcanjo.net\/site\/santo-albano\/#primaryimage","url":"http:\/\/1.bp.blogspot.com\/_iC4-uGwan-s\/St3Oti5D8rI\/AAAAAAAABeQ\/xp91hLWL8jY\/s400\/200px-StAlban.jpg","contentUrl":"http:\/\/1.bp.blogspot.com\/_iC4-uGwan-s\/St3Oti5D8rI\/AAAAAAAABeQ\/xp91hLWL8jY\/s400\/200px-StAlban.jpg"},{"@type":"BreadcrumbList","@id":"https:\/\/www.oarcanjo.net\/site\/santo-albano\/#breadcrumb","itemListElement":[{"@type":"ListItem","position":1,"name":"In\u00edcio","item":"https:\/\/www.oarcanjo.net\/site\/"},{"@type":"ListItem","position":2,"name":"Santo Albano"}]},{"@type":"WebSite","@id":"https:\/\/www.oarcanjo.net\/site\/#website","url":"https:\/\/www.oarcanjo.net\/site\/","name":"O Arcanjo no ar","description":"Site da Par\u00f3quia S\u00e3o Miguel Arcanjo (Arquidiocese de SP)","publisher":{"@id":"https:\/\/www.oarcanjo.net\/site\/#organization"},"potentialAction":[{"@type":"SearchAction","target":{"@type":"EntryPoint","urlTemplate":"https:\/\/www.oarcanjo.net\/site\/?s={search_term_string}"},"query-input":{"@type":"PropertyValueSpecification","valueRequired":true,"valueName":"search_term_string"}}],"inLanguage":"pt-BR"},{"@type":"Organization","@id":"https:\/\/www.oarcanjo.net\/site\/#organization","name":"Par\u00f3quia S\u00e3o Miguel Arcanjo","url":"https:\/\/www.oarcanjo.net\/site\/","logo":{"@type":"ImageObject","inLanguage":"pt-BR","@id":"https:\/\/www.oarcanjo.net\/site\/#\/schema\/logo\/image\/","url":"https:\/\/www.oarcanjo.net\/site\/wp-content\/uploads\/LogoOArcanjo.png","contentUrl":"https:\/\/www.oarcanjo.net\/site\/wp-content\/uploads\/LogoOArcanjo.png","width":319,"height":99,"caption":"Par\u00f3quia S\u00e3o Miguel Arcanjo"},"image":{"@id":"https:\/\/www.oarcanjo.net\/site\/#\/schema\/logo\/image\/"},"sameAs":["https:\/\/www.facebook.com\/OArcanjoNoAr\/"]},{"@type":"Person","@id":"https:\/\/www.oarcanjo.net\/site\/#\/schema\/person\/5eb9480bedd2f3c97e430ce128c29c6c","name":"danilo"}]}},"publishpress_future_action":{"enabled":false,"date":"2026-05-08 13:52:59","action":"category","newStatus":"draft","terms":[],"taxonomy":"category"},"publishpress_future_workflow_manual_trigger":{"enabledWorkflows":[]},"_links":{"self":[{"href":"https:\/\/www.oarcanjo.net\/site\/wp-json\/wp\/v2\/posts\/9877"}],"collection":[{"href":"https:\/\/www.oarcanjo.net\/site\/wp-json\/wp\/v2\/posts"}],"about":[{"href":"https:\/\/www.oarcanjo.net\/site\/wp-json\/wp\/v2\/types\/post"}],"author":[{"embeddable":true,"href":"https:\/\/www.oarcanjo.net\/site\/wp-json\/wp\/v2\/users\/14"}],"replies":[{"embeddable":true,"href":"https:\/\/www.oarcanjo.net\/site\/wp-json\/wp\/v2\/comments?post=9877"}],"version-history":[{"count":1,"href":"https:\/\/www.oarcanjo.net\/site\/wp-json\/wp\/v2\/posts\/9877\/revisions"}],"predecessor-version":[{"id":88590,"href":"https:\/\/www.oarcanjo.net\/site\/wp-json\/wp\/v2\/posts\/9877\/revisions\/88590"}],"wp:attachment":[{"href":"https:\/\/www.oarcanjo.net\/site\/wp-json\/wp\/v2\/media?parent=9877"}],"wp:term":[{"taxonomy":"category","embeddable":true,"href":"https:\/\/www.oarcanjo.net\/site\/wp-json\/wp\/v2\/categories?post=9877"},{"taxonomy":"post_tag","embeddable":true,"href":"https:\/\/www.oarcanjo.net\/site\/wp-json\/wp\/v2\/tags?post=9877"}],"curies":[{"name":"wp","href":"https:\/\/api.w.org\/{rel}","templated":true}]}}