
{"id":9884,"date":"2018-06-23T00:06:57","date_gmt":"2018-06-23T03:06:57","guid":{"rendered":"http:\/\/www.oarcanjo.net\/site\/?p=9884"},"modified":"2018-06-20T18:19:37","modified_gmt":"2018-06-20T21:19:37","slug":"sao-jose-cafasso","status":"publish","type":"post","link":"https:\/\/www.oarcanjo.net\/site\/sao-jose-cafasso\/","title":{"rendered":"S\u00e3o Jos\u00e9 Cafasso"},"content":{"rendered":"<p><img decoding=\"async\" src=\"http:\/\/www.cademeusanto.com.br\/SJoseCafasso.jpg\" alt=\"\" \/><\/p>\n<p>23 de Junho<\/p>\n<p>Jos\u00e9 Cafasso nasceu em Castelnuovo d&#8217;Asti, em 1811, quatro anos antes do conterr\u00e2neo Jo\u00e3o Bosco, o Ap\u00f3stolo dos Jovens e tamb\u00e9m santo da Igreja. Ambos trabalharam, na mesma \u00e9poca, em favor do povo e dos menos favorecidos, material e espiritualmente.<\/p>\n<p>Mas enquanto Jo\u00e3o Bosco era eloq\u00fcente com os estudantes, um verdadeiro farol a iluminar os caminhos tormentosos da adolesc\u00eancia, Cafasso dedicava-se \u00e0 contempla\u00e7\u00e3o e a ouvir seus fi\u00e9is em confiss\u00e3o, o que acabou levando-o aos c\u00e1rceres e pris\u00f5es.<\/p>\n<p>Estava determinado a ouvir os criminosos que queriam se confessar e depois consol\u00e1-los mesmo fora da confiss\u00e3o. Era uma figura magra e encurvada devido a um defeito na coluna que o fazia manter-se nessa posi\u00e7\u00e3o mesmo nas horas em que n\u00e3o estava no confession\u00e1rio.<\/p>\n<p>Padre Cafasso freq\u00fcentou o curso de teologia de Turim e ordenou-se aos vinte e dois anos. Dif\u00edcil predizer que seria um grande predicador, mas com sua voz mansa e suave era muito requisitado pelos companheiros de sacerd\u00f3cio, que procuravam os seus conselhos.<\/p>\n<p>Formado, passou a dar aulas e acabou tendo Jo\u00e3o Bosco como aluno. Apoiou Bosco em todas as suas empreitadas, inclusive quando lotou a escola de jovens pobres de toda a regi\u00e3o que n\u00e3o tinham dinheiro para a educa\u00e7\u00e3o.<br \/>\nQuando Bosco retirou a crian\u00e7ada e a levou para sua pr\u00f3pria casa, em Valdocco, foi a ajuda financeira de seu mestre Jos\u00e9 Cafasso que tornou isso poss\u00edvel. E ele fez mais: pouco antes de morrer, doou tudo o que possu\u00eda a Jo\u00e3o Bosco, para que ele continuasse sua obra no ensino e orienta\u00e7\u00e3o dos jovens.<\/p>\n<p>Morreu jovem, com apenas quarenta e nove anos, no dia 23 de junho de 1860. O t\u00edtulo de &#8220;Padroeiro dos Encarcerados e dos Condenados \u00e0 Pena Capital&#8221; esclarece bem como viveu o seu apostolado. Suas visitas aos c\u00e1rceres eram o consolo dos presos e sua figura tornou-se a presen\u00e7a mais constante em todos os enforcamentos realizados em sua cidade, Turim. Mas sua ajuda n\u00e3o se limitava aos encarcerados, estendia-se \u00e0s fam\u00edlias, ao socorro \u00e0s esposas e aos filhos para que n\u00e3o se desviassem do caminho de Cristo.<\/p>\n<p>Padre Jos\u00e9 Cafasso era sempre o \u00faltimo companheiro de todos os que seriam executados no cadafalso, por isso ficou conhecido, entre o povo, como o &#8220;padre da forca&#8221;. Em 1947, foi canonizado, e sua venera\u00e7\u00e3o lit\u00fargica designada para o dia de seu tr\u00e2nsito.<\/p>\n<div id=\"themify_builder_content-9884\" data-postid=\"9884\" class=\"themify_builder_content themify_builder_content-9884 themify_builder themify_builder_front\">\n\t<\/div>\n<!-- \/themify_builder_content -->","protected":false},"excerpt":{"rendered":"<p>23 de Junho Jos\u00e9 Cafasso nasceu em Castelnuovo d&#8217;Asti, em 1811, quatro anos antes do conterr\u00e2neo Jo\u00e3o Bosco, o Ap\u00f3stolo dos Jovens e tamb\u00e9m santo da Igreja. Ambos trabalharam, na mesma \u00e9poca, em favor do povo e dos menos favorecidos, material e espiritualmente. Mas enquanto Jo\u00e3o Bosco era eloq\u00fcente com os estudantes, um verdadeiro farol [&hellip;]<\/p>\n","protected":false},"author":14,"featured_media":0,"comment_status":"open","ping_status":"open","sticky":false,"template":"","format":"standard","meta":{"ngg_post_thumbnail":0,"footnotes":""},"categories":[186],"tags":[],"yoast_head":"<!-- This site is optimized with the Yoast SEO plugin v23.5 - https:\/\/yoast.com\/wordpress\/plugins\/seo\/ -->\n<title>S\u00e3o Jos\u00e9 Cafasso - O Arcanjo no ar<\/title>\n<meta name=\"robots\" content=\"index, follow, max-snippet:-1, max-image-preview:large, max-video-preview:-1\" \/>\n<link rel=\"canonical\" href=\"https:\/\/www.oarcanjo.net\/site\/sao-jose-cafasso\/\" \/>\n<meta property=\"og:locale\" content=\"pt_BR\" \/>\n<meta property=\"og:type\" content=\"article\" \/>\n<meta property=\"og:title\" content=\"S\u00e3o Jos\u00e9 Cafasso - O Arcanjo no ar\" \/>\n<meta property=\"og:description\" content=\"23 de Junho Jos\u00e9 Cafasso nasceu em Castelnuovo d&#8217;Asti, em 1811, quatro anos antes do conterr\u00e2neo Jo\u00e3o Bosco, o Ap\u00f3stolo dos Jovens e tamb\u00e9m santo da Igreja. Ambos trabalharam, na mesma \u00e9poca, em favor do povo e dos menos favorecidos, material e espiritualmente. Mas enquanto Jo\u00e3o Bosco era eloq\u00fcente com os estudantes, um verdadeiro farol [&hellip;]\" \/>\n<meta property=\"og:url\" content=\"https:\/\/www.oarcanjo.net\/site\/sao-jose-cafasso\/\" \/>\n<meta property=\"og:site_name\" content=\"O Arcanjo no ar\" \/>\n<meta property=\"article:publisher\" content=\"https:\/\/www.facebook.com\/OArcanjoNoAr\/\" \/>\n<meta property=\"article:published_time\" content=\"2018-06-23T03:06:57+00:00\" \/>\n<meta property=\"article:modified_time\" content=\"2018-06-20T21:19:37+00:00\" \/>\n<meta property=\"og:image\" content=\"http:\/\/www.cademeusanto.com.br\/SJoseCafasso.jpg\" \/>\n<meta name=\"author\" content=\"danilo\" \/>\n<meta name=\"twitter:card\" content=\"summary_large_image\" \/>\n<meta name=\"twitter:label1\" content=\"Escrito por\" \/>\n\t<meta name=\"twitter:data1\" content=\"danilo\" \/>\n\t<meta name=\"twitter:label2\" content=\"Est. tempo de leitura\" \/>\n\t<meta name=\"twitter:data2\" content=\"2 minutos\" \/>\n<script type=\"application\/ld+json\" class=\"yoast-schema-graph\">{\"@context\":\"https:\/\/schema.org\",\"@graph\":[{\"@type\":\"Article\",\"@id\":\"https:\/\/www.oarcanjo.net\/site\/sao-jose-cafasso\/#article\",\"isPartOf\":{\"@id\":\"https:\/\/www.oarcanjo.net\/site\/sao-jose-cafasso\/\"},\"author\":{\"name\":\"danilo\",\"@id\":\"https:\/\/www.oarcanjo.net\/site\/#\/schema\/person\/5eb9480bedd2f3c97e430ce128c29c6c\"},\"headline\":\"S\u00e3o Jos\u00e9 Cafasso\",\"datePublished\":\"2018-06-23T03:06:57+00:00\",\"dateModified\":\"2018-06-20T21:19:37+00:00\",\"mainEntityOfPage\":{\"@id\":\"https:\/\/www.oarcanjo.net\/site\/sao-jose-cafasso\/\"},\"wordCount\":426,\"commentCount\":1,\"publisher\":{\"@id\":\"https:\/\/www.oarcanjo.net\/site\/#organization\"},\"image\":{\"@id\":\"https:\/\/www.oarcanjo.net\/site\/sao-jose-cafasso\/#primaryimage\"},\"thumbnailUrl\":\"http:\/\/www.cademeusanto.com.br\/SJoseCafasso.jpg\",\"articleSection\":[\"Testemunhos\"],\"inLanguage\":\"pt-BR\",\"potentialAction\":[{\"@type\":\"CommentAction\",\"name\":\"Comment\",\"target\":[\"https:\/\/www.oarcanjo.net\/site\/sao-jose-cafasso\/#respond\"]}]},{\"@type\":\"WebPage\",\"@id\":\"https:\/\/www.oarcanjo.net\/site\/sao-jose-cafasso\/\",\"url\":\"https:\/\/www.oarcanjo.net\/site\/sao-jose-cafasso\/\",\"name\":\"S\u00e3o Jos\u00e9 Cafasso - O Arcanjo no ar\",\"isPartOf\":{\"@id\":\"https:\/\/www.oarcanjo.net\/site\/#website\"},\"primaryImageOfPage\":{\"@id\":\"https:\/\/www.oarcanjo.net\/site\/sao-jose-cafasso\/#primaryimage\"},\"image\":{\"@id\":\"https:\/\/www.oarcanjo.net\/site\/sao-jose-cafasso\/#primaryimage\"},\"thumbnailUrl\":\"http:\/\/www.cademeusanto.com.br\/SJoseCafasso.jpg\",\"datePublished\":\"2018-06-23T03:06:57+00:00\",\"dateModified\":\"2018-06-20T21:19:37+00:00\",\"breadcrumb\":{\"@id\":\"https:\/\/www.oarcanjo.net\/site\/sao-jose-cafasso\/#breadcrumb\"},\"inLanguage\":\"pt-BR\",\"potentialAction\":[{\"@type\":\"ReadAction\",\"target\":[\"https:\/\/www.oarcanjo.net\/site\/sao-jose-cafasso\/\"]}]},{\"@type\":\"ImageObject\",\"inLanguage\":\"pt-BR\",\"@id\":\"https:\/\/www.oarcanjo.net\/site\/sao-jose-cafasso\/#primaryimage\",\"url\":\"http:\/\/www.cademeusanto.com.br\/SJoseCafasso.jpg\",\"contentUrl\":\"http:\/\/www.cademeusanto.com.br\/SJoseCafasso.jpg\"},{\"@type\":\"BreadcrumbList\",\"@id\":\"https:\/\/www.oarcanjo.net\/site\/sao-jose-cafasso\/#breadcrumb\",\"itemListElement\":[{\"@type\":\"ListItem\",\"position\":1,\"name\":\"In\u00edcio\",\"item\":\"https:\/\/www.oarcanjo.net\/site\/\"},{\"@type\":\"ListItem\",\"position\":2,\"name\":\"S\u00e3o Jos\u00e9 Cafasso\"}]},{\"@type\":\"WebSite\",\"@id\":\"https:\/\/www.oarcanjo.net\/site\/#website\",\"url\":\"https:\/\/www.oarcanjo.net\/site\/\",\"name\":\"O Arcanjo no ar\",\"description\":\"Site da Par\u00f3quia S\u00e3o Miguel Arcanjo (Arquidiocese de SP)\",\"publisher\":{\"@id\":\"https:\/\/www.oarcanjo.net\/site\/#organization\"},\"potentialAction\":[{\"@type\":\"SearchAction\",\"target\":{\"@type\":\"EntryPoint\",\"urlTemplate\":\"https:\/\/www.oarcanjo.net\/site\/?s={search_term_string}\"},\"query-input\":{\"@type\":\"PropertyValueSpecification\",\"valueRequired\":true,\"valueName\":\"search_term_string\"}}],\"inLanguage\":\"pt-BR\"},{\"@type\":\"Organization\",\"@id\":\"https:\/\/www.oarcanjo.net\/site\/#organization\",\"name\":\"Par\u00f3quia S\u00e3o Miguel Arcanjo\",\"url\":\"https:\/\/www.oarcanjo.net\/site\/\",\"logo\":{\"@type\":\"ImageObject\",\"inLanguage\":\"pt-BR\",\"@id\":\"https:\/\/www.oarcanjo.net\/site\/#\/schema\/logo\/image\/\",\"url\":\"https:\/\/www.oarcanjo.net\/site\/wp-content\/uploads\/LogoOArcanjo.png\",\"contentUrl\":\"https:\/\/www.oarcanjo.net\/site\/wp-content\/uploads\/LogoOArcanjo.png\",\"width\":319,\"height\":99,\"caption\":\"Par\u00f3quia S\u00e3o Miguel Arcanjo\"},\"image\":{\"@id\":\"https:\/\/www.oarcanjo.net\/site\/#\/schema\/logo\/image\/\"},\"sameAs\":[\"https:\/\/www.facebook.com\/OArcanjoNoAr\/\"]},{\"@type\":\"Person\",\"@id\":\"https:\/\/www.oarcanjo.net\/site\/#\/schema\/person\/5eb9480bedd2f3c97e430ce128c29c6c\",\"name\":\"danilo\"}]}<\/script>\n<!-- \/ Yoast SEO plugin. -->","yoast_head_json":{"title":"S\u00e3o Jos\u00e9 Cafasso - O Arcanjo no ar","robots":{"index":"index","follow":"follow","max-snippet":"max-snippet:-1","max-image-preview":"max-image-preview:large","max-video-preview":"max-video-preview:-1"},"canonical":"https:\/\/www.oarcanjo.net\/site\/sao-jose-cafasso\/","og_locale":"pt_BR","og_type":"article","og_title":"S\u00e3o Jos\u00e9 Cafasso - O Arcanjo no ar","og_description":"23 de Junho Jos\u00e9 Cafasso nasceu em Castelnuovo d&#8217;Asti, em 1811, quatro anos antes do conterr\u00e2neo Jo\u00e3o Bosco, o Ap\u00f3stolo dos Jovens e tamb\u00e9m santo da Igreja. Ambos trabalharam, na mesma \u00e9poca, em favor do povo e dos menos favorecidos, material e espiritualmente. Mas enquanto Jo\u00e3o Bosco era eloq\u00fcente com os estudantes, um verdadeiro farol [&hellip;]","og_url":"https:\/\/www.oarcanjo.net\/site\/sao-jose-cafasso\/","og_site_name":"O Arcanjo no ar","article_publisher":"https:\/\/www.facebook.com\/OArcanjoNoAr\/","article_published_time":"2018-06-23T03:06:57+00:00","article_modified_time":"2018-06-20T21:19:37+00:00","og_image":[{"url":"http:\/\/www.cademeusanto.com.br\/SJoseCafasso.jpg"}],"author":"danilo","twitter_card":"summary_large_image","twitter_misc":{"Escrito por":"danilo","Est. tempo de leitura":"2 minutos"},"schema":{"@context":"https:\/\/schema.org","@graph":[{"@type":"Article","@id":"https:\/\/www.oarcanjo.net\/site\/sao-jose-cafasso\/#article","isPartOf":{"@id":"https:\/\/www.oarcanjo.net\/site\/sao-jose-cafasso\/"},"author":{"name":"danilo","@id":"https:\/\/www.oarcanjo.net\/site\/#\/schema\/person\/5eb9480bedd2f3c97e430ce128c29c6c"},"headline":"S\u00e3o Jos\u00e9 Cafasso","datePublished":"2018-06-23T03:06:57+00:00","dateModified":"2018-06-20T21:19:37+00:00","mainEntityOfPage":{"@id":"https:\/\/www.oarcanjo.net\/site\/sao-jose-cafasso\/"},"wordCount":426,"commentCount":1,"publisher":{"@id":"https:\/\/www.oarcanjo.net\/site\/#organization"},"image":{"@id":"https:\/\/www.oarcanjo.net\/site\/sao-jose-cafasso\/#primaryimage"},"thumbnailUrl":"http:\/\/www.cademeusanto.com.br\/SJoseCafasso.jpg","articleSection":["Testemunhos"],"inLanguage":"pt-BR","potentialAction":[{"@type":"CommentAction","name":"Comment","target":["https:\/\/www.oarcanjo.net\/site\/sao-jose-cafasso\/#respond"]}]},{"@type":"WebPage","@id":"https:\/\/www.oarcanjo.net\/site\/sao-jose-cafasso\/","url":"https:\/\/www.oarcanjo.net\/site\/sao-jose-cafasso\/","name":"S\u00e3o Jos\u00e9 Cafasso - O Arcanjo no ar","isPartOf":{"@id":"https:\/\/www.oarcanjo.net\/site\/#website"},"primaryImageOfPage":{"@id":"https:\/\/www.oarcanjo.net\/site\/sao-jose-cafasso\/#primaryimage"},"image":{"@id":"https:\/\/www.oarcanjo.net\/site\/sao-jose-cafasso\/#primaryimage"},"thumbnailUrl":"http:\/\/www.cademeusanto.com.br\/SJoseCafasso.jpg","datePublished":"2018-06-23T03:06:57+00:00","dateModified":"2018-06-20T21:19:37+00:00","breadcrumb":{"@id":"https:\/\/www.oarcanjo.net\/site\/sao-jose-cafasso\/#breadcrumb"},"inLanguage":"pt-BR","potentialAction":[{"@type":"ReadAction","target":["https:\/\/www.oarcanjo.net\/site\/sao-jose-cafasso\/"]}]},{"@type":"ImageObject","inLanguage":"pt-BR","@id":"https:\/\/www.oarcanjo.net\/site\/sao-jose-cafasso\/#primaryimage","url":"http:\/\/www.cademeusanto.com.br\/SJoseCafasso.jpg","contentUrl":"http:\/\/www.cademeusanto.com.br\/SJoseCafasso.jpg"},{"@type":"BreadcrumbList","@id":"https:\/\/www.oarcanjo.net\/site\/sao-jose-cafasso\/#breadcrumb","itemListElement":[{"@type":"ListItem","position":1,"name":"In\u00edcio","item":"https:\/\/www.oarcanjo.net\/site\/"},{"@type":"ListItem","position":2,"name":"S\u00e3o Jos\u00e9 Cafasso"}]},{"@type":"WebSite","@id":"https:\/\/www.oarcanjo.net\/site\/#website","url":"https:\/\/www.oarcanjo.net\/site\/","name":"O Arcanjo no ar","description":"Site da Par\u00f3quia S\u00e3o Miguel Arcanjo (Arquidiocese de SP)","publisher":{"@id":"https:\/\/www.oarcanjo.net\/site\/#organization"},"potentialAction":[{"@type":"SearchAction","target":{"@type":"EntryPoint","urlTemplate":"https:\/\/www.oarcanjo.net\/site\/?s={search_term_string}"},"query-input":{"@type":"PropertyValueSpecification","valueRequired":true,"valueName":"search_term_string"}}],"inLanguage":"pt-BR"},{"@type":"Organization","@id":"https:\/\/www.oarcanjo.net\/site\/#organization","name":"Par\u00f3quia S\u00e3o Miguel Arcanjo","url":"https:\/\/www.oarcanjo.net\/site\/","logo":{"@type":"ImageObject","inLanguage":"pt-BR","@id":"https:\/\/www.oarcanjo.net\/site\/#\/schema\/logo\/image\/","url":"https:\/\/www.oarcanjo.net\/site\/wp-content\/uploads\/LogoOArcanjo.png","contentUrl":"https:\/\/www.oarcanjo.net\/site\/wp-content\/uploads\/LogoOArcanjo.png","width":319,"height":99,"caption":"Par\u00f3quia S\u00e3o Miguel Arcanjo"},"image":{"@id":"https:\/\/www.oarcanjo.net\/site\/#\/schema\/logo\/image\/"},"sameAs":["https:\/\/www.facebook.com\/OArcanjoNoAr\/"]},{"@type":"Person","@id":"https:\/\/www.oarcanjo.net\/site\/#\/schema\/person\/5eb9480bedd2f3c97e430ce128c29c6c","name":"danilo"}]}},"publishpress_future_action":{"enabled":false,"date":"2026-05-08 13:53:10","action":"category","newStatus":"draft","terms":[],"taxonomy":"category"},"publishpress_future_workflow_manual_trigger":{"enabledWorkflows":[]},"_links":{"self":[{"href":"https:\/\/www.oarcanjo.net\/site\/wp-json\/wp\/v2\/posts\/9884"}],"collection":[{"href":"https:\/\/www.oarcanjo.net\/site\/wp-json\/wp\/v2\/posts"}],"about":[{"href":"https:\/\/www.oarcanjo.net\/site\/wp-json\/wp\/v2\/types\/post"}],"author":[{"embeddable":true,"href":"https:\/\/www.oarcanjo.net\/site\/wp-json\/wp\/v2\/users\/14"}],"replies":[{"embeddable":true,"href":"https:\/\/www.oarcanjo.net\/site\/wp-json\/wp\/v2\/comments?post=9884"}],"version-history":[{"count":1,"href":"https:\/\/www.oarcanjo.net\/site\/wp-json\/wp\/v2\/posts\/9884\/revisions"}],"predecessor-version":[{"id":88594,"href":"https:\/\/www.oarcanjo.net\/site\/wp-json\/wp\/v2\/posts\/9884\/revisions\/88594"}],"wp:attachment":[{"href":"https:\/\/www.oarcanjo.net\/site\/wp-json\/wp\/v2\/media?parent=9884"}],"wp:term":[{"taxonomy":"category","embeddable":true,"href":"https:\/\/www.oarcanjo.net\/site\/wp-json\/wp\/v2\/categories?post=9884"},{"taxonomy":"post_tag","embeddable":true,"href":"https:\/\/www.oarcanjo.net\/site\/wp-json\/wp\/v2\/tags?post=9884"}],"curies":[{"name":"wp","href":"https:\/\/api.w.org\/{rel}","templated":true}]}}