
{"id":9886,"date":"2018-06-24T00:08:03","date_gmt":"2018-06-24T03:08:03","guid":{"rendered":"http:\/\/www.oarcanjo.net\/site\/?p=9886"},"modified":"2018-06-20T18:19:41","modified_gmt":"2018-06-20T21:19:41","slug":"natividade-de-sao-joao-batista","status":"publish","type":"post","link":"https:\/\/www.oarcanjo.net\/site\/natividade-de-sao-joao-batista\/","title":{"rendered":"Natividade de S\u00e3o Jo\u00e3o Batista"},"content":{"rendered":"<p><img decoding=\"async\" src=\"http:\/\/upload.wikimedia.org\/wikipedia\/commons\/thumb\/c\/c6\/Nativity_john_baptist.jpg\/275px-Nativity_john_baptist.jpg\" alt=\"\" \/><\/p>\n<p>24 de Junho<\/p>\n<p>A B\u00edblia nos diz que Isabel era prima e muito amiga de Maria, e elas tinham o costume de visitarem-se. Uma dessas ocasi\u00f5es foi quando j\u00e1 estava gr\u00e1vida: &#8220;Quando Isabel ouviu a sauda\u00e7\u00e3o de Maria, a crian\u00e7a lhe estremeceu no ventre, e Isabel ficou repleta do Esp\u00edrito Santo&#8221; (Lc 1,41). Ainda no ventre da m\u00e3e, Jo\u00e3o faz uma rever\u00eancia e reconhece a presen\u00e7a do Cristo Jesus. Na despedida, as primas combinam que o nascimento de Jo\u00e3o seria sinalizado com uma fogueira, para que Maria pudesse ir ajudar a prima depois do parto.<\/p>\n<p>Assim os evangelistas apresentam com todo rigor a figura de Jo\u00e3o como precursor do Messias, cujo dia do nascimento \u00e9 tamb\u00e9m chamado de &#8220;Aurora da Salva\u00e7\u00e3o&#8221;. \u00c9 o \u00fanico santo, al\u00e9m de Nossa Senhora, em que se festeja o nascimento, porque a Igreja v\u00ea nele a preanuncia\u00e7\u00e3o do Natal de Cristo.<\/p>\n<p>Ele era um filho muito desejado por seus pais, Isabel e Zacarias, ela est\u00e9ril e ele mudo, ambos de estirpe sacerdotal e j\u00e1 com idade bem avan\u00e7ada. Isabel haveria de dar \u00e0 luz um menino, o qual deveria receber o nome de Jo\u00e3o, que significa &#8220;Deus \u00e9 prop\u00edcio&#8221;. Assim foi avisado Zacarias pelo anjo Gabriel.<\/p>\n<p>Conforme a indica\u00e7\u00e3o de Lucas, Isabel estava no sexto m\u00eas de gesta\u00e7\u00e3o de Jo\u00e3o, que foi fixado pela Igreja tr\u00eas meses ap\u00f3s a Anuncia\u00e7\u00e3o de Maria e seis meses antes do Natal de Jesus. O sobrinho da Virgem Maria foi o \u00faltimo profeta e o primeiro ap\u00f3stolo. &#8220;\u00c9 mais que profeta, disse ainda Jesus. \u00c9 dele que est\u00e1 escrito: eis que envio o meu mensageiro \u00e0 tua frente; ele preparar\u00e1 o teu caminho diante de ti&#8221;. Ou seja, o primo Jo\u00e3o inicia sua miss\u00e3o alguns anos antes de Jesus iniciar a sua pr\u00f3pria miss\u00e3o terrestre.<\/p>\n<p>Lucas tamb\u00e9m fala a respeito da inf\u00e2ncia de Jo\u00e3o: o menino foi crescendo e fortificando-se em esp\u00edrito e viveu nos desertos at\u00e9 o dia em que se apresentou diante de Israel.<\/p>\n<p>Com palavras firmes, pregava a convers\u00e3o e a necessidade do batismo de penit\u00eancia. Anunciava a vinda do messias prometido e esperado, enquanto de si mesmo deu este testemunho: &#8220;Eu sou a voz do que clama no deserto: Endireitarei o caminho do Senhor&#8230;&#8221; Aos que o confundiam com Jesus, afirmava com humildade: &#8220;Eu n\u00e3o sou o Cristo&#8221;. e &#8220;N\u00e3o sou digno de desatar a correia de sua sand\u00e1lia&#8221;. Sua originalidade era o convite a receber a ablu\u00e7\u00e3o com \u00e1gua no rio Jord\u00e3o, pr\u00e1tica chamada batismo. Por isso o seu apelido de Batista.<\/p>\n<p>Jo\u00e3o Batista teve a grande miss\u00e3o de batizar o pr\u00f3prio Cristo. Ele apresentou oficialmente Cristo ao povo como Messias com estas palavras: &#8220;Eis o Cordeiro de Deus que tira os pecados do mundo&#8230; Ele vos batizar\u00e1 com o Esp\u00edrito Santo e com o fogo&#8221;.<\/p>\n<p>Jesus, falando de Jo\u00e3o Batista, tece-lhe o maior elogio registrado na B\u00edblia: &#8220;Jamais surgiu entre os nascidos de mulher algu\u00e9m maior do que Jo\u00e3o Batista. Contudo o menor no Reino de Deus \u00e9 maior do que ele&#8221;.<\/p>\n<p>Ele morreu degolado no governo do rei Herodes Antipas, por defender a moralidade e os bons costumes. O seu mart\u00edrio \u00e9 celebrado em 29 de agosto, com outra venera\u00e7\u00e3o lit\u00fargica.<\/p>\n<p>S\u00e3o Jo\u00e3o Batista \u00e9 um dos santos mais populares em todo o mundo crist\u00e3o. A sua festa \u00e9 muito alegre e at\u00e9 folcl\u00f3rica. Com muita m\u00fasica e dan\u00e7as, o ponto central \u00e9 a fogueira, lembrando aquela primeira feita por seus pais para comunicar o seu nascimento: anel de liga\u00e7\u00e3o entre a antiga e a nova alian\u00e7a.<\/p>\n<div id=\"themify_builder_content-9886\" data-postid=\"9886\" class=\"themify_builder_content themify_builder_content-9886 themify_builder themify_builder_front\">\n\t<\/div>\n<!-- \/themify_builder_content -->","protected":false},"excerpt":{"rendered":"<p>24 de Junho A B\u00edblia nos diz que Isabel era prima e muito amiga de Maria, e elas tinham o costume de visitarem-se. Uma dessas ocasi\u00f5es foi quando j\u00e1 estava gr\u00e1vida: &#8220;Quando Isabel ouviu a sauda\u00e7\u00e3o de Maria, a crian\u00e7a lhe estremeceu no ventre, e Isabel ficou repleta do Esp\u00edrito Santo&#8221; (Lc 1,41). Ainda no [&hellip;]<\/p>\n","protected":false},"author":14,"featured_media":0,"comment_status":"open","ping_status":"open","sticky":false,"template":"","format":"standard","meta":{"ngg_post_thumbnail":0,"footnotes":""},"categories":[186],"tags":[],"yoast_head":"<!-- This site is optimized with the Yoast SEO plugin v23.5 - https:\/\/yoast.com\/wordpress\/plugins\/seo\/ -->\n<title>Natividade de S\u00e3o Jo\u00e3o Batista - O Arcanjo no ar<\/title>\n<meta name=\"robots\" content=\"index, follow, max-snippet:-1, max-image-preview:large, max-video-preview:-1\" \/>\n<link rel=\"canonical\" href=\"https:\/\/www.oarcanjo.net\/site\/natividade-de-sao-joao-batista\/\" \/>\n<meta property=\"og:locale\" content=\"pt_BR\" \/>\n<meta property=\"og:type\" content=\"article\" \/>\n<meta property=\"og:title\" content=\"Natividade de S\u00e3o Jo\u00e3o Batista - O Arcanjo no ar\" \/>\n<meta property=\"og:description\" content=\"24 de Junho A B\u00edblia nos diz que Isabel era prima e muito amiga de Maria, e elas tinham o costume de visitarem-se. Uma dessas ocasi\u00f5es foi quando j\u00e1 estava gr\u00e1vida: &#8220;Quando Isabel ouviu a sauda\u00e7\u00e3o de Maria, a crian\u00e7a lhe estremeceu no ventre, e Isabel ficou repleta do Esp\u00edrito Santo&#8221; (Lc 1,41). Ainda no [&hellip;]\" \/>\n<meta property=\"og:url\" content=\"https:\/\/www.oarcanjo.net\/site\/natividade-de-sao-joao-batista\/\" \/>\n<meta property=\"og:site_name\" content=\"O Arcanjo no ar\" \/>\n<meta property=\"article:publisher\" content=\"https:\/\/www.facebook.com\/OArcanjoNoAr\/\" \/>\n<meta property=\"article:published_time\" content=\"2018-06-24T03:08:03+00:00\" \/>\n<meta property=\"article:modified_time\" content=\"2018-06-20T21:19:41+00:00\" \/>\n<meta property=\"og:image\" content=\"http:\/\/upload.wikimedia.org\/wikipedia\/commons\/thumb\/c\/c6\/Nativity_john_baptist.jpg\/275px-Nativity_john_baptist.jpg\" \/>\n<meta name=\"author\" content=\"danilo\" \/>\n<meta name=\"twitter:card\" content=\"summary_large_image\" \/>\n<meta name=\"twitter:label1\" content=\"Escrito por\" \/>\n\t<meta name=\"twitter:data1\" content=\"danilo\" \/>\n\t<meta name=\"twitter:label2\" content=\"Est. tempo de leitura\" \/>\n\t<meta name=\"twitter:data2\" content=\"3 minutos\" \/>\n<script type=\"application\/ld+json\" class=\"yoast-schema-graph\">{\"@context\":\"https:\/\/schema.org\",\"@graph\":[{\"@type\":\"Article\",\"@id\":\"https:\/\/www.oarcanjo.net\/site\/natividade-de-sao-joao-batista\/#article\",\"isPartOf\":{\"@id\":\"https:\/\/www.oarcanjo.net\/site\/natividade-de-sao-joao-batista\/\"},\"author\":{\"name\":\"danilo\",\"@id\":\"https:\/\/www.oarcanjo.net\/site\/#\/schema\/person\/5eb9480bedd2f3c97e430ce128c29c6c\"},\"headline\":\"Natividade de S\u00e3o Jo\u00e3o Batista\",\"datePublished\":\"2018-06-24T03:08:03+00:00\",\"dateModified\":\"2018-06-20T21:19:41+00:00\",\"mainEntityOfPage\":{\"@id\":\"https:\/\/www.oarcanjo.net\/site\/natividade-de-sao-joao-batista\/\"},\"wordCount\":640,\"commentCount\":0,\"publisher\":{\"@id\":\"https:\/\/www.oarcanjo.net\/site\/#organization\"},\"image\":{\"@id\":\"https:\/\/www.oarcanjo.net\/site\/natividade-de-sao-joao-batista\/#primaryimage\"},\"thumbnailUrl\":\"http:\/\/upload.wikimedia.org\/wikipedia\/commons\/thumb\/c\/c6\/Nativity_john_baptist.jpg\/275px-Nativity_john_baptist.jpg\",\"articleSection\":[\"Testemunhos\"],\"inLanguage\":\"pt-BR\",\"potentialAction\":[{\"@type\":\"CommentAction\",\"name\":\"Comment\",\"target\":[\"https:\/\/www.oarcanjo.net\/site\/natividade-de-sao-joao-batista\/#respond\"]}]},{\"@type\":\"WebPage\",\"@id\":\"https:\/\/www.oarcanjo.net\/site\/natividade-de-sao-joao-batista\/\",\"url\":\"https:\/\/www.oarcanjo.net\/site\/natividade-de-sao-joao-batista\/\",\"name\":\"Natividade de S\u00e3o Jo\u00e3o Batista - O Arcanjo no ar\",\"isPartOf\":{\"@id\":\"https:\/\/www.oarcanjo.net\/site\/#website\"},\"primaryImageOfPage\":{\"@id\":\"https:\/\/www.oarcanjo.net\/site\/natividade-de-sao-joao-batista\/#primaryimage\"},\"image\":{\"@id\":\"https:\/\/www.oarcanjo.net\/site\/natividade-de-sao-joao-batista\/#primaryimage\"},\"thumbnailUrl\":\"http:\/\/upload.wikimedia.org\/wikipedia\/commons\/thumb\/c\/c6\/Nativity_john_baptist.jpg\/275px-Nativity_john_baptist.jpg\",\"datePublished\":\"2018-06-24T03:08:03+00:00\",\"dateModified\":\"2018-06-20T21:19:41+00:00\",\"breadcrumb\":{\"@id\":\"https:\/\/www.oarcanjo.net\/site\/natividade-de-sao-joao-batista\/#breadcrumb\"},\"inLanguage\":\"pt-BR\",\"potentialAction\":[{\"@type\":\"ReadAction\",\"target\":[\"https:\/\/www.oarcanjo.net\/site\/natividade-de-sao-joao-batista\/\"]}]},{\"@type\":\"ImageObject\",\"inLanguage\":\"pt-BR\",\"@id\":\"https:\/\/www.oarcanjo.net\/site\/natividade-de-sao-joao-batista\/#primaryimage\",\"url\":\"http:\/\/upload.wikimedia.org\/wikipedia\/commons\/thumb\/c\/c6\/Nativity_john_baptist.jpg\/275px-Nativity_john_baptist.jpg\",\"contentUrl\":\"http:\/\/upload.wikimedia.org\/wikipedia\/commons\/thumb\/c\/c6\/Nativity_john_baptist.jpg\/275px-Nativity_john_baptist.jpg\"},{\"@type\":\"BreadcrumbList\",\"@id\":\"https:\/\/www.oarcanjo.net\/site\/natividade-de-sao-joao-batista\/#breadcrumb\",\"itemListElement\":[{\"@type\":\"ListItem\",\"position\":1,\"name\":\"In\u00edcio\",\"item\":\"https:\/\/www.oarcanjo.net\/site\/\"},{\"@type\":\"ListItem\",\"position\":2,\"name\":\"Natividade de S\u00e3o Jo\u00e3o Batista\"}]},{\"@type\":\"WebSite\",\"@id\":\"https:\/\/www.oarcanjo.net\/site\/#website\",\"url\":\"https:\/\/www.oarcanjo.net\/site\/\",\"name\":\"O Arcanjo no ar\",\"description\":\"Site da Par\u00f3quia S\u00e3o Miguel Arcanjo (Arquidiocese de SP)\",\"publisher\":{\"@id\":\"https:\/\/www.oarcanjo.net\/site\/#organization\"},\"potentialAction\":[{\"@type\":\"SearchAction\",\"target\":{\"@type\":\"EntryPoint\",\"urlTemplate\":\"https:\/\/www.oarcanjo.net\/site\/?s={search_term_string}\"},\"query-input\":{\"@type\":\"PropertyValueSpecification\",\"valueRequired\":true,\"valueName\":\"search_term_string\"}}],\"inLanguage\":\"pt-BR\"},{\"@type\":\"Organization\",\"@id\":\"https:\/\/www.oarcanjo.net\/site\/#organization\",\"name\":\"Par\u00f3quia S\u00e3o Miguel Arcanjo\",\"url\":\"https:\/\/www.oarcanjo.net\/site\/\",\"logo\":{\"@type\":\"ImageObject\",\"inLanguage\":\"pt-BR\",\"@id\":\"https:\/\/www.oarcanjo.net\/site\/#\/schema\/logo\/image\/\",\"url\":\"https:\/\/www.oarcanjo.net\/site\/wp-content\/uploads\/LogoOArcanjo.png\",\"contentUrl\":\"https:\/\/www.oarcanjo.net\/site\/wp-content\/uploads\/LogoOArcanjo.png\",\"width\":319,\"height\":99,\"caption\":\"Par\u00f3quia S\u00e3o Miguel Arcanjo\"},\"image\":{\"@id\":\"https:\/\/www.oarcanjo.net\/site\/#\/schema\/logo\/image\/\"},\"sameAs\":[\"https:\/\/www.facebook.com\/OArcanjoNoAr\/\"]},{\"@type\":\"Person\",\"@id\":\"https:\/\/www.oarcanjo.net\/site\/#\/schema\/person\/5eb9480bedd2f3c97e430ce128c29c6c\",\"name\":\"danilo\"}]}<\/script>\n<!-- \/ Yoast SEO plugin. -->","yoast_head_json":{"title":"Natividade de S\u00e3o Jo\u00e3o Batista - O Arcanjo no ar","robots":{"index":"index","follow":"follow","max-snippet":"max-snippet:-1","max-image-preview":"max-image-preview:large","max-video-preview":"max-video-preview:-1"},"canonical":"https:\/\/www.oarcanjo.net\/site\/natividade-de-sao-joao-batista\/","og_locale":"pt_BR","og_type":"article","og_title":"Natividade de S\u00e3o Jo\u00e3o Batista - O Arcanjo no ar","og_description":"24 de Junho A B\u00edblia nos diz que Isabel era prima e muito amiga de Maria, e elas tinham o costume de visitarem-se. Uma dessas ocasi\u00f5es foi quando j\u00e1 estava gr\u00e1vida: &#8220;Quando Isabel ouviu a sauda\u00e7\u00e3o de Maria, a crian\u00e7a lhe estremeceu no ventre, e Isabel ficou repleta do Esp\u00edrito Santo&#8221; (Lc 1,41). Ainda no [&hellip;]","og_url":"https:\/\/www.oarcanjo.net\/site\/natividade-de-sao-joao-batista\/","og_site_name":"O Arcanjo no ar","article_publisher":"https:\/\/www.facebook.com\/OArcanjoNoAr\/","article_published_time":"2018-06-24T03:08:03+00:00","article_modified_time":"2018-06-20T21:19:41+00:00","og_image":[{"url":"http:\/\/upload.wikimedia.org\/wikipedia\/commons\/thumb\/c\/c6\/Nativity_john_baptist.jpg\/275px-Nativity_john_baptist.jpg"}],"author":"danilo","twitter_card":"summary_large_image","twitter_misc":{"Escrito por":"danilo","Est. tempo de leitura":"3 minutos"},"schema":{"@context":"https:\/\/schema.org","@graph":[{"@type":"Article","@id":"https:\/\/www.oarcanjo.net\/site\/natividade-de-sao-joao-batista\/#article","isPartOf":{"@id":"https:\/\/www.oarcanjo.net\/site\/natividade-de-sao-joao-batista\/"},"author":{"name":"danilo","@id":"https:\/\/www.oarcanjo.net\/site\/#\/schema\/person\/5eb9480bedd2f3c97e430ce128c29c6c"},"headline":"Natividade de S\u00e3o Jo\u00e3o Batista","datePublished":"2018-06-24T03:08:03+00:00","dateModified":"2018-06-20T21:19:41+00:00","mainEntityOfPage":{"@id":"https:\/\/www.oarcanjo.net\/site\/natividade-de-sao-joao-batista\/"},"wordCount":640,"commentCount":0,"publisher":{"@id":"https:\/\/www.oarcanjo.net\/site\/#organization"},"image":{"@id":"https:\/\/www.oarcanjo.net\/site\/natividade-de-sao-joao-batista\/#primaryimage"},"thumbnailUrl":"http:\/\/upload.wikimedia.org\/wikipedia\/commons\/thumb\/c\/c6\/Nativity_john_baptist.jpg\/275px-Nativity_john_baptist.jpg","articleSection":["Testemunhos"],"inLanguage":"pt-BR","potentialAction":[{"@type":"CommentAction","name":"Comment","target":["https:\/\/www.oarcanjo.net\/site\/natividade-de-sao-joao-batista\/#respond"]}]},{"@type":"WebPage","@id":"https:\/\/www.oarcanjo.net\/site\/natividade-de-sao-joao-batista\/","url":"https:\/\/www.oarcanjo.net\/site\/natividade-de-sao-joao-batista\/","name":"Natividade de S\u00e3o Jo\u00e3o Batista - O Arcanjo no ar","isPartOf":{"@id":"https:\/\/www.oarcanjo.net\/site\/#website"},"primaryImageOfPage":{"@id":"https:\/\/www.oarcanjo.net\/site\/natividade-de-sao-joao-batista\/#primaryimage"},"image":{"@id":"https:\/\/www.oarcanjo.net\/site\/natividade-de-sao-joao-batista\/#primaryimage"},"thumbnailUrl":"http:\/\/upload.wikimedia.org\/wikipedia\/commons\/thumb\/c\/c6\/Nativity_john_baptist.jpg\/275px-Nativity_john_baptist.jpg","datePublished":"2018-06-24T03:08:03+00:00","dateModified":"2018-06-20T21:19:41+00:00","breadcrumb":{"@id":"https:\/\/www.oarcanjo.net\/site\/natividade-de-sao-joao-batista\/#breadcrumb"},"inLanguage":"pt-BR","potentialAction":[{"@type":"ReadAction","target":["https:\/\/www.oarcanjo.net\/site\/natividade-de-sao-joao-batista\/"]}]},{"@type":"ImageObject","inLanguage":"pt-BR","@id":"https:\/\/www.oarcanjo.net\/site\/natividade-de-sao-joao-batista\/#primaryimage","url":"http:\/\/upload.wikimedia.org\/wikipedia\/commons\/thumb\/c\/c6\/Nativity_john_baptist.jpg\/275px-Nativity_john_baptist.jpg","contentUrl":"http:\/\/upload.wikimedia.org\/wikipedia\/commons\/thumb\/c\/c6\/Nativity_john_baptist.jpg\/275px-Nativity_john_baptist.jpg"},{"@type":"BreadcrumbList","@id":"https:\/\/www.oarcanjo.net\/site\/natividade-de-sao-joao-batista\/#breadcrumb","itemListElement":[{"@type":"ListItem","position":1,"name":"In\u00edcio","item":"https:\/\/www.oarcanjo.net\/site\/"},{"@type":"ListItem","position":2,"name":"Natividade de S\u00e3o Jo\u00e3o Batista"}]},{"@type":"WebSite","@id":"https:\/\/www.oarcanjo.net\/site\/#website","url":"https:\/\/www.oarcanjo.net\/site\/","name":"O Arcanjo no ar","description":"Site da Par\u00f3quia S\u00e3o Miguel Arcanjo (Arquidiocese de SP)","publisher":{"@id":"https:\/\/www.oarcanjo.net\/site\/#organization"},"potentialAction":[{"@type":"SearchAction","target":{"@type":"EntryPoint","urlTemplate":"https:\/\/www.oarcanjo.net\/site\/?s={search_term_string}"},"query-input":{"@type":"PropertyValueSpecification","valueRequired":true,"valueName":"search_term_string"}}],"inLanguage":"pt-BR"},{"@type":"Organization","@id":"https:\/\/www.oarcanjo.net\/site\/#organization","name":"Par\u00f3quia S\u00e3o Miguel Arcanjo","url":"https:\/\/www.oarcanjo.net\/site\/","logo":{"@type":"ImageObject","inLanguage":"pt-BR","@id":"https:\/\/www.oarcanjo.net\/site\/#\/schema\/logo\/image\/","url":"https:\/\/www.oarcanjo.net\/site\/wp-content\/uploads\/LogoOArcanjo.png","contentUrl":"https:\/\/www.oarcanjo.net\/site\/wp-content\/uploads\/LogoOArcanjo.png","width":319,"height":99,"caption":"Par\u00f3quia S\u00e3o Miguel Arcanjo"},"image":{"@id":"https:\/\/www.oarcanjo.net\/site\/#\/schema\/logo\/image\/"},"sameAs":["https:\/\/www.facebook.com\/OArcanjoNoAr\/"]},{"@type":"Person","@id":"https:\/\/www.oarcanjo.net\/site\/#\/schema\/person\/5eb9480bedd2f3c97e430ce128c29c6c","name":"danilo"}]}},"publishpress_future_action":{"enabled":false,"date":"2026-05-08 14:00:42","action":"category","newStatus":"draft","terms":[],"taxonomy":"category"},"publishpress_future_workflow_manual_trigger":{"enabledWorkflows":[]},"_links":{"self":[{"href":"https:\/\/www.oarcanjo.net\/site\/wp-json\/wp\/v2\/posts\/9886"}],"collection":[{"href":"https:\/\/www.oarcanjo.net\/site\/wp-json\/wp\/v2\/posts"}],"about":[{"href":"https:\/\/www.oarcanjo.net\/site\/wp-json\/wp\/v2\/types\/post"}],"author":[{"embeddable":true,"href":"https:\/\/www.oarcanjo.net\/site\/wp-json\/wp\/v2\/users\/14"}],"replies":[{"embeddable":true,"href":"https:\/\/www.oarcanjo.net\/site\/wp-json\/wp\/v2\/comments?post=9886"}],"version-history":[{"count":2,"href":"https:\/\/www.oarcanjo.net\/site\/wp-json\/wp\/v2\/posts\/9886\/revisions"}],"predecessor-version":[{"id":88595,"href":"https:\/\/www.oarcanjo.net\/site\/wp-json\/wp\/v2\/posts\/9886\/revisions\/88595"}],"wp:attachment":[{"href":"https:\/\/www.oarcanjo.net\/site\/wp-json\/wp\/v2\/media?parent=9886"}],"wp:term":[{"taxonomy":"category","embeddable":true,"href":"https:\/\/www.oarcanjo.net\/site\/wp-json\/wp\/v2\/categories?post=9886"},{"taxonomy":"post_tag","embeddable":true,"href":"https:\/\/www.oarcanjo.net\/site\/wp-json\/wp\/v2\/tags?post=9886"}],"curies":[{"name":"wp","href":"https:\/\/api.w.org\/{rel}","templated":true}]}}