
{"id":9888,"date":"2018-06-25T00:10:07","date_gmt":"2018-06-25T03:10:07","guid":{"rendered":"http:\/\/www.oarcanjo.net\/site\/?p=9888"},"modified":"2018-06-20T18:19:45","modified_gmt":"2018-06-20T21:19:45","slug":"sao-guilherme-de-vercelli","status":"publish","type":"post","link":"https:\/\/www.oarcanjo.net\/site\/sao-guilherme-de-vercelli\/","title":{"rendered":"S\u00e3o Guilherme de Vercelli"},"content":{"rendered":"<p><img decoding=\"async\" src=\"http:\/\/2.bp.blogspot.com\/_z-c0Sh5Zlrs\/SJwZgE3ThHI\/AAAAAAAABnw\/G-JulhydMYM\/s400\/S%C3%A3o+Guilherme+de+Vercelli.jpg\" alt=\"\" \/><\/p>\n<p>25 de Junho<\/p>\n<p>Fundou a Congrega\u00e7\u00e3o Beneditina de Montevergine<\/p>\n<p>Guilherme nasceu em Vercelli, no ano de 1085, de uma rica fam\u00edlia da nobreza francesa. Aos quinze anos, j\u00e1 vestia o h\u00e1bito de monge e era um fervoroso peregrino. Percorreu toda a Europa visitando os santu\u00e1rios mais famosos e sagrados, pretendendo tornar-se um simples monge peregrino na Terra Santa. Foi dissuadido ao visitar, na It\u00e1lia, Jo\u00e3o de Matera, hoje santo, que lhe disse, profeticamente, que Deus n\u00e3o desejava apenas isso dele. Contribuiu tamb\u00e9m, para sua desist\u00eancia, o fato de ter sido assaltado por ladr\u00f5es de estrada, que lhe aplicaram uma violenta surra.<\/p>\n<p>O incidente acabou levando-o a procurar a solid\u00e3o na regi\u00e3o pr\u00f3xima de Avellino, na montanha de Montevergine. Era uma terra habitada apenas por animais selvagens, onde, segundo a tradi\u00e7\u00e3o, um lobo teria matado o burro que lhe servia de transporte. Guilherme, ent\u00e3o, teria domesticado toda a matilha, que passou a prestar-lhe todo tipo de aux\u00edlio.<\/p>\n<p>Vivia como eremita, dedicando-se \u00e0 ora\u00e7\u00e3o e \u00e0 penit\u00eancia, mas isso durou pouco tempo. Logo come\u00e7ou a ser procurado por outros eremitas, religiosos e fi\u00e9is. Acabou fundando, em 1128, um mosteiro masculino, o qual colocou sob as regras beneditinas e dedicou a Maria, ficando conhecido como o Mosteiro de Montevergine.<\/p>\n<p>Dele Guilherme se tornou o abade, todavia por pouco tempo, pois transmitiu o cargo para um monge sucessor e continuou peregrinando. Entretanto tal procedimento se tornou a rotina de sua vida mon\u00e1stica. Guilherme acabou fundando um outro mosteiro beneditino, dedicado a Maria, em Monte Cognato. Mais uma vez se encontrou na posi\u00e7\u00e3o de abade e novamente transmitiu o posto ao monge que elegeu para ser seu sucessor.<\/p>\n<p>Desejando imensamente a solid\u00e3o, foi para a plan\u00edcie de Goleto, n\u00e3o muito distante dali, onde, por um ano inteiro, viveu dentro do buraco de uma \u00e1rvore gigantesca. E eis que tornou a ser descoberto e mais outra comunidade se formou ao seu redor. Dessa vez teve de fundar um mosteiro &#8220;duplo&#8221;, ou seja, masculino e feminino. Contudo criou duas unidades distintas, cada uma com sua sede e igreja pr\u00f3pria.<\/p>\n<p>E foi assim que muit\u00edssimos mosteiros nasceram em Irp\u00ednia e em Puglia, como revelou a sua biografia datada do s\u00e9culo XII. Desse modo, ele, que desejava apenas ser um monge peregrino na Terra Santa, fundou a Congrega\u00e7\u00e3o Beneditina de Montevergine, que floresceu por muitos s\u00e9culos. Somente em 1879 ela se fundiu \u00e0 Congrega\u00e7\u00e3o de Montecassino.<\/p>\n<p>Guilherme morreu no dia 25 de junho de 1142, no mosteiro de Goleto. Teve os restos mortais transferidos, em 1807, para o santu\u00e1rio do Mosteiro de Maria de Montevergine, o primeiro que ele fundara, hoje um dos mais belos santu\u00e1rios marianos existentes. Em 1942, o papa Pio XII canonizou-o e declarou s\u00e3o Guilherme de Vercelli Padroeiro principal da Irp\u00ednia.<\/p>\n<div id=\"themify_builder_content-9888\" data-postid=\"9888\" class=\"themify_builder_content themify_builder_content-9888 themify_builder themify_builder_front\">\n\t<\/div>\n<!-- \/themify_builder_content -->","protected":false},"excerpt":{"rendered":"<p>25 de Junho Fundou a Congrega\u00e7\u00e3o Beneditina de Montevergine Guilherme nasceu em Vercelli, no ano de 1085, de uma rica fam\u00edlia da nobreza francesa. Aos quinze anos, j\u00e1 vestia o h\u00e1bito de monge e era um fervoroso peregrino. Percorreu toda a Europa visitando os santu\u00e1rios mais famosos e sagrados, pretendendo tornar-se um simples monge peregrino [&hellip;]<\/p>\n","protected":false},"author":14,"featured_media":0,"comment_status":"open","ping_status":"open","sticky":false,"template":"","format":"standard","meta":{"ngg_post_thumbnail":0,"footnotes":""},"categories":[186],"tags":[],"yoast_head":"<!-- This site is optimized with the Yoast SEO plugin v23.5 - https:\/\/yoast.com\/wordpress\/plugins\/seo\/ -->\n<title>S\u00e3o Guilherme de Vercelli - O Arcanjo no ar<\/title>\n<meta name=\"robots\" content=\"index, follow, max-snippet:-1, max-image-preview:large, max-video-preview:-1\" \/>\n<link rel=\"canonical\" href=\"https:\/\/www.oarcanjo.net\/site\/sao-guilherme-de-vercelli\/\" \/>\n<meta property=\"og:locale\" content=\"pt_BR\" \/>\n<meta property=\"og:type\" content=\"article\" \/>\n<meta property=\"og:title\" content=\"S\u00e3o Guilherme de Vercelli - O Arcanjo no ar\" \/>\n<meta property=\"og:description\" content=\"25 de Junho Fundou a Congrega\u00e7\u00e3o Beneditina de Montevergine Guilherme nasceu em Vercelli, no ano de 1085, de uma rica fam\u00edlia da nobreza francesa. Aos quinze anos, j\u00e1 vestia o h\u00e1bito de monge e era um fervoroso peregrino. Percorreu toda a Europa visitando os santu\u00e1rios mais famosos e sagrados, pretendendo tornar-se um simples monge peregrino [&hellip;]\" \/>\n<meta property=\"og:url\" content=\"https:\/\/www.oarcanjo.net\/site\/sao-guilherme-de-vercelli\/\" \/>\n<meta property=\"og:site_name\" content=\"O Arcanjo no ar\" \/>\n<meta property=\"article:publisher\" content=\"https:\/\/www.facebook.com\/OArcanjoNoAr\/\" \/>\n<meta property=\"article:published_time\" content=\"2018-06-25T03:10:07+00:00\" \/>\n<meta property=\"article:modified_time\" content=\"2018-06-20T21:19:45+00:00\" \/>\n<meta property=\"og:image\" content=\"http:\/\/2.bp.blogspot.com\/_z-c0Sh5Zlrs\/SJwZgE3ThHI\/AAAAAAAABnw\/G-JulhydMYM\/s400\/S%C3%A3o+Guilherme+de+Vercelli.jpg\" \/>\n<meta name=\"author\" content=\"danilo\" \/>\n<meta name=\"twitter:card\" content=\"summary_large_image\" \/>\n<meta name=\"twitter:label1\" content=\"Escrito por\" \/>\n\t<meta name=\"twitter:data1\" content=\"danilo\" \/>\n\t<meta name=\"twitter:label2\" content=\"Est. tempo de leitura\" \/>\n\t<meta name=\"twitter:data2\" content=\"2 minutos\" \/>\n<script type=\"application\/ld+json\" class=\"yoast-schema-graph\">{\"@context\":\"https:\/\/schema.org\",\"@graph\":[{\"@type\":\"Article\",\"@id\":\"https:\/\/www.oarcanjo.net\/site\/sao-guilherme-de-vercelli\/#article\",\"isPartOf\":{\"@id\":\"https:\/\/www.oarcanjo.net\/site\/sao-guilherme-de-vercelli\/\"},\"author\":{\"name\":\"danilo\",\"@id\":\"https:\/\/www.oarcanjo.net\/site\/#\/schema\/person\/5eb9480bedd2f3c97e430ce128c29c6c\"},\"headline\":\"S\u00e3o Guilherme de Vercelli\",\"datePublished\":\"2018-06-25T03:10:07+00:00\",\"dateModified\":\"2018-06-20T21:19:45+00:00\",\"mainEntityOfPage\":{\"@id\":\"https:\/\/www.oarcanjo.net\/site\/sao-guilherme-de-vercelli\/\"},\"wordCount\":486,\"commentCount\":0,\"publisher\":{\"@id\":\"https:\/\/www.oarcanjo.net\/site\/#organization\"},\"image\":{\"@id\":\"https:\/\/www.oarcanjo.net\/site\/sao-guilherme-de-vercelli\/#primaryimage\"},\"thumbnailUrl\":\"http:\/\/2.bp.blogspot.com\/_z-c0Sh5Zlrs\/SJwZgE3ThHI\/AAAAAAAABnw\/G-JulhydMYM\/s400\/S%C3%A3o+Guilherme+de+Vercelli.jpg\",\"articleSection\":[\"Testemunhos\"],\"inLanguage\":\"pt-BR\",\"potentialAction\":[{\"@type\":\"CommentAction\",\"name\":\"Comment\",\"target\":[\"https:\/\/www.oarcanjo.net\/site\/sao-guilherme-de-vercelli\/#respond\"]}]},{\"@type\":\"WebPage\",\"@id\":\"https:\/\/www.oarcanjo.net\/site\/sao-guilherme-de-vercelli\/\",\"url\":\"https:\/\/www.oarcanjo.net\/site\/sao-guilherme-de-vercelli\/\",\"name\":\"S\u00e3o Guilherme de Vercelli - O Arcanjo no ar\",\"isPartOf\":{\"@id\":\"https:\/\/www.oarcanjo.net\/site\/#website\"},\"primaryImageOfPage\":{\"@id\":\"https:\/\/www.oarcanjo.net\/site\/sao-guilherme-de-vercelli\/#primaryimage\"},\"image\":{\"@id\":\"https:\/\/www.oarcanjo.net\/site\/sao-guilherme-de-vercelli\/#primaryimage\"},\"thumbnailUrl\":\"http:\/\/2.bp.blogspot.com\/_z-c0Sh5Zlrs\/SJwZgE3ThHI\/AAAAAAAABnw\/G-JulhydMYM\/s400\/S%C3%A3o+Guilherme+de+Vercelli.jpg\",\"datePublished\":\"2018-06-25T03:10:07+00:00\",\"dateModified\":\"2018-06-20T21:19:45+00:00\",\"breadcrumb\":{\"@id\":\"https:\/\/www.oarcanjo.net\/site\/sao-guilherme-de-vercelli\/#breadcrumb\"},\"inLanguage\":\"pt-BR\",\"potentialAction\":[{\"@type\":\"ReadAction\",\"target\":[\"https:\/\/www.oarcanjo.net\/site\/sao-guilherme-de-vercelli\/\"]}]},{\"@type\":\"ImageObject\",\"inLanguage\":\"pt-BR\",\"@id\":\"https:\/\/www.oarcanjo.net\/site\/sao-guilherme-de-vercelli\/#primaryimage\",\"url\":\"http:\/\/2.bp.blogspot.com\/_z-c0Sh5Zlrs\/SJwZgE3ThHI\/AAAAAAAABnw\/G-JulhydMYM\/s400\/S%C3%A3o+Guilherme+de+Vercelli.jpg\",\"contentUrl\":\"http:\/\/2.bp.blogspot.com\/_z-c0Sh5Zlrs\/SJwZgE3ThHI\/AAAAAAAABnw\/G-JulhydMYM\/s400\/S%C3%A3o+Guilherme+de+Vercelli.jpg\"},{\"@type\":\"BreadcrumbList\",\"@id\":\"https:\/\/www.oarcanjo.net\/site\/sao-guilherme-de-vercelli\/#breadcrumb\",\"itemListElement\":[{\"@type\":\"ListItem\",\"position\":1,\"name\":\"In\u00edcio\",\"item\":\"https:\/\/www.oarcanjo.net\/site\/\"},{\"@type\":\"ListItem\",\"position\":2,\"name\":\"S\u00e3o Guilherme de Vercelli\"}]},{\"@type\":\"WebSite\",\"@id\":\"https:\/\/www.oarcanjo.net\/site\/#website\",\"url\":\"https:\/\/www.oarcanjo.net\/site\/\",\"name\":\"O Arcanjo no ar\",\"description\":\"Site da Par\u00f3quia S\u00e3o Miguel Arcanjo (Arquidiocese de SP)\",\"publisher\":{\"@id\":\"https:\/\/www.oarcanjo.net\/site\/#organization\"},\"potentialAction\":[{\"@type\":\"SearchAction\",\"target\":{\"@type\":\"EntryPoint\",\"urlTemplate\":\"https:\/\/www.oarcanjo.net\/site\/?s={search_term_string}\"},\"query-input\":{\"@type\":\"PropertyValueSpecification\",\"valueRequired\":true,\"valueName\":\"search_term_string\"}}],\"inLanguage\":\"pt-BR\"},{\"@type\":\"Organization\",\"@id\":\"https:\/\/www.oarcanjo.net\/site\/#organization\",\"name\":\"Par\u00f3quia S\u00e3o Miguel Arcanjo\",\"url\":\"https:\/\/www.oarcanjo.net\/site\/\",\"logo\":{\"@type\":\"ImageObject\",\"inLanguage\":\"pt-BR\",\"@id\":\"https:\/\/www.oarcanjo.net\/site\/#\/schema\/logo\/image\/\",\"url\":\"https:\/\/www.oarcanjo.net\/site\/wp-content\/uploads\/LogoOArcanjo.png\",\"contentUrl\":\"https:\/\/www.oarcanjo.net\/site\/wp-content\/uploads\/LogoOArcanjo.png\",\"width\":319,\"height\":99,\"caption\":\"Par\u00f3quia S\u00e3o Miguel Arcanjo\"},\"image\":{\"@id\":\"https:\/\/www.oarcanjo.net\/site\/#\/schema\/logo\/image\/\"},\"sameAs\":[\"https:\/\/www.facebook.com\/OArcanjoNoAr\/\"]},{\"@type\":\"Person\",\"@id\":\"https:\/\/www.oarcanjo.net\/site\/#\/schema\/person\/5eb9480bedd2f3c97e430ce128c29c6c\",\"name\":\"danilo\"}]}<\/script>\n<!-- \/ Yoast SEO plugin. -->","yoast_head_json":{"title":"S\u00e3o Guilherme de Vercelli - O Arcanjo no ar","robots":{"index":"index","follow":"follow","max-snippet":"max-snippet:-1","max-image-preview":"max-image-preview:large","max-video-preview":"max-video-preview:-1"},"canonical":"https:\/\/www.oarcanjo.net\/site\/sao-guilherme-de-vercelli\/","og_locale":"pt_BR","og_type":"article","og_title":"S\u00e3o Guilherme de Vercelli - O Arcanjo no ar","og_description":"25 de Junho Fundou a Congrega\u00e7\u00e3o Beneditina de Montevergine Guilherme nasceu em Vercelli, no ano de 1085, de uma rica fam\u00edlia da nobreza francesa. Aos quinze anos, j\u00e1 vestia o h\u00e1bito de monge e era um fervoroso peregrino. Percorreu toda a Europa visitando os santu\u00e1rios mais famosos e sagrados, pretendendo tornar-se um simples monge peregrino [&hellip;]","og_url":"https:\/\/www.oarcanjo.net\/site\/sao-guilherme-de-vercelli\/","og_site_name":"O Arcanjo no ar","article_publisher":"https:\/\/www.facebook.com\/OArcanjoNoAr\/","article_published_time":"2018-06-25T03:10:07+00:00","article_modified_time":"2018-06-20T21:19:45+00:00","og_image":[{"url":"http:\/\/2.bp.blogspot.com\/_z-c0Sh5Zlrs\/SJwZgE3ThHI\/AAAAAAAABnw\/G-JulhydMYM\/s400\/S%C3%A3o+Guilherme+de+Vercelli.jpg"}],"author":"danilo","twitter_card":"summary_large_image","twitter_misc":{"Escrito por":"danilo","Est. tempo de leitura":"2 minutos"},"schema":{"@context":"https:\/\/schema.org","@graph":[{"@type":"Article","@id":"https:\/\/www.oarcanjo.net\/site\/sao-guilherme-de-vercelli\/#article","isPartOf":{"@id":"https:\/\/www.oarcanjo.net\/site\/sao-guilherme-de-vercelli\/"},"author":{"name":"danilo","@id":"https:\/\/www.oarcanjo.net\/site\/#\/schema\/person\/5eb9480bedd2f3c97e430ce128c29c6c"},"headline":"S\u00e3o Guilherme de Vercelli","datePublished":"2018-06-25T03:10:07+00:00","dateModified":"2018-06-20T21:19:45+00:00","mainEntityOfPage":{"@id":"https:\/\/www.oarcanjo.net\/site\/sao-guilherme-de-vercelli\/"},"wordCount":486,"commentCount":0,"publisher":{"@id":"https:\/\/www.oarcanjo.net\/site\/#organization"},"image":{"@id":"https:\/\/www.oarcanjo.net\/site\/sao-guilherme-de-vercelli\/#primaryimage"},"thumbnailUrl":"http:\/\/2.bp.blogspot.com\/_z-c0Sh5Zlrs\/SJwZgE3ThHI\/AAAAAAAABnw\/G-JulhydMYM\/s400\/S%C3%A3o+Guilherme+de+Vercelli.jpg","articleSection":["Testemunhos"],"inLanguage":"pt-BR","potentialAction":[{"@type":"CommentAction","name":"Comment","target":["https:\/\/www.oarcanjo.net\/site\/sao-guilherme-de-vercelli\/#respond"]}]},{"@type":"WebPage","@id":"https:\/\/www.oarcanjo.net\/site\/sao-guilherme-de-vercelli\/","url":"https:\/\/www.oarcanjo.net\/site\/sao-guilherme-de-vercelli\/","name":"S\u00e3o Guilherme de Vercelli - O Arcanjo no ar","isPartOf":{"@id":"https:\/\/www.oarcanjo.net\/site\/#website"},"primaryImageOfPage":{"@id":"https:\/\/www.oarcanjo.net\/site\/sao-guilherme-de-vercelli\/#primaryimage"},"image":{"@id":"https:\/\/www.oarcanjo.net\/site\/sao-guilherme-de-vercelli\/#primaryimage"},"thumbnailUrl":"http:\/\/2.bp.blogspot.com\/_z-c0Sh5Zlrs\/SJwZgE3ThHI\/AAAAAAAABnw\/G-JulhydMYM\/s400\/S%C3%A3o+Guilherme+de+Vercelli.jpg","datePublished":"2018-06-25T03:10:07+00:00","dateModified":"2018-06-20T21:19:45+00:00","breadcrumb":{"@id":"https:\/\/www.oarcanjo.net\/site\/sao-guilherme-de-vercelli\/#breadcrumb"},"inLanguage":"pt-BR","potentialAction":[{"@type":"ReadAction","target":["https:\/\/www.oarcanjo.net\/site\/sao-guilherme-de-vercelli\/"]}]},{"@type":"ImageObject","inLanguage":"pt-BR","@id":"https:\/\/www.oarcanjo.net\/site\/sao-guilherme-de-vercelli\/#primaryimage","url":"http:\/\/2.bp.blogspot.com\/_z-c0Sh5Zlrs\/SJwZgE3ThHI\/AAAAAAAABnw\/G-JulhydMYM\/s400\/S%C3%A3o+Guilherme+de+Vercelli.jpg","contentUrl":"http:\/\/2.bp.blogspot.com\/_z-c0Sh5Zlrs\/SJwZgE3ThHI\/AAAAAAAABnw\/G-JulhydMYM\/s400\/S%C3%A3o+Guilherme+de+Vercelli.jpg"},{"@type":"BreadcrumbList","@id":"https:\/\/www.oarcanjo.net\/site\/sao-guilherme-de-vercelli\/#breadcrumb","itemListElement":[{"@type":"ListItem","position":1,"name":"In\u00edcio","item":"https:\/\/www.oarcanjo.net\/site\/"},{"@type":"ListItem","position":2,"name":"S\u00e3o Guilherme de Vercelli"}]},{"@type":"WebSite","@id":"https:\/\/www.oarcanjo.net\/site\/#website","url":"https:\/\/www.oarcanjo.net\/site\/","name":"O Arcanjo no ar","description":"Site da Par\u00f3quia S\u00e3o Miguel Arcanjo (Arquidiocese de SP)","publisher":{"@id":"https:\/\/www.oarcanjo.net\/site\/#organization"},"potentialAction":[{"@type":"SearchAction","target":{"@type":"EntryPoint","urlTemplate":"https:\/\/www.oarcanjo.net\/site\/?s={search_term_string}"},"query-input":{"@type":"PropertyValueSpecification","valueRequired":true,"valueName":"search_term_string"}}],"inLanguage":"pt-BR"},{"@type":"Organization","@id":"https:\/\/www.oarcanjo.net\/site\/#organization","name":"Par\u00f3quia S\u00e3o Miguel Arcanjo","url":"https:\/\/www.oarcanjo.net\/site\/","logo":{"@type":"ImageObject","inLanguage":"pt-BR","@id":"https:\/\/www.oarcanjo.net\/site\/#\/schema\/logo\/image\/","url":"https:\/\/www.oarcanjo.net\/site\/wp-content\/uploads\/LogoOArcanjo.png","contentUrl":"https:\/\/www.oarcanjo.net\/site\/wp-content\/uploads\/LogoOArcanjo.png","width":319,"height":99,"caption":"Par\u00f3quia S\u00e3o Miguel Arcanjo"},"image":{"@id":"https:\/\/www.oarcanjo.net\/site\/#\/schema\/logo\/image\/"},"sameAs":["https:\/\/www.facebook.com\/OArcanjoNoAr\/"]},{"@type":"Person","@id":"https:\/\/www.oarcanjo.net\/site\/#\/schema\/person\/5eb9480bedd2f3c97e430ce128c29c6c","name":"danilo"}]}},"publishpress_future_action":{"enabled":false,"date":"2026-05-08 13:53:10","action":"category","newStatus":"draft","terms":[],"taxonomy":"category"},"publishpress_future_workflow_manual_trigger":{"enabledWorkflows":[]},"_links":{"self":[{"href":"https:\/\/www.oarcanjo.net\/site\/wp-json\/wp\/v2\/posts\/9888"}],"collection":[{"href":"https:\/\/www.oarcanjo.net\/site\/wp-json\/wp\/v2\/posts"}],"about":[{"href":"https:\/\/www.oarcanjo.net\/site\/wp-json\/wp\/v2\/types\/post"}],"author":[{"embeddable":true,"href":"https:\/\/www.oarcanjo.net\/site\/wp-json\/wp\/v2\/users\/14"}],"replies":[{"embeddable":true,"href":"https:\/\/www.oarcanjo.net\/site\/wp-json\/wp\/v2\/comments?post=9888"}],"version-history":[{"count":1,"href":"https:\/\/www.oarcanjo.net\/site\/wp-json\/wp\/v2\/posts\/9888\/revisions"}],"predecessor-version":[{"id":88596,"href":"https:\/\/www.oarcanjo.net\/site\/wp-json\/wp\/v2\/posts\/9888\/revisions\/88596"}],"wp:attachment":[{"href":"https:\/\/www.oarcanjo.net\/site\/wp-json\/wp\/v2\/media?parent=9888"}],"wp:term":[{"taxonomy":"category","embeddable":true,"href":"https:\/\/www.oarcanjo.net\/site\/wp-json\/wp\/v2\/categories?post=9888"},{"taxonomy":"post_tag","embeddable":true,"href":"https:\/\/www.oarcanjo.net\/site\/wp-json\/wp\/v2\/tags?post=9888"}],"curies":[{"name":"wp","href":"https:\/\/api.w.org\/{rel}","templated":true}]}}