
{"id":9890,"date":"2018-06-25T00:11:16","date_gmt":"2018-06-25T03:11:16","guid":{"rendered":"http:\/\/www.oarcanjo.net\/site\/?p=9890"},"modified":"2018-06-20T18:19:49","modified_gmt":"2018-06-20T21:19:49","slug":"sao-maximo-de-turim","status":"publish","type":"post","link":"https:\/\/www.oarcanjo.net\/site\/sao-maximo-de-turim\/","title":{"rendered":"S\u00e3o M\u00e1ximo de Turim"},"content":{"rendered":"<p><img decoding=\"async\" src=\"http:\/\/mercaba.files.wordpress.com\/2009\/02\/content_img1982img.jpg\" alt=\"\" \/><\/p>\n<p>25 de Junho<\/p>\n<p>M\u00e1ximo nasceu depois da metade do s\u00e9culo IV, na regi\u00e3o do Piemonte, na It\u00e1lia. N\u00e3o se sabe muito sobre sua vida, mas seu legado est\u00e1 entre os mais importantes da Igreja.<\/p>\n<p>Era disc\u00edpulo de dois grandes santos: Eus\u00e9bio de Vercelli e Ambr\u00f3sio de Mil\u00e3o, sob a orienta\u00e7\u00e3o de ambos fundou a diocese de Turim, da qual foi nomeado o primeiro bispo.<\/p>\n<p>Deixou obras liter\u00e1rias muito respeitadas, como o livro que reuniu seus numerosos &#8220;serm\u00f5es e homilias&#8221;, um total de oitenta e nove. Seu estilo claro, persuasivo e de uma refinada e sutil ironia, exortava os paroquianos a unirem-se para lutar contra o ex\u00e9rcito dos b\u00e1rbaros pag\u00e3os que atormentavam os pacatos habitantes.<\/p>\n<p>De personalidade firme e decidida, com car\u00e1ter manso e ben\u00e9volo, diante da invas\u00e3o dos b\u00e1rbaros chegou a propor aos seus fi\u00e9is, amedrontados pela aproxima\u00e7\u00e3o do inimigo destruidor, empunhar as armas do jejum, da ora\u00e7\u00e3o e da miseric\u00f3rdia para enfrent\u00e1-lo.<\/p>\n<p>Aos medrosos e acovardados, que pensavam em abandonar a cidade, pregou que seriam injustos e p\u00edfios se abandonassem a m\u00e3e no perigo, pois a p\u00e1tria \u00e9 sempre uma doce m\u00e3e.<\/p>\n<p>Entretanto, ao tratar dos temas da doutrina dogm\u00e1tica, a sua palavra era uma luz que aclarava imensamente os textos b\u00edblicos, os quais interpretava com a mais perfeita ortodoxia. Venerado como um dos Padres da Igreja pela Igreja ocidental, documentos mais recentes revelam que ele teria convocado o Conc\u00edlio de Turim, na condi\u00e7\u00e3o de primeiro bispo daquela diocese, em 398.<\/p>\n<p>Morreu no ano 423, na sua querida diocese. Segundo antiga tradi\u00e7\u00e3o local, suas rel\u00edquias ficaram escondidas por muitos s\u00e9culos. Depois, perderam-se durante as v\u00e1rias invas\u00f5es dos b\u00e1rbaros e pela a\u00e7\u00e3o dos hereges iconoclastas no in\u00edcio do s\u00e9culo IX. Finalmente, alguns poucos fragmentos dessas rel\u00edquias foram encontrados no s\u00e9culo XVII e s\u00e3o conservados na catedral de Turim.<\/p>\n<p>O bispo M\u00e1ximo tinha uma particular venera\u00e7\u00e3o por s\u00e3o Jo\u00e3o Batista, cuja devo\u00e7\u00e3o incutiu aos fi\u00e9is que elegeram aquele santo como padroeiro de Turim. Por esse motivo, a Igreja marcou a festa lit\u00fargica de s\u00e3o M\u00e1ximo de Turim para 25 de junho, um dia ap\u00f3s a celebra\u00e7\u00e3o da Natividade de s\u00e3o Jo\u00e3o Batista.<\/p>\n<div id=\"themify_builder_content-9890\" data-postid=\"9890\" class=\"themify_builder_content themify_builder_content-9890 themify_builder themify_builder_front\">\n\t<\/div>\n<!-- \/themify_builder_content -->","protected":false},"excerpt":{"rendered":"<p>25 de Junho M\u00e1ximo nasceu depois da metade do s\u00e9culo IV, na regi\u00e3o do Piemonte, na It\u00e1lia. N\u00e3o se sabe muito sobre sua vida, mas seu legado est\u00e1 entre os mais importantes da Igreja. Era disc\u00edpulo de dois grandes santos: Eus\u00e9bio de Vercelli e Ambr\u00f3sio de Mil\u00e3o, sob a orienta\u00e7\u00e3o de ambos fundou a diocese [&hellip;]<\/p>\n","protected":false},"author":14,"featured_media":0,"comment_status":"open","ping_status":"open","sticky":false,"template":"","format":"standard","meta":{"ngg_post_thumbnail":0,"footnotes":""},"categories":[186],"tags":[],"yoast_head":"<!-- This site is optimized with the Yoast SEO plugin v23.5 - https:\/\/yoast.com\/wordpress\/plugins\/seo\/ -->\n<title>S\u00e3o M\u00e1ximo de Turim - O Arcanjo no ar<\/title>\n<meta name=\"robots\" content=\"index, follow, max-snippet:-1, max-image-preview:large, max-video-preview:-1\" \/>\n<link rel=\"canonical\" href=\"https:\/\/www.oarcanjo.net\/site\/sao-maximo-de-turim\/\" \/>\n<meta property=\"og:locale\" content=\"pt_BR\" \/>\n<meta property=\"og:type\" content=\"article\" \/>\n<meta property=\"og:title\" content=\"S\u00e3o M\u00e1ximo de Turim - O Arcanjo no ar\" \/>\n<meta property=\"og:description\" content=\"25 de Junho M\u00e1ximo nasceu depois da metade do s\u00e9culo IV, na regi\u00e3o do Piemonte, na It\u00e1lia. N\u00e3o se sabe muito sobre sua vida, mas seu legado est\u00e1 entre os mais importantes da Igreja. Era disc\u00edpulo de dois grandes santos: Eus\u00e9bio de Vercelli e Ambr\u00f3sio de Mil\u00e3o, sob a orienta\u00e7\u00e3o de ambos fundou a diocese [&hellip;]\" \/>\n<meta property=\"og:url\" content=\"https:\/\/www.oarcanjo.net\/site\/sao-maximo-de-turim\/\" \/>\n<meta property=\"og:site_name\" content=\"O Arcanjo no ar\" \/>\n<meta property=\"article:publisher\" content=\"https:\/\/www.facebook.com\/OArcanjoNoAr\/\" \/>\n<meta property=\"article:published_time\" content=\"2018-06-25T03:11:16+00:00\" \/>\n<meta property=\"article:modified_time\" content=\"2018-06-20T21:19:49+00:00\" \/>\n<meta property=\"og:image\" content=\"http:\/\/mercaba.files.wordpress.com\/2009\/02\/content_img1982img.jpg\" \/>\n<meta name=\"author\" content=\"danilo\" \/>\n<meta name=\"twitter:card\" content=\"summary_large_image\" \/>\n<meta name=\"twitter:label1\" content=\"Escrito por\" \/>\n\t<meta name=\"twitter:data1\" content=\"danilo\" \/>\n\t<meta name=\"twitter:label2\" content=\"Est. tempo de leitura\" \/>\n\t<meta name=\"twitter:data2\" content=\"2 minutos\" \/>\n<script type=\"application\/ld+json\" class=\"yoast-schema-graph\">{\"@context\":\"https:\/\/schema.org\",\"@graph\":[{\"@type\":\"Article\",\"@id\":\"https:\/\/www.oarcanjo.net\/site\/sao-maximo-de-turim\/#article\",\"isPartOf\":{\"@id\":\"https:\/\/www.oarcanjo.net\/site\/sao-maximo-de-turim\/\"},\"author\":{\"name\":\"danilo\",\"@id\":\"https:\/\/www.oarcanjo.net\/site\/#\/schema\/person\/5eb9480bedd2f3c97e430ce128c29c6c\"},\"headline\":\"S\u00e3o M\u00e1ximo de Turim\",\"datePublished\":\"2018-06-25T03:11:16+00:00\",\"dateModified\":\"2018-06-20T21:19:49+00:00\",\"mainEntityOfPage\":{\"@id\":\"https:\/\/www.oarcanjo.net\/site\/sao-maximo-de-turim\/\"},\"wordCount\":409,\"commentCount\":0,\"publisher\":{\"@id\":\"https:\/\/www.oarcanjo.net\/site\/#organization\"},\"image\":{\"@id\":\"https:\/\/www.oarcanjo.net\/site\/sao-maximo-de-turim\/#primaryimage\"},\"thumbnailUrl\":\"http:\/\/mercaba.files.wordpress.com\/2009\/02\/content_img1982img.jpg\",\"articleSection\":[\"Testemunhos\"],\"inLanguage\":\"pt-BR\",\"potentialAction\":[{\"@type\":\"CommentAction\",\"name\":\"Comment\",\"target\":[\"https:\/\/www.oarcanjo.net\/site\/sao-maximo-de-turim\/#respond\"]}]},{\"@type\":\"WebPage\",\"@id\":\"https:\/\/www.oarcanjo.net\/site\/sao-maximo-de-turim\/\",\"url\":\"https:\/\/www.oarcanjo.net\/site\/sao-maximo-de-turim\/\",\"name\":\"S\u00e3o M\u00e1ximo de Turim - O Arcanjo no ar\",\"isPartOf\":{\"@id\":\"https:\/\/www.oarcanjo.net\/site\/#website\"},\"primaryImageOfPage\":{\"@id\":\"https:\/\/www.oarcanjo.net\/site\/sao-maximo-de-turim\/#primaryimage\"},\"image\":{\"@id\":\"https:\/\/www.oarcanjo.net\/site\/sao-maximo-de-turim\/#primaryimage\"},\"thumbnailUrl\":\"http:\/\/mercaba.files.wordpress.com\/2009\/02\/content_img1982img.jpg\",\"datePublished\":\"2018-06-25T03:11:16+00:00\",\"dateModified\":\"2018-06-20T21:19:49+00:00\",\"breadcrumb\":{\"@id\":\"https:\/\/www.oarcanjo.net\/site\/sao-maximo-de-turim\/#breadcrumb\"},\"inLanguage\":\"pt-BR\",\"potentialAction\":[{\"@type\":\"ReadAction\",\"target\":[\"https:\/\/www.oarcanjo.net\/site\/sao-maximo-de-turim\/\"]}]},{\"@type\":\"ImageObject\",\"inLanguage\":\"pt-BR\",\"@id\":\"https:\/\/www.oarcanjo.net\/site\/sao-maximo-de-turim\/#primaryimage\",\"url\":\"http:\/\/mercaba.files.wordpress.com\/2009\/02\/content_img1982img.jpg\",\"contentUrl\":\"http:\/\/mercaba.files.wordpress.com\/2009\/02\/content_img1982img.jpg\"},{\"@type\":\"BreadcrumbList\",\"@id\":\"https:\/\/www.oarcanjo.net\/site\/sao-maximo-de-turim\/#breadcrumb\",\"itemListElement\":[{\"@type\":\"ListItem\",\"position\":1,\"name\":\"In\u00edcio\",\"item\":\"https:\/\/www.oarcanjo.net\/site\/\"},{\"@type\":\"ListItem\",\"position\":2,\"name\":\"S\u00e3o M\u00e1ximo de Turim\"}]},{\"@type\":\"WebSite\",\"@id\":\"https:\/\/www.oarcanjo.net\/site\/#website\",\"url\":\"https:\/\/www.oarcanjo.net\/site\/\",\"name\":\"O Arcanjo no ar\",\"description\":\"Site da Par\u00f3quia S\u00e3o Miguel Arcanjo (Arquidiocese de SP)\",\"publisher\":{\"@id\":\"https:\/\/www.oarcanjo.net\/site\/#organization\"},\"potentialAction\":[{\"@type\":\"SearchAction\",\"target\":{\"@type\":\"EntryPoint\",\"urlTemplate\":\"https:\/\/www.oarcanjo.net\/site\/?s={search_term_string}\"},\"query-input\":{\"@type\":\"PropertyValueSpecification\",\"valueRequired\":true,\"valueName\":\"search_term_string\"}}],\"inLanguage\":\"pt-BR\"},{\"@type\":\"Organization\",\"@id\":\"https:\/\/www.oarcanjo.net\/site\/#organization\",\"name\":\"Par\u00f3quia S\u00e3o Miguel Arcanjo\",\"url\":\"https:\/\/www.oarcanjo.net\/site\/\",\"logo\":{\"@type\":\"ImageObject\",\"inLanguage\":\"pt-BR\",\"@id\":\"https:\/\/www.oarcanjo.net\/site\/#\/schema\/logo\/image\/\",\"url\":\"https:\/\/www.oarcanjo.net\/site\/wp-content\/uploads\/LogoOArcanjo.png\",\"contentUrl\":\"https:\/\/www.oarcanjo.net\/site\/wp-content\/uploads\/LogoOArcanjo.png\",\"width\":319,\"height\":99,\"caption\":\"Par\u00f3quia S\u00e3o Miguel Arcanjo\"},\"image\":{\"@id\":\"https:\/\/www.oarcanjo.net\/site\/#\/schema\/logo\/image\/\"},\"sameAs\":[\"https:\/\/www.facebook.com\/OArcanjoNoAr\/\"]},{\"@type\":\"Person\",\"@id\":\"https:\/\/www.oarcanjo.net\/site\/#\/schema\/person\/5eb9480bedd2f3c97e430ce128c29c6c\",\"name\":\"danilo\"}]}<\/script>\n<!-- \/ Yoast SEO plugin. -->","yoast_head_json":{"title":"S\u00e3o M\u00e1ximo de Turim - O Arcanjo no ar","robots":{"index":"index","follow":"follow","max-snippet":"max-snippet:-1","max-image-preview":"max-image-preview:large","max-video-preview":"max-video-preview:-1"},"canonical":"https:\/\/www.oarcanjo.net\/site\/sao-maximo-de-turim\/","og_locale":"pt_BR","og_type":"article","og_title":"S\u00e3o M\u00e1ximo de Turim - O Arcanjo no ar","og_description":"25 de Junho M\u00e1ximo nasceu depois da metade do s\u00e9culo IV, na regi\u00e3o do Piemonte, na It\u00e1lia. N\u00e3o se sabe muito sobre sua vida, mas seu legado est\u00e1 entre os mais importantes da Igreja. Era disc\u00edpulo de dois grandes santos: Eus\u00e9bio de Vercelli e Ambr\u00f3sio de Mil\u00e3o, sob a orienta\u00e7\u00e3o de ambos fundou a diocese [&hellip;]","og_url":"https:\/\/www.oarcanjo.net\/site\/sao-maximo-de-turim\/","og_site_name":"O Arcanjo no ar","article_publisher":"https:\/\/www.facebook.com\/OArcanjoNoAr\/","article_published_time":"2018-06-25T03:11:16+00:00","article_modified_time":"2018-06-20T21:19:49+00:00","og_image":[{"url":"http:\/\/mercaba.files.wordpress.com\/2009\/02\/content_img1982img.jpg"}],"author":"danilo","twitter_card":"summary_large_image","twitter_misc":{"Escrito por":"danilo","Est. tempo de leitura":"2 minutos"},"schema":{"@context":"https:\/\/schema.org","@graph":[{"@type":"Article","@id":"https:\/\/www.oarcanjo.net\/site\/sao-maximo-de-turim\/#article","isPartOf":{"@id":"https:\/\/www.oarcanjo.net\/site\/sao-maximo-de-turim\/"},"author":{"name":"danilo","@id":"https:\/\/www.oarcanjo.net\/site\/#\/schema\/person\/5eb9480bedd2f3c97e430ce128c29c6c"},"headline":"S\u00e3o M\u00e1ximo de Turim","datePublished":"2018-06-25T03:11:16+00:00","dateModified":"2018-06-20T21:19:49+00:00","mainEntityOfPage":{"@id":"https:\/\/www.oarcanjo.net\/site\/sao-maximo-de-turim\/"},"wordCount":409,"commentCount":0,"publisher":{"@id":"https:\/\/www.oarcanjo.net\/site\/#organization"},"image":{"@id":"https:\/\/www.oarcanjo.net\/site\/sao-maximo-de-turim\/#primaryimage"},"thumbnailUrl":"http:\/\/mercaba.files.wordpress.com\/2009\/02\/content_img1982img.jpg","articleSection":["Testemunhos"],"inLanguage":"pt-BR","potentialAction":[{"@type":"CommentAction","name":"Comment","target":["https:\/\/www.oarcanjo.net\/site\/sao-maximo-de-turim\/#respond"]}]},{"@type":"WebPage","@id":"https:\/\/www.oarcanjo.net\/site\/sao-maximo-de-turim\/","url":"https:\/\/www.oarcanjo.net\/site\/sao-maximo-de-turim\/","name":"S\u00e3o M\u00e1ximo de Turim - O Arcanjo no ar","isPartOf":{"@id":"https:\/\/www.oarcanjo.net\/site\/#website"},"primaryImageOfPage":{"@id":"https:\/\/www.oarcanjo.net\/site\/sao-maximo-de-turim\/#primaryimage"},"image":{"@id":"https:\/\/www.oarcanjo.net\/site\/sao-maximo-de-turim\/#primaryimage"},"thumbnailUrl":"http:\/\/mercaba.files.wordpress.com\/2009\/02\/content_img1982img.jpg","datePublished":"2018-06-25T03:11:16+00:00","dateModified":"2018-06-20T21:19:49+00:00","breadcrumb":{"@id":"https:\/\/www.oarcanjo.net\/site\/sao-maximo-de-turim\/#breadcrumb"},"inLanguage":"pt-BR","potentialAction":[{"@type":"ReadAction","target":["https:\/\/www.oarcanjo.net\/site\/sao-maximo-de-turim\/"]}]},{"@type":"ImageObject","inLanguage":"pt-BR","@id":"https:\/\/www.oarcanjo.net\/site\/sao-maximo-de-turim\/#primaryimage","url":"http:\/\/mercaba.files.wordpress.com\/2009\/02\/content_img1982img.jpg","contentUrl":"http:\/\/mercaba.files.wordpress.com\/2009\/02\/content_img1982img.jpg"},{"@type":"BreadcrumbList","@id":"https:\/\/www.oarcanjo.net\/site\/sao-maximo-de-turim\/#breadcrumb","itemListElement":[{"@type":"ListItem","position":1,"name":"In\u00edcio","item":"https:\/\/www.oarcanjo.net\/site\/"},{"@type":"ListItem","position":2,"name":"S\u00e3o M\u00e1ximo de Turim"}]},{"@type":"WebSite","@id":"https:\/\/www.oarcanjo.net\/site\/#website","url":"https:\/\/www.oarcanjo.net\/site\/","name":"O Arcanjo no ar","description":"Site da Par\u00f3quia S\u00e3o Miguel Arcanjo (Arquidiocese de SP)","publisher":{"@id":"https:\/\/www.oarcanjo.net\/site\/#organization"},"potentialAction":[{"@type":"SearchAction","target":{"@type":"EntryPoint","urlTemplate":"https:\/\/www.oarcanjo.net\/site\/?s={search_term_string}"},"query-input":{"@type":"PropertyValueSpecification","valueRequired":true,"valueName":"search_term_string"}}],"inLanguage":"pt-BR"},{"@type":"Organization","@id":"https:\/\/www.oarcanjo.net\/site\/#organization","name":"Par\u00f3quia S\u00e3o Miguel Arcanjo","url":"https:\/\/www.oarcanjo.net\/site\/","logo":{"@type":"ImageObject","inLanguage":"pt-BR","@id":"https:\/\/www.oarcanjo.net\/site\/#\/schema\/logo\/image\/","url":"https:\/\/www.oarcanjo.net\/site\/wp-content\/uploads\/LogoOArcanjo.png","contentUrl":"https:\/\/www.oarcanjo.net\/site\/wp-content\/uploads\/LogoOArcanjo.png","width":319,"height":99,"caption":"Par\u00f3quia S\u00e3o Miguel Arcanjo"},"image":{"@id":"https:\/\/www.oarcanjo.net\/site\/#\/schema\/logo\/image\/"},"sameAs":["https:\/\/www.facebook.com\/OArcanjoNoAr\/"]},{"@type":"Person","@id":"https:\/\/www.oarcanjo.net\/site\/#\/schema\/person\/5eb9480bedd2f3c97e430ce128c29c6c","name":"danilo"}]}},"publishpress_future_action":{"enabled":false,"date":"2026-05-08 13:02:43","action":"category","newStatus":"draft","terms":[],"taxonomy":"category"},"publishpress_future_workflow_manual_trigger":{"enabledWorkflows":[]},"_links":{"self":[{"href":"https:\/\/www.oarcanjo.net\/site\/wp-json\/wp\/v2\/posts\/9890"}],"collection":[{"href":"https:\/\/www.oarcanjo.net\/site\/wp-json\/wp\/v2\/posts"}],"about":[{"href":"https:\/\/www.oarcanjo.net\/site\/wp-json\/wp\/v2\/types\/post"}],"author":[{"embeddable":true,"href":"https:\/\/www.oarcanjo.net\/site\/wp-json\/wp\/v2\/users\/14"}],"replies":[{"embeddable":true,"href":"https:\/\/www.oarcanjo.net\/site\/wp-json\/wp\/v2\/comments?post=9890"}],"version-history":[{"count":1,"href":"https:\/\/www.oarcanjo.net\/site\/wp-json\/wp\/v2\/posts\/9890\/revisions"}],"predecessor-version":[{"id":88597,"href":"https:\/\/www.oarcanjo.net\/site\/wp-json\/wp\/v2\/posts\/9890\/revisions\/88597"}],"wp:attachment":[{"href":"https:\/\/www.oarcanjo.net\/site\/wp-json\/wp\/v2\/media?parent=9890"}],"wp:term":[{"taxonomy":"category","embeddable":true,"href":"https:\/\/www.oarcanjo.net\/site\/wp-json\/wp\/v2\/categories?post=9890"},{"taxonomy":"post_tag","embeddable":true,"href":"https:\/\/www.oarcanjo.net\/site\/wp-json\/wp\/v2\/tags?post=9890"}],"curies":[{"name":"wp","href":"https:\/\/api.w.org\/{rel}","templated":true}]}}