
{"id":9892,"date":"2018-06-25T00:12:07","date_gmt":"2018-06-25T03:12:07","guid":{"rendered":"http:\/\/www.oarcanjo.net\/site\/?p=9892"},"modified":"2018-06-20T18:19:53","modified_gmt":"2018-06-20T21:19:53","slug":"sao-prospero-de-aquitania","status":"publish","type":"post","link":"https:\/\/www.oarcanjo.net\/site\/sao-prospero-de-aquitania\/","title":{"rendered":"S\u00e3o Pr\u00f3spero de Aquit\u00e2nia"},"content":{"rendered":"<p><img decoding=\"async\" src=\"http:\/\/spb.fotolog.com\/photo\/11\/1\/116\/oracoes\/1214418806657_f.jpg\" alt=\"\" \/><\/p>\n<p>25 de Junho<\/p>\n<p>Pr\u00f3spero estudou na sua cidade natal, Aquit\u00e2nia, atual Limoges, Fran\u00e7a, e logo se tornou escritor e te\u00f3logo. As suas obras s\u00e3o quase as \u00fanicas fontes de informa\u00e7\u00e3o sobre ele pr\u00f3prio. Escrevia tanto em verso como em prosa. Por causa do poema &#8220;De um esposo a sua mulher&#8221;, atribu\u00eddo \u00e0 sua autoria, chegou-se a supor que ele pudesse ter sido casado. Por\u00e9m \u00e9 certo que ele nunca se ordenou sacerdote, embora tenha vivido no mosteiro de Marselha, desde 426. At\u00e9 morrer, manteve-se apenas um monge leigo. Tamb\u00e9m n\u00e3o foi m\u00e1rtir e nem patrocinou prod\u00edgio algum. Entretanto a Igreja o venera como &#8220;Professor da F\u00e9&#8221;.<\/p>\n<p>No meio dos sacerdotes marselheses, Pr\u00f3spero viu difundir-se a doutrina her\u00e9tica apregoada por Pel\u00e1gio, que negava o pecado original e a necessidade da gra\u00e7a divina para a salva\u00e7\u00e3o humana. Portanto o ser humano seria capaz de salvar-se apenas praticando o bem e segundo a sua pr\u00f3pria vontade, pois a gra\u00e7a divina era importante, mas n\u00e3o indispens\u00e1vel.<\/p>\n<p>Pr\u00f3spero, desde o seu ingresso no mosteiro, tomou parte ativa na luta contra os erros doutrinais divulgados por Pel\u00e1gio, que os monges marselheses se interessavam em sua propaga\u00e7\u00e3o. Pr\u00f3spero defendeu e trabalhou pessoalmente com Agostinho, pois tinha o mesmo entendimento que ele sobre a gra\u00e7a divina. Por isso contou a Agostinho que os &#8220;marselheses&#8221; eram-lhe os novos opositores doutrinais. Instigado, Agostinho escreveu aquela que foi a sua maior obra: &#8220;Da predestina\u00e7\u00e3o dos santos e dom da perseveran\u00e7a&#8221;. Agostinho morreu logo ap\u00f3s, em 430.<\/p>\n<p>Mas nem mesmo ap\u00f3s sua morte as cr\u00edticas dos &#8220;marselheses&#8221; \u00e0 sua doutrina atenuaram. Por isso, um ano depois, Pr\u00f3spero decidiu ir a Roma para pedir a interven\u00e7\u00e3o do papa Celestino I. que mandou uma carta aos bispos da Fran\u00e7a para que acabassem de vez com as cr\u00edticas ao grande mestre e doutor da Igreja, Agostinho.<\/p>\n<p>S\u00f3 ent\u00e3o Pr\u00f3spero transferiu-se para Roma, em 435, onde continuou com suas obras. Escreveu um coment\u00e1rio sobre os salmos e, principalmente, sobre seu mestre Agostinho, assentando-lhe a doutrina e corrigindo certos exageros encontrados nos seus textos. Pr\u00f3spero captava com facilidade o pensamento muitas vezes obscuro de Agostinho, devido \u00e0 sua apurada educa\u00e7\u00e3o liter\u00e1ria e filos\u00f3fica. Ele pr\u00f3prio se tornou um te\u00f3logo de rara grandeza para a Igreja.<\/p>\n<p>A partir de 440, Pr\u00f3spero foi convocado pelo papa Le\u00e3o Magno para ser seu secret\u00e1rio, exercendo a fun\u00e7\u00e3o at\u00e9 depois de 463, quando faleceu. Deixou um grande n\u00famero de escritos teol\u00f3gicos eclesi\u00e1sticos, sempre em resposta \u00e0s diversas cal\u00fanias e obje\u00e7\u00f5es \u00e0 r\u00edgida doutrina de Agostinho. Ali\u00e1s, o conte\u00fado era t\u00e3o apurado e preciso que continuaram convencendo tamb\u00e9m os outros pont\u00edfices que se sucederam em Roma durante s\u00e9culos.<\/p>\n<p>O \u00fanico ind\u00edcio de homenagem a s\u00e3o Pr\u00f3spero de Aquit\u00e2nia remonta \u00e0 Antig\u00fcidade, que \u00e9 uma pintura na igreja de S\u00e3o Clemente, em Roma. Sem d\u00favida, trata-se deste santo, porque naquela igreja o papa Z\u00f3zimo, em 417, condenou o &#8220;pelagianismo&#8221;, heresia que o grande te\u00f3logo combateu ferrenhamente por meio de suas obras.<\/p>\n<p>Pr\u00f3spero de Aquit\u00e2nia s\u00f3 foi canonizado no s\u00e9culo VIII, por isso foi inserido erroneamente no Martirol\u00f3gio Romano por C\u00e9sar Baronio, que o confundiu com o bispo de R\u00e9gio Emilia, seu hom\u00f4nimo, que foi martirizado pela f\u00e9 no s\u00e9culo VIII. Motivo pelo qual os dois santos recebem as homenagens lit\u00fargicas no mesmo dia, 25 de junho.<\/p>\n<div id=\"themify_builder_content-9892\" data-postid=\"9892\" class=\"themify_builder_content themify_builder_content-9892 themify_builder themify_builder_front\">\n\t<\/div>\n<!-- \/themify_builder_content -->","protected":false},"excerpt":{"rendered":"<p>25 de Junho Pr\u00f3spero estudou na sua cidade natal, Aquit\u00e2nia, atual Limoges, Fran\u00e7a, e logo se tornou escritor e te\u00f3logo. As suas obras s\u00e3o quase as \u00fanicas fontes de informa\u00e7\u00e3o sobre ele pr\u00f3prio. Escrevia tanto em verso como em prosa. Por causa do poema &#8220;De um esposo a sua mulher&#8221;, atribu\u00eddo \u00e0 sua autoria, chegou-se [&hellip;]<\/p>\n","protected":false},"author":14,"featured_media":0,"comment_status":"open","ping_status":"open","sticky":false,"template":"","format":"standard","meta":{"ngg_post_thumbnail":0,"footnotes":""},"categories":[186],"tags":[],"yoast_head":"<!-- This site is optimized with the Yoast SEO plugin v23.5 - https:\/\/yoast.com\/wordpress\/plugins\/seo\/ -->\n<title>S\u00e3o Pr\u00f3spero de Aquit\u00e2nia - O Arcanjo no ar<\/title>\n<meta name=\"robots\" content=\"index, follow, max-snippet:-1, max-image-preview:large, max-video-preview:-1\" \/>\n<link rel=\"canonical\" href=\"https:\/\/www.oarcanjo.net\/site\/sao-prospero-de-aquitania\/\" \/>\n<meta property=\"og:locale\" content=\"pt_BR\" \/>\n<meta property=\"og:type\" content=\"article\" \/>\n<meta property=\"og:title\" content=\"S\u00e3o Pr\u00f3spero de Aquit\u00e2nia - O Arcanjo no ar\" \/>\n<meta property=\"og:description\" content=\"25 de Junho Pr\u00f3spero estudou na sua cidade natal, Aquit\u00e2nia, atual Limoges, Fran\u00e7a, e logo se tornou escritor e te\u00f3logo. As suas obras s\u00e3o quase as \u00fanicas fontes de informa\u00e7\u00e3o sobre ele pr\u00f3prio. Escrevia tanto em verso como em prosa. Por causa do poema &#8220;De um esposo a sua mulher&#8221;, atribu\u00eddo \u00e0 sua autoria, chegou-se [&hellip;]\" \/>\n<meta property=\"og:url\" content=\"https:\/\/www.oarcanjo.net\/site\/sao-prospero-de-aquitania\/\" \/>\n<meta property=\"og:site_name\" content=\"O Arcanjo no ar\" \/>\n<meta property=\"article:publisher\" content=\"https:\/\/www.facebook.com\/OArcanjoNoAr\/\" \/>\n<meta property=\"article:published_time\" content=\"2018-06-25T03:12:07+00:00\" \/>\n<meta property=\"article:modified_time\" content=\"2018-06-20T21:19:53+00:00\" \/>\n<meta property=\"og:image\" content=\"http:\/\/spb.fotolog.com\/photo\/11\/1\/116\/oracoes\/1214418806657_f.jpg\" \/>\n<meta name=\"author\" content=\"danilo\" \/>\n<meta name=\"twitter:card\" content=\"summary_large_image\" \/>\n<meta name=\"twitter:label1\" content=\"Escrito por\" \/>\n\t<meta name=\"twitter:data1\" content=\"danilo\" \/>\n\t<meta name=\"twitter:label2\" content=\"Est. tempo de leitura\" \/>\n\t<meta name=\"twitter:data2\" content=\"3 minutos\" \/>\n<script type=\"application\/ld+json\" class=\"yoast-schema-graph\">{\"@context\":\"https:\/\/schema.org\",\"@graph\":[{\"@type\":\"Article\",\"@id\":\"https:\/\/www.oarcanjo.net\/site\/sao-prospero-de-aquitania\/#article\",\"isPartOf\":{\"@id\":\"https:\/\/www.oarcanjo.net\/site\/sao-prospero-de-aquitania\/\"},\"author\":{\"name\":\"danilo\",\"@id\":\"https:\/\/www.oarcanjo.net\/site\/#\/schema\/person\/5eb9480bedd2f3c97e430ce128c29c6c\"},\"headline\":\"S\u00e3o Pr\u00f3spero de Aquit\u00e2nia\",\"datePublished\":\"2018-06-25T03:12:07+00:00\",\"dateModified\":\"2018-06-20T21:19:53+00:00\",\"mainEntityOfPage\":{\"@id\":\"https:\/\/www.oarcanjo.net\/site\/sao-prospero-de-aquitania\/\"},\"wordCount\":613,\"commentCount\":0,\"publisher\":{\"@id\":\"https:\/\/www.oarcanjo.net\/site\/#organization\"},\"image\":{\"@id\":\"https:\/\/www.oarcanjo.net\/site\/sao-prospero-de-aquitania\/#primaryimage\"},\"thumbnailUrl\":\"http:\/\/spb.fotolog.com\/photo\/11\/1\/116\/oracoes\/1214418806657_f.jpg\",\"articleSection\":[\"Testemunhos\"],\"inLanguage\":\"pt-BR\",\"potentialAction\":[{\"@type\":\"CommentAction\",\"name\":\"Comment\",\"target\":[\"https:\/\/www.oarcanjo.net\/site\/sao-prospero-de-aquitania\/#respond\"]}]},{\"@type\":\"WebPage\",\"@id\":\"https:\/\/www.oarcanjo.net\/site\/sao-prospero-de-aquitania\/\",\"url\":\"https:\/\/www.oarcanjo.net\/site\/sao-prospero-de-aquitania\/\",\"name\":\"S\u00e3o Pr\u00f3spero de Aquit\u00e2nia - O Arcanjo no ar\",\"isPartOf\":{\"@id\":\"https:\/\/www.oarcanjo.net\/site\/#website\"},\"primaryImageOfPage\":{\"@id\":\"https:\/\/www.oarcanjo.net\/site\/sao-prospero-de-aquitania\/#primaryimage\"},\"image\":{\"@id\":\"https:\/\/www.oarcanjo.net\/site\/sao-prospero-de-aquitania\/#primaryimage\"},\"thumbnailUrl\":\"http:\/\/spb.fotolog.com\/photo\/11\/1\/116\/oracoes\/1214418806657_f.jpg\",\"datePublished\":\"2018-06-25T03:12:07+00:00\",\"dateModified\":\"2018-06-20T21:19:53+00:00\",\"breadcrumb\":{\"@id\":\"https:\/\/www.oarcanjo.net\/site\/sao-prospero-de-aquitania\/#breadcrumb\"},\"inLanguage\":\"pt-BR\",\"potentialAction\":[{\"@type\":\"ReadAction\",\"target\":[\"https:\/\/www.oarcanjo.net\/site\/sao-prospero-de-aquitania\/\"]}]},{\"@type\":\"ImageObject\",\"inLanguage\":\"pt-BR\",\"@id\":\"https:\/\/www.oarcanjo.net\/site\/sao-prospero-de-aquitania\/#primaryimage\",\"url\":\"http:\/\/spb.fotolog.com\/photo\/11\/1\/116\/oracoes\/1214418806657_f.jpg\",\"contentUrl\":\"http:\/\/spb.fotolog.com\/photo\/11\/1\/116\/oracoes\/1214418806657_f.jpg\"},{\"@type\":\"BreadcrumbList\",\"@id\":\"https:\/\/www.oarcanjo.net\/site\/sao-prospero-de-aquitania\/#breadcrumb\",\"itemListElement\":[{\"@type\":\"ListItem\",\"position\":1,\"name\":\"In\u00edcio\",\"item\":\"https:\/\/www.oarcanjo.net\/site\/\"},{\"@type\":\"ListItem\",\"position\":2,\"name\":\"S\u00e3o Pr\u00f3spero de Aquit\u00e2nia\"}]},{\"@type\":\"WebSite\",\"@id\":\"https:\/\/www.oarcanjo.net\/site\/#website\",\"url\":\"https:\/\/www.oarcanjo.net\/site\/\",\"name\":\"O Arcanjo no ar\",\"description\":\"Site da Par\u00f3quia S\u00e3o Miguel Arcanjo (Arquidiocese de SP)\",\"publisher\":{\"@id\":\"https:\/\/www.oarcanjo.net\/site\/#organization\"},\"potentialAction\":[{\"@type\":\"SearchAction\",\"target\":{\"@type\":\"EntryPoint\",\"urlTemplate\":\"https:\/\/www.oarcanjo.net\/site\/?s={search_term_string}\"},\"query-input\":{\"@type\":\"PropertyValueSpecification\",\"valueRequired\":true,\"valueName\":\"search_term_string\"}}],\"inLanguage\":\"pt-BR\"},{\"@type\":\"Organization\",\"@id\":\"https:\/\/www.oarcanjo.net\/site\/#organization\",\"name\":\"Par\u00f3quia S\u00e3o Miguel Arcanjo\",\"url\":\"https:\/\/www.oarcanjo.net\/site\/\",\"logo\":{\"@type\":\"ImageObject\",\"inLanguage\":\"pt-BR\",\"@id\":\"https:\/\/www.oarcanjo.net\/site\/#\/schema\/logo\/image\/\",\"url\":\"https:\/\/www.oarcanjo.net\/site\/wp-content\/uploads\/LogoOArcanjo.png\",\"contentUrl\":\"https:\/\/www.oarcanjo.net\/site\/wp-content\/uploads\/LogoOArcanjo.png\",\"width\":319,\"height\":99,\"caption\":\"Par\u00f3quia S\u00e3o Miguel Arcanjo\"},\"image\":{\"@id\":\"https:\/\/www.oarcanjo.net\/site\/#\/schema\/logo\/image\/\"},\"sameAs\":[\"https:\/\/www.facebook.com\/OArcanjoNoAr\/\"]},{\"@type\":\"Person\",\"@id\":\"https:\/\/www.oarcanjo.net\/site\/#\/schema\/person\/5eb9480bedd2f3c97e430ce128c29c6c\",\"name\":\"danilo\"}]}<\/script>\n<!-- \/ Yoast SEO plugin. -->","yoast_head_json":{"title":"S\u00e3o Pr\u00f3spero de Aquit\u00e2nia - O Arcanjo no ar","robots":{"index":"index","follow":"follow","max-snippet":"max-snippet:-1","max-image-preview":"max-image-preview:large","max-video-preview":"max-video-preview:-1"},"canonical":"https:\/\/www.oarcanjo.net\/site\/sao-prospero-de-aquitania\/","og_locale":"pt_BR","og_type":"article","og_title":"S\u00e3o Pr\u00f3spero de Aquit\u00e2nia - O Arcanjo no ar","og_description":"25 de Junho Pr\u00f3spero estudou na sua cidade natal, Aquit\u00e2nia, atual Limoges, Fran\u00e7a, e logo se tornou escritor e te\u00f3logo. As suas obras s\u00e3o quase as \u00fanicas fontes de informa\u00e7\u00e3o sobre ele pr\u00f3prio. Escrevia tanto em verso como em prosa. Por causa do poema &#8220;De um esposo a sua mulher&#8221;, atribu\u00eddo \u00e0 sua autoria, chegou-se [&hellip;]","og_url":"https:\/\/www.oarcanjo.net\/site\/sao-prospero-de-aquitania\/","og_site_name":"O Arcanjo no ar","article_publisher":"https:\/\/www.facebook.com\/OArcanjoNoAr\/","article_published_time":"2018-06-25T03:12:07+00:00","article_modified_time":"2018-06-20T21:19:53+00:00","og_image":[{"url":"http:\/\/spb.fotolog.com\/photo\/11\/1\/116\/oracoes\/1214418806657_f.jpg"}],"author":"danilo","twitter_card":"summary_large_image","twitter_misc":{"Escrito por":"danilo","Est. tempo de leitura":"3 minutos"},"schema":{"@context":"https:\/\/schema.org","@graph":[{"@type":"Article","@id":"https:\/\/www.oarcanjo.net\/site\/sao-prospero-de-aquitania\/#article","isPartOf":{"@id":"https:\/\/www.oarcanjo.net\/site\/sao-prospero-de-aquitania\/"},"author":{"name":"danilo","@id":"https:\/\/www.oarcanjo.net\/site\/#\/schema\/person\/5eb9480bedd2f3c97e430ce128c29c6c"},"headline":"S\u00e3o Pr\u00f3spero de Aquit\u00e2nia","datePublished":"2018-06-25T03:12:07+00:00","dateModified":"2018-06-20T21:19:53+00:00","mainEntityOfPage":{"@id":"https:\/\/www.oarcanjo.net\/site\/sao-prospero-de-aquitania\/"},"wordCount":613,"commentCount":0,"publisher":{"@id":"https:\/\/www.oarcanjo.net\/site\/#organization"},"image":{"@id":"https:\/\/www.oarcanjo.net\/site\/sao-prospero-de-aquitania\/#primaryimage"},"thumbnailUrl":"http:\/\/spb.fotolog.com\/photo\/11\/1\/116\/oracoes\/1214418806657_f.jpg","articleSection":["Testemunhos"],"inLanguage":"pt-BR","potentialAction":[{"@type":"CommentAction","name":"Comment","target":["https:\/\/www.oarcanjo.net\/site\/sao-prospero-de-aquitania\/#respond"]}]},{"@type":"WebPage","@id":"https:\/\/www.oarcanjo.net\/site\/sao-prospero-de-aquitania\/","url":"https:\/\/www.oarcanjo.net\/site\/sao-prospero-de-aquitania\/","name":"S\u00e3o Pr\u00f3spero de Aquit\u00e2nia - O Arcanjo no ar","isPartOf":{"@id":"https:\/\/www.oarcanjo.net\/site\/#website"},"primaryImageOfPage":{"@id":"https:\/\/www.oarcanjo.net\/site\/sao-prospero-de-aquitania\/#primaryimage"},"image":{"@id":"https:\/\/www.oarcanjo.net\/site\/sao-prospero-de-aquitania\/#primaryimage"},"thumbnailUrl":"http:\/\/spb.fotolog.com\/photo\/11\/1\/116\/oracoes\/1214418806657_f.jpg","datePublished":"2018-06-25T03:12:07+00:00","dateModified":"2018-06-20T21:19:53+00:00","breadcrumb":{"@id":"https:\/\/www.oarcanjo.net\/site\/sao-prospero-de-aquitania\/#breadcrumb"},"inLanguage":"pt-BR","potentialAction":[{"@type":"ReadAction","target":["https:\/\/www.oarcanjo.net\/site\/sao-prospero-de-aquitania\/"]}]},{"@type":"ImageObject","inLanguage":"pt-BR","@id":"https:\/\/www.oarcanjo.net\/site\/sao-prospero-de-aquitania\/#primaryimage","url":"http:\/\/spb.fotolog.com\/photo\/11\/1\/116\/oracoes\/1214418806657_f.jpg","contentUrl":"http:\/\/spb.fotolog.com\/photo\/11\/1\/116\/oracoes\/1214418806657_f.jpg"},{"@type":"BreadcrumbList","@id":"https:\/\/www.oarcanjo.net\/site\/sao-prospero-de-aquitania\/#breadcrumb","itemListElement":[{"@type":"ListItem","position":1,"name":"In\u00edcio","item":"https:\/\/www.oarcanjo.net\/site\/"},{"@type":"ListItem","position":2,"name":"S\u00e3o Pr\u00f3spero de Aquit\u00e2nia"}]},{"@type":"WebSite","@id":"https:\/\/www.oarcanjo.net\/site\/#website","url":"https:\/\/www.oarcanjo.net\/site\/","name":"O Arcanjo no ar","description":"Site da Par\u00f3quia S\u00e3o Miguel Arcanjo (Arquidiocese de SP)","publisher":{"@id":"https:\/\/www.oarcanjo.net\/site\/#organization"},"potentialAction":[{"@type":"SearchAction","target":{"@type":"EntryPoint","urlTemplate":"https:\/\/www.oarcanjo.net\/site\/?s={search_term_string}"},"query-input":{"@type":"PropertyValueSpecification","valueRequired":true,"valueName":"search_term_string"}}],"inLanguage":"pt-BR"},{"@type":"Organization","@id":"https:\/\/www.oarcanjo.net\/site\/#organization","name":"Par\u00f3quia S\u00e3o Miguel Arcanjo","url":"https:\/\/www.oarcanjo.net\/site\/","logo":{"@type":"ImageObject","inLanguage":"pt-BR","@id":"https:\/\/www.oarcanjo.net\/site\/#\/schema\/logo\/image\/","url":"https:\/\/www.oarcanjo.net\/site\/wp-content\/uploads\/LogoOArcanjo.png","contentUrl":"https:\/\/www.oarcanjo.net\/site\/wp-content\/uploads\/LogoOArcanjo.png","width":319,"height":99,"caption":"Par\u00f3quia S\u00e3o Miguel Arcanjo"},"image":{"@id":"https:\/\/www.oarcanjo.net\/site\/#\/schema\/logo\/image\/"},"sameAs":["https:\/\/www.facebook.com\/OArcanjoNoAr\/"]},{"@type":"Person","@id":"https:\/\/www.oarcanjo.net\/site\/#\/schema\/person\/5eb9480bedd2f3c97e430ce128c29c6c","name":"danilo"}]}},"publishpress_future_action":{"enabled":false,"date":"2026-05-08 14:24:09","action":"category","newStatus":"draft","terms":[],"taxonomy":"category"},"publishpress_future_workflow_manual_trigger":{"enabledWorkflows":[]},"_links":{"self":[{"href":"https:\/\/www.oarcanjo.net\/site\/wp-json\/wp\/v2\/posts\/9892"}],"collection":[{"href":"https:\/\/www.oarcanjo.net\/site\/wp-json\/wp\/v2\/posts"}],"about":[{"href":"https:\/\/www.oarcanjo.net\/site\/wp-json\/wp\/v2\/types\/post"}],"author":[{"embeddable":true,"href":"https:\/\/www.oarcanjo.net\/site\/wp-json\/wp\/v2\/users\/14"}],"replies":[{"embeddable":true,"href":"https:\/\/www.oarcanjo.net\/site\/wp-json\/wp\/v2\/comments?post=9892"}],"version-history":[{"count":1,"href":"https:\/\/www.oarcanjo.net\/site\/wp-json\/wp\/v2\/posts\/9892\/revisions"}],"predecessor-version":[{"id":88598,"href":"https:\/\/www.oarcanjo.net\/site\/wp-json\/wp\/v2\/posts\/9892\/revisions\/88598"}],"wp:attachment":[{"href":"https:\/\/www.oarcanjo.net\/site\/wp-json\/wp\/v2\/media?parent=9892"}],"wp:term":[{"taxonomy":"category","embeddable":true,"href":"https:\/\/www.oarcanjo.net\/site\/wp-json\/wp\/v2\/categories?post=9892"},{"taxonomy":"post_tag","embeddable":true,"href":"https:\/\/www.oarcanjo.net\/site\/wp-json\/wp\/v2\/tags?post=9892"}],"curies":[{"name":"wp","href":"https:\/\/api.w.org\/{rel}","templated":true}]}}