
{"id":9923,"date":"2018-06-26T15:12:04","date_gmt":"2018-06-26T18:12:04","guid":{"rendered":"http:\/\/www.oarcanjo.net\/site\/?p=9923"},"modified":"2018-06-20T18:20:19","modified_gmt":"2018-06-20T21:20:19","slug":"sao-sigismundo-zygmunt-gorazdowski","status":"publish","type":"post","link":"https:\/\/www.oarcanjo.net\/site\/sao-sigismundo-zygmunt-gorazdowski\/","title":{"rendered":"S\u00e3o Sigismundo (Zygmunt) Gorazdowski"},"content":{"rendered":"<p><img decoding=\"async\" src=\"http:\/\/4.bp.blogspot.com\/_jdrdHVFEXss\/SGN3_zynK1I\/AAAAAAAABIY\/LQ10hD9aSns\/s400\/SigismundoGorazdowski.gif\" alt=\"\" \/><\/p>\n<p>26 de Junho<\/p>\n<p>Fundou a Congrega\u00e7\u00e3o das Irm\u00e3s de S\u00e3o Jos\u00e9 Irm\u00e3s Josefinas<\/p>\n<p>Sigismundo Gorazdowski nasceu em 1o de novembro de 1845, em Sanok, Pol\u00f4nia, numa fam\u00edlia muito religiosa, tendo sa\u00fade fr\u00e1gil desde a inf\u00e2ncia.<\/p>\n<p>Ap\u00f3s concluir o segundo grau, entrou na faculdade de direito da Universidade de Lwow. No segundo ano de faculdade, descobriu a voca\u00e7\u00e3o para o sacerd\u00f3cio, interrompeu o curso de direito e entrou para o Semin\u00e1rio Maior em Lwow. A sua ordena\u00e7\u00e3o sacerdotal foi suspensa por causa do seu grave estado de sa\u00fade. Os seus amigos escreveram em suas mem\u00f3rias: &#8220;A n\u00e3o admiss\u00e3o \u00e0 ordena\u00e7\u00e3o sacerdotal foi para Sigismundo um golpe muito doloroso, sofreu moral e fisicamente, mas n\u00e3o perdeu a confian\u00e7a no Senhor Deus&#8221;. Dois anos depois, o seu estado de sa\u00fade melhorou tanto que p\u00f4de receber o sacramento da Ordem na catedral de Lwow, no dia 25 de julho de 1871. Seu lema: &#8220;Ser tudo para todos, para salvar pelo menos um&#8221;.<\/p>\n<p>Seu trabalho pastoral foi reconhecido pelo carisma excepcional de unir o trabalho sacerdotal com o trabalho caritativo. Descobrindo a grande pobreza espiritual de seus fi\u00e9is e v\u00e1rias dificuldades no an\u00fancio da mensagem evang\u00e9lica, elaborou e editou &#8220;Catecismo&#8221;, que teve a tiragem de mais de cinq\u00fcenta mil exemplares.<\/p>\n<p>Para os jovens, preparou e editou &#8220;Conselhos e admoesta\u00e7\u00f5es&#8221;. Valorizando muito os sacramentos, especialmente o da eucaristia, iniciou na arquidiocese de Lwow a pr\u00e1tica da primeira comunh\u00e3o comunit\u00e1ria para as crian\u00e7as. Foi tamb\u00e9m o grande propagador de lembran\u00e7as da primeira comunh\u00e3o e do sacramento da crisma. Padre Sigismundo nunca excluiu ningu\u00e9m de sua a\u00e7\u00e3o de caridade, dedicando-se, especialmente, aos marginalizados pela sociedade e aos doentes v\u00edtimas de c\u00f3lera.<\/p>\n<p>Em 1877, padre Sigismundo iniciou suas atividades sacerdotais e beneficentes em Lwow, e como vig\u00e1rio assumiu o trabalho de catequista em v\u00e1rias escolas, continuando, sempre, o seu trabalho de editor e redator. Preparou e editou &#8220;Princ\u00edpios e normas de boa educa\u00e7\u00e3o&#8221; para os pais e educadores. Publicou, tamb\u00e9m, muitos artigos, principalmente pastorais, sociais e pedag\u00f3gicos. Criou a &#8220;Sociedade Bom Pastor&#8221;, para auxiliar os sacerdotes, e fundou a Casa de Trabalho Ben\u00e9volo, para os mendigos. Como consta nos relat\u00f3rios dessa Casa, &#8220;muitos pobres abandonaram a mendic\u00e2ncia e, recuperando a sua dignidade, voltaram \u00e0 vida decente&#8221;.<\/p>\n<p>O abrigo para incur\u00e1veis e convalescentes foi uma obra de miseric\u00f3rdia crist\u00e3 em resposta \u00e0s necessidades de pessoas sofredoras e doentes, v\u00edtimas de uma lei do governo que obrigava os enfermos a abandonarem o hospital ap\u00f3s seis semanas de interna\u00e7\u00e3o, independentemente do estado de sa\u00fade. Escreveram na \u00e9poca: &#8220;Quando ningu\u00e9m soube acolher os infelizes e doentes desenganados&#8230; ele pensou em construir um abrigo aos infelizes&#8221;.<\/p>\n<p>N\u00e3o se pode esquecer do &#8220;Instituto Menino Jesus&#8221; para as m\u00e3es solteiras e as crian\u00e7as abandonadas. Atuou, ainda, na Sociedade de Santa Salom\u00e9, auxiliando as vi\u00favas pobres com seus filhos, e tamb\u00e9m na Sociedade das Costureiras Pobres. Foi co-fundador da Associa\u00e7\u00e3o das Sociedades Beneficentes na Gal\u00edcia, que coordenava e dirigia todas as obras crist\u00e3s de miseric\u00f3rdia.<\/p>\n<p>A funda\u00e7\u00e3o da escola e publica\u00e7\u00e3o do jornal enfrentaram grande oposi\u00e7\u00e3o dos inimigos da Igreja, o que proporcionou muitas afli\u00e7\u00f5es, sofrimentos, incompreens\u00f5es e humilha\u00e7\u00f5es ao padre Sigismundo, praticamente at\u00e9 a sua morte.<br \/>\nEm 17 de fevereiro de 1884, fundou a Congrega\u00e7\u00e3o das Irm\u00e3s de S\u00e3o Jos\u00e9 &#8211; Irm\u00e3s Josefinas para dirigir as suas obras beneficentes. A Congrega\u00e7\u00e3o das Irm\u00e3s de S\u00e3o Jos\u00e9, fiel ao carisma de seu fundador, dirige institutos educacionais, engaja-se no trabalho catequ\u00e9tico, serve aos doentes, sofredores e v\u00edtimas de todo tipo de pobreza. A congrega\u00e7\u00e3o atua na Pol\u00f4nia, Alemanha, Fran\u00e7a, It\u00e1lia, Ucr\u00e2nia e nas miss\u00f5es da \u00c1frica e da Am\u00e9rica do Sul.<\/p>\n<p>Sigismundo Gorazdowski morreu no dia 1o de janeiro de 1920, em Lwow. Na \u00e9poca, dizia-se que ele era &#8220;o olho do cego, a perna do coxo e o pai dos pobres&#8221;. Seu processo de beatifica\u00e7\u00e3o foi iniciado em 1989. No dia 26 de junho de 2001, o santo padre Jo\u00e3o Paulo II beatificou esse ap\u00f3stolo da miseric\u00f3rdia divina, cuja mem\u00f3ria \u00e9 celebrada no dia 26 de junho. No dia 23 de outubro de 2005, foi declarado santo pelo papa Bento XVI.<\/p>\n<div id=\"themify_builder_content-9923\" data-postid=\"9923\" class=\"themify_builder_content themify_builder_content-9923 themify_builder themify_builder_front\">\n\t<\/div>\n<!-- \/themify_builder_content -->","protected":false},"excerpt":{"rendered":"<p>26 de Junho Fundou a Congrega\u00e7\u00e3o das Irm\u00e3s de S\u00e3o Jos\u00e9 Irm\u00e3s Josefinas Sigismundo Gorazdowski nasceu em 1o de novembro de 1845, em Sanok, Pol\u00f4nia, numa fam\u00edlia muito religiosa, tendo sa\u00fade fr\u00e1gil desde a inf\u00e2ncia. Ap\u00f3s concluir o segundo grau, entrou na faculdade de direito da Universidade de Lwow. No segundo ano de faculdade, descobriu [&hellip;]<\/p>\n","protected":false},"author":14,"featured_media":0,"comment_status":"open","ping_status":"open","sticky":false,"template":"","format":"standard","meta":{"ngg_post_thumbnail":0,"footnotes":""},"categories":[186],"tags":[],"yoast_head":"<!-- This site is optimized with the Yoast SEO plugin v23.5 - https:\/\/yoast.com\/wordpress\/plugins\/seo\/ -->\n<title>S\u00e3o Sigismundo (Zygmunt) Gorazdowski - O Arcanjo no ar<\/title>\n<meta name=\"robots\" content=\"index, follow, max-snippet:-1, max-image-preview:large, max-video-preview:-1\" \/>\n<link rel=\"canonical\" href=\"https:\/\/www.oarcanjo.net\/site\/sao-sigismundo-zygmunt-gorazdowski\/\" \/>\n<meta property=\"og:locale\" content=\"pt_BR\" \/>\n<meta property=\"og:type\" content=\"article\" \/>\n<meta property=\"og:title\" content=\"S\u00e3o Sigismundo (Zygmunt) Gorazdowski - O Arcanjo no ar\" \/>\n<meta property=\"og:description\" content=\"26 de Junho Fundou a Congrega\u00e7\u00e3o das Irm\u00e3s de S\u00e3o Jos\u00e9 Irm\u00e3s Josefinas Sigismundo Gorazdowski nasceu em 1o de novembro de 1845, em Sanok, Pol\u00f4nia, numa fam\u00edlia muito religiosa, tendo sa\u00fade fr\u00e1gil desde a inf\u00e2ncia. Ap\u00f3s concluir o segundo grau, entrou na faculdade de direito da Universidade de Lwow. No segundo ano de faculdade, descobriu [&hellip;]\" \/>\n<meta property=\"og:url\" content=\"https:\/\/www.oarcanjo.net\/site\/sao-sigismundo-zygmunt-gorazdowski\/\" \/>\n<meta property=\"og:site_name\" content=\"O Arcanjo no ar\" \/>\n<meta property=\"article:publisher\" content=\"https:\/\/www.facebook.com\/OArcanjoNoAr\/\" \/>\n<meta property=\"article:published_time\" content=\"2018-06-26T18:12:04+00:00\" \/>\n<meta property=\"article:modified_time\" content=\"2018-06-20T21:20:19+00:00\" \/>\n<meta property=\"og:image\" content=\"http:\/\/4.bp.blogspot.com\/_jdrdHVFEXss\/SGN3_zynK1I\/AAAAAAAABIY\/LQ10hD9aSns\/s400\/SigismundoGorazdowski.gif\" \/>\n<meta name=\"author\" content=\"danilo\" \/>\n<meta name=\"twitter:card\" content=\"summary_large_image\" \/>\n<meta name=\"twitter:label1\" content=\"Escrito por\" \/>\n\t<meta name=\"twitter:data1\" content=\"danilo\" \/>\n\t<meta name=\"twitter:label2\" content=\"Est. tempo de leitura\" \/>\n\t<meta name=\"twitter:data2\" content=\"4 minutos\" \/>\n<script type=\"application\/ld+json\" class=\"yoast-schema-graph\">{\"@context\":\"https:\/\/schema.org\",\"@graph\":[{\"@type\":\"Article\",\"@id\":\"https:\/\/www.oarcanjo.net\/site\/sao-sigismundo-zygmunt-gorazdowski\/#article\",\"isPartOf\":{\"@id\":\"https:\/\/www.oarcanjo.net\/site\/sao-sigismundo-zygmunt-gorazdowski\/\"},\"author\":{\"name\":\"danilo\",\"@id\":\"https:\/\/www.oarcanjo.net\/site\/#\/schema\/person\/5eb9480bedd2f3c97e430ce128c29c6c\"},\"headline\":\"S\u00e3o Sigismundo (Zygmunt) Gorazdowski\",\"datePublished\":\"2018-06-26T18:12:04+00:00\",\"dateModified\":\"2018-06-20T21:20:19+00:00\",\"mainEntityOfPage\":{\"@id\":\"https:\/\/www.oarcanjo.net\/site\/sao-sigismundo-zygmunt-gorazdowski\/\"},\"wordCount\":754,\"commentCount\":0,\"publisher\":{\"@id\":\"https:\/\/www.oarcanjo.net\/site\/#organization\"},\"image\":{\"@id\":\"https:\/\/www.oarcanjo.net\/site\/sao-sigismundo-zygmunt-gorazdowski\/#primaryimage\"},\"thumbnailUrl\":\"http:\/\/4.bp.blogspot.com\/_jdrdHVFEXss\/SGN3_zynK1I\/AAAAAAAABIY\/LQ10hD9aSns\/s400\/SigismundoGorazdowski.gif\",\"articleSection\":[\"Testemunhos\"],\"inLanguage\":\"pt-BR\",\"potentialAction\":[{\"@type\":\"CommentAction\",\"name\":\"Comment\",\"target\":[\"https:\/\/www.oarcanjo.net\/site\/sao-sigismundo-zygmunt-gorazdowski\/#respond\"]}]},{\"@type\":\"WebPage\",\"@id\":\"https:\/\/www.oarcanjo.net\/site\/sao-sigismundo-zygmunt-gorazdowski\/\",\"url\":\"https:\/\/www.oarcanjo.net\/site\/sao-sigismundo-zygmunt-gorazdowski\/\",\"name\":\"S\u00e3o Sigismundo (Zygmunt) Gorazdowski - O Arcanjo no ar\",\"isPartOf\":{\"@id\":\"https:\/\/www.oarcanjo.net\/site\/#website\"},\"primaryImageOfPage\":{\"@id\":\"https:\/\/www.oarcanjo.net\/site\/sao-sigismundo-zygmunt-gorazdowski\/#primaryimage\"},\"image\":{\"@id\":\"https:\/\/www.oarcanjo.net\/site\/sao-sigismundo-zygmunt-gorazdowski\/#primaryimage\"},\"thumbnailUrl\":\"http:\/\/4.bp.blogspot.com\/_jdrdHVFEXss\/SGN3_zynK1I\/AAAAAAAABIY\/LQ10hD9aSns\/s400\/SigismundoGorazdowski.gif\",\"datePublished\":\"2018-06-26T18:12:04+00:00\",\"dateModified\":\"2018-06-20T21:20:19+00:00\",\"breadcrumb\":{\"@id\":\"https:\/\/www.oarcanjo.net\/site\/sao-sigismundo-zygmunt-gorazdowski\/#breadcrumb\"},\"inLanguage\":\"pt-BR\",\"potentialAction\":[{\"@type\":\"ReadAction\",\"target\":[\"https:\/\/www.oarcanjo.net\/site\/sao-sigismundo-zygmunt-gorazdowski\/\"]}]},{\"@type\":\"ImageObject\",\"inLanguage\":\"pt-BR\",\"@id\":\"https:\/\/www.oarcanjo.net\/site\/sao-sigismundo-zygmunt-gorazdowski\/#primaryimage\",\"url\":\"http:\/\/4.bp.blogspot.com\/_jdrdHVFEXss\/SGN3_zynK1I\/AAAAAAAABIY\/LQ10hD9aSns\/s400\/SigismundoGorazdowski.gif\",\"contentUrl\":\"http:\/\/4.bp.blogspot.com\/_jdrdHVFEXss\/SGN3_zynK1I\/AAAAAAAABIY\/LQ10hD9aSns\/s400\/SigismundoGorazdowski.gif\"},{\"@type\":\"BreadcrumbList\",\"@id\":\"https:\/\/www.oarcanjo.net\/site\/sao-sigismundo-zygmunt-gorazdowski\/#breadcrumb\",\"itemListElement\":[{\"@type\":\"ListItem\",\"position\":1,\"name\":\"In\u00edcio\",\"item\":\"https:\/\/www.oarcanjo.net\/site\/\"},{\"@type\":\"ListItem\",\"position\":2,\"name\":\"S\u00e3o Sigismundo (Zygmunt) Gorazdowski\"}]},{\"@type\":\"WebSite\",\"@id\":\"https:\/\/www.oarcanjo.net\/site\/#website\",\"url\":\"https:\/\/www.oarcanjo.net\/site\/\",\"name\":\"O Arcanjo no ar\",\"description\":\"Site da Par\u00f3quia S\u00e3o Miguel Arcanjo (Arquidiocese de SP)\",\"publisher\":{\"@id\":\"https:\/\/www.oarcanjo.net\/site\/#organization\"},\"potentialAction\":[{\"@type\":\"SearchAction\",\"target\":{\"@type\":\"EntryPoint\",\"urlTemplate\":\"https:\/\/www.oarcanjo.net\/site\/?s={search_term_string}\"},\"query-input\":{\"@type\":\"PropertyValueSpecification\",\"valueRequired\":true,\"valueName\":\"search_term_string\"}}],\"inLanguage\":\"pt-BR\"},{\"@type\":\"Organization\",\"@id\":\"https:\/\/www.oarcanjo.net\/site\/#organization\",\"name\":\"Par\u00f3quia S\u00e3o Miguel Arcanjo\",\"url\":\"https:\/\/www.oarcanjo.net\/site\/\",\"logo\":{\"@type\":\"ImageObject\",\"inLanguage\":\"pt-BR\",\"@id\":\"https:\/\/www.oarcanjo.net\/site\/#\/schema\/logo\/image\/\",\"url\":\"https:\/\/www.oarcanjo.net\/site\/wp-content\/uploads\/LogoOArcanjo.png\",\"contentUrl\":\"https:\/\/www.oarcanjo.net\/site\/wp-content\/uploads\/LogoOArcanjo.png\",\"width\":319,\"height\":99,\"caption\":\"Par\u00f3quia S\u00e3o Miguel Arcanjo\"},\"image\":{\"@id\":\"https:\/\/www.oarcanjo.net\/site\/#\/schema\/logo\/image\/\"},\"sameAs\":[\"https:\/\/www.facebook.com\/OArcanjoNoAr\/\"]},{\"@type\":\"Person\",\"@id\":\"https:\/\/www.oarcanjo.net\/site\/#\/schema\/person\/5eb9480bedd2f3c97e430ce128c29c6c\",\"name\":\"danilo\"}]}<\/script>\n<!-- \/ Yoast SEO plugin. -->","yoast_head_json":{"title":"S\u00e3o Sigismundo (Zygmunt) Gorazdowski - O Arcanjo no ar","robots":{"index":"index","follow":"follow","max-snippet":"max-snippet:-1","max-image-preview":"max-image-preview:large","max-video-preview":"max-video-preview:-1"},"canonical":"https:\/\/www.oarcanjo.net\/site\/sao-sigismundo-zygmunt-gorazdowski\/","og_locale":"pt_BR","og_type":"article","og_title":"S\u00e3o Sigismundo (Zygmunt) Gorazdowski - O Arcanjo no ar","og_description":"26 de Junho Fundou a Congrega\u00e7\u00e3o das Irm\u00e3s de S\u00e3o Jos\u00e9 Irm\u00e3s Josefinas Sigismundo Gorazdowski nasceu em 1o de novembro de 1845, em Sanok, Pol\u00f4nia, numa fam\u00edlia muito religiosa, tendo sa\u00fade fr\u00e1gil desde a inf\u00e2ncia. Ap\u00f3s concluir o segundo grau, entrou na faculdade de direito da Universidade de Lwow. No segundo ano de faculdade, descobriu [&hellip;]","og_url":"https:\/\/www.oarcanjo.net\/site\/sao-sigismundo-zygmunt-gorazdowski\/","og_site_name":"O Arcanjo no ar","article_publisher":"https:\/\/www.facebook.com\/OArcanjoNoAr\/","article_published_time":"2018-06-26T18:12:04+00:00","article_modified_time":"2018-06-20T21:20:19+00:00","og_image":[{"url":"http:\/\/4.bp.blogspot.com\/_jdrdHVFEXss\/SGN3_zynK1I\/AAAAAAAABIY\/LQ10hD9aSns\/s400\/SigismundoGorazdowski.gif"}],"author":"danilo","twitter_card":"summary_large_image","twitter_misc":{"Escrito por":"danilo","Est. tempo de leitura":"4 minutos"},"schema":{"@context":"https:\/\/schema.org","@graph":[{"@type":"Article","@id":"https:\/\/www.oarcanjo.net\/site\/sao-sigismundo-zygmunt-gorazdowski\/#article","isPartOf":{"@id":"https:\/\/www.oarcanjo.net\/site\/sao-sigismundo-zygmunt-gorazdowski\/"},"author":{"name":"danilo","@id":"https:\/\/www.oarcanjo.net\/site\/#\/schema\/person\/5eb9480bedd2f3c97e430ce128c29c6c"},"headline":"S\u00e3o Sigismundo (Zygmunt) Gorazdowski","datePublished":"2018-06-26T18:12:04+00:00","dateModified":"2018-06-20T21:20:19+00:00","mainEntityOfPage":{"@id":"https:\/\/www.oarcanjo.net\/site\/sao-sigismundo-zygmunt-gorazdowski\/"},"wordCount":754,"commentCount":0,"publisher":{"@id":"https:\/\/www.oarcanjo.net\/site\/#organization"},"image":{"@id":"https:\/\/www.oarcanjo.net\/site\/sao-sigismundo-zygmunt-gorazdowski\/#primaryimage"},"thumbnailUrl":"http:\/\/4.bp.blogspot.com\/_jdrdHVFEXss\/SGN3_zynK1I\/AAAAAAAABIY\/LQ10hD9aSns\/s400\/SigismundoGorazdowski.gif","articleSection":["Testemunhos"],"inLanguage":"pt-BR","potentialAction":[{"@type":"CommentAction","name":"Comment","target":["https:\/\/www.oarcanjo.net\/site\/sao-sigismundo-zygmunt-gorazdowski\/#respond"]}]},{"@type":"WebPage","@id":"https:\/\/www.oarcanjo.net\/site\/sao-sigismundo-zygmunt-gorazdowski\/","url":"https:\/\/www.oarcanjo.net\/site\/sao-sigismundo-zygmunt-gorazdowski\/","name":"S\u00e3o Sigismundo (Zygmunt) Gorazdowski - O Arcanjo no ar","isPartOf":{"@id":"https:\/\/www.oarcanjo.net\/site\/#website"},"primaryImageOfPage":{"@id":"https:\/\/www.oarcanjo.net\/site\/sao-sigismundo-zygmunt-gorazdowski\/#primaryimage"},"image":{"@id":"https:\/\/www.oarcanjo.net\/site\/sao-sigismundo-zygmunt-gorazdowski\/#primaryimage"},"thumbnailUrl":"http:\/\/4.bp.blogspot.com\/_jdrdHVFEXss\/SGN3_zynK1I\/AAAAAAAABIY\/LQ10hD9aSns\/s400\/SigismundoGorazdowski.gif","datePublished":"2018-06-26T18:12:04+00:00","dateModified":"2018-06-20T21:20:19+00:00","breadcrumb":{"@id":"https:\/\/www.oarcanjo.net\/site\/sao-sigismundo-zygmunt-gorazdowski\/#breadcrumb"},"inLanguage":"pt-BR","potentialAction":[{"@type":"ReadAction","target":["https:\/\/www.oarcanjo.net\/site\/sao-sigismundo-zygmunt-gorazdowski\/"]}]},{"@type":"ImageObject","inLanguage":"pt-BR","@id":"https:\/\/www.oarcanjo.net\/site\/sao-sigismundo-zygmunt-gorazdowski\/#primaryimage","url":"http:\/\/4.bp.blogspot.com\/_jdrdHVFEXss\/SGN3_zynK1I\/AAAAAAAABIY\/LQ10hD9aSns\/s400\/SigismundoGorazdowski.gif","contentUrl":"http:\/\/4.bp.blogspot.com\/_jdrdHVFEXss\/SGN3_zynK1I\/AAAAAAAABIY\/LQ10hD9aSns\/s400\/SigismundoGorazdowski.gif"},{"@type":"BreadcrumbList","@id":"https:\/\/www.oarcanjo.net\/site\/sao-sigismundo-zygmunt-gorazdowski\/#breadcrumb","itemListElement":[{"@type":"ListItem","position":1,"name":"In\u00edcio","item":"https:\/\/www.oarcanjo.net\/site\/"},{"@type":"ListItem","position":2,"name":"S\u00e3o Sigismundo (Zygmunt) Gorazdowski"}]},{"@type":"WebSite","@id":"https:\/\/www.oarcanjo.net\/site\/#website","url":"https:\/\/www.oarcanjo.net\/site\/","name":"O Arcanjo no ar","description":"Site da Par\u00f3quia S\u00e3o Miguel Arcanjo (Arquidiocese de SP)","publisher":{"@id":"https:\/\/www.oarcanjo.net\/site\/#organization"},"potentialAction":[{"@type":"SearchAction","target":{"@type":"EntryPoint","urlTemplate":"https:\/\/www.oarcanjo.net\/site\/?s={search_term_string}"},"query-input":{"@type":"PropertyValueSpecification","valueRequired":true,"valueName":"search_term_string"}}],"inLanguage":"pt-BR"},{"@type":"Organization","@id":"https:\/\/www.oarcanjo.net\/site\/#organization","name":"Par\u00f3quia S\u00e3o Miguel Arcanjo","url":"https:\/\/www.oarcanjo.net\/site\/","logo":{"@type":"ImageObject","inLanguage":"pt-BR","@id":"https:\/\/www.oarcanjo.net\/site\/#\/schema\/logo\/image\/","url":"https:\/\/www.oarcanjo.net\/site\/wp-content\/uploads\/LogoOArcanjo.png","contentUrl":"https:\/\/www.oarcanjo.net\/site\/wp-content\/uploads\/LogoOArcanjo.png","width":319,"height":99,"caption":"Par\u00f3quia S\u00e3o Miguel Arcanjo"},"image":{"@id":"https:\/\/www.oarcanjo.net\/site\/#\/schema\/logo\/image\/"},"sameAs":["https:\/\/www.facebook.com\/OArcanjoNoAr\/"]},{"@type":"Person","@id":"https:\/\/www.oarcanjo.net\/site\/#\/schema\/person\/5eb9480bedd2f3c97e430ce128c29c6c","name":"danilo"}]}},"publishpress_future_action":{"enabled":false,"date":"2026-05-08 13:04:19","action":"category","newStatus":"draft","terms":[],"taxonomy":"category"},"publishpress_future_workflow_manual_trigger":{"enabledWorkflows":[]},"_links":{"self":[{"href":"https:\/\/www.oarcanjo.net\/site\/wp-json\/wp\/v2\/posts\/9923"}],"collection":[{"href":"https:\/\/www.oarcanjo.net\/site\/wp-json\/wp\/v2\/posts"}],"about":[{"href":"https:\/\/www.oarcanjo.net\/site\/wp-json\/wp\/v2\/types\/post"}],"author":[{"embeddable":true,"href":"https:\/\/www.oarcanjo.net\/site\/wp-json\/wp\/v2\/users\/14"}],"replies":[{"embeddable":true,"href":"https:\/\/www.oarcanjo.net\/site\/wp-json\/wp\/v2\/comments?post=9923"}],"version-history":[{"count":1,"href":"https:\/\/www.oarcanjo.net\/site\/wp-json\/wp\/v2\/posts\/9923\/revisions"}],"predecessor-version":[{"id":88601,"href":"https:\/\/www.oarcanjo.net\/site\/wp-json\/wp\/v2\/posts\/9923\/revisions\/88601"}],"wp:attachment":[{"href":"https:\/\/www.oarcanjo.net\/site\/wp-json\/wp\/v2\/media?parent=9923"}],"wp:term":[{"taxonomy":"category","embeddable":true,"href":"https:\/\/www.oarcanjo.net\/site\/wp-json\/wp\/v2\/categories?post=9923"},{"taxonomy":"post_tag","embeddable":true,"href":"https:\/\/www.oarcanjo.net\/site\/wp-json\/wp\/v2\/tags?post=9923"}],"curies":[{"name":"wp","href":"https:\/\/api.w.org\/{rel}","templated":true}]}}