
{"id":9925,"date":"2018-06-26T06:13:24","date_gmt":"2018-06-26T09:13:24","guid":{"rendered":"http:\/\/www.oarcanjo.net\/site\/?p=9925"},"modified":"2018-06-20T18:20:14","modified_gmt":"2018-06-20T21:20:14","slug":"sao-josemaria-escriva-de-balaguer","status":"publish","type":"post","link":"https:\/\/www.oarcanjo.net\/site\/sao-josemaria-escriva-de-balaguer\/","title":{"rendered":"S\u00e3o Josemaria Escriv\u00e1 de Balaguer"},"content":{"rendered":"<p><img decoding=\"async\" src=\"http:\/\/ocampones.files.wordpress.com\/2009\/06\/balaguer.jpg\" alt=\"\" \/><\/p>\n<p>26 de Junho<\/p>\n<p>Fundador do Opus Dei<\/p>\n<p>Josemar\u00eda Escriv\u00e1 de Balaguer nasceu em Barbastro, Huesca, na Espanha, no dia 9 de janeiro de 1902. Os pais, Jos\u00e9 e Dolores, tiveram seis filhos, sendo que as tr\u00eas meninas mais novas morreram ainda crian\u00e7a. O casal deu aos filhos uma profunda educa\u00e7\u00e3o crist\u00e3.<\/p>\n<p>Em 1915, a ind\u00fastria de tecido do pai faliu e a fam\u00edlia mudou-se para Logronho, onde havia mais trabalho. Nessa cidade, Josemar\u00eda reconheceu sua voca\u00e7\u00e3o religiosa. Intuiu que Deus desejava algo dele, depois de observar na neve algumas pegadas dos p\u00e9s descal\u00e7os de um frade. Em vez de ficar tentando descobrir o que ele lhe pedia, decidiu primeiro tornar-se sacerdote. Ingressou no semin\u00e1rio de Sarago\u00e7a, onde tamb\u00e9m cursou direito como aluno volunt\u00e1rio. Seu pai morreu em 1924, e ele se viu como chefe de fam\u00edlia. No ano seguinte, recebeu a ordena\u00e7\u00e3o sacerdotal e foi exercer o seu minist\u00e9rio numa par\u00f3quia rural e, depois, em Sarago\u00e7a tamb\u00e9m.<\/p>\n<p>Com autoriza\u00e7\u00e3o do seu bispo, em 1927 foi para Madri, com o objetivo de formar-se em direito. Um ano depois, durante um retiro espiritual, pediu a Deus para mostrar-lhe com clareza o que precisava ser feito e, assim, funda a Opus Dei, um caminho moderno de evangeliza\u00e7\u00e3o para a Igreja. Desde ent\u00e3o, trabalhava na institui\u00e7\u00e3o, ao mesmo tempo que continuava exercendo o seu minist\u00e9rio, especialmente entre os pobres e doentes. Al\u00e9m disso, estudava na Universidade de Madrid e dava aulas para manter a fam\u00edlia.<\/p>\n<p>A miss\u00e3o da Opus Dei \u00e9 a de promover entre os fi\u00e9is crist\u00e3os de qualquer condi\u00e7\u00e3o social uma vida plenamente coerente com a f\u00e9 no meio do mundo e contribuir, assim, para a evangeliza\u00e7\u00e3o de todos os ambientes da sociedade. Ou seja, difundir a mensagem de que todos os batizados est\u00e3o chamados a procurar a santidade e a dar a conhecer o Evangelho, tal como recordou o Conc\u00edlio Vaticano II.<\/p>\n<p>Quando rebentou a Guerra Civil espanhola, e com ela a persegui\u00e7\u00e3o religiosa, ele exercitou o minist\u00e9rio na clandestinidade, at\u00e9 conseguir sair de Madri e fixar resid\u00eancia em Burgos. Acabada a guerra, em 1939, regressou a Madri e obteve o doutorado em direito. Nos anos que se seguiram, dirigiu numerosos retiros para leigos, sacerdotes e religiosos.<\/p>\n<p>Em 1946, fixou resid\u00eancia em Roma, fazendo o doutorado em teologia pela Universidade Lateranense. \u00c9 nomeado consultor de duas congrega\u00e7\u00f5es da C\u00faria Romana, membro honor\u00e1rio da Academia Pontif\u00edcia de Teologia e prelado honor\u00e1rio do papa. De Roma desloca-se, em numerosas ocasi\u00f5es, a diversos pa\u00edses da Europa, Am\u00e9rica Central e do Sul, a fim de impulsionar o estabelecimento e a consolida\u00e7\u00e3o da Opus Dei nessas regi\u00f5es.<\/p>\n<p>Josemar\u00eda morreu em conseq\u00fc\u00eancia de uma parada card\u00edaca, no dia 26 de junho de 1975, em seu quarto de trabalho e aos p\u00e9s de um quadro de Nossa Senhora, a quem lan\u00e7ou o seu \u00faltimo olhar. Todavia a Opus Dei j\u00e1 estava presente nos cinco continentes, contando com mais de sessenta mil membros de oitenta nacionalidades.<\/p>\n<p>Foi Beatificado no dia 17 de maio de 1992 e foi canonizado em 6 de outurbro de 2002 pelo papa Jo\u00e3o Paulo II na pra\u00e7a de S\u00e3o Pedro em Roma. A festa lit\u00fargica de S\u00e3o Josemar\u00eda Escriv\u00e1 de Balaguer \u00e9 celebrada no dia 26 de junho. O seu corpo repousa na igreja prelat\u00edcia de Santa Maria da Paz, em Roma.<\/p>\n<p><img decoding=\"async\" src=\"http:\/\/www.opusdei.pt\/image\/urna.jpg\" alt=\"\" \/><\/p>\n<div>Urna debaixo do altar em que repousam os restos mortais de S. Josemaria Escriv\u00e1 de Balaguer.<\/div>\n<div id=\"themify_builder_content-9925\" data-postid=\"9925\" class=\"themify_builder_content themify_builder_content-9925 themify_builder themify_builder_front\">\n\t<\/div>\n<!-- \/themify_builder_content -->","protected":false},"excerpt":{"rendered":"<p>26 de Junho Fundador do Opus Dei Josemar\u00eda Escriv\u00e1 de Balaguer nasceu em Barbastro, Huesca, na Espanha, no dia 9 de janeiro de 1902. Os pais, Jos\u00e9 e Dolores, tiveram seis filhos, sendo que as tr\u00eas meninas mais novas morreram ainda crian\u00e7a. O casal deu aos filhos uma profunda educa\u00e7\u00e3o crist\u00e3. Em 1915, a ind\u00fastria [&hellip;]<\/p>\n","protected":false},"author":14,"featured_media":0,"comment_status":"open","ping_status":"open","sticky":false,"template":"","format":"standard","meta":{"ngg_post_thumbnail":0,"footnotes":""},"categories":[186],"tags":[],"yoast_head":"<!-- This site is optimized with the Yoast SEO plugin v23.5 - https:\/\/yoast.com\/wordpress\/plugins\/seo\/ -->\n<title>S\u00e3o Josemaria Escriv\u00e1 de Balaguer - O Arcanjo no ar<\/title>\n<meta name=\"robots\" content=\"index, follow, max-snippet:-1, max-image-preview:large, max-video-preview:-1\" \/>\n<link rel=\"canonical\" href=\"https:\/\/www.oarcanjo.net\/site\/sao-josemaria-escriva-de-balaguer\/\" \/>\n<meta property=\"og:locale\" content=\"pt_BR\" \/>\n<meta property=\"og:type\" content=\"article\" \/>\n<meta property=\"og:title\" content=\"S\u00e3o Josemaria Escriv\u00e1 de Balaguer - O Arcanjo no ar\" \/>\n<meta property=\"og:description\" content=\"26 de Junho Fundador do Opus Dei Josemar\u00eda Escriv\u00e1 de Balaguer nasceu em Barbastro, Huesca, na Espanha, no dia 9 de janeiro de 1902. Os pais, Jos\u00e9 e Dolores, tiveram seis filhos, sendo que as tr\u00eas meninas mais novas morreram ainda crian\u00e7a. O casal deu aos filhos uma profunda educa\u00e7\u00e3o crist\u00e3. Em 1915, a ind\u00fastria [&hellip;]\" \/>\n<meta property=\"og:url\" content=\"https:\/\/www.oarcanjo.net\/site\/sao-josemaria-escriva-de-balaguer\/\" \/>\n<meta property=\"og:site_name\" content=\"O Arcanjo no ar\" \/>\n<meta property=\"article:publisher\" content=\"https:\/\/www.facebook.com\/OArcanjoNoAr\/\" \/>\n<meta property=\"article:published_time\" content=\"2018-06-26T09:13:24+00:00\" \/>\n<meta property=\"article:modified_time\" content=\"2018-06-20T21:20:14+00:00\" \/>\n<meta property=\"og:image\" content=\"http:\/\/ocampones.files.wordpress.com\/2009\/06\/balaguer.jpg\" \/>\n<meta name=\"author\" content=\"danilo\" \/>\n<meta name=\"twitter:card\" content=\"summary_large_image\" \/>\n<meta name=\"twitter:label1\" content=\"Escrito por\" \/>\n\t<meta name=\"twitter:data1\" content=\"danilo\" \/>\n\t<meta name=\"twitter:label2\" content=\"Est. tempo de leitura\" \/>\n\t<meta name=\"twitter:data2\" content=\"3 minutos\" \/>\n<script type=\"application\/ld+json\" class=\"yoast-schema-graph\">{\"@context\":\"https:\/\/schema.org\",\"@graph\":[{\"@type\":\"Article\",\"@id\":\"https:\/\/www.oarcanjo.net\/site\/sao-josemaria-escriva-de-balaguer\/#article\",\"isPartOf\":{\"@id\":\"https:\/\/www.oarcanjo.net\/site\/sao-josemaria-escriva-de-balaguer\/\"},\"author\":{\"name\":\"danilo\",\"@id\":\"https:\/\/www.oarcanjo.net\/site\/#\/schema\/person\/5eb9480bedd2f3c97e430ce128c29c6c\"},\"headline\":\"S\u00e3o Josemaria Escriv\u00e1 de Balaguer\",\"datePublished\":\"2018-06-26T09:13:24+00:00\",\"dateModified\":\"2018-06-20T21:20:14+00:00\",\"mainEntityOfPage\":{\"@id\":\"https:\/\/www.oarcanjo.net\/site\/sao-josemaria-escriva-de-balaguer\/\"},\"wordCount\":611,\"commentCount\":1,\"publisher\":{\"@id\":\"https:\/\/www.oarcanjo.net\/site\/#organization\"},\"image\":{\"@id\":\"https:\/\/www.oarcanjo.net\/site\/sao-josemaria-escriva-de-balaguer\/#primaryimage\"},\"thumbnailUrl\":\"http:\/\/ocampones.files.wordpress.com\/2009\/06\/balaguer.jpg\",\"articleSection\":[\"Testemunhos\"],\"inLanguage\":\"pt-BR\",\"potentialAction\":[{\"@type\":\"CommentAction\",\"name\":\"Comment\",\"target\":[\"https:\/\/www.oarcanjo.net\/site\/sao-josemaria-escriva-de-balaguer\/#respond\"]}]},{\"@type\":\"WebPage\",\"@id\":\"https:\/\/www.oarcanjo.net\/site\/sao-josemaria-escriva-de-balaguer\/\",\"url\":\"https:\/\/www.oarcanjo.net\/site\/sao-josemaria-escriva-de-balaguer\/\",\"name\":\"S\u00e3o Josemaria Escriv\u00e1 de Balaguer - O Arcanjo no ar\",\"isPartOf\":{\"@id\":\"https:\/\/www.oarcanjo.net\/site\/#website\"},\"primaryImageOfPage\":{\"@id\":\"https:\/\/www.oarcanjo.net\/site\/sao-josemaria-escriva-de-balaguer\/#primaryimage\"},\"image\":{\"@id\":\"https:\/\/www.oarcanjo.net\/site\/sao-josemaria-escriva-de-balaguer\/#primaryimage\"},\"thumbnailUrl\":\"http:\/\/ocampones.files.wordpress.com\/2009\/06\/balaguer.jpg\",\"datePublished\":\"2018-06-26T09:13:24+00:00\",\"dateModified\":\"2018-06-20T21:20:14+00:00\",\"breadcrumb\":{\"@id\":\"https:\/\/www.oarcanjo.net\/site\/sao-josemaria-escriva-de-balaguer\/#breadcrumb\"},\"inLanguage\":\"pt-BR\",\"potentialAction\":[{\"@type\":\"ReadAction\",\"target\":[\"https:\/\/www.oarcanjo.net\/site\/sao-josemaria-escriva-de-balaguer\/\"]}]},{\"@type\":\"ImageObject\",\"inLanguage\":\"pt-BR\",\"@id\":\"https:\/\/www.oarcanjo.net\/site\/sao-josemaria-escriva-de-balaguer\/#primaryimage\",\"url\":\"http:\/\/ocampones.files.wordpress.com\/2009\/06\/balaguer.jpg\",\"contentUrl\":\"http:\/\/ocampones.files.wordpress.com\/2009\/06\/balaguer.jpg\"},{\"@type\":\"BreadcrumbList\",\"@id\":\"https:\/\/www.oarcanjo.net\/site\/sao-josemaria-escriva-de-balaguer\/#breadcrumb\",\"itemListElement\":[{\"@type\":\"ListItem\",\"position\":1,\"name\":\"In\u00edcio\",\"item\":\"https:\/\/www.oarcanjo.net\/site\/\"},{\"@type\":\"ListItem\",\"position\":2,\"name\":\"S\u00e3o Josemaria Escriv\u00e1 de Balaguer\"}]},{\"@type\":\"WebSite\",\"@id\":\"https:\/\/www.oarcanjo.net\/site\/#website\",\"url\":\"https:\/\/www.oarcanjo.net\/site\/\",\"name\":\"O Arcanjo no ar\",\"description\":\"Site da Par\u00f3quia S\u00e3o Miguel Arcanjo (Arquidiocese de SP)\",\"publisher\":{\"@id\":\"https:\/\/www.oarcanjo.net\/site\/#organization\"},\"potentialAction\":[{\"@type\":\"SearchAction\",\"target\":{\"@type\":\"EntryPoint\",\"urlTemplate\":\"https:\/\/www.oarcanjo.net\/site\/?s={search_term_string}\"},\"query-input\":{\"@type\":\"PropertyValueSpecification\",\"valueRequired\":true,\"valueName\":\"search_term_string\"}}],\"inLanguage\":\"pt-BR\"},{\"@type\":\"Organization\",\"@id\":\"https:\/\/www.oarcanjo.net\/site\/#organization\",\"name\":\"Par\u00f3quia S\u00e3o Miguel Arcanjo\",\"url\":\"https:\/\/www.oarcanjo.net\/site\/\",\"logo\":{\"@type\":\"ImageObject\",\"inLanguage\":\"pt-BR\",\"@id\":\"https:\/\/www.oarcanjo.net\/site\/#\/schema\/logo\/image\/\",\"url\":\"https:\/\/www.oarcanjo.net\/site\/wp-content\/uploads\/LogoOArcanjo.png\",\"contentUrl\":\"https:\/\/www.oarcanjo.net\/site\/wp-content\/uploads\/LogoOArcanjo.png\",\"width\":319,\"height\":99,\"caption\":\"Par\u00f3quia S\u00e3o Miguel Arcanjo\"},\"image\":{\"@id\":\"https:\/\/www.oarcanjo.net\/site\/#\/schema\/logo\/image\/\"},\"sameAs\":[\"https:\/\/www.facebook.com\/OArcanjoNoAr\/\"]},{\"@type\":\"Person\",\"@id\":\"https:\/\/www.oarcanjo.net\/site\/#\/schema\/person\/5eb9480bedd2f3c97e430ce128c29c6c\",\"name\":\"danilo\"}]}<\/script>\n<!-- \/ Yoast SEO plugin. -->","yoast_head_json":{"title":"S\u00e3o Josemaria Escriv\u00e1 de Balaguer - O Arcanjo no ar","robots":{"index":"index","follow":"follow","max-snippet":"max-snippet:-1","max-image-preview":"max-image-preview:large","max-video-preview":"max-video-preview:-1"},"canonical":"https:\/\/www.oarcanjo.net\/site\/sao-josemaria-escriva-de-balaguer\/","og_locale":"pt_BR","og_type":"article","og_title":"S\u00e3o Josemaria Escriv\u00e1 de Balaguer - O Arcanjo no ar","og_description":"26 de Junho Fundador do Opus Dei Josemar\u00eda Escriv\u00e1 de Balaguer nasceu em Barbastro, Huesca, na Espanha, no dia 9 de janeiro de 1902. Os pais, Jos\u00e9 e Dolores, tiveram seis filhos, sendo que as tr\u00eas meninas mais novas morreram ainda crian\u00e7a. O casal deu aos filhos uma profunda educa\u00e7\u00e3o crist\u00e3. Em 1915, a ind\u00fastria [&hellip;]","og_url":"https:\/\/www.oarcanjo.net\/site\/sao-josemaria-escriva-de-balaguer\/","og_site_name":"O Arcanjo no ar","article_publisher":"https:\/\/www.facebook.com\/OArcanjoNoAr\/","article_published_time":"2018-06-26T09:13:24+00:00","article_modified_time":"2018-06-20T21:20:14+00:00","og_image":[{"url":"http:\/\/ocampones.files.wordpress.com\/2009\/06\/balaguer.jpg"}],"author":"danilo","twitter_card":"summary_large_image","twitter_misc":{"Escrito por":"danilo","Est. tempo de leitura":"3 minutos"},"schema":{"@context":"https:\/\/schema.org","@graph":[{"@type":"Article","@id":"https:\/\/www.oarcanjo.net\/site\/sao-josemaria-escriva-de-balaguer\/#article","isPartOf":{"@id":"https:\/\/www.oarcanjo.net\/site\/sao-josemaria-escriva-de-balaguer\/"},"author":{"name":"danilo","@id":"https:\/\/www.oarcanjo.net\/site\/#\/schema\/person\/5eb9480bedd2f3c97e430ce128c29c6c"},"headline":"S\u00e3o Josemaria Escriv\u00e1 de Balaguer","datePublished":"2018-06-26T09:13:24+00:00","dateModified":"2018-06-20T21:20:14+00:00","mainEntityOfPage":{"@id":"https:\/\/www.oarcanjo.net\/site\/sao-josemaria-escriva-de-balaguer\/"},"wordCount":611,"commentCount":1,"publisher":{"@id":"https:\/\/www.oarcanjo.net\/site\/#organization"},"image":{"@id":"https:\/\/www.oarcanjo.net\/site\/sao-josemaria-escriva-de-balaguer\/#primaryimage"},"thumbnailUrl":"http:\/\/ocampones.files.wordpress.com\/2009\/06\/balaguer.jpg","articleSection":["Testemunhos"],"inLanguage":"pt-BR","potentialAction":[{"@type":"CommentAction","name":"Comment","target":["https:\/\/www.oarcanjo.net\/site\/sao-josemaria-escriva-de-balaguer\/#respond"]}]},{"@type":"WebPage","@id":"https:\/\/www.oarcanjo.net\/site\/sao-josemaria-escriva-de-balaguer\/","url":"https:\/\/www.oarcanjo.net\/site\/sao-josemaria-escriva-de-balaguer\/","name":"S\u00e3o Josemaria Escriv\u00e1 de Balaguer - O Arcanjo no ar","isPartOf":{"@id":"https:\/\/www.oarcanjo.net\/site\/#website"},"primaryImageOfPage":{"@id":"https:\/\/www.oarcanjo.net\/site\/sao-josemaria-escriva-de-balaguer\/#primaryimage"},"image":{"@id":"https:\/\/www.oarcanjo.net\/site\/sao-josemaria-escriva-de-balaguer\/#primaryimage"},"thumbnailUrl":"http:\/\/ocampones.files.wordpress.com\/2009\/06\/balaguer.jpg","datePublished":"2018-06-26T09:13:24+00:00","dateModified":"2018-06-20T21:20:14+00:00","breadcrumb":{"@id":"https:\/\/www.oarcanjo.net\/site\/sao-josemaria-escriva-de-balaguer\/#breadcrumb"},"inLanguage":"pt-BR","potentialAction":[{"@type":"ReadAction","target":["https:\/\/www.oarcanjo.net\/site\/sao-josemaria-escriva-de-balaguer\/"]}]},{"@type":"ImageObject","inLanguage":"pt-BR","@id":"https:\/\/www.oarcanjo.net\/site\/sao-josemaria-escriva-de-balaguer\/#primaryimage","url":"http:\/\/ocampones.files.wordpress.com\/2009\/06\/balaguer.jpg","contentUrl":"http:\/\/ocampones.files.wordpress.com\/2009\/06\/balaguer.jpg"},{"@type":"BreadcrumbList","@id":"https:\/\/www.oarcanjo.net\/site\/sao-josemaria-escriva-de-balaguer\/#breadcrumb","itemListElement":[{"@type":"ListItem","position":1,"name":"In\u00edcio","item":"https:\/\/www.oarcanjo.net\/site\/"},{"@type":"ListItem","position":2,"name":"S\u00e3o Josemaria Escriv\u00e1 de Balaguer"}]},{"@type":"WebSite","@id":"https:\/\/www.oarcanjo.net\/site\/#website","url":"https:\/\/www.oarcanjo.net\/site\/","name":"O Arcanjo no ar","description":"Site da Par\u00f3quia S\u00e3o Miguel Arcanjo (Arquidiocese de SP)","publisher":{"@id":"https:\/\/www.oarcanjo.net\/site\/#organization"},"potentialAction":[{"@type":"SearchAction","target":{"@type":"EntryPoint","urlTemplate":"https:\/\/www.oarcanjo.net\/site\/?s={search_term_string}"},"query-input":{"@type":"PropertyValueSpecification","valueRequired":true,"valueName":"search_term_string"}}],"inLanguage":"pt-BR"},{"@type":"Organization","@id":"https:\/\/www.oarcanjo.net\/site\/#organization","name":"Par\u00f3quia S\u00e3o Miguel Arcanjo","url":"https:\/\/www.oarcanjo.net\/site\/","logo":{"@type":"ImageObject","inLanguage":"pt-BR","@id":"https:\/\/www.oarcanjo.net\/site\/#\/schema\/logo\/image\/","url":"https:\/\/www.oarcanjo.net\/site\/wp-content\/uploads\/LogoOArcanjo.png","contentUrl":"https:\/\/www.oarcanjo.net\/site\/wp-content\/uploads\/LogoOArcanjo.png","width":319,"height":99,"caption":"Par\u00f3quia S\u00e3o Miguel Arcanjo"},"image":{"@id":"https:\/\/www.oarcanjo.net\/site\/#\/schema\/logo\/image\/"},"sameAs":["https:\/\/www.facebook.com\/OArcanjoNoAr\/"]},{"@type":"Person","@id":"https:\/\/www.oarcanjo.net\/site\/#\/schema\/person\/5eb9480bedd2f3c97e430ce128c29c6c","name":"danilo"}]}},"publishpress_future_action":{"enabled":false,"date":"2026-05-08 13:04:12","action":"category","newStatus":"draft","terms":[],"taxonomy":"category"},"publishpress_future_workflow_manual_trigger":{"enabledWorkflows":[]},"_links":{"self":[{"href":"https:\/\/www.oarcanjo.net\/site\/wp-json\/wp\/v2\/posts\/9925"}],"collection":[{"href":"https:\/\/www.oarcanjo.net\/site\/wp-json\/wp\/v2\/posts"}],"about":[{"href":"https:\/\/www.oarcanjo.net\/site\/wp-json\/wp\/v2\/types\/post"}],"author":[{"embeddable":true,"href":"https:\/\/www.oarcanjo.net\/site\/wp-json\/wp\/v2\/users\/14"}],"replies":[{"embeddable":true,"href":"https:\/\/www.oarcanjo.net\/site\/wp-json\/wp\/v2\/comments?post=9925"}],"version-history":[{"count":1,"href":"https:\/\/www.oarcanjo.net\/site\/wp-json\/wp\/v2\/posts\/9925\/revisions"}],"predecessor-version":[{"id":88600,"href":"https:\/\/www.oarcanjo.net\/site\/wp-json\/wp\/v2\/posts\/9925\/revisions\/88600"}],"wp:attachment":[{"href":"https:\/\/www.oarcanjo.net\/site\/wp-json\/wp\/v2\/media?parent=9925"}],"wp:term":[{"taxonomy":"category","embeddable":true,"href":"https:\/\/www.oarcanjo.net\/site\/wp-json\/wp\/v2\/categories?post=9925"},{"taxonomy":"post_tag","embeddable":true,"href":"https:\/\/www.oarcanjo.net\/site\/wp-json\/wp\/v2\/tags?post=9925"}],"curies":[{"name":"wp","href":"https:\/\/api.w.org\/{rel}","templated":true}]}}