
{"id":9928,"date":"2018-06-27T00:19:07","date_gmt":"2018-06-27T03:19:07","guid":{"rendered":"http:\/\/www.oarcanjo.net\/site\/?p=9928"},"modified":"2018-06-20T18:20:26","modified_gmt":"2018-06-20T21:20:26","slug":"sao-cirilo-de-alexandria","status":"publish","type":"post","link":"https:\/\/www.oarcanjo.net\/site\/sao-cirilo-de-alexandria\/","title":{"rendered":"S\u00e3o Cirilo de Alexandria"},"content":{"rendered":"<p><img decoding=\"async\" src=\"http:\/\/mercaba.files.wordpress.com\/2009\/02\/cirilo-de-alexandria-4.jpg\" alt=\"\" \/><\/p>\n<p>27 de Junho<\/p>\n<p>Cirilo nasceu no ano de 370, no Egito. Era sobrinho de Te\u00f3filo, bispo de Alexandria, e substituiu o tio na importante diocese do Oriente de 412 at\u00e9 444, quando faleceu aos setenta e quatro anos de idade.<\/p>\n<p>Foram trinta e dois anos de episcopado, durante os quais exerceu forte lideran\u00e7a na Igreja, devido \u00e0 rara associa\u00e7\u00e3o de um acurado e profundo conhecimento teol\u00f3gico e de uma humildade e simplicidade pr\u00f3prias do pastor de almas. Deixou muitos escritos e firmou a posi\u00e7\u00e3o da Igreja no Oriente. Primeiro, resolveu o problema com os judeus que habitavam a cidade: ou deixavam de atacar a religi\u00e3o cat\u00f3lica ou deviam mudar-se da cidade. Depois, foi fechando as igrejas onde n\u00e3o se professava o verdadeiro cristianismo.<\/p>\n<p>Mas sua grande obra foi mesmo a defesa do dogma de Maria, como a M\u00e3e de Deus. Ele se op\u00f4s e combateu Nest\u00f3rio, patriarca de Constantinopla, que professava ser Maria apenas a m\u00e3e do homem Jesus e n\u00e3o de Um que \u00e9 Deus, da Sant\u00edssima Trindade, como est\u00e1 no Evangelho. Por esse erro de prega\u00e7\u00e3o, Cirilo escreveu ao papa Celestino, o qual organizou v\u00e1rios s\u00ednodos e conc\u00edlios, onde o tema foi exaustivamente discutido. Em todos, esse papa se fez representar por Cirilo.<\/p>\n<p>O mais importante deles talvez tenha sido o Concilio de \u00c9feso, em 431, no qual se concluiu o assunto com a condena\u00e7\u00e3o dos erros de Nest\u00f3rio e a proclama\u00e7\u00e3o da maternidade divina de Nossa Senhora. Al\u00e9m, \u00e9 claro, de considerar hereges os bispos que n\u00e3o aceitavam a santidade de Maria.<\/p>\n<p>Logo em seguida, todos eles, ainda liderados por Nest\u00f3rio, que continuaram pregando a tal heresia, foram excomungados. Contudo as id\u00e9ias &#8220;nestorianas&#8221; ainda tiveram seguidores, at\u00e9 pouco tempo atr\u00e1s, no Oriente. Somente nos tempos modernos elas deixaram de existir e todos acabaram voltando para o seio da Igreja Cat\u00f3lica e para os bra\u00e7os de sua eterna rainha: Maria, a Sant\u00edssima M\u00e3e de Deus.<\/p>\n<p>Cultuado na mesma data por toda a Igreja Cat\u00f3lica, do Oriente e do Ocidente, s\u00e3o Cirilo de Alexandria, c\u00e9lebre Padre da Igreja, bispo e confessor, recebeu o t\u00edtulo de doutor da Igreja treze s\u00e9culos ap\u00f3s sua morte, durante o pontificado do papa Le\u00e3o XIII.<\/p>\n<div id=\"themify_builder_content-9928\" data-postid=\"9928\" class=\"themify_builder_content themify_builder_content-9928 themify_builder themify_builder_front\">\n\t<\/div>\n<!-- \/themify_builder_content -->","protected":false},"excerpt":{"rendered":"<p>27 de Junho Cirilo nasceu no ano de 370, no Egito. Era sobrinho de Te\u00f3filo, bispo de Alexandria, e substituiu o tio na importante diocese do Oriente de 412 at\u00e9 444, quando faleceu aos setenta e quatro anos de idade. Foram trinta e dois anos de episcopado, durante os quais exerceu forte lideran\u00e7a na Igreja, [&hellip;]<\/p>\n","protected":false},"author":14,"featured_media":0,"comment_status":"open","ping_status":"open","sticky":false,"template":"","format":"standard","meta":{"ngg_post_thumbnail":0,"footnotes":""},"categories":[186],"tags":[],"yoast_head":"<!-- This site is optimized with the Yoast SEO plugin v23.5 - https:\/\/yoast.com\/wordpress\/plugins\/seo\/ -->\n<title>S\u00e3o Cirilo de Alexandria - O Arcanjo no ar<\/title>\n<meta name=\"robots\" content=\"index, follow, max-snippet:-1, max-image-preview:large, max-video-preview:-1\" \/>\n<link rel=\"canonical\" href=\"https:\/\/www.oarcanjo.net\/site\/sao-cirilo-de-alexandria\/\" \/>\n<meta property=\"og:locale\" content=\"pt_BR\" \/>\n<meta property=\"og:type\" content=\"article\" \/>\n<meta property=\"og:title\" content=\"S\u00e3o Cirilo de Alexandria - O Arcanjo no ar\" \/>\n<meta property=\"og:description\" content=\"27 de Junho Cirilo nasceu no ano de 370, no Egito. Era sobrinho de Te\u00f3filo, bispo de Alexandria, e substituiu o tio na importante diocese do Oriente de 412 at\u00e9 444, quando faleceu aos setenta e quatro anos de idade. Foram trinta e dois anos de episcopado, durante os quais exerceu forte lideran\u00e7a na Igreja, [&hellip;]\" \/>\n<meta property=\"og:url\" content=\"https:\/\/www.oarcanjo.net\/site\/sao-cirilo-de-alexandria\/\" \/>\n<meta property=\"og:site_name\" content=\"O Arcanjo no ar\" \/>\n<meta property=\"article:publisher\" content=\"https:\/\/www.facebook.com\/OArcanjoNoAr\/\" \/>\n<meta property=\"article:published_time\" content=\"2018-06-27T03:19:07+00:00\" \/>\n<meta property=\"article:modified_time\" content=\"2018-06-20T21:20:26+00:00\" \/>\n<meta property=\"og:image\" content=\"http:\/\/mercaba.files.wordpress.com\/2009\/02\/cirilo-de-alexandria-4.jpg\" \/>\n<meta name=\"author\" content=\"danilo\" \/>\n<meta name=\"twitter:card\" content=\"summary_large_image\" \/>\n<meta name=\"twitter:label1\" content=\"Escrito por\" \/>\n\t<meta name=\"twitter:data1\" content=\"danilo\" \/>\n\t<meta name=\"twitter:label2\" content=\"Est. tempo de leitura\" \/>\n\t<meta name=\"twitter:data2\" content=\"2 minutos\" \/>\n<script type=\"application\/ld+json\" class=\"yoast-schema-graph\">{\"@context\":\"https:\/\/schema.org\",\"@graph\":[{\"@type\":\"Article\",\"@id\":\"https:\/\/www.oarcanjo.net\/site\/sao-cirilo-de-alexandria\/#article\",\"isPartOf\":{\"@id\":\"https:\/\/www.oarcanjo.net\/site\/sao-cirilo-de-alexandria\/\"},\"author\":{\"name\":\"danilo\",\"@id\":\"https:\/\/www.oarcanjo.net\/site\/#\/schema\/person\/5eb9480bedd2f3c97e430ce128c29c6c\"},\"headline\":\"S\u00e3o Cirilo de Alexandria\",\"datePublished\":\"2018-06-27T03:19:07+00:00\",\"dateModified\":\"2018-06-20T21:20:26+00:00\",\"mainEntityOfPage\":{\"@id\":\"https:\/\/www.oarcanjo.net\/site\/sao-cirilo-de-alexandria\/\"},\"wordCount\":396,\"commentCount\":0,\"publisher\":{\"@id\":\"https:\/\/www.oarcanjo.net\/site\/#organization\"},\"image\":{\"@id\":\"https:\/\/www.oarcanjo.net\/site\/sao-cirilo-de-alexandria\/#primaryimage\"},\"thumbnailUrl\":\"http:\/\/mercaba.files.wordpress.com\/2009\/02\/cirilo-de-alexandria-4.jpg\",\"articleSection\":[\"Testemunhos\"],\"inLanguage\":\"pt-BR\",\"potentialAction\":[{\"@type\":\"CommentAction\",\"name\":\"Comment\",\"target\":[\"https:\/\/www.oarcanjo.net\/site\/sao-cirilo-de-alexandria\/#respond\"]}]},{\"@type\":\"WebPage\",\"@id\":\"https:\/\/www.oarcanjo.net\/site\/sao-cirilo-de-alexandria\/\",\"url\":\"https:\/\/www.oarcanjo.net\/site\/sao-cirilo-de-alexandria\/\",\"name\":\"S\u00e3o Cirilo de Alexandria - O Arcanjo no ar\",\"isPartOf\":{\"@id\":\"https:\/\/www.oarcanjo.net\/site\/#website\"},\"primaryImageOfPage\":{\"@id\":\"https:\/\/www.oarcanjo.net\/site\/sao-cirilo-de-alexandria\/#primaryimage\"},\"image\":{\"@id\":\"https:\/\/www.oarcanjo.net\/site\/sao-cirilo-de-alexandria\/#primaryimage\"},\"thumbnailUrl\":\"http:\/\/mercaba.files.wordpress.com\/2009\/02\/cirilo-de-alexandria-4.jpg\",\"datePublished\":\"2018-06-27T03:19:07+00:00\",\"dateModified\":\"2018-06-20T21:20:26+00:00\",\"breadcrumb\":{\"@id\":\"https:\/\/www.oarcanjo.net\/site\/sao-cirilo-de-alexandria\/#breadcrumb\"},\"inLanguage\":\"pt-BR\",\"potentialAction\":[{\"@type\":\"ReadAction\",\"target\":[\"https:\/\/www.oarcanjo.net\/site\/sao-cirilo-de-alexandria\/\"]}]},{\"@type\":\"ImageObject\",\"inLanguage\":\"pt-BR\",\"@id\":\"https:\/\/www.oarcanjo.net\/site\/sao-cirilo-de-alexandria\/#primaryimage\",\"url\":\"http:\/\/mercaba.files.wordpress.com\/2009\/02\/cirilo-de-alexandria-4.jpg\",\"contentUrl\":\"http:\/\/mercaba.files.wordpress.com\/2009\/02\/cirilo-de-alexandria-4.jpg\"},{\"@type\":\"BreadcrumbList\",\"@id\":\"https:\/\/www.oarcanjo.net\/site\/sao-cirilo-de-alexandria\/#breadcrumb\",\"itemListElement\":[{\"@type\":\"ListItem\",\"position\":1,\"name\":\"In\u00edcio\",\"item\":\"https:\/\/www.oarcanjo.net\/site\/\"},{\"@type\":\"ListItem\",\"position\":2,\"name\":\"S\u00e3o Cirilo de Alexandria\"}]},{\"@type\":\"WebSite\",\"@id\":\"https:\/\/www.oarcanjo.net\/site\/#website\",\"url\":\"https:\/\/www.oarcanjo.net\/site\/\",\"name\":\"O Arcanjo no ar\",\"description\":\"Site da Par\u00f3quia S\u00e3o Miguel Arcanjo (Arquidiocese de SP)\",\"publisher\":{\"@id\":\"https:\/\/www.oarcanjo.net\/site\/#organization\"},\"potentialAction\":[{\"@type\":\"SearchAction\",\"target\":{\"@type\":\"EntryPoint\",\"urlTemplate\":\"https:\/\/www.oarcanjo.net\/site\/?s={search_term_string}\"},\"query-input\":{\"@type\":\"PropertyValueSpecification\",\"valueRequired\":true,\"valueName\":\"search_term_string\"}}],\"inLanguage\":\"pt-BR\"},{\"@type\":\"Organization\",\"@id\":\"https:\/\/www.oarcanjo.net\/site\/#organization\",\"name\":\"Par\u00f3quia S\u00e3o Miguel Arcanjo\",\"url\":\"https:\/\/www.oarcanjo.net\/site\/\",\"logo\":{\"@type\":\"ImageObject\",\"inLanguage\":\"pt-BR\",\"@id\":\"https:\/\/www.oarcanjo.net\/site\/#\/schema\/logo\/image\/\",\"url\":\"https:\/\/www.oarcanjo.net\/site\/wp-content\/uploads\/LogoOArcanjo.png\",\"contentUrl\":\"https:\/\/www.oarcanjo.net\/site\/wp-content\/uploads\/LogoOArcanjo.png\",\"width\":319,\"height\":99,\"caption\":\"Par\u00f3quia S\u00e3o Miguel Arcanjo\"},\"image\":{\"@id\":\"https:\/\/www.oarcanjo.net\/site\/#\/schema\/logo\/image\/\"},\"sameAs\":[\"https:\/\/www.facebook.com\/OArcanjoNoAr\/\"]},{\"@type\":\"Person\",\"@id\":\"https:\/\/www.oarcanjo.net\/site\/#\/schema\/person\/5eb9480bedd2f3c97e430ce128c29c6c\",\"name\":\"danilo\"}]}<\/script>\n<!-- \/ Yoast SEO plugin. -->","yoast_head_json":{"title":"S\u00e3o Cirilo de Alexandria - O Arcanjo no ar","robots":{"index":"index","follow":"follow","max-snippet":"max-snippet:-1","max-image-preview":"max-image-preview:large","max-video-preview":"max-video-preview:-1"},"canonical":"https:\/\/www.oarcanjo.net\/site\/sao-cirilo-de-alexandria\/","og_locale":"pt_BR","og_type":"article","og_title":"S\u00e3o Cirilo de Alexandria - O Arcanjo no ar","og_description":"27 de Junho Cirilo nasceu no ano de 370, no Egito. Era sobrinho de Te\u00f3filo, bispo de Alexandria, e substituiu o tio na importante diocese do Oriente de 412 at\u00e9 444, quando faleceu aos setenta e quatro anos de idade. Foram trinta e dois anos de episcopado, durante os quais exerceu forte lideran\u00e7a na Igreja, [&hellip;]","og_url":"https:\/\/www.oarcanjo.net\/site\/sao-cirilo-de-alexandria\/","og_site_name":"O Arcanjo no ar","article_publisher":"https:\/\/www.facebook.com\/OArcanjoNoAr\/","article_published_time":"2018-06-27T03:19:07+00:00","article_modified_time":"2018-06-20T21:20:26+00:00","og_image":[{"url":"http:\/\/mercaba.files.wordpress.com\/2009\/02\/cirilo-de-alexandria-4.jpg"}],"author":"danilo","twitter_card":"summary_large_image","twitter_misc":{"Escrito por":"danilo","Est. tempo de leitura":"2 minutos"},"schema":{"@context":"https:\/\/schema.org","@graph":[{"@type":"Article","@id":"https:\/\/www.oarcanjo.net\/site\/sao-cirilo-de-alexandria\/#article","isPartOf":{"@id":"https:\/\/www.oarcanjo.net\/site\/sao-cirilo-de-alexandria\/"},"author":{"name":"danilo","@id":"https:\/\/www.oarcanjo.net\/site\/#\/schema\/person\/5eb9480bedd2f3c97e430ce128c29c6c"},"headline":"S\u00e3o Cirilo de Alexandria","datePublished":"2018-06-27T03:19:07+00:00","dateModified":"2018-06-20T21:20:26+00:00","mainEntityOfPage":{"@id":"https:\/\/www.oarcanjo.net\/site\/sao-cirilo-de-alexandria\/"},"wordCount":396,"commentCount":0,"publisher":{"@id":"https:\/\/www.oarcanjo.net\/site\/#organization"},"image":{"@id":"https:\/\/www.oarcanjo.net\/site\/sao-cirilo-de-alexandria\/#primaryimage"},"thumbnailUrl":"http:\/\/mercaba.files.wordpress.com\/2009\/02\/cirilo-de-alexandria-4.jpg","articleSection":["Testemunhos"],"inLanguage":"pt-BR","potentialAction":[{"@type":"CommentAction","name":"Comment","target":["https:\/\/www.oarcanjo.net\/site\/sao-cirilo-de-alexandria\/#respond"]}]},{"@type":"WebPage","@id":"https:\/\/www.oarcanjo.net\/site\/sao-cirilo-de-alexandria\/","url":"https:\/\/www.oarcanjo.net\/site\/sao-cirilo-de-alexandria\/","name":"S\u00e3o Cirilo de Alexandria - O Arcanjo no ar","isPartOf":{"@id":"https:\/\/www.oarcanjo.net\/site\/#website"},"primaryImageOfPage":{"@id":"https:\/\/www.oarcanjo.net\/site\/sao-cirilo-de-alexandria\/#primaryimage"},"image":{"@id":"https:\/\/www.oarcanjo.net\/site\/sao-cirilo-de-alexandria\/#primaryimage"},"thumbnailUrl":"http:\/\/mercaba.files.wordpress.com\/2009\/02\/cirilo-de-alexandria-4.jpg","datePublished":"2018-06-27T03:19:07+00:00","dateModified":"2018-06-20T21:20:26+00:00","breadcrumb":{"@id":"https:\/\/www.oarcanjo.net\/site\/sao-cirilo-de-alexandria\/#breadcrumb"},"inLanguage":"pt-BR","potentialAction":[{"@type":"ReadAction","target":["https:\/\/www.oarcanjo.net\/site\/sao-cirilo-de-alexandria\/"]}]},{"@type":"ImageObject","inLanguage":"pt-BR","@id":"https:\/\/www.oarcanjo.net\/site\/sao-cirilo-de-alexandria\/#primaryimage","url":"http:\/\/mercaba.files.wordpress.com\/2009\/02\/cirilo-de-alexandria-4.jpg","contentUrl":"http:\/\/mercaba.files.wordpress.com\/2009\/02\/cirilo-de-alexandria-4.jpg"},{"@type":"BreadcrumbList","@id":"https:\/\/www.oarcanjo.net\/site\/sao-cirilo-de-alexandria\/#breadcrumb","itemListElement":[{"@type":"ListItem","position":1,"name":"In\u00edcio","item":"https:\/\/www.oarcanjo.net\/site\/"},{"@type":"ListItem","position":2,"name":"S\u00e3o Cirilo de Alexandria"}]},{"@type":"WebSite","@id":"https:\/\/www.oarcanjo.net\/site\/#website","url":"https:\/\/www.oarcanjo.net\/site\/","name":"O Arcanjo no ar","description":"Site da Par\u00f3quia S\u00e3o Miguel Arcanjo (Arquidiocese de SP)","publisher":{"@id":"https:\/\/www.oarcanjo.net\/site\/#organization"},"potentialAction":[{"@type":"SearchAction","target":{"@type":"EntryPoint","urlTemplate":"https:\/\/www.oarcanjo.net\/site\/?s={search_term_string}"},"query-input":{"@type":"PropertyValueSpecification","valueRequired":true,"valueName":"search_term_string"}}],"inLanguage":"pt-BR"},{"@type":"Organization","@id":"https:\/\/www.oarcanjo.net\/site\/#organization","name":"Par\u00f3quia S\u00e3o Miguel Arcanjo","url":"https:\/\/www.oarcanjo.net\/site\/","logo":{"@type":"ImageObject","inLanguage":"pt-BR","@id":"https:\/\/www.oarcanjo.net\/site\/#\/schema\/logo\/image\/","url":"https:\/\/www.oarcanjo.net\/site\/wp-content\/uploads\/LogoOArcanjo.png","contentUrl":"https:\/\/www.oarcanjo.net\/site\/wp-content\/uploads\/LogoOArcanjo.png","width":319,"height":99,"caption":"Par\u00f3quia S\u00e3o Miguel Arcanjo"},"image":{"@id":"https:\/\/www.oarcanjo.net\/site\/#\/schema\/logo\/image\/"},"sameAs":["https:\/\/www.facebook.com\/OArcanjoNoAr\/"]},{"@type":"Person","@id":"https:\/\/www.oarcanjo.net\/site\/#\/schema\/person\/5eb9480bedd2f3c97e430ce128c29c6c","name":"danilo"}]}},"publishpress_future_action":{"enabled":false,"date":"2026-05-08 14:15:52","action":"category","newStatus":"draft","terms":[],"taxonomy":"category"},"publishpress_future_workflow_manual_trigger":{"enabledWorkflows":[]},"_links":{"self":[{"href":"https:\/\/www.oarcanjo.net\/site\/wp-json\/wp\/v2\/posts\/9928"}],"collection":[{"href":"https:\/\/www.oarcanjo.net\/site\/wp-json\/wp\/v2\/posts"}],"about":[{"href":"https:\/\/www.oarcanjo.net\/site\/wp-json\/wp\/v2\/types\/post"}],"author":[{"embeddable":true,"href":"https:\/\/www.oarcanjo.net\/site\/wp-json\/wp\/v2\/users\/14"}],"replies":[{"embeddable":true,"href":"https:\/\/www.oarcanjo.net\/site\/wp-json\/wp\/v2\/comments?post=9928"}],"version-history":[{"count":1,"href":"https:\/\/www.oarcanjo.net\/site\/wp-json\/wp\/v2\/posts\/9928\/revisions"}],"predecessor-version":[{"id":88602,"href":"https:\/\/www.oarcanjo.net\/site\/wp-json\/wp\/v2\/posts\/9928\/revisions\/88602"}],"wp:attachment":[{"href":"https:\/\/www.oarcanjo.net\/site\/wp-json\/wp\/v2\/media?parent=9928"}],"wp:term":[{"taxonomy":"category","embeddable":true,"href":"https:\/\/www.oarcanjo.net\/site\/wp-json\/wp\/v2\/categories?post=9928"},{"taxonomy":"post_tag","embeddable":true,"href":"https:\/\/www.oarcanjo.net\/site\/wp-json\/wp\/v2\/tags?post=9928"}],"curies":[{"name":"wp","href":"https:\/\/api.w.org\/{rel}","templated":true}]}}