
{"id":9931,"date":"2018-06-28T00:33:14","date_gmt":"2018-06-28T03:33:14","guid":{"rendered":"http:\/\/www.oarcanjo.net\/site\/?p=9931"},"modified":"2018-06-20T18:21:06","modified_gmt":"2018-06-20T21:21:06","slug":"santo-irineu-de-lyon","status":"publish","type":"post","link":"https:\/\/www.oarcanjo.net\/site\/santo-irineu-de-lyon\/","title":{"rendered":"Santo Irineu de Lyon"},"content":{"rendered":"<p><img decoding=\"async\" src=\"http:\/\/1.bp.blogspot.com\/_z-c0Sh5Zlrs\/SJwbyOk2PPI\/AAAAAAAABo4\/Vh29CZJBDRY\/s400\/Santo+Irineu+de+Lyon.jpg\" alt=\"\" \/><\/p>\n<p>28 de Junho<\/p>\n<p>Padre da Igreja, grego de nascimento, filho de pais crist\u00e3os, nasceu na ilha de Esmirna, no ano 130. Foi disc\u00edpulo de Policarpo, outro Padre e santo da Igreja. Dele Irineu p\u00f4de recolher ainda viva a tradi\u00e7\u00e3o apost\u00f3lica, pois Policarpo fora consagrado bispo pelo pr\u00f3prio Jo\u00e3o Evangelista, o que torna important\u00edssimos os seus testemunhos doutrinais.<\/p>\n<p>Muito culto e letrado em v\u00e1rias l\u00ednguas, Irineu foi ordenado por s\u00e3o Policarpo, que o enviou para a G\u00e1lia, atual Fran\u00e7a, onde havia uma grande popula\u00e7\u00e3o de fi\u00e9is crist\u00e3os procedentes do Oriente. L\u00e1, trabalhou ao lado de Fotino, o primeiro bispo de Lyon, que, em 175, o enviou a Roma para, junto do papa Eleut\u00e9rio, resolver a delicada quest\u00e3o doutrinal dos hereges montanistas. Esses fan\u00e1ticos, vindos do Oriente, pregavam o desprezo pelas coisas do mundo, anunciando o breve retorno de Cristo para o ju\u00edzo final.<\/p>\n<p>Contudo tanto o papa quanto Irineu foram tomados pela surpresa da b\u00e1rbara persegui\u00e7\u00e3o decretada pelo imperador Marco Aur\u00e9lio. Rapidamente, em 177, ela atingiu a cidade de Lyon, ocasionando o grande massacre dos crist\u00e3os, todos mortos pelo testemunho da f\u00e9.<\/p>\n<p>Um ano depois, Irineu retornou a Lyon, onde foi eleito e aclamado sucessor do bispo m\u00e1rtir, Fotino. Nesse cargo ele permaneceu vinte e cinco anos. Ocupou-se da evangeliza\u00e7\u00e3o e combateu, principalmente, a heresia dos gn\u00f3sticos, al\u00e9m das outras que proliferavam nesses primeiros tempos. Obteve \u00eaxito, junto ao papa Vitor I, na quest\u00e3o da comemora\u00e7\u00e3o da festa da P\u00e1scoa, quando lhe pediu que atuasse com modera\u00e7\u00e3o para manter a uni\u00e3o entre a Igreja do Ocidente e a do Oriente.<\/p>\n<p>A sua obra escrita mais importante foi o tratado &#8220;Contra as heresias&#8221;, onde trata da falsa gnose, e depois, de todas as outras heresias da \u00e9poca. O texto grego foi perdido, mas existem as tradu\u00e7\u00f5es latina, arm\u00eania e sir\u00edaca.<\/p>\n<p>Importante n\u00e3o s\u00f3 do lado teol\u00f3gico, onde exp\u00f4s j\u00e1 pronta a teoria sobre a autoridade doutrinal da Igreja, mas ainda do lado hist\u00f3rico, pois documentou e nos apresentou um quadro vivo das batalhas e lutas de ent\u00e3o.<\/p>\n<p>Mais tarde, um outro tratado, chamado &#8220;Demonstra\u00e7\u00e3o da prega\u00e7\u00e3o apost\u00f3lica&#8221;, foi encontrado inteiro, numa tradu\u00e7\u00e3o arm\u00eania. Al\u00e9m de v\u00e1rios fragmentos de outras obras, cartas, discursos e pequenos tratados.<\/p>\n<p>Irineu morreu como m\u00e1rtir no dia 28 de junho de 202, em Lyon, e sua festa lit\u00fargica ocorre nesta data. As rel\u00edquias de santo Irineu est\u00e3o sepultadas, junto com os m\u00e1rtires da Igreja de Lyon, na catedral desta cidade.<\/p>\n<div id=\"themify_builder_content-9931\" data-postid=\"9931\" class=\"themify_builder_content themify_builder_content-9931 themify_builder themify_builder_front\">\n\t<\/div>\n<!-- \/themify_builder_content -->","protected":false},"excerpt":{"rendered":"<p>28 de Junho Padre da Igreja, grego de nascimento, filho de pais crist\u00e3os, nasceu na ilha de Esmirna, no ano 130. Foi disc\u00edpulo de Policarpo, outro Padre e santo da Igreja. Dele Irineu p\u00f4de recolher ainda viva a tradi\u00e7\u00e3o apost\u00f3lica, pois Policarpo fora consagrado bispo pelo pr\u00f3prio Jo\u00e3o Evangelista, o que torna important\u00edssimos os seus [&hellip;]<\/p>\n","protected":false},"author":14,"featured_media":0,"comment_status":"open","ping_status":"open","sticky":false,"template":"","format":"standard","meta":{"ngg_post_thumbnail":0,"footnotes":""},"categories":[186],"tags":[],"yoast_head":"<!-- This site is optimized with the Yoast SEO plugin v23.5 - https:\/\/yoast.com\/wordpress\/plugins\/seo\/ -->\n<title>Santo Irineu de Lyon - O Arcanjo no ar<\/title>\n<meta name=\"robots\" content=\"index, follow, max-snippet:-1, max-image-preview:large, max-video-preview:-1\" \/>\n<link rel=\"canonical\" href=\"https:\/\/www.oarcanjo.net\/site\/santo-irineu-de-lyon\/\" \/>\n<meta property=\"og:locale\" content=\"pt_BR\" \/>\n<meta property=\"og:type\" content=\"article\" \/>\n<meta property=\"og:title\" content=\"Santo Irineu de Lyon - O Arcanjo no ar\" \/>\n<meta property=\"og:description\" content=\"28 de Junho Padre da Igreja, grego de nascimento, filho de pais crist\u00e3os, nasceu na ilha de Esmirna, no ano 130. Foi disc\u00edpulo de Policarpo, outro Padre e santo da Igreja. Dele Irineu p\u00f4de recolher ainda viva a tradi\u00e7\u00e3o apost\u00f3lica, pois Policarpo fora consagrado bispo pelo pr\u00f3prio Jo\u00e3o Evangelista, o que torna important\u00edssimos os seus [&hellip;]\" \/>\n<meta property=\"og:url\" content=\"https:\/\/www.oarcanjo.net\/site\/santo-irineu-de-lyon\/\" \/>\n<meta property=\"og:site_name\" content=\"O Arcanjo no ar\" \/>\n<meta property=\"article:publisher\" content=\"https:\/\/www.facebook.com\/OArcanjoNoAr\/\" \/>\n<meta property=\"article:published_time\" content=\"2018-06-28T03:33:14+00:00\" \/>\n<meta property=\"article:modified_time\" content=\"2018-06-20T21:21:06+00:00\" \/>\n<meta property=\"og:image\" content=\"http:\/\/1.bp.blogspot.com\/_z-c0Sh5Zlrs\/SJwbyOk2PPI\/AAAAAAAABo4\/Vh29CZJBDRY\/s400\/Santo+Irineu+de+Lyon.jpg\" \/>\n<meta name=\"author\" content=\"danilo\" \/>\n<meta name=\"twitter:card\" content=\"summary_large_image\" \/>\n<meta name=\"twitter:label1\" content=\"Escrito por\" \/>\n\t<meta name=\"twitter:data1\" content=\"danilo\" \/>\n\t<meta name=\"twitter:label2\" content=\"Est. tempo de leitura\" \/>\n\t<meta name=\"twitter:data2\" content=\"2 minutos\" \/>\n<script type=\"application\/ld+json\" class=\"yoast-schema-graph\">{\"@context\":\"https:\/\/schema.org\",\"@graph\":[{\"@type\":\"Article\",\"@id\":\"https:\/\/www.oarcanjo.net\/site\/santo-irineu-de-lyon\/#article\",\"isPartOf\":{\"@id\":\"https:\/\/www.oarcanjo.net\/site\/santo-irineu-de-lyon\/\"},\"author\":{\"name\":\"danilo\",\"@id\":\"https:\/\/www.oarcanjo.net\/site\/#\/schema\/person\/5eb9480bedd2f3c97e430ce128c29c6c\"},\"headline\":\"Santo Irineu de Lyon\",\"datePublished\":\"2018-06-28T03:33:14+00:00\",\"dateModified\":\"2018-06-20T21:21:06+00:00\",\"mainEntityOfPage\":{\"@id\":\"https:\/\/www.oarcanjo.net\/site\/santo-irineu-de-lyon\/\"},\"wordCount\":453,\"commentCount\":0,\"publisher\":{\"@id\":\"https:\/\/www.oarcanjo.net\/site\/#organization\"},\"image\":{\"@id\":\"https:\/\/www.oarcanjo.net\/site\/santo-irineu-de-lyon\/#primaryimage\"},\"thumbnailUrl\":\"http:\/\/1.bp.blogspot.com\/_z-c0Sh5Zlrs\/SJwbyOk2PPI\/AAAAAAAABo4\/Vh29CZJBDRY\/s400\/Santo+Irineu+de+Lyon.jpg\",\"articleSection\":[\"Testemunhos\"],\"inLanguage\":\"pt-BR\",\"potentialAction\":[{\"@type\":\"CommentAction\",\"name\":\"Comment\",\"target\":[\"https:\/\/www.oarcanjo.net\/site\/santo-irineu-de-lyon\/#respond\"]}]},{\"@type\":\"WebPage\",\"@id\":\"https:\/\/www.oarcanjo.net\/site\/santo-irineu-de-lyon\/\",\"url\":\"https:\/\/www.oarcanjo.net\/site\/santo-irineu-de-lyon\/\",\"name\":\"Santo Irineu de Lyon - O Arcanjo no ar\",\"isPartOf\":{\"@id\":\"https:\/\/www.oarcanjo.net\/site\/#website\"},\"primaryImageOfPage\":{\"@id\":\"https:\/\/www.oarcanjo.net\/site\/santo-irineu-de-lyon\/#primaryimage\"},\"image\":{\"@id\":\"https:\/\/www.oarcanjo.net\/site\/santo-irineu-de-lyon\/#primaryimage\"},\"thumbnailUrl\":\"http:\/\/1.bp.blogspot.com\/_z-c0Sh5Zlrs\/SJwbyOk2PPI\/AAAAAAAABo4\/Vh29CZJBDRY\/s400\/Santo+Irineu+de+Lyon.jpg\",\"datePublished\":\"2018-06-28T03:33:14+00:00\",\"dateModified\":\"2018-06-20T21:21:06+00:00\",\"breadcrumb\":{\"@id\":\"https:\/\/www.oarcanjo.net\/site\/santo-irineu-de-lyon\/#breadcrumb\"},\"inLanguage\":\"pt-BR\",\"potentialAction\":[{\"@type\":\"ReadAction\",\"target\":[\"https:\/\/www.oarcanjo.net\/site\/santo-irineu-de-lyon\/\"]}]},{\"@type\":\"ImageObject\",\"inLanguage\":\"pt-BR\",\"@id\":\"https:\/\/www.oarcanjo.net\/site\/santo-irineu-de-lyon\/#primaryimage\",\"url\":\"http:\/\/1.bp.blogspot.com\/_z-c0Sh5Zlrs\/SJwbyOk2PPI\/AAAAAAAABo4\/Vh29CZJBDRY\/s400\/Santo+Irineu+de+Lyon.jpg\",\"contentUrl\":\"http:\/\/1.bp.blogspot.com\/_z-c0Sh5Zlrs\/SJwbyOk2PPI\/AAAAAAAABo4\/Vh29CZJBDRY\/s400\/Santo+Irineu+de+Lyon.jpg\"},{\"@type\":\"BreadcrumbList\",\"@id\":\"https:\/\/www.oarcanjo.net\/site\/santo-irineu-de-lyon\/#breadcrumb\",\"itemListElement\":[{\"@type\":\"ListItem\",\"position\":1,\"name\":\"In\u00edcio\",\"item\":\"https:\/\/www.oarcanjo.net\/site\/\"},{\"@type\":\"ListItem\",\"position\":2,\"name\":\"Santo Irineu de Lyon\"}]},{\"@type\":\"WebSite\",\"@id\":\"https:\/\/www.oarcanjo.net\/site\/#website\",\"url\":\"https:\/\/www.oarcanjo.net\/site\/\",\"name\":\"O Arcanjo no ar\",\"description\":\"Site da Par\u00f3quia S\u00e3o Miguel Arcanjo (Arquidiocese de SP)\",\"publisher\":{\"@id\":\"https:\/\/www.oarcanjo.net\/site\/#organization\"},\"potentialAction\":[{\"@type\":\"SearchAction\",\"target\":{\"@type\":\"EntryPoint\",\"urlTemplate\":\"https:\/\/www.oarcanjo.net\/site\/?s={search_term_string}\"},\"query-input\":{\"@type\":\"PropertyValueSpecification\",\"valueRequired\":true,\"valueName\":\"search_term_string\"}}],\"inLanguage\":\"pt-BR\"},{\"@type\":\"Organization\",\"@id\":\"https:\/\/www.oarcanjo.net\/site\/#organization\",\"name\":\"Par\u00f3quia S\u00e3o Miguel Arcanjo\",\"url\":\"https:\/\/www.oarcanjo.net\/site\/\",\"logo\":{\"@type\":\"ImageObject\",\"inLanguage\":\"pt-BR\",\"@id\":\"https:\/\/www.oarcanjo.net\/site\/#\/schema\/logo\/image\/\",\"url\":\"https:\/\/www.oarcanjo.net\/site\/wp-content\/uploads\/LogoOArcanjo.png\",\"contentUrl\":\"https:\/\/www.oarcanjo.net\/site\/wp-content\/uploads\/LogoOArcanjo.png\",\"width\":319,\"height\":99,\"caption\":\"Par\u00f3quia S\u00e3o Miguel Arcanjo\"},\"image\":{\"@id\":\"https:\/\/www.oarcanjo.net\/site\/#\/schema\/logo\/image\/\"},\"sameAs\":[\"https:\/\/www.facebook.com\/OArcanjoNoAr\/\"]},{\"@type\":\"Person\",\"@id\":\"https:\/\/www.oarcanjo.net\/site\/#\/schema\/person\/5eb9480bedd2f3c97e430ce128c29c6c\",\"name\":\"danilo\"}]}<\/script>\n<!-- \/ Yoast SEO plugin. -->","yoast_head_json":{"title":"Santo Irineu de Lyon - O Arcanjo no ar","robots":{"index":"index","follow":"follow","max-snippet":"max-snippet:-1","max-image-preview":"max-image-preview:large","max-video-preview":"max-video-preview:-1"},"canonical":"https:\/\/www.oarcanjo.net\/site\/santo-irineu-de-lyon\/","og_locale":"pt_BR","og_type":"article","og_title":"Santo Irineu de Lyon - O Arcanjo no ar","og_description":"28 de Junho Padre da Igreja, grego de nascimento, filho de pais crist\u00e3os, nasceu na ilha de Esmirna, no ano 130. Foi disc\u00edpulo de Policarpo, outro Padre e santo da Igreja. Dele Irineu p\u00f4de recolher ainda viva a tradi\u00e7\u00e3o apost\u00f3lica, pois Policarpo fora consagrado bispo pelo pr\u00f3prio Jo\u00e3o Evangelista, o que torna important\u00edssimos os seus [&hellip;]","og_url":"https:\/\/www.oarcanjo.net\/site\/santo-irineu-de-lyon\/","og_site_name":"O Arcanjo no ar","article_publisher":"https:\/\/www.facebook.com\/OArcanjoNoAr\/","article_published_time":"2018-06-28T03:33:14+00:00","article_modified_time":"2018-06-20T21:21:06+00:00","og_image":[{"url":"http:\/\/1.bp.blogspot.com\/_z-c0Sh5Zlrs\/SJwbyOk2PPI\/AAAAAAAABo4\/Vh29CZJBDRY\/s400\/Santo+Irineu+de+Lyon.jpg"}],"author":"danilo","twitter_card":"summary_large_image","twitter_misc":{"Escrito por":"danilo","Est. tempo de leitura":"2 minutos"},"schema":{"@context":"https:\/\/schema.org","@graph":[{"@type":"Article","@id":"https:\/\/www.oarcanjo.net\/site\/santo-irineu-de-lyon\/#article","isPartOf":{"@id":"https:\/\/www.oarcanjo.net\/site\/santo-irineu-de-lyon\/"},"author":{"name":"danilo","@id":"https:\/\/www.oarcanjo.net\/site\/#\/schema\/person\/5eb9480bedd2f3c97e430ce128c29c6c"},"headline":"Santo Irineu de Lyon","datePublished":"2018-06-28T03:33:14+00:00","dateModified":"2018-06-20T21:21:06+00:00","mainEntityOfPage":{"@id":"https:\/\/www.oarcanjo.net\/site\/santo-irineu-de-lyon\/"},"wordCount":453,"commentCount":0,"publisher":{"@id":"https:\/\/www.oarcanjo.net\/site\/#organization"},"image":{"@id":"https:\/\/www.oarcanjo.net\/site\/santo-irineu-de-lyon\/#primaryimage"},"thumbnailUrl":"http:\/\/1.bp.blogspot.com\/_z-c0Sh5Zlrs\/SJwbyOk2PPI\/AAAAAAAABo4\/Vh29CZJBDRY\/s400\/Santo+Irineu+de+Lyon.jpg","articleSection":["Testemunhos"],"inLanguage":"pt-BR","potentialAction":[{"@type":"CommentAction","name":"Comment","target":["https:\/\/www.oarcanjo.net\/site\/santo-irineu-de-lyon\/#respond"]}]},{"@type":"WebPage","@id":"https:\/\/www.oarcanjo.net\/site\/santo-irineu-de-lyon\/","url":"https:\/\/www.oarcanjo.net\/site\/santo-irineu-de-lyon\/","name":"Santo Irineu de Lyon - O Arcanjo no ar","isPartOf":{"@id":"https:\/\/www.oarcanjo.net\/site\/#website"},"primaryImageOfPage":{"@id":"https:\/\/www.oarcanjo.net\/site\/santo-irineu-de-lyon\/#primaryimage"},"image":{"@id":"https:\/\/www.oarcanjo.net\/site\/santo-irineu-de-lyon\/#primaryimage"},"thumbnailUrl":"http:\/\/1.bp.blogspot.com\/_z-c0Sh5Zlrs\/SJwbyOk2PPI\/AAAAAAAABo4\/Vh29CZJBDRY\/s400\/Santo+Irineu+de+Lyon.jpg","datePublished":"2018-06-28T03:33:14+00:00","dateModified":"2018-06-20T21:21:06+00:00","breadcrumb":{"@id":"https:\/\/www.oarcanjo.net\/site\/santo-irineu-de-lyon\/#breadcrumb"},"inLanguage":"pt-BR","potentialAction":[{"@type":"ReadAction","target":["https:\/\/www.oarcanjo.net\/site\/santo-irineu-de-lyon\/"]}]},{"@type":"ImageObject","inLanguage":"pt-BR","@id":"https:\/\/www.oarcanjo.net\/site\/santo-irineu-de-lyon\/#primaryimage","url":"http:\/\/1.bp.blogspot.com\/_z-c0Sh5Zlrs\/SJwbyOk2PPI\/AAAAAAAABo4\/Vh29CZJBDRY\/s400\/Santo+Irineu+de+Lyon.jpg","contentUrl":"http:\/\/1.bp.blogspot.com\/_z-c0Sh5Zlrs\/SJwbyOk2PPI\/AAAAAAAABo4\/Vh29CZJBDRY\/s400\/Santo+Irineu+de+Lyon.jpg"},{"@type":"BreadcrumbList","@id":"https:\/\/www.oarcanjo.net\/site\/santo-irineu-de-lyon\/#breadcrumb","itemListElement":[{"@type":"ListItem","position":1,"name":"In\u00edcio","item":"https:\/\/www.oarcanjo.net\/site\/"},{"@type":"ListItem","position":2,"name":"Santo Irineu de Lyon"}]},{"@type":"WebSite","@id":"https:\/\/www.oarcanjo.net\/site\/#website","url":"https:\/\/www.oarcanjo.net\/site\/","name":"O Arcanjo no ar","description":"Site da Par\u00f3quia S\u00e3o Miguel Arcanjo (Arquidiocese de SP)","publisher":{"@id":"https:\/\/www.oarcanjo.net\/site\/#organization"},"potentialAction":[{"@type":"SearchAction","target":{"@type":"EntryPoint","urlTemplate":"https:\/\/www.oarcanjo.net\/site\/?s={search_term_string}"},"query-input":{"@type":"PropertyValueSpecification","valueRequired":true,"valueName":"search_term_string"}}],"inLanguage":"pt-BR"},{"@type":"Organization","@id":"https:\/\/www.oarcanjo.net\/site\/#organization","name":"Par\u00f3quia S\u00e3o Miguel Arcanjo","url":"https:\/\/www.oarcanjo.net\/site\/","logo":{"@type":"ImageObject","inLanguage":"pt-BR","@id":"https:\/\/www.oarcanjo.net\/site\/#\/schema\/logo\/image\/","url":"https:\/\/www.oarcanjo.net\/site\/wp-content\/uploads\/LogoOArcanjo.png","contentUrl":"https:\/\/www.oarcanjo.net\/site\/wp-content\/uploads\/LogoOArcanjo.png","width":319,"height":99,"caption":"Par\u00f3quia S\u00e3o Miguel Arcanjo"},"image":{"@id":"https:\/\/www.oarcanjo.net\/site\/#\/schema\/logo\/image\/"},"sameAs":["https:\/\/www.facebook.com\/OArcanjoNoAr\/"]},{"@type":"Person","@id":"https:\/\/www.oarcanjo.net\/site\/#\/schema\/person\/5eb9480bedd2f3c97e430ce128c29c6c","name":"danilo"}]}},"publishpress_future_action":{"enabled":false,"date":"2026-05-08 14:15:59","action":"category","newStatus":"draft","terms":[],"taxonomy":"category"},"publishpress_future_workflow_manual_trigger":{"enabledWorkflows":[]},"_links":{"self":[{"href":"https:\/\/www.oarcanjo.net\/site\/wp-json\/wp\/v2\/posts\/9931"}],"collection":[{"href":"https:\/\/www.oarcanjo.net\/site\/wp-json\/wp\/v2\/posts"}],"about":[{"href":"https:\/\/www.oarcanjo.net\/site\/wp-json\/wp\/v2\/types\/post"}],"author":[{"embeddable":true,"href":"https:\/\/www.oarcanjo.net\/site\/wp-json\/wp\/v2\/users\/14"}],"replies":[{"embeddable":true,"href":"https:\/\/www.oarcanjo.net\/site\/wp-json\/wp\/v2\/comments?post=9931"}],"version-history":[{"count":1,"href":"https:\/\/www.oarcanjo.net\/site\/wp-json\/wp\/v2\/posts\/9931\/revisions"}],"predecessor-version":[{"id":88608,"href":"https:\/\/www.oarcanjo.net\/site\/wp-json\/wp\/v2\/posts\/9931\/revisions\/88608"}],"wp:attachment":[{"href":"https:\/\/www.oarcanjo.net\/site\/wp-json\/wp\/v2\/media?parent=9931"}],"wp:term":[{"taxonomy":"category","embeddable":true,"href":"https:\/\/www.oarcanjo.net\/site\/wp-json\/wp\/v2\/categories?post=9931"},{"taxonomy":"post_tag","embeddable":true,"href":"https:\/\/www.oarcanjo.net\/site\/wp-json\/wp\/v2\/tags?post=9931"}],"curies":[{"name":"wp","href":"https:\/\/api.w.org\/{rel}","templated":true}]}}