
{"id":9933,"date":"2018-06-28T00:35:44","date_gmt":"2018-06-28T03:35:44","guid":{"rendered":"http:\/\/www.oarcanjo.net\/site\/?p=9933"},"modified":"2018-06-20T18:20:31","modified_gmt":"2018-06-20T21:20:31","slug":"santa-vicencia-gerosa","status":"publish","type":"post","link":"https:\/\/www.oarcanjo.net\/site\/santa-vicencia-gerosa\/","title":{"rendered":"Santa Vic\u00eancia Gerosa"},"content":{"rendered":"<p><img decoding=\"async\" src=\"http:\/\/1.bp.blogspot.com\/_z-c0Sh5Zlrs\/SJwcRHdCX6I\/AAAAAAAABpI\/lc6qDq5VW-k\/s400\/Santa+Vic%C3%AAncia+Gerosa.jpg\" alt=\"\" \/><\/p>\n<p>28 de Junho<\/p>\n<p>Fundou o Instituto das Irm\u00e3s de Maria Menina<\/p>\n<p>Catarina Gerosa nasceu em 29 de outubro de 1784, em Lovere, no norte da It\u00e1lia. Reservada e t\u00edmida, viveu um per\u00edodo da sua inf\u00e2ncia atr\u00e1s do balc\u00e3o do pequeno com\u00e9rcio da fam\u00edlia. De sa\u00fade muito d\u00e9bil, n\u00e3o podia estudar. Modesta e caridosa, vivia uma espiritualidade simples, desenvolvida na missa, que freq\u00fcentava todos os dias.<\/p>\n<p>Os anos seguintes \u00e0 invas\u00e3o napole\u00f4nica da It\u00e1lia mudaram sua vida. A crise econ\u00f4mica levou \u00e0 morte primeiro seu pai, depois sua irm\u00e3 Francisca e, por \u00faltimo, em 1814, tamb\u00e9m sua m\u00e3e. Apesar da trag\u00e9dia pessoal, com \u00e2nimo e f\u00e9 inabal\u00e1vel, Gerosa aceitou tudo com resigna\u00e7\u00e3o. Confiante em Deus, sofreu no sil\u00eancio do seu cora\u00e7\u00e3o, encontrando for\u00e7as na ora\u00e7\u00e3o e na penit\u00eancia.<\/p>\n<p>Teve o grande amparo de seu confessor e orientador espiritual, que pediu ajuda a Gerosa nas atividades religiosas desenvolvidas pela par\u00f3quia \u00e0s jovens carentes. Com zelo, ela organizou um orat\u00f3rio feminino com encontros de ora\u00e7\u00f5es e palestras religiosas.<\/p>\n<p>Foi l\u00e1 que, em 1824, conheceu Bartolomeia Capitanio. Era uma jovem professora de dezesete anos, nascida tamb\u00e9m numa fam\u00edlia humilde, em Lovere. Desde menina, pensava em dedicar-se a praticar a caridade aos pobres e aos doentes. Por isso se diplomou professora no col\u00e9gio das clarissas de sua cidade natal.<\/p>\n<p>Conheceram-se por meio do p\u00e1roco, porque ele queria que Gerosa criasse alguns grupos de ora\u00e7\u00f5es para jovens. Ele sabia que Bartolomeia havia criado uma escola para instruir e dar forma\u00e7\u00e3o religiosa \u00e0s meninas pobres e abandonadas. L\u00e1, Gerosa daria orienta\u00e7\u00e3o nas pr\u00e1ticas das atividades dom\u00e9sticas. A escola tornou-se um centro de encontro para jovens e muitos grupos de ora\u00e7\u00f5es tamb\u00e9m foram criados.<\/p>\n<p>Estavam t\u00e3o empenhadas em auxiliar os pobres e enfermos que foram chamadas para ajudar no hospital de Lovere. Na oportunidade, tiveram a inspira\u00e7\u00e3o de dar vida a uma comunidade religiosa feminina do tipo das irm\u00e3s de caridade vicentinas. A situa\u00e7\u00e3o pol\u00edtica, entretanto, era desfavor\u00e1vel, n\u00e3o permitia essa interdepend\u00eancia.<\/p>\n<p>Com muita dificuldade, junto com a companheira, Gerosa fundou, em 1827, um novo instituto religioso regular, para dar assist\u00eancia aos doentes, instru\u00e7\u00e3o gratuita \u00e0s meninas abandonadas, fundar orfanatos e dar assist\u00eancia \u00e0 juventude. Foi chamado de Instituto das Irm\u00e3s de Maria Menina, com sede em Lovere e com as regras escritas por Bartolomeia. Para evitar obje\u00e7\u00f5es de car\u00e1ter pol\u00edtico, o instituto foi fundado aut\u00f4nomo. E assim independente ele permaneceu, cresceu e se difundiu nos anos subseq\u00fcentes.<\/p>\n<p>Mas, em 1833, Bartolm\u00e9ia morreu, com apenas vinte e seis anos de idade. Gerosa continuou sozinha, recebendo, mais uma vez, o apoio e o est\u00edmulo de seu orientador espiritual. O instituto estabeleceu-se e recebeu aprova\u00e7\u00e3o can\u00f4nica em 1840. Catarina Gerosa emitiu os votos, vestiu o h\u00e1bito e tomou o nome de Vic\u00eancia, sendo eleita madre superiora.<\/p>\n<p>Morreu depois de uma longa doen\u00e7a, em 28 de junho de 1847, e foi sepultada ao lado da co-fundadora, no santu\u00e1rio da Casa-m\u00e3e, em Lovere. Atualmente, o Instituto das Irm\u00e3s da Caridade das Santas Bartolomeia Capitanio e Vic\u00eancia Gerosa, ou Irm\u00e3s de Maria Menina, atua em toda a Europa, \u00c1frica, \u00c1sia e nas Am\u00e9ricas. Santa Vic\u00eancia Gerosa \u00e9 celebrada no dia de sua morte e foi canonizada pelo papa Pio XII em 1950.<\/p>\n<div id=\"themify_builder_content-9933\" data-postid=\"9933\" class=\"themify_builder_content themify_builder_content-9933 themify_builder themify_builder_front\">\n\t<\/div>\n<!-- \/themify_builder_content -->","protected":false},"excerpt":{"rendered":"<p>28 de Junho Fundou o Instituto das Irm\u00e3s de Maria Menina Catarina Gerosa nasceu em 29 de outubro de 1784, em Lovere, no norte da It\u00e1lia. Reservada e t\u00edmida, viveu um per\u00edodo da sua inf\u00e2ncia atr\u00e1s do balc\u00e3o do pequeno com\u00e9rcio da fam\u00edlia. De sa\u00fade muito d\u00e9bil, n\u00e3o podia estudar. Modesta e caridosa, vivia uma [&hellip;]<\/p>\n","protected":false},"author":14,"featured_media":0,"comment_status":"open","ping_status":"open","sticky":false,"template":"","format":"standard","meta":{"ngg_post_thumbnail":0,"footnotes":""},"categories":[186],"tags":[],"yoast_head":"<!-- This site is optimized with the Yoast SEO plugin v23.5 - https:\/\/yoast.com\/wordpress\/plugins\/seo\/ -->\n<title>Santa Vic\u00eancia Gerosa - O Arcanjo no ar<\/title>\n<meta name=\"robots\" content=\"index, follow, max-snippet:-1, max-image-preview:large, max-video-preview:-1\" \/>\n<link rel=\"canonical\" href=\"https:\/\/www.oarcanjo.net\/site\/santa-vicencia-gerosa\/\" \/>\n<meta property=\"og:locale\" content=\"pt_BR\" \/>\n<meta property=\"og:type\" content=\"article\" \/>\n<meta property=\"og:title\" content=\"Santa Vic\u00eancia Gerosa - O Arcanjo no ar\" \/>\n<meta property=\"og:description\" content=\"28 de Junho Fundou o Instituto das Irm\u00e3s de Maria Menina Catarina Gerosa nasceu em 29 de outubro de 1784, em Lovere, no norte da It\u00e1lia. Reservada e t\u00edmida, viveu um per\u00edodo da sua inf\u00e2ncia atr\u00e1s do balc\u00e3o do pequeno com\u00e9rcio da fam\u00edlia. De sa\u00fade muito d\u00e9bil, n\u00e3o podia estudar. Modesta e caridosa, vivia uma [&hellip;]\" \/>\n<meta property=\"og:url\" content=\"https:\/\/www.oarcanjo.net\/site\/santa-vicencia-gerosa\/\" \/>\n<meta property=\"og:site_name\" content=\"O Arcanjo no ar\" \/>\n<meta property=\"article:publisher\" content=\"https:\/\/www.facebook.com\/OArcanjoNoAr\/\" \/>\n<meta property=\"article:published_time\" content=\"2018-06-28T03:35:44+00:00\" \/>\n<meta property=\"article:modified_time\" content=\"2018-06-20T21:20:31+00:00\" \/>\n<meta property=\"og:image\" content=\"http:\/\/1.bp.blogspot.com\/_z-c0Sh5Zlrs\/SJwcRHdCX6I\/AAAAAAAABpI\/lc6qDq5VW-k\/s400\/Santa+Vic%C3%AAncia+Gerosa.jpg\" \/>\n<meta name=\"author\" content=\"danilo\" \/>\n<meta name=\"twitter:card\" content=\"summary_large_image\" \/>\n<meta name=\"twitter:label1\" content=\"Escrito por\" \/>\n\t<meta name=\"twitter:data1\" content=\"danilo\" \/>\n\t<meta name=\"twitter:label2\" content=\"Est. tempo de leitura\" \/>\n\t<meta name=\"twitter:data2\" content=\"3 minutos\" \/>\n<script type=\"application\/ld+json\" class=\"yoast-schema-graph\">{\"@context\":\"https:\/\/schema.org\",\"@graph\":[{\"@type\":\"Article\",\"@id\":\"https:\/\/www.oarcanjo.net\/site\/santa-vicencia-gerosa\/#article\",\"isPartOf\":{\"@id\":\"https:\/\/www.oarcanjo.net\/site\/santa-vicencia-gerosa\/\"},\"author\":{\"name\":\"danilo\",\"@id\":\"https:\/\/www.oarcanjo.net\/site\/#\/schema\/person\/5eb9480bedd2f3c97e430ce128c29c6c\"},\"headline\":\"Santa Vic\u00eancia Gerosa\",\"datePublished\":\"2018-06-28T03:35:44+00:00\",\"dateModified\":\"2018-06-20T21:20:31+00:00\",\"mainEntityOfPage\":{\"@id\":\"https:\/\/www.oarcanjo.net\/site\/santa-vicencia-gerosa\/\"},\"wordCount\":590,\"commentCount\":5,\"publisher\":{\"@id\":\"https:\/\/www.oarcanjo.net\/site\/#organization\"},\"image\":{\"@id\":\"https:\/\/www.oarcanjo.net\/site\/santa-vicencia-gerosa\/#primaryimage\"},\"thumbnailUrl\":\"http:\/\/1.bp.blogspot.com\/_z-c0Sh5Zlrs\/SJwcRHdCX6I\/AAAAAAAABpI\/lc6qDq5VW-k\/s400\/Santa+Vic%C3%AAncia+Gerosa.jpg\",\"articleSection\":[\"Testemunhos\"],\"inLanguage\":\"pt-BR\",\"potentialAction\":[{\"@type\":\"CommentAction\",\"name\":\"Comment\",\"target\":[\"https:\/\/www.oarcanjo.net\/site\/santa-vicencia-gerosa\/#respond\"]}]},{\"@type\":\"WebPage\",\"@id\":\"https:\/\/www.oarcanjo.net\/site\/santa-vicencia-gerosa\/\",\"url\":\"https:\/\/www.oarcanjo.net\/site\/santa-vicencia-gerosa\/\",\"name\":\"Santa Vic\u00eancia Gerosa - O Arcanjo no ar\",\"isPartOf\":{\"@id\":\"https:\/\/www.oarcanjo.net\/site\/#website\"},\"primaryImageOfPage\":{\"@id\":\"https:\/\/www.oarcanjo.net\/site\/santa-vicencia-gerosa\/#primaryimage\"},\"image\":{\"@id\":\"https:\/\/www.oarcanjo.net\/site\/santa-vicencia-gerosa\/#primaryimage\"},\"thumbnailUrl\":\"http:\/\/1.bp.blogspot.com\/_z-c0Sh5Zlrs\/SJwcRHdCX6I\/AAAAAAAABpI\/lc6qDq5VW-k\/s400\/Santa+Vic%C3%AAncia+Gerosa.jpg\",\"datePublished\":\"2018-06-28T03:35:44+00:00\",\"dateModified\":\"2018-06-20T21:20:31+00:00\",\"breadcrumb\":{\"@id\":\"https:\/\/www.oarcanjo.net\/site\/santa-vicencia-gerosa\/#breadcrumb\"},\"inLanguage\":\"pt-BR\",\"potentialAction\":[{\"@type\":\"ReadAction\",\"target\":[\"https:\/\/www.oarcanjo.net\/site\/santa-vicencia-gerosa\/\"]}]},{\"@type\":\"ImageObject\",\"inLanguage\":\"pt-BR\",\"@id\":\"https:\/\/www.oarcanjo.net\/site\/santa-vicencia-gerosa\/#primaryimage\",\"url\":\"http:\/\/1.bp.blogspot.com\/_z-c0Sh5Zlrs\/SJwcRHdCX6I\/AAAAAAAABpI\/lc6qDq5VW-k\/s400\/Santa+Vic%C3%AAncia+Gerosa.jpg\",\"contentUrl\":\"http:\/\/1.bp.blogspot.com\/_z-c0Sh5Zlrs\/SJwcRHdCX6I\/AAAAAAAABpI\/lc6qDq5VW-k\/s400\/Santa+Vic%C3%AAncia+Gerosa.jpg\"},{\"@type\":\"BreadcrumbList\",\"@id\":\"https:\/\/www.oarcanjo.net\/site\/santa-vicencia-gerosa\/#breadcrumb\",\"itemListElement\":[{\"@type\":\"ListItem\",\"position\":1,\"name\":\"In\u00edcio\",\"item\":\"https:\/\/www.oarcanjo.net\/site\/\"},{\"@type\":\"ListItem\",\"position\":2,\"name\":\"Santa Vic\u00eancia Gerosa\"}]},{\"@type\":\"WebSite\",\"@id\":\"https:\/\/www.oarcanjo.net\/site\/#website\",\"url\":\"https:\/\/www.oarcanjo.net\/site\/\",\"name\":\"O Arcanjo no ar\",\"description\":\"Site da Par\u00f3quia S\u00e3o Miguel Arcanjo (Arquidiocese de SP)\",\"publisher\":{\"@id\":\"https:\/\/www.oarcanjo.net\/site\/#organization\"},\"potentialAction\":[{\"@type\":\"SearchAction\",\"target\":{\"@type\":\"EntryPoint\",\"urlTemplate\":\"https:\/\/www.oarcanjo.net\/site\/?s={search_term_string}\"},\"query-input\":{\"@type\":\"PropertyValueSpecification\",\"valueRequired\":true,\"valueName\":\"search_term_string\"}}],\"inLanguage\":\"pt-BR\"},{\"@type\":\"Organization\",\"@id\":\"https:\/\/www.oarcanjo.net\/site\/#organization\",\"name\":\"Par\u00f3quia S\u00e3o Miguel Arcanjo\",\"url\":\"https:\/\/www.oarcanjo.net\/site\/\",\"logo\":{\"@type\":\"ImageObject\",\"inLanguage\":\"pt-BR\",\"@id\":\"https:\/\/www.oarcanjo.net\/site\/#\/schema\/logo\/image\/\",\"url\":\"https:\/\/www.oarcanjo.net\/site\/wp-content\/uploads\/LogoOArcanjo.png\",\"contentUrl\":\"https:\/\/www.oarcanjo.net\/site\/wp-content\/uploads\/LogoOArcanjo.png\",\"width\":319,\"height\":99,\"caption\":\"Par\u00f3quia S\u00e3o Miguel Arcanjo\"},\"image\":{\"@id\":\"https:\/\/www.oarcanjo.net\/site\/#\/schema\/logo\/image\/\"},\"sameAs\":[\"https:\/\/www.facebook.com\/OArcanjoNoAr\/\"]},{\"@type\":\"Person\",\"@id\":\"https:\/\/www.oarcanjo.net\/site\/#\/schema\/person\/5eb9480bedd2f3c97e430ce128c29c6c\",\"name\":\"danilo\"}]}<\/script>\n<!-- \/ Yoast SEO plugin. -->","yoast_head_json":{"title":"Santa Vic\u00eancia Gerosa - O Arcanjo no ar","robots":{"index":"index","follow":"follow","max-snippet":"max-snippet:-1","max-image-preview":"max-image-preview:large","max-video-preview":"max-video-preview:-1"},"canonical":"https:\/\/www.oarcanjo.net\/site\/santa-vicencia-gerosa\/","og_locale":"pt_BR","og_type":"article","og_title":"Santa Vic\u00eancia Gerosa - O Arcanjo no ar","og_description":"28 de Junho Fundou o Instituto das Irm\u00e3s de Maria Menina Catarina Gerosa nasceu em 29 de outubro de 1784, em Lovere, no norte da It\u00e1lia. Reservada e t\u00edmida, viveu um per\u00edodo da sua inf\u00e2ncia atr\u00e1s do balc\u00e3o do pequeno com\u00e9rcio da fam\u00edlia. De sa\u00fade muito d\u00e9bil, n\u00e3o podia estudar. Modesta e caridosa, vivia uma [&hellip;]","og_url":"https:\/\/www.oarcanjo.net\/site\/santa-vicencia-gerosa\/","og_site_name":"O Arcanjo no ar","article_publisher":"https:\/\/www.facebook.com\/OArcanjoNoAr\/","article_published_time":"2018-06-28T03:35:44+00:00","article_modified_time":"2018-06-20T21:20:31+00:00","og_image":[{"url":"http:\/\/1.bp.blogspot.com\/_z-c0Sh5Zlrs\/SJwcRHdCX6I\/AAAAAAAABpI\/lc6qDq5VW-k\/s400\/Santa+Vic%C3%AAncia+Gerosa.jpg"}],"author":"danilo","twitter_card":"summary_large_image","twitter_misc":{"Escrito por":"danilo","Est. tempo de leitura":"3 minutos"},"schema":{"@context":"https:\/\/schema.org","@graph":[{"@type":"Article","@id":"https:\/\/www.oarcanjo.net\/site\/santa-vicencia-gerosa\/#article","isPartOf":{"@id":"https:\/\/www.oarcanjo.net\/site\/santa-vicencia-gerosa\/"},"author":{"name":"danilo","@id":"https:\/\/www.oarcanjo.net\/site\/#\/schema\/person\/5eb9480bedd2f3c97e430ce128c29c6c"},"headline":"Santa Vic\u00eancia Gerosa","datePublished":"2018-06-28T03:35:44+00:00","dateModified":"2018-06-20T21:20:31+00:00","mainEntityOfPage":{"@id":"https:\/\/www.oarcanjo.net\/site\/santa-vicencia-gerosa\/"},"wordCount":590,"commentCount":5,"publisher":{"@id":"https:\/\/www.oarcanjo.net\/site\/#organization"},"image":{"@id":"https:\/\/www.oarcanjo.net\/site\/santa-vicencia-gerosa\/#primaryimage"},"thumbnailUrl":"http:\/\/1.bp.blogspot.com\/_z-c0Sh5Zlrs\/SJwcRHdCX6I\/AAAAAAAABpI\/lc6qDq5VW-k\/s400\/Santa+Vic%C3%AAncia+Gerosa.jpg","articleSection":["Testemunhos"],"inLanguage":"pt-BR","potentialAction":[{"@type":"CommentAction","name":"Comment","target":["https:\/\/www.oarcanjo.net\/site\/santa-vicencia-gerosa\/#respond"]}]},{"@type":"WebPage","@id":"https:\/\/www.oarcanjo.net\/site\/santa-vicencia-gerosa\/","url":"https:\/\/www.oarcanjo.net\/site\/santa-vicencia-gerosa\/","name":"Santa Vic\u00eancia Gerosa - O Arcanjo no ar","isPartOf":{"@id":"https:\/\/www.oarcanjo.net\/site\/#website"},"primaryImageOfPage":{"@id":"https:\/\/www.oarcanjo.net\/site\/santa-vicencia-gerosa\/#primaryimage"},"image":{"@id":"https:\/\/www.oarcanjo.net\/site\/santa-vicencia-gerosa\/#primaryimage"},"thumbnailUrl":"http:\/\/1.bp.blogspot.com\/_z-c0Sh5Zlrs\/SJwcRHdCX6I\/AAAAAAAABpI\/lc6qDq5VW-k\/s400\/Santa+Vic%C3%AAncia+Gerosa.jpg","datePublished":"2018-06-28T03:35:44+00:00","dateModified":"2018-06-20T21:20:31+00:00","breadcrumb":{"@id":"https:\/\/www.oarcanjo.net\/site\/santa-vicencia-gerosa\/#breadcrumb"},"inLanguage":"pt-BR","potentialAction":[{"@type":"ReadAction","target":["https:\/\/www.oarcanjo.net\/site\/santa-vicencia-gerosa\/"]}]},{"@type":"ImageObject","inLanguage":"pt-BR","@id":"https:\/\/www.oarcanjo.net\/site\/santa-vicencia-gerosa\/#primaryimage","url":"http:\/\/1.bp.blogspot.com\/_z-c0Sh5Zlrs\/SJwcRHdCX6I\/AAAAAAAABpI\/lc6qDq5VW-k\/s400\/Santa+Vic%C3%AAncia+Gerosa.jpg","contentUrl":"http:\/\/1.bp.blogspot.com\/_z-c0Sh5Zlrs\/SJwcRHdCX6I\/AAAAAAAABpI\/lc6qDq5VW-k\/s400\/Santa+Vic%C3%AAncia+Gerosa.jpg"},{"@type":"BreadcrumbList","@id":"https:\/\/www.oarcanjo.net\/site\/santa-vicencia-gerosa\/#breadcrumb","itemListElement":[{"@type":"ListItem","position":1,"name":"In\u00edcio","item":"https:\/\/www.oarcanjo.net\/site\/"},{"@type":"ListItem","position":2,"name":"Santa Vic\u00eancia Gerosa"}]},{"@type":"WebSite","@id":"https:\/\/www.oarcanjo.net\/site\/#website","url":"https:\/\/www.oarcanjo.net\/site\/","name":"O Arcanjo no ar","description":"Site da Par\u00f3quia S\u00e3o Miguel Arcanjo (Arquidiocese de SP)","publisher":{"@id":"https:\/\/www.oarcanjo.net\/site\/#organization"},"potentialAction":[{"@type":"SearchAction","target":{"@type":"EntryPoint","urlTemplate":"https:\/\/www.oarcanjo.net\/site\/?s={search_term_string}"},"query-input":{"@type":"PropertyValueSpecification","valueRequired":true,"valueName":"search_term_string"}}],"inLanguage":"pt-BR"},{"@type":"Organization","@id":"https:\/\/www.oarcanjo.net\/site\/#organization","name":"Par\u00f3quia S\u00e3o Miguel Arcanjo","url":"https:\/\/www.oarcanjo.net\/site\/","logo":{"@type":"ImageObject","inLanguage":"pt-BR","@id":"https:\/\/www.oarcanjo.net\/site\/#\/schema\/logo\/image\/","url":"https:\/\/www.oarcanjo.net\/site\/wp-content\/uploads\/LogoOArcanjo.png","contentUrl":"https:\/\/www.oarcanjo.net\/site\/wp-content\/uploads\/LogoOArcanjo.png","width":319,"height":99,"caption":"Par\u00f3quia S\u00e3o Miguel Arcanjo"},"image":{"@id":"https:\/\/www.oarcanjo.net\/site\/#\/schema\/logo\/image\/"},"sameAs":["https:\/\/www.facebook.com\/OArcanjoNoAr\/"]},{"@type":"Person","@id":"https:\/\/www.oarcanjo.net\/site\/#\/schema\/person\/5eb9480bedd2f3c97e430ce128c29c6c","name":"danilo"}]}},"publishpress_future_action":{"enabled":false,"date":"2026-05-08 13:04:07","action":"category","newStatus":"draft","terms":[],"taxonomy":"category"},"publishpress_future_workflow_manual_trigger":{"enabledWorkflows":[]},"_links":{"self":[{"href":"https:\/\/www.oarcanjo.net\/site\/wp-json\/wp\/v2\/posts\/9933"}],"collection":[{"href":"https:\/\/www.oarcanjo.net\/site\/wp-json\/wp\/v2\/posts"}],"about":[{"href":"https:\/\/www.oarcanjo.net\/site\/wp-json\/wp\/v2\/types\/post"}],"author":[{"embeddable":true,"href":"https:\/\/www.oarcanjo.net\/site\/wp-json\/wp\/v2\/users\/14"}],"replies":[{"embeddable":true,"href":"https:\/\/www.oarcanjo.net\/site\/wp-json\/wp\/v2\/comments?post=9933"}],"version-history":[{"count":1,"href":"https:\/\/www.oarcanjo.net\/site\/wp-json\/wp\/v2\/posts\/9933\/revisions"}],"predecessor-version":[{"id":88603,"href":"https:\/\/www.oarcanjo.net\/site\/wp-json\/wp\/v2\/posts\/9933\/revisions\/88603"}],"wp:attachment":[{"href":"https:\/\/www.oarcanjo.net\/site\/wp-json\/wp\/v2\/media?parent=9933"}],"wp:term":[{"taxonomy":"category","embeddable":true,"href":"https:\/\/www.oarcanjo.net\/site\/wp-json\/wp\/v2\/categories?post=9933"},{"taxonomy":"post_tag","embeddable":true,"href":"https:\/\/www.oarcanjo.net\/site\/wp-json\/wp\/v2\/tags?post=9933"}],"curies":[{"name":"wp","href":"https:\/\/api.w.org\/{rel}","templated":true}]}}