
{"id":9936,"date":"2018-06-29T03:44:56","date_gmt":"2018-06-29T06:44:56","guid":{"rendered":"http:\/\/www.oarcanjo.net\/site\/?p=9936"},"modified":"2018-06-20T18:21:12","modified_gmt":"2018-06-20T21:21:12","slug":"sao-pedro-e-sao-paulo","status":"publish","type":"post","link":"https:\/\/www.oarcanjo.net\/site\/sao-pedro-e-sao-paulo\/","title":{"rendered":"S\u00e3o Pedro e S\u00e3o Paulo"},"content":{"rendered":"<p><img decoding=\"async\" src=\"http:\/\/www.entoar.site90.com\/festasi\/pedro.jpg\" alt=\"\" \/><\/p>\n<p>29 de Junho<\/p>\n<p>A solenidade de s\u00e3o Pedro e de s\u00e3o Paulo \u00e9 uma das mais antigas da Igreja, sendo anterior at\u00e9 mesmo \u00e0 comemora\u00e7\u00e3o do Natal. J\u00e1 no s\u00e9culo IV havia a tradi\u00e7\u00e3o de, neste dia, celebrar tr\u00eas missas: a primeira na bas\u00edlica de S\u00e3o Pedro, no Vaticano; a segunda na bas\u00edlica de S\u00e3o Paulo Fora dos Muros e a terceira nas catacumbas de S\u00e3o Sebasti\u00e3o, onde as rel\u00edquias dos ap\u00f3stolos ficaram escondidas para fugir da profana\u00e7\u00e3o nos tempos dif\u00edceis.<\/p>\n<p>E mais: depois da Virgem Sant\u00edssima e de s\u00e3o Jo\u00e3o Batista, Pedro e Paulo s\u00e3o os santos que t\u00eam mais datas comemorativas no ano lit\u00fargico. Al\u00e9m do tradicional 29 de junho, h\u00e1: 25 de janeiro, quando celebramos a convers\u00e3o de S\u00e3o Paulo; 22 de fevereiro, quando temos a festa da c\u00e1tedra de S\u00e3o Pedro; e 18 de novembro, reservado \u00e0 dedica\u00e7\u00e3o das bas\u00edlicas de S\u00e3o Pedro e S\u00e3o Paulo.<\/p>\n<p>Antigamente, julgava-se que o mart\u00edrio dos dois ap\u00f3stolos tinha ocorrido no mesmo dia e ano e que seria a data que hoje comemoramos. Por\u00e9m o mart\u00edrio de ambos deve ter ocorrido em ocasi\u00f5es diferentes, com s\u00e3o Pedro, crucificado de cabe\u00e7a para baixo, na colina Vaticana e s\u00e3o Paulo, decapitado, nas chamadas Tr\u00eas Fontes. Mas n\u00e3o h\u00e1 certeza quanto ao dia, nem quanto ao ano desses mart\u00edrios.<\/p>\n<p>A morte de Pedro poderia ter ocorrido em 64, ano em que milhares de crist\u00e3os foram sacrificados ap\u00f3s o inc\u00eandio de Roma, enquanto a de Paulo, no ano 67. Mas com certeza o mart\u00edrio deles aconteceu em Roma, durante a persegui\u00e7\u00e3o de Nero.<\/p>\n<p>H\u00e1 outras ra\u00edzes ainda envolvendo a data. A festa seria a cristianiza\u00e7\u00e3o de um culto pag\u00e3o a Remo e R\u00f4mulo, os mitol\u00f3gicos fundadores pag\u00e3os de Roma. S\u00e3o Pedro e s\u00e3o Paulo n\u00e3o fundaram a cidade, mas s\u00e3o considerados os &#8220;Pais de Roma&#8221;. Embora n\u00e3o tenham sido os primeiros a pregar na capital do imp\u00e9rio, com seu sangue &#8220;fundaram&#8221; a Roma crist\u00e3. Os dois s\u00e3o considerados os pilares que sustentam a Igreja tanto por sua f\u00e9 e prega\u00e7\u00e3o como pelo ardor e zelo mission\u00e1rios, sendo glorificados com a coroa do mart\u00edrio, no final, como testemunhas do Mestre.<\/p>\n<p>S\u00e3o Pedro \u00e9 o ap\u00f3stolo que Jesus Cristo escolheu e investiu da dignidade de ser o primeiro papa da Igreja. A ele Jesus disse: &#8220;Tu \u00e9s Pedro e sobre esta pedra fundarei a minha Igreja&#8221;. S\u00e3o Pedro \u00e9 o pastor do rebanho santo, \u00e9 na sua pessoa e nos seus sucessores que temos o sinal vis\u00edvel da unidade e da comunh\u00e3o na f\u00e9 e na caridade.<\/p>\n<p>S\u00e3o Paulo, que foi arrebatado para o col\u00e9gio apost\u00f3lico de Jesus Cristo na estrada de Damasco, como o instrumento eleito para levar o seu nome diante dos povos, \u00e9 o maior mission\u00e1rio de todos os tempos, o advogado dos pag\u00e3os, o &#8220;Ap\u00f3stolo dos Gentios&#8221;.<\/p>\n<p>S\u00e3o Pedro e s\u00e3o Paulo, juntos, fizeram ressoar a mensagem do Evangelho no mundo inteiro e o far\u00e3o para todo o sempre, porque assim quer o Mestre.<\/p>\n<div id=\"themify_builder_content-9936\" data-postid=\"9936\" class=\"themify_builder_content themify_builder_content-9936 themify_builder themify_builder_front\">\n\t<\/div>\n<!-- \/themify_builder_content -->","protected":false},"excerpt":{"rendered":"<p>29 de Junho A solenidade de s\u00e3o Pedro e de s\u00e3o Paulo \u00e9 uma das mais antigas da Igreja, sendo anterior at\u00e9 mesmo \u00e0 comemora\u00e7\u00e3o do Natal. J\u00e1 no s\u00e9culo IV havia a tradi\u00e7\u00e3o de, neste dia, celebrar tr\u00eas missas: a primeira na bas\u00edlica de S\u00e3o Pedro, no Vaticano; a segunda na bas\u00edlica de S\u00e3o [&hellip;]<\/p>\n","protected":false},"author":14,"featured_media":0,"comment_status":"open","ping_status":"open","sticky":false,"template":"","format":"standard","meta":{"ngg_post_thumbnail":0,"footnotes":""},"categories":[186],"tags":[],"yoast_head":"<!-- This site is optimized with the Yoast SEO plugin v23.5 - https:\/\/yoast.com\/wordpress\/plugins\/seo\/ -->\n<title>S\u00e3o Pedro e S\u00e3o Paulo - O Arcanjo no ar<\/title>\n<meta name=\"robots\" content=\"index, follow, max-snippet:-1, max-image-preview:large, max-video-preview:-1\" \/>\n<link rel=\"canonical\" href=\"https:\/\/www.oarcanjo.net\/site\/sao-pedro-e-sao-paulo\/\" \/>\n<meta property=\"og:locale\" content=\"pt_BR\" \/>\n<meta property=\"og:type\" content=\"article\" \/>\n<meta property=\"og:title\" content=\"S\u00e3o Pedro e S\u00e3o Paulo - O Arcanjo no ar\" \/>\n<meta property=\"og:description\" content=\"29 de Junho A solenidade de s\u00e3o Pedro e de s\u00e3o Paulo \u00e9 uma das mais antigas da Igreja, sendo anterior at\u00e9 mesmo \u00e0 comemora\u00e7\u00e3o do Natal. J\u00e1 no s\u00e9culo IV havia a tradi\u00e7\u00e3o de, neste dia, celebrar tr\u00eas missas: a primeira na bas\u00edlica de S\u00e3o Pedro, no Vaticano; a segunda na bas\u00edlica de S\u00e3o [&hellip;]\" \/>\n<meta property=\"og:url\" content=\"https:\/\/www.oarcanjo.net\/site\/sao-pedro-e-sao-paulo\/\" \/>\n<meta property=\"og:site_name\" content=\"O Arcanjo no ar\" \/>\n<meta property=\"article:publisher\" content=\"https:\/\/www.facebook.com\/OArcanjoNoAr\/\" \/>\n<meta property=\"article:published_time\" content=\"2018-06-29T06:44:56+00:00\" \/>\n<meta property=\"article:modified_time\" content=\"2018-06-20T21:21:12+00:00\" \/>\n<meta property=\"og:image\" content=\"http:\/\/www.entoar.site90.com\/festasi\/pedro.jpg\" \/>\n<meta name=\"author\" content=\"danilo\" \/>\n<meta name=\"twitter:card\" content=\"summary_large_image\" \/>\n<meta name=\"twitter:label1\" content=\"Escrito por\" \/>\n\t<meta name=\"twitter:data1\" content=\"danilo\" \/>\n\t<meta name=\"twitter:label2\" content=\"Est. tempo de leitura\" \/>\n\t<meta name=\"twitter:data2\" content=\"3 minutos\" \/>\n<script type=\"application\/ld+json\" class=\"yoast-schema-graph\">{\"@context\":\"https:\/\/schema.org\",\"@graph\":[{\"@type\":\"Article\",\"@id\":\"https:\/\/www.oarcanjo.net\/site\/sao-pedro-e-sao-paulo\/#article\",\"isPartOf\":{\"@id\":\"https:\/\/www.oarcanjo.net\/site\/sao-pedro-e-sao-paulo\/\"},\"author\":{\"name\":\"danilo\",\"@id\":\"https:\/\/www.oarcanjo.net\/site\/#\/schema\/person\/5eb9480bedd2f3c97e430ce128c29c6c\"},\"headline\":\"S\u00e3o Pedro e S\u00e3o Paulo\",\"datePublished\":\"2018-06-29T06:44:56+00:00\",\"dateModified\":\"2018-06-20T21:21:12+00:00\",\"mainEntityOfPage\":{\"@id\":\"https:\/\/www.oarcanjo.net\/site\/sao-pedro-e-sao-paulo\/\"},\"wordCount\":562,\"commentCount\":1,\"publisher\":{\"@id\":\"https:\/\/www.oarcanjo.net\/site\/#organization\"},\"image\":{\"@id\":\"https:\/\/www.oarcanjo.net\/site\/sao-pedro-e-sao-paulo\/#primaryimage\"},\"thumbnailUrl\":\"http:\/\/www.entoar.site90.com\/festasi\/pedro.jpg\",\"articleSection\":[\"Testemunhos\"],\"inLanguage\":\"pt-BR\",\"potentialAction\":[{\"@type\":\"CommentAction\",\"name\":\"Comment\",\"target\":[\"https:\/\/www.oarcanjo.net\/site\/sao-pedro-e-sao-paulo\/#respond\"]}]},{\"@type\":\"WebPage\",\"@id\":\"https:\/\/www.oarcanjo.net\/site\/sao-pedro-e-sao-paulo\/\",\"url\":\"https:\/\/www.oarcanjo.net\/site\/sao-pedro-e-sao-paulo\/\",\"name\":\"S\u00e3o Pedro e S\u00e3o Paulo - O Arcanjo no ar\",\"isPartOf\":{\"@id\":\"https:\/\/www.oarcanjo.net\/site\/#website\"},\"primaryImageOfPage\":{\"@id\":\"https:\/\/www.oarcanjo.net\/site\/sao-pedro-e-sao-paulo\/#primaryimage\"},\"image\":{\"@id\":\"https:\/\/www.oarcanjo.net\/site\/sao-pedro-e-sao-paulo\/#primaryimage\"},\"thumbnailUrl\":\"http:\/\/www.entoar.site90.com\/festasi\/pedro.jpg\",\"datePublished\":\"2018-06-29T06:44:56+00:00\",\"dateModified\":\"2018-06-20T21:21:12+00:00\",\"breadcrumb\":{\"@id\":\"https:\/\/www.oarcanjo.net\/site\/sao-pedro-e-sao-paulo\/#breadcrumb\"},\"inLanguage\":\"pt-BR\",\"potentialAction\":[{\"@type\":\"ReadAction\",\"target\":[\"https:\/\/www.oarcanjo.net\/site\/sao-pedro-e-sao-paulo\/\"]}]},{\"@type\":\"ImageObject\",\"inLanguage\":\"pt-BR\",\"@id\":\"https:\/\/www.oarcanjo.net\/site\/sao-pedro-e-sao-paulo\/#primaryimage\",\"url\":\"http:\/\/www.entoar.site90.com\/festasi\/pedro.jpg\",\"contentUrl\":\"http:\/\/www.entoar.site90.com\/festasi\/pedro.jpg\"},{\"@type\":\"BreadcrumbList\",\"@id\":\"https:\/\/www.oarcanjo.net\/site\/sao-pedro-e-sao-paulo\/#breadcrumb\",\"itemListElement\":[{\"@type\":\"ListItem\",\"position\":1,\"name\":\"In\u00edcio\",\"item\":\"https:\/\/www.oarcanjo.net\/site\/\"},{\"@type\":\"ListItem\",\"position\":2,\"name\":\"S\u00e3o Pedro e S\u00e3o Paulo\"}]},{\"@type\":\"WebSite\",\"@id\":\"https:\/\/www.oarcanjo.net\/site\/#website\",\"url\":\"https:\/\/www.oarcanjo.net\/site\/\",\"name\":\"O Arcanjo no ar\",\"description\":\"Site da Par\u00f3quia S\u00e3o Miguel Arcanjo (Arquidiocese de SP)\",\"publisher\":{\"@id\":\"https:\/\/www.oarcanjo.net\/site\/#organization\"},\"potentialAction\":[{\"@type\":\"SearchAction\",\"target\":{\"@type\":\"EntryPoint\",\"urlTemplate\":\"https:\/\/www.oarcanjo.net\/site\/?s={search_term_string}\"},\"query-input\":{\"@type\":\"PropertyValueSpecification\",\"valueRequired\":true,\"valueName\":\"search_term_string\"}}],\"inLanguage\":\"pt-BR\"},{\"@type\":\"Organization\",\"@id\":\"https:\/\/www.oarcanjo.net\/site\/#organization\",\"name\":\"Par\u00f3quia S\u00e3o Miguel Arcanjo\",\"url\":\"https:\/\/www.oarcanjo.net\/site\/\",\"logo\":{\"@type\":\"ImageObject\",\"inLanguage\":\"pt-BR\",\"@id\":\"https:\/\/www.oarcanjo.net\/site\/#\/schema\/logo\/image\/\",\"url\":\"https:\/\/www.oarcanjo.net\/site\/wp-content\/uploads\/LogoOArcanjo.png\",\"contentUrl\":\"https:\/\/www.oarcanjo.net\/site\/wp-content\/uploads\/LogoOArcanjo.png\",\"width\":319,\"height\":99,\"caption\":\"Par\u00f3quia S\u00e3o Miguel Arcanjo\"},\"image\":{\"@id\":\"https:\/\/www.oarcanjo.net\/site\/#\/schema\/logo\/image\/\"},\"sameAs\":[\"https:\/\/www.facebook.com\/OArcanjoNoAr\/\"]},{\"@type\":\"Person\",\"@id\":\"https:\/\/www.oarcanjo.net\/site\/#\/schema\/person\/5eb9480bedd2f3c97e430ce128c29c6c\",\"name\":\"danilo\"}]}<\/script>\n<!-- \/ Yoast SEO plugin. -->","yoast_head_json":{"title":"S\u00e3o Pedro e S\u00e3o Paulo - O Arcanjo no ar","robots":{"index":"index","follow":"follow","max-snippet":"max-snippet:-1","max-image-preview":"max-image-preview:large","max-video-preview":"max-video-preview:-1"},"canonical":"https:\/\/www.oarcanjo.net\/site\/sao-pedro-e-sao-paulo\/","og_locale":"pt_BR","og_type":"article","og_title":"S\u00e3o Pedro e S\u00e3o Paulo - O Arcanjo no ar","og_description":"29 de Junho A solenidade de s\u00e3o Pedro e de s\u00e3o Paulo \u00e9 uma das mais antigas da Igreja, sendo anterior at\u00e9 mesmo \u00e0 comemora\u00e7\u00e3o do Natal. J\u00e1 no s\u00e9culo IV havia a tradi\u00e7\u00e3o de, neste dia, celebrar tr\u00eas missas: a primeira na bas\u00edlica de S\u00e3o Pedro, no Vaticano; a segunda na bas\u00edlica de S\u00e3o [&hellip;]","og_url":"https:\/\/www.oarcanjo.net\/site\/sao-pedro-e-sao-paulo\/","og_site_name":"O Arcanjo no ar","article_publisher":"https:\/\/www.facebook.com\/OArcanjoNoAr\/","article_published_time":"2018-06-29T06:44:56+00:00","article_modified_time":"2018-06-20T21:21:12+00:00","og_image":[{"url":"http:\/\/www.entoar.site90.com\/festasi\/pedro.jpg"}],"author":"danilo","twitter_card":"summary_large_image","twitter_misc":{"Escrito por":"danilo","Est. tempo de leitura":"3 minutos"},"schema":{"@context":"https:\/\/schema.org","@graph":[{"@type":"Article","@id":"https:\/\/www.oarcanjo.net\/site\/sao-pedro-e-sao-paulo\/#article","isPartOf":{"@id":"https:\/\/www.oarcanjo.net\/site\/sao-pedro-e-sao-paulo\/"},"author":{"name":"danilo","@id":"https:\/\/www.oarcanjo.net\/site\/#\/schema\/person\/5eb9480bedd2f3c97e430ce128c29c6c"},"headline":"S\u00e3o Pedro e S\u00e3o Paulo","datePublished":"2018-06-29T06:44:56+00:00","dateModified":"2018-06-20T21:21:12+00:00","mainEntityOfPage":{"@id":"https:\/\/www.oarcanjo.net\/site\/sao-pedro-e-sao-paulo\/"},"wordCount":562,"commentCount":1,"publisher":{"@id":"https:\/\/www.oarcanjo.net\/site\/#organization"},"image":{"@id":"https:\/\/www.oarcanjo.net\/site\/sao-pedro-e-sao-paulo\/#primaryimage"},"thumbnailUrl":"http:\/\/www.entoar.site90.com\/festasi\/pedro.jpg","articleSection":["Testemunhos"],"inLanguage":"pt-BR","potentialAction":[{"@type":"CommentAction","name":"Comment","target":["https:\/\/www.oarcanjo.net\/site\/sao-pedro-e-sao-paulo\/#respond"]}]},{"@type":"WebPage","@id":"https:\/\/www.oarcanjo.net\/site\/sao-pedro-e-sao-paulo\/","url":"https:\/\/www.oarcanjo.net\/site\/sao-pedro-e-sao-paulo\/","name":"S\u00e3o Pedro e S\u00e3o Paulo - O Arcanjo no ar","isPartOf":{"@id":"https:\/\/www.oarcanjo.net\/site\/#website"},"primaryImageOfPage":{"@id":"https:\/\/www.oarcanjo.net\/site\/sao-pedro-e-sao-paulo\/#primaryimage"},"image":{"@id":"https:\/\/www.oarcanjo.net\/site\/sao-pedro-e-sao-paulo\/#primaryimage"},"thumbnailUrl":"http:\/\/www.entoar.site90.com\/festasi\/pedro.jpg","datePublished":"2018-06-29T06:44:56+00:00","dateModified":"2018-06-20T21:21:12+00:00","breadcrumb":{"@id":"https:\/\/www.oarcanjo.net\/site\/sao-pedro-e-sao-paulo\/#breadcrumb"},"inLanguage":"pt-BR","potentialAction":[{"@type":"ReadAction","target":["https:\/\/www.oarcanjo.net\/site\/sao-pedro-e-sao-paulo\/"]}]},{"@type":"ImageObject","inLanguage":"pt-BR","@id":"https:\/\/www.oarcanjo.net\/site\/sao-pedro-e-sao-paulo\/#primaryimage","url":"http:\/\/www.entoar.site90.com\/festasi\/pedro.jpg","contentUrl":"http:\/\/www.entoar.site90.com\/festasi\/pedro.jpg"},{"@type":"BreadcrumbList","@id":"https:\/\/www.oarcanjo.net\/site\/sao-pedro-e-sao-paulo\/#breadcrumb","itemListElement":[{"@type":"ListItem","position":1,"name":"In\u00edcio","item":"https:\/\/www.oarcanjo.net\/site\/"},{"@type":"ListItem","position":2,"name":"S\u00e3o Pedro e S\u00e3o Paulo"}]},{"@type":"WebSite","@id":"https:\/\/www.oarcanjo.net\/site\/#website","url":"https:\/\/www.oarcanjo.net\/site\/","name":"O Arcanjo no ar","description":"Site da Par\u00f3quia S\u00e3o Miguel Arcanjo (Arquidiocese de SP)","publisher":{"@id":"https:\/\/www.oarcanjo.net\/site\/#organization"},"potentialAction":[{"@type":"SearchAction","target":{"@type":"EntryPoint","urlTemplate":"https:\/\/www.oarcanjo.net\/site\/?s={search_term_string}"},"query-input":{"@type":"PropertyValueSpecification","valueRequired":true,"valueName":"search_term_string"}}],"inLanguage":"pt-BR"},{"@type":"Organization","@id":"https:\/\/www.oarcanjo.net\/site\/#organization","name":"Par\u00f3quia S\u00e3o Miguel Arcanjo","url":"https:\/\/www.oarcanjo.net\/site\/","logo":{"@type":"ImageObject","inLanguage":"pt-BR","@id":"https:\/\/www.oarcanjo.net\/site\/#\/schema\/logo\/image\/","url":"https:\/\/www.oarcanjo.net\/site\/wp-content\/uploads\/LogoOArcanjo.png","contentUrl":"https:\/\/www.oarcanjo.net\/site\/wp-content\/uploads\/LogoOArcanjo.png","width":319,"height":99,"caption":"Par\u00f3quia S\u00e3o Miguel Arcanjo"},"image":{"@id":"https:\/\/www.oarcanjo.net\/site\/#\/schema\/logo\/image\/"},"sameAs":["https:\/\/www.facebook.com\/OArcanjoNoAr\/"]},{"@type":"Person","@id":"https:\/\/www.oarcanjo.net\/site\/#\/schema\/person\/5eb9480bedd2f3c97e430ce128c29c6c","name":"danilo"}]}},"publishpress_future_action":{"enabled":false,"date":"2026-05-08 13:03:01","action":"category","newStatus":"draft","terms":[],"taxonomy":"category"},"publishpress_future_workflow_manual_trigger":{"enabledWorkflows":[]},"_links":{"self":[{"href":"https:\/\/www.oarcanjo.net\/site\/wp-json\/wp\/v2\/posts\/9936"}],"collection":[{"href":"https:\/\/www.oarcanjo.net\/site\/wp-json\/wp\/v2\/posts"}],"about":[{"href":"https:\/\/www.oarcanjo.net\/site\/wp-json\/wp\/v2\/types\/post"}],"author":[{"embeddable":true,"href":"https:\/\/www.oarcanjo.net\/site\/wp-json\/wp\/v2\/users\/14"}],"replies":[{"embeddable":true,"href":"https:\/\/www.oarcanjo.net\/site\/wp-json\/wp\/v2\/comments?post=9936"}],"version-history":[{"count":1,"href":"https:\/\/www.oarcanjo.net\/site\/wp-json\/wp\/v2\/posts\/9936\/revisions"}],"predecessor-version":[{"id":88609,"href":"https:\/\/www.oarcanjo.net\/site\/wp-json\/wp\/v2\/posts\/9936\/revisions\/88609"}],"wp:attachment":[{"href":"https:\/\/www.oarcanjo.net\/site\/wp-json\/wp\/v2\/media?parent=9936"}],"wp:term":[{"taxonomy":"category","embeddable":true,"href":"https:\/\/www.oarcanjo.net\/site\/wp-json\/wp\/v2\/categories?post=9936"},{"taxonomy":"post_tag","embeddable":true,"href":"https:\/\/www.oarcanjo.net\/site\/wp-json\/wp\/v2\/tags?post=9936"}],"curies":[{"name":"wp","href":"https:\/\/api.w.org\/{rel}","templated":true}]}}