
{"id":9959,"date":"2010-06-25T19:54:48","date_gmt":"2010-06-25T22:54:48","guid":{"rendered":"http:\/\/www.oarcanjo.net\/site\/?p=9959"},"modified":"2010-06-27T17:43:39","modified_gmt":"2010-06-27T20:43:39","slug":"jose-saramago-amigo-do-meio-ambiente","status":"publish","type":"post","link":"https:\/\/www.oarcanjo.net\/site\/jose-saramago-amigo-do-meio-ambiente\/","title":{"rendered":"Jos\u00e9 Saramago, amigo do meio ambiente"},"content":{"rendered":"<p>Mariana<\/p>\n<p>Jos\u00e9 Saramago nos deixou dia 18 de junho. Um dos maiores escritores da l\u00edngua portuguesa, era tamb\u00e9m um protetor do meio ambiente com v\u00e1rias a\u00e7\u00f5es para preservar a natureza.<\/p>\n<p>Em 2005, por exemplo, lan\u00e7ou &#8220;As Intermit\u00eancias da Morte&#8221;,\u00a0primeiro livro em papel e gr\u00e1fica com certifica\u00e7\u00e3o da FSC no Brasil, que representa uma nova maneira socioambiental de manejo florestal.<\/p>\n<p>Para este lan\u00e7amento, Saramago pediu pessoalmente a suas editoras\u00a0mo mundo inteiro\u00a0que seguissem a maneira\u00a0ambientalmente certa de produzir o livro.<\/p>\n<p>E exatamente na mesma \u00e9poca, Saramago apoiou a campanha de prote\u00e7\u00e3o da Amaz\u00f4nia do Greenpeace, que pede \u00e0s ind\u00fastrias para substitu\u00edrem o papel &#8220;normal&#8221; pelo reciclado ou o certificado pela FSC.<\/p>\n<p>Jos\u00e9 Saramago foi portanto um amigo do meio ambiente.<\/p>\n<p><a href=\"http:\/\/www.oarcanjo.net\/site\/wp-content\/uploads\/jose-saramago1.jpg\"><img loading=\"lazy\" decoding=\"async\" class=\"aligncenter size-medium wp-image-9960\" src=\"http:\/\/www.oarcanjo.net\/site\/wp-content\/uploads\/jose-saramago1-215x300.jpg\" alt=\"\" width=\"215\" height=\"300\" srcset=\"https:\/\/www.oarcanjo.net\/site\/wp-content\/uploads\/jose-saramago1-215x300.jpg 215w, https:\/\/www.oarcanjo.net\/site\/wp-content\/uploads\/jose-saramago1.jpg 430w\" sizes=\"(max-width: 215px) 100vw, 215px\" \/><\/a><\/p>\n<div id=\"themify_builder_content-9959\" data-postid=\"9959\" class=\"themify_builder_content themify_builder_content-9959 themify_builder themify_builder_front\">\n\t<\/div>\n<!-- \/themify_builder_content -->","protected":false},"excerpt":{"rendered":"<p>Mariana Jos\u00e9 Saramago nos deixou dia 18 de junho. Um dos maiores escritores da l\u00edngua portuguesa, era tamb\u00e9m um protetor do meio ambiente com v\u00e1rias a\u00e7\u00f5es para preservar a natureza. Em 2005, por exemplo, lan\u00e7ou &#8220;As Intermit\u00eancias da Morte&#8221;,\u00a0primeiro livro em papel e gr\u00e1fica com certifica\u00e7\u00e3o da FSC no Brasil, que representa uma nova maneira [&hellip;]<\/p>\n","protected":false},"author":12,"featured_media":0,"comment_status":"open","ping_status":"open","sticky":false,"template":"","format":"standard","meta":{"ngg_post_thumbnail":0,"footnotes":""},"categories":[8],"tags":[1642,468,470],"yoast_head":"<!-- This site is optimized with the Yoast SEO plugin v23.5 - https:\/\/yoast.com\/wordpress\/plugins\/seo\/ -->\n<title>Jos\u00e9 Saramago, amigo do meio ambiente - O Arcanjo no ar<\/title>\n<meta name=\"robots\" content=\"index, follow, max-snippet:-1, max-image-preview:large, max-video-preview:-1\" \/>\n<link rel=\"canonical\" href=\"https:\/\/www.oarcanjo.net\/site\/jose-saramago-amigo-do-meio-ambiente\/\" \/>\n<meta property=\"og:locale\" content=\"pt_BR\" \/>\n<meta property=\"og:type\" content=\"article\" \/>\n<meta property=\"og:title\" content=\"Jos\u00e9 Saramago, amigo do meio ambiente - O Arcanjo no ar\" \/>\n<meta property=\"og:description\" content=\"Mariana Jos\u00e9 Saramago nos deixou dia 18 de junho. Um dos maiores escritores da l\u00edngua portuguesa, era tamb\u00e9m um protetor do meio ambiente com v\u00e1rias a\u00e7\u00f5es para preservar a natureza. Em 2005, por exemplo, lan\u00e7ou &#8220;As Intermit\u00eancias da Morte&#8221;,\u00a0primeiro livro em papel e gr\u00e1fica com certifica\u00e7\u00e3o da FSC no Brasil, que representa uma nova maneira [&hellip;]\" \/>\n<meta property=\"og:url\" content=\"https:\/\/www.oarcanjo.net\/site\/jose-saramago-amigo-do-meio-ambiente\/\" \/>\n<meta property=\"og:site_name\" content=\"O Arcanjo no ar\" \/>\n<meta property=\"article:publisher\" content=\"https:\/\/www.facebook.com\/OArcanjoNoAr\/\" \/>\n<meta property=\"article:published_time\" content=\"2010-06-25T22:54:48+00:00\" \/>\n<meta property=\"article:modified_time\" content=\"2010-06-27T20:43:39+00:00\" \/>\n<meta property=\"og:image\" content=\"http:\/\/www.oarcanjo.net\/site\/wp-content\/uploads\/jose-saramago1-215x300.jpg\" \/>\n<meta name=\"author\" content=\"mariana\" \/>\n<meta name=\"twitter:card\" content=\"summary_large_image\" \/>\n<meta name=\"twitter:label1\" content=\"Escrito por\" \/>\n\t<meta name=\"twitter:data1\" content=\"mariana\" \/>\n\t<meta name=\"twitter:label2\" content=\"Est. tempo de leitura\" \/>\n\t<meta name=\"twitter:data2\" content=\"1 minuto\" \/>\n<script type=\"application\/ld+json\" class=\"yoast-schema-graph\">{\"@context\":\"https:\/\/schema.org\",\"@graph\":[{\"@type\":\"Article\",\"@id\":\"https:\/\/www.oarcanjo.net\/site\/jose-saramago-amigo-do-meio-ambiente\/#article\",\"isPartOf\":{\"@id\":\"https:\/\/www.oarcanjo.net\/site\/jose-saramago-amigo-do-meio-ambiente\/\"},\"author\":{\"name\":\"mariana\",\"@id\":\"https:\/\/www.oarcanjo.net\/site\/#\/schema\/person\/e54a5c62347067e278a5d0cf64f6a6e6\"},\"headline\":\"Jos\u00e9 Saramago, amigo do meio ambiente\",\"datePublished\":\"2010-06-25T22:54:48+00:00\",\"dateModified\":\"2010-06-27T20:43:39+00:00\",\"mainEntityOfPage\":{\"@id\":\"https:\/\/www.oarcanjo.net\/site\/jose-saramago-amigo-do-meio-ambiente\/\"},\"wordCount\":139,\"commentCount\":0,\"publisher\":{\"@id\":\"https:\/\/www.oarcanjo.net\/site\/#organization\"},\"image\":{\"@id\":\"https:\/\/www.oarcanjo.net\/site\/jose-saramago-amigo-do-meio-ambiente\/#primaryimage\"},\"thumbnailUrl\":\"http:\/\/www.oarcanjo.net\/site\/wp-content\/uploads\/jose-saramago1-215x300.jpg\",\"keywords\":[\"Jos\u00e9 Saramago\",\"meio ambiente\",\"sustentabilidade\"],\"articleSection\":[\"Not\u00edcias\"],\"inLanguage\":\"pt-BR\",\"potentialAction\":[{\"@type\":\"CommentAction\",\"name\":\"Comment\",\"target\":[\"https:\/\/www.oarcanjo.net\/site\/jose-saramago-amigo-do-meio-ambiente\/#respond\"]}]},{\"@type\":\"WebPage\",\"@id\":\"https:\/\/www.oarcanjo.net\/site\/jose-saramago-amigo-do-meio-ambiente\/\",\"url\":\"https:\/\/www.oarcanjo.net\/site\/jose-saramago-amigo-do-meio-ambiente\/\",\"name\":\"Jos\u00e9 Saramago, amigo do meio ambiente - O Arcanjo no ar\",\"isPartOf\":{\"@id\":\"https:\/\/www.oarcanjo.net\/site\/#website\"},\"primaryImageOfPage\":{\"@id\":\"https:\/\/www.oarcanjo.net\/site\/jose-saramago-amigo-do-meio-ambiente\/#primaryimage\"},\"image\":{\"@id\":\"https:\/\/www.oarcanjo.net\/site\/jose-saramago-amigo-do-meio-ambiente\/#primaryimage\"},\"thumbnailUrl\":\"http:\/\/www.oarcanjo.net\/site\/wp-content\/uploads\/jose-saramago1-215x300.jpg\",\"datePublished\":\"2010-06-25T22:54:48+00:00\",\"dateModified\":\"2010-06-27T20:43:39+00:00\",\"breadcrumb\":{\"@id\":\"https:\/\/www.oarcanjo.net\/site\/jose-saramago-amigo-do-meio-ambiente\/#breadcrumb\"},\"inLanguage\":\"pt-BR\",\"potentialAction\":[{\"@type\":\"ReadAction\",\"target\":[\"https:\/\/www.oarcanjo.net\/site\/jose-saramago-amigo-do-meio-ambiente\/\"]}]},{\"@type\":\"ImageObject\",\"inLanguage\":\"pt-BR\",\"@id\":\"https:\/\/www.oarcanjo.net\/site\/jose-saramago-amigo-do-meio-ambiente\/#primaryimage\",\"url\":\"https:\/\/www.oarcanjo.net\/site\/wp-content\/uploads\/jose-saramago1.jpg\",\"contentUrl\":\"https:\/\/www.oarcanjo.net\/site\/wp-content\/uploads\/jose-saramago1.jpg\",\"width\":\"430\",\"height\":\"600\"},{\"@type\":\"BreadcrumbList\",\"@id\":\"https:\/\/www.oarcanjo.net\/site\/jose-saramago-amigo-do-meio-ambiente\/#breadcrumb\",\"itemListElement\":[{\"@type\":\"ListItem\",\"position\":1,\"name\":\"In\u00edcio\",\"item\":\"https:\/\/www.oarcanjo.net\/site\/\"},{\"@type\":\"ListItem\",\"position\":2,\"name\":\"Jos\u00e9 Saramago, amigo do meio ambiente\"}]},{\"@type\":\"WebSite\",\"@id\":\"https:\/\/www.oarcanjo.net\/site\/#website\",\"url\":\"https:\/\/www.oarcanjo.net\/site\/\",\"name\":\"O Arcanjo no ar\",\"description\":\"Site da Par\u00f3quia S\u00e3o Miguel Arcanjo (Arquidiocese de SP)\",\"publisher\":{\"@id\":\"https:\/\/www.oarcanjo.net\/site\/#organization\"},\"potentialAction\":[{\"@type\":\"SearchAction\",\"target\":{\"@type\":\"EntryPoint\",\"urlTemplate\":\"https:\/\/www.oarcanjo.net\/site\/?s={search_term_string}\"},\"query-input\":{\"@type\":\"PropertyValueSpecification\",\"valueRequired\":true,\"valueName\":\"search_term_string\"}}],\"inLanguage\":\"pt-BR\"},{\"@type\":\"Organization\",\"@id\":\"https:\/\/www.oarcanjo.net\/site\/#organization\",\"name\":\"Par\u00f3quia S\u00e3o Miguel Arcanjo\",\"url\":\"https:\/\/www.oarcanjo.net\/site\/\",\"logo\":{\"@type\":\"ImageObject\",\"inLanguage\":\"pt-BR\",\"@id\":\"https:\/\/www.oarcanjo.net\/site\/#\/schema\/logo\/image\/\",\"url\":\"https:\/\/www.oarcanjo.net\/site\/wp-content\/uploads\/LogoOArcanjo.png\",\"contentUrl\":\"https:\/\/www.oarcanjo.net\/site\/wp-content\/uploads\/LogoOArcanjo.png\",\"width\":319,\"height\":99,\"caption\":\"Par\u00f3quia S\u00e3o Miguel Arcanjo\"},\"image\":{\"@id\":\"https:\/\/www.oarcanjo.net\/site\/#\/schema\/logo\/image\/\"},\"sameAs\":[\"https:\/\/www.facebook.com\/OArcanjoNoAr\/\"]},{\"@type\":\"Person\",\"@id\":\"https:\/\/www.oarcanjo.net\/site\/#\/schema\/person\/e54a5c62347067e278a5d0cf64f6a6e6\",\"name\":\"mariana\"}]}<\/script>\n<!-- \/ Yoast SEO plugin. -->","yoast_head_json":{"title":"Jos\u00e9 Saramago, amigo do meio ambiente - O Arcanjo no ar","robots":{"index":"index","follow":"follow","max-snippet":"max-snippet:-1","max-image-preview":"max-image-preview:large","max-video-preview":"max-video-preview:-1"},"canonical":"https:\/\/www.oarcanjo.net\/site\/jose-saramago-amigo-do-meio-ambiente\/","og_locale":"pt_BR","og_type":"article","og_title":"Jos\u00e9 Saramago, amigo do meio ambiente - O Arcanjo no ar","og_description":"Mariana Jos\u00e9 Saramago nos deixou dia 18 de junho. Um dos maiores escritores da l\u00edngua portuguesa, era tamb\u00e9m um protetor do meio ambiente com v\u00e1rias a\u00e7\u00f5es para preservar a natureza. Em 2005, por exemplo, lan\u00e7ou &#8220;As Intermit\u00eancias da Morte&#8221;,\u00a0primeiro livro em papel e gr\u00e1fica com certifica\u00e7\u00e3o da FSC no Brasil, que representa uma nova maneira [&hellip;]","og_url":"https:\/\/www.oarcanjo.net\/site\/jose-saramago-amigo-do-meio-ambiente\/","og_site_name":"O Arcanjo no ar","article_publisher":"https:\/\/www.facebook.com\/OArcanjoNoAr\/","article_published_time":"2010-06-25T22:54:48+00:00","article_modified_time":"2010-06-27T20:43:39+00:00","og_image":[{"url":"http:\/\/www.oarcanjo.net\/site\/wp-content\/uploads\/jose-saramago1-215x300.jpg"}],"author":"mariana","twitter_card":"summary_large_image","twitter_misc":{"Escrito por":"mariana","Est. tempo de leitura":"1 minuto"},"schema":{"@context":"https:\/\/schema.org","@graph":[{"@type":"Article","@id":"https:\/\/www.oarcanjo.net\/site\/jose-saramago-amigo-do-meio-ambiente\/#article","isPartOf":{"@id":"https:\/\/www.oarcanjo.net\/site\/jose-saramago-amigo-do-meio-ambiente\/"},"author":{"name":"mariana","@id":"https:\/\/www.oarcanjo.net\/site\/#\/schema\/person\/e54a5c62347067e278a5d0cf64f6a6e6"},"headline":"Jos\u00e9 Saramago, amigo do meio ambiente","datePublished":"2010-06-25T22:54:48+00:00","dateModified":"2010-06-27T20:43:39+00:00","mainEntityOfPage":{"@id":"https:\/\/www.oarcanjo.net\/site\/jose-saramago-amigo-do-meio-ambiente\/"},"wordCount":139,"commentCount":0,"publisher":{"@id":"https:\/\/www.oarcanjo.net\/site\/#organization"},"image":{"@id":"https:\/\/www.oarcanjo.net\/site\/jose-saramago-amigo-do-meio-ambiente\/#primaryimage"},"thumbnailUrl":"http:\/\/www.oarcanjo.net\/site\/wp-content\/uploads\/jose-saramago1-215x300.jpg","keywords":["Jos\u00e9 Saramago","meio ambiente","sustentabilidade"],"articleSection":["Not\u00edcias"],"inLanguage":"pt-BR","potentialAction":[{"@type":"CommentAction","name":"Comment","target":["https:\/\/www.oarcanjo.net\/site\/jose-saramago-amigo-do-meio-ambiente\/#respond"]}]},{"@type":"WebPage","@id":"https:\/\/www.oarcanjo.net\/site\/jose-saramago-amigo-do-meio-ambiente\/","url":"https:\/\/www.oarcanjo.net\/site\/jose-saramago-amigo-do-meio-ambiente\/","name":"Jos\u00e9 Saramago, amigo do meio ambiente - O Arcanjo no ar","isPartOf":{"@id":"https:\/\/www.oarcanjo.net\/site\/#website"},"primaryImageOfPage":{"@id":"https:\/\/www.oarcanjo.net\/site\/jose-saramago-amigo-do-meio-ambiente\/#primaryimage"},"image":{"@id":"https:\/\/www.oarcanjo.net\/site\/jose-saramago-amigo-do-meio-ambiente\/#primaryimage"},"thumbnailUrl":"http:\/\/www.oarcanjo.net\/site\/wp-content\/uploads\/jose-saramago1-215x300.jpg","datePublished":"2010-06-25T22:54:48+00:00","dateModified":"2010-06-27T20:43:39+00:00","breadcrumb":{"@id":"https:\/\/www.oarcanjo.net\/site\/jose-saramago-amigo-do-meio-ambiente\/#breadcrumb"},"inLanguage":"pt-BR","potentialAction":[{"@type":"ReadAction","target":["https:\/\/www.oarcanjo.net\/site\/jose-saramago-amigo-do-meio-ambiente\/"]}]},{"@type":"ImageObject","inLanguage":"pt-BR","@id":"https:\/\/www.oarcanjo.net\/site\/jose-saramago-amigo-do-meio-ambiente\/#primaryimage","url":"https:\/\/www.oarcanjo.net\/site\/wp-content\/uploads\/jose-saramago1.jpg","contentUrl":"https:\/\/www.oarcanjo.net\/site\/wp-content\/uploads\/jose-saramago1.jpg","width":"430","height":"600"},{"@type":"BreadcrumbList","@id":"https:\/\/www.oarcanjo.net\/site\/jose-saramago-amigo-do-meio-ambiente\/#breadcrumb","itemListElement":[{"@type":"ListItem","position":1,"name":"In\u00edcio","item":"https:\/\/www.oarcanjo.net\/site\/"},{"@type":"ListItem","position":2,"name":"Jos\u00e9 Saramago, amigo do meio ambiente"}]},{"@type":"WebSite","@id":"https:\/\/www.oarcanjo.net\/site\/#website","url":"https:\/\/www.oarcanjo.net\/site\/","name":"O Arcanjo no ar","description":"Site da Par\u00f3quia S\u00e3o Miguel Arcanjo (Arquidiocese de SP)","publisher":{"@id":"https:\/\/www.oarcanjo.net\/site\/#organization"},"potentialAction":[{"@type":"SearchAction","target":{"@type":"EntryPoint","urlTemplate":"https:\/\/www.oarcanjo.net\/site\/?s={search_term_string}"},"query-input":{"@type":"PropertyValueSpecification","valueRequired":true,"valueName":"search_term_string"}}],"inLanguage":"pt-BR"},{"@type":"Organization","@id":"https:\/\/www.oarcanjo.net\/site\/#organization","name":"Par\u00f3quia S\u00e3o Miguel Arcanjo","url":"https:\/\/www.oarcanjo.net\/site\/","logo":{"@type":"ImageObject","inLanguage":"pt-BR","@id":"https:\/\/www.oarcanjo.net\/site\/#\/schema\/logo\/image\/","url":"https:\/\/www.oarcanjo.net\/site\/wp-content\/uploads\/LogoOArcanjo.png","contentUrl":"https:\/\/www.oarcanjo.net\/site\/wp-content\/uploads\/LogoOArcanjo.png","width":319,"height":99,"caption":"Par\u00f3quia S\u00e3o Miguel Arcanjo"},"image":{"@id":"https:\/\/www.oarcanjo.net\/site\/#\/schema\/logo\/image\/"},"sameAs":["https:\/\/www.facebook.com\/OArcanjoNoAr\/"]},{"@type":"Person","@id":"https:\/\/www.oarcanjo.net\/site\/#\/schema\/person\/e54a5c62347067e278a5d0cf64f6a6e6","name":"mariana"}]}},"publishpress_future_action":{"enabled":false,"date":"2026-05-09 10:25:12","action":"category","newStatus":"draft","terms":[],"taxonomy":"category"},"publishpress_future_workflow_manual_trigger":{"enabledWorkflows":[]},"_links":{"self":[{"href":"https:\/\/www.oarcanjo.net\/site\/wp-json\/wp\/v2\/posts\/9959"}],"collection":[{"href":"https:\/\/www.oarcanjo.net\/site\/wp-json\/wp\/v2\/posts"}],"about":[{"href":"https:\/\/www.oarcanjo.net\/site\/wp-json\/wp\/v2\/types\/post"}],"author":[{"embeddable":true,"href":"https:\/\/www.oarcanjo.net\/site\/wp-json\/wp\/v2\/users\/12"}],"replies":[{"embeddable":true,"href":"https:\/\/www.oarcanjo.net\/site\/wp-json\/wp\/v2\/comments?post=9959"}],"version-history":[{"count":0,"href":"https:\/\/www.oarcanjo.net\/site\/wp-json\/wp\/v2\/posts\/9959\/revisions"}],"wp:attachment":[{"href":"https:\/\/www.oarcanjo.net\/site\/wp-json\/wp\/v2\/media?parent=9959"}],"wp:term":[{"taxonomy":"category","embeddable":true,"href":"https:\/\/www.oarcanjo.net\/site\/wp-json\/wp\/v2\/categories?post=9959"},{"taxonomy":"post_tag","embeddable":true,"href":"https:\/\/www.oarcanjo.net\/site\/wp-json\/wp\/v2\/tags?post=9959"}],"curies":[{"name":"wp","href":"https:\/\/api.w.org\/{rel}","templated":true}]}}