
{"id":9994,"date":"2018-06-30T00:51:19","date_gmt":"2018-06-30T03:51:19","guid":{"rendered":"http:\/\/www.oarcanjo.net\/site\/?p=9994"},"modified":"2018-06-20T18:20:56","modified_gmt":"2018-06-20T21:20:56","slug":"os-primeiros-martires-do-cristianismo","status":"publish","type":"post","link":"https:\/\/www.oarcanjo.net\/site\/os-primeiros-martires-do-cristianismo\/","title":{"rendered":"Os primeiros m\u00e1rtires do Cristianismo"},"content":{"rendered":"<p><img loading=\"lazy\" decoding=\"async\" src=\"http:\/\/juliemaria.files.wordpress.com\/2008\/11\/the_christian_martyrs_last_prayer_by_leon_gerome.jpg\" alt=\"\" width=\"1027\" height=\"624\" \/><\/p>\n<p>30 de Junho<\/p>\n<p>Certo dia, um pavoroso inc\u00eandio reduziu Roma a cinzas. Em 19 de julho de 64, a poderosa capital virou escombros e o imperador Nero, considerado um d\u00e9spota imoral e louco por alguns historiadores, viu-se acusado de ter sido o causador do sinistro. Para defender-se, acusou os crist\u00e3os, fazendo brotar um \u00f3dio contra os seguidores da f\u00e9 que se espalharia pelos anos seguintes.<\/p>\n<p>Nero aproveitou-se das cal\u00fanias que j\u00e1 cercavam a pequena e pouco conhecida comunidade hebraica que habitava Roma, formada por pac\u00edficos crist\u00e3os. Na cabe\u00e7a do povo j\u00e1 havia, tamb\u00e9m, contra eles, o fato de recusarem-se a participar do culto aos deuses pag\u00e3os. Aproveitando-se do desconhecimento geral sobre a religi\u00e3o, Nero culpou os crist\u00e3os e ordenou o massacre de todos eles.<\/p>\n<p>H\u00e1 registros de um sadismo feroz e inaceit\u00e1vel, que fez com que o povo romano, at\u00e9 ent\u00e3o liberal com rela\u00e7\u00e3o \u00e0s outras religi\u00f5es, passasse a repudiar violentamente os crist\u00e3os. Houve execu\u00e7\u00f5es de todo tipo e forma e algumas cenas sanguin\u00e1rias estimulavam os mais terr\u00edveis sentimentos humanos, provocando implac\u00e1vel persegui\u00e7\u00e3o.<\/p>\n<p>Alguns adultos foram embebidos em piche e transformados em tochas humanas usadas para iluminar os jardins da colina Oppio. Em outro epis\u00f3dio revoltante, crian\u00e7as e mulheres foram vestidas com peles de animais e jogadas no circo \u00e0s feras, para serem destro\u00e7adas e devoradas por elas.<\/p>\n<p>Desse modo, a crueldade se estendeu de 64 at\u00e9 67, chegando a um exagero t\u00e3o grande que acabou incutindo no povo um sentimento de piedade. N\u00e3o havia justificativa, nem mesmo alegando raz\u00f5es de Estado, para tal procedimento. O \u00f3dio acabou se transformando em solidariedade.<\/p>\n<p>Os ap\u00f3stolos s\u00e3o Pedro e s\u00e3o Paulo foram duas das mais famosas v\u00edtimas do imperador tocador de lira, por isso a celebra\u00e7\u00e3o dos m\u00e1rtires de Nero foi marcada para um dia ap\u00f3s a data que lembra o mart\u00edrio de ambos.<\/p>\n<p>Por\u00e9m, como bem nos lembrou o papa Clemente, o dia de hoje \u00e9 a festa de todos os m\u00e1rtires, que com o seu sangue sedimentaram a gloriosa Igreja Cat\u00f3lica Apost\u00f3lica Romana.<\/p>\n<div id=\"themify_builder_content-9994\" data-postid=\"9994\" class=\"themify_builder_content themify_builder_content-9994 themify_builder themify_builder_front\">\n\t<\/div>\n<!-- \/themify_builder_content -->","protected":false},"excerpt":{"rendered":"<p>30 de Junho Certo dia, um pavoroso inc\u00eandio reduziu Roma a cinzas. Em 19 de julho de 64, a poderosa capital virou escombros e o imperador Nero, considerado um d\u00e9spota imoral e louco por alguns historiadores, viu-se acusado de ter sido o causador do sinistro. Para defender-se, acusou os crist\u00e3os, fazendo brotar um \u00f3dio contra [&hellip;]<\/p>\n","protected":false},"author":14,"featured_media":0,"comment_status":"open","ping_status":"open","sticky":false,"template":"","format":"standard","meta":{"ngg_post_thumbnail":0,"footnotes":""},"categories":[186],"tags":[],"yoast_head":"<!-- This site is optimized with the Yoast SEO plugin v23.5 - https:\/\/yoast.com\/wordpress\/plugins\/seo\/ -->\n<title>Os primeiros m\u00e1rtires do Cristianismo - O Arcanjo no ar<\/title>\n<meta name=\"robots\" content=\"index, follow, max-snippet:-1, max-image-preview:large, max-video-preview:-1\" \/>\n<link rel=\"canonical\" href=\"https:\/\/www.oarcanjo.net\/site\/os-primeiros-martires-do-cristianismo\/\" \/>\n<meta property=\"og:locale\" content=\"pt_BR\" \/>\n<meta property=\"og:type\" content=\"article\" \/>\n<meta property=\"og:title\" content=\"Os primeiros m\u00e1rtires do Cristianismo - O Arcanjo no ar\" \/>\n<meta property=\"og:description\" content=\"30 de Junho Certo dia, um pavoroso inc\u00eandio reduziu Roma a cinzas. Em 19 de julho de 64, a poderosa capital virou escombros e o imperador Nero, considerado um d\u00e9spota imoral e louco por alguns historiadores, viu-se acusado de ter sido o causador do sinistro. Para defender-se, acusou os crist\u00e3os, fazendo brotar um \u00f3dio contra [&hellip;]\" \/>\n<meta property=\"og:url\" content=\"https:\/\/www.oarcanjo.net\/site\/os-primeiros-martires-do-cristianismo\/\" \/>\n<meta property=\"og:site_name\" content=\"O Arcanjo no ar\" \/>\n<meta property=\"article:publisher\" content=\"https:\/\/www.facebook.com\/OArcanjoNoAr\/\" \/>\n<meta property=\"article:published_time\" content=\"2018-06-30T03:51:19+00:00\" \/>\n<meta property=\"article:modified_time\" content=\"2018-06-20T21:20:56+00:00\" \/>\n<meta property=\"og:image\" content=\"http:\/\/juliemaria.files.wordpress.com\/2008\/11\/the_christian_martyrs_last_prayer_by_leon_gerome.jpg\" \/>\n<meta name=\"author\" content=\"danilo\" \/>\n<meta name=\"twitter:card\" content=\"summary_large_image\" \/>\n<meta name=\"twitter:label1\" content=\"Escrito por\" \/>\n\t<meta name=\"twitter:data1\" content=\"danilo\" \/>\n\t<meta name=\"twitter:label2\" content=\"Est. tempo de leitura\" \/>\n\t<meta name=\"twitter:data2\" content=\"2 minutos\" \/>\n<script type=\"application\/ld+json\" class=\"yoast-schema-graph\">{\"@context\":\"https:\/\/schema.org\",\"@graph\":[{\"@type\":\"Article\",\"@id\":\"https:\/\/www.oarcanjo.net\/site\/os-primeiros-martires-do-cristianismo\/#article\",\"isPartOf\":{\"@id\":\"https:\/\/www.oarcanjo.net\/site\/os-primeiros-martires-do-cristianismo\/\"},\"author\":{\"name\":\"danilo\",\"@id\":\"https:\/\/www.oarcanjo.net\/site\/#\/schema\/person\/5eb9480bedd2f3c97e430ce128c29c6c\"},\"headline\":\"Os primeiros m\u00e1rtires do Cristianismo\",\"datePublished\":\"2018-06-30T03:51:19+00:00\",\"dateModified\":\"2018-06-20T21:20:56+00:00\",\"mainEntityOfPage\":{\"@id\":\"https:\/\/www.oarcanjo.net\/site\/os-primeiros-martires-do-cristianismo\/\"},\"wordCount\":372,\"commentCount\":0,\"publisher\":{\"@id\":\"https:\/\/www.oarcanjo.net\/site\/#organization\"},\"image\":{\"@id\":\"https:\/\/www.oarcanjo.net\/site\/os-primeiros-martires-do-cristianismo\/#primaryimage\"},\"thumbnailUrl\":\"http:\/\/juliemaria.files.wordpress.com\/2008\/11\/the_christian_martyrs_last_prayer_by_leon_gerome.jpg\",\"articleSection\":[\"Testemunhos\"],\"inLanguage\":\"pt-BR\",\"potentialAction\":[{\"@type\":\"CommentAction\",\"name\":\"Comment\",\"target\":[\"https:\/\/www.oarcanjo.net\/site\/os-primeiros-martires-do-cristianismo\/#respond\"]}]},{\"@type\":\"WebPage\",\"@id\":\"https:\/\/www.oarcanjo.net\/site\/os-primeiros-martires-do-cristianismo\/\",\"url\":\"https:\/\/www.oarcanjo.net\/site\/os-primeiros-martires-do-cristianismo\/\",\"name\":\"Os primeiros m\u00e1rtires do Cristianismo - O Arcanjo no ar\",\"isPartOf\":{\"@id\":\"https:\/\/www.oarcanjo.net\/site\/#website\"},\"primaryImageOfPage\":{\"@id\":\"https:\/\/www.oarcanjo.net\/site\/os-primeiros-martires-do-cristianismo\/#primaryimage\"},\"image\":{\"@id\":\"https:\/\/www.oarcanjo.net\/site\/os-primeiros-martires-do-cristianismo\/#primaryimage\"},\"thumbnailUrl\":\"http:\/\/juliemaria.files.wordpress.com\/2008\/11\/the_christian_martyrs_last_prayer_by_leon_gerome.jpg\",\"datePublished\":\"2018-06-30T03:51:19+00:00\",\"dateModified\":\"2018-06-20T21:20:56+00:00\",\"breadcrumb\":{\"@id\":\"https:\/\/www.oarcanjo.net\/site\/os-primeiros-martires-do-cristianismo\/#breadcrumb\"},\"inLanguage\":\"pt-BR\",\"potentialAction\":[{\"@type\":\"ReadAction\",\"target\":[\"https:\/\/www.oarcanjo.net\/site\/os-primeiros-martires-do-cristianismo\/\"]}]},{\"@type\":\"ImageObject\",\"inLanguage\":\"pt-BR\",\"@id\":\"https:\/\/www.oarcanjo.net\/site\/os-primeiros-martires-do-cristianismo\/#primaryimage\",\"url\":\"http:\/\/juliemaria.files.wordpress.com\/2008\/11\/the_christian_martyrs_last_prayer_by_leon_gerome.jpg\",\"contentUrl\":\"http:\/\/juliemaria.files.wordpress.com\/2008\/11\/the_christian_martyrs_last_prayer_by_leon_gerome.jpg\"},{\"@type\":\"BreadcrumbList\",\"@id\":\"https:\/\/www.oarcanjo.net\/site\/os-primeiros-martires-do-cristianismo\/#breadcrumb\",\"itemListElement\":[{\"@type\":\"ListItem\",\"position\":1,\"name\":\"In\u00edcio\",\"item\":\"https:\/\/www.oarcanjo.net\/site\/\"},{\"@type\":\"ListItem\",\"position\":2,\"name\":\"Os primeiros m\u00e1rtires do Cristianismo\"}]},{\"@type\":\"WebSite\",\"@id\":\"https:\/\/www.oarcanjo.net\/site\/#website\",\"url\":\"https:\/\/www.oarcanjo.net\/site\/\",\"name\":\"O Arcanjo no ar\",\"description\":\"Site da Par\u00f3quia S\u00e3o Miguel Arcanjo (Arquidiocese de SP)\",\"publisher\":{\"@id\":\"https:\/\/www.oarcanjo.net\/site\/#organization\"},\"potentialAction\":[{\"@type\":\"SearchAction\",\"target\":{\"@type\":\"EntryPoint\",\"urlTemplate\":\"https:\/\/www.oarcanjo.net\/site\/?s={search_term_string}\"},\"query-input\":{\"@type\":\"PropertyValueSpecification\",\"valueRequired\":true,\"valueName\":\"search_term_string\"}}],\"inLanguage\":\"pt-BR\"},{\"@type\":\"Organization\",\"@id\":\"https:\/\/www.oarcanjo.net\/site\/#organization\",\"name\":\"Par\u00f3quia S\u00e3o Miguel Arcanjo\",\"url\":\"https:\/\/www.oarcanjo.net\/site\/\",\"logo\":{\"@type\":\"ImageObject\",\"inLanguage\":\"pt-BR\",\"@id\":\"https:\/\/www.oarcanjo.net\/site\/#\/schema\/logo\/image\/\",\"url\":\"https:\/\/www.oarcanjo.net\/site\/wp-content\/uploads\/LogoOArcanjo.png\",\"contentUrl\":\"https:\/\/www.oarcanjo.net\/site\/wp-content\/uploads\/LogoOArcanjo.png\",\"width\":319,\"height\":99,\"caption\":\"Par\u00f3quia S\u00e3o Miguel Arcanjo\"},\"image\":{\"@id\":\"https:\/\/www.oarcanjo.net\/site\/#\/schema\/logo\/image\/\"},\"sameAs\":[\"https:\/\/www.facebook.com\/OArcanjoNoAr\/\"]},{\"@type\":\"Person\",\"@id\":\"https:\/\/www.oarcanjo.net\/site\/#\/schema\/person\/5eb9480bedd2f3c97e430ce128c29c6c\",\"name\":\"danilo\"}]}<\/script>\n<!-- \/ Yoast SEO plugin. -->","yoast_head_json":{"title":"Os primeiros m\u00e1rtires do Cristianismo - O Arcanjo no ar","robots":{"index":"index","follow":"follow","max-snippet":"max-snippet:-1","max-image-preview":"max-image-preview:large","max-video-preview":"max-video-preview:-1"},"canonical":"https:\/\/www.oarcanjo.net\/site\/os-primeiros-martires-do-cristianismo\/","og_locale":"pt_BR","og_type":"article","og_title":"Os primeiros m\u00e1rtires do Cristianismo - O Arcanjo no ar","og_description":"30 de Junho Certo dia, um pavoroso inc\u00eandio reduziu Roma a cinzas. Em 19 de julho de 64, a poderosa capital virou escombros e o imperador Nero, considerado um d\u00e9spota imoral e louco por alguns historiadores, viu-se acusado de ter sido o causador do sinistro. Para defender-se, acusou os crist\u00e3os, fazendo brotar um \u00f3dio contra [&hellip;]","og_url":"https:\/\/www.oarcanjo.net\/site\/os-primeiros-martires-do-cristianismo\/","og_site_name":"O Arcanjo no ar","article_publisher":"https:\/\/www.facebook.com\/OArcanjoNoAr\/","article_published_time":"2018-06-30T03:51:19+00:00","article_modified_time":"2018-06-20T21:20:56+00:00","og_image":[{"url":"http:\/\/juliemaria.files.wordpress.com\/2008\/11\/the_christian_martyrs_last_prayer_by_leon_gerome.jpg"}],"author":"danilo","twitter_card":"summary_large_image","twitter_misc":{"Escrito por":"danilo","Est. tempo de leitura":"2 minutos"},"schema":{"@context":"https:\/\/schema.org","@graph":[{"@type":"Article","@id":"https:\/\/www.oarcanjo.net\/site\/os-primeiros-martires-do-cristianismo\/#article","isPartOf":{"@id":"https:\/\/www.oarcanjo.net\/site\/os-primeiros-martires-do-cristianismo\/"},"author":{"name":"danilo","@id":"https:\/\/www.oarcanjo.net\/site\/#\/schema\/person\/5eb9480bedd2f3c97e430ce128c29c6c"},"headline":"Os primeiros m\u00e1rtires do Cristianismo","datePublished":"2018-06-30T03:51:19+00:00","dateModified":"2018-06-20T21:20:56+00:00","mainEntityOfPage":{"@id":"https:\/\/www.oarcanjo.net\/site\/os-primeiros-martires-do-cristianismo\/"},"wordCount":372,"commentCount":0,"publisher":{"@id":"https:\/\/www.oarcanjo.net\/site\/#organization"},"image":{"@id":"https:\/\/www.oarcanjo.net\/site\/os-primeiros-martires-do-cristianismo\/#primaryimage"},"thumbnailUrl":"http:\/\/juliemaria.files.wordpress.com\/2008\/11\/the_christian_martyrs_last_prayer_by_leon_gerome.jpg","articleSection":["Testemunhos"],"inLanguage":"pt-BR","potentialAction":[{"@type":"CommentAction","name":"Comment","target":["https:\/\/www.oarcanjo.net\/site\/os-primeiros-martires-do-cristianismo\/#respond"]}]},{"@type":"WebPage","@id":"https:\/\/www.oarcanjo.net\/site\/os-primeiros-martires-do-cristianismo\/","url":"https:\/\/www.oarcanjo.net\/site\/os-primeiros-martires-do-cristianismo\/","name":"Os primeiros m\u00e1rtires do Cristianismo - O Arcanjo no ar","isPartOf":{"@id":"https:\/\/www.oarcanjo.net\/site\/#website"},"primaryImageOfPage":{"@id":"https:\/\/www.oarcanjo.net\/site\/os-primeiros-martires-do-cristianismo\/#primaryimage"},"image":{"@id":"https:\/\/www.oarcanjo.net\/site\/os-primeiros-martires-do-cristianismo\/#primaryimage"},"thumbnailUrl":"http:\/\/juliemaria.files.wordpress.com\/2008\/11\/the_christian_martyrs_last_prayer_by_leon_gerome.jpg","datePublished":"2018-06-30T03:51:19+00:00","dateModified":"2018-06-20T21:20:56+00:00","breadcrumb":{"@id":"https:\/\/www.oarcanjo.net\/site\/os-primeiros-martires-do-cristianismo\/#breadcrumb"},"inLanguage":"pt-BR","potentialAction":[{"@type":"ReadAction","target":["https:\/\/www.oarcanjo.net\/site\/os-primeiros-martires-do-cristianismo\/"]}]},{"@type":"ImageObject","inLanguage":"pt-BR","@id":"https:\/\/www.oarcanjo.net\/site\/os-primeiros-martires-do-cristianismo\/#primaryimage","url":"http:\/\/juliemaria.files.wordpress.com\/2008\/11\/the_christian_martyrs_last_prayer_by_leon_gerome.jpg","contentUrl":"http:\/\/juliemaria.files.wordpress.com\/2008\/11\/the_christian_martyrs_last_prayer_by_leon_gerome.jpg"},{"@type":"BreadcrumbList","@id":"https:\/\/www.oarcanjo.net\/site\/os-primeiros-martires-do-cristianismo\/#breadcrumb","itemListElement":[{"@type":"ListItem","position":1,"name":"In\u00edcio","item":"https:\/\/www.oarcanjo.net\/site\/"},{"@type":"ListItem","position":2,"name":"Os primeiros m\u00e1rtires do Cristianismo"}]},{"@type":"WebSite","@id":"https:\/\/www.oarcanjo.net\/site\/#website","url":"https:\/\/www.oarcanjo.net\/site\/","name":"O Arcanjo no ar","description":"Site da Par\u00f3quia S\u00e3o Miguel Arcanjo (Arquidiocese de SP)","publisher":{"@id":"https:\/\/www.oarcanjo.net\/site\/#organization"},"potentialAction":[{"@type":"SearchAction","target":{"@type":"EntryPoint","urlTemplate":"https:\/\/www.oarcanjo.net\/site\/?s={search_term_string}"},"query-input":{"@type":"PropertyValueSpecification","valueRequired":true,"valueName":"search_term_string"}}],"inLanguage":"pt-BR"},{"@type":"Organization","@id":"https:\/\/www.oarcanjo.net\/site\/#organization","name":"Par\u00f3quia S\u00e3o Miguel Arcanjo","url":"https:\/\/www.oarcanjo.net\/site\/","logo":{"@type":"ImageObject","inLanguage":"pt-BR","@id":"https:\/\/www.oarcanjo.net\/site\/#\/schema\/logo\/image\/","url":"https:\/\/www.oarcanjo.net\/site\/wp-content\/uploads\/LogoOArcanjo.png","contentUrl":"https:\/\/www.oarcanjo.net\/site\/wp-content\/uploads\/LogoOArcanjo.png","width":319,"height":99,"caption":"Par\u00f3quia S\u00e3o Miguel Arcanjo"},"image":{"@id":"https:\/\/www.oarcanjo.net\/site\/#\/schema\/logo\/image\/"},"sameAs":["https:\/\/www.facebook.com\/OArcanjoNoAr\/"]},{"@type":"Person","@id":"https:\/\/www.oarcanjo.net\/site\/#\/schema\/person\/5eb9480bedd2f3c97e430ce128c29c6c","name":"danilo"}]}},"publishpress_future_action":{"enabled":false,"date":"2026-05-08 13:16:15","action":"category","newStatus":"draft","terms":[],"taxonomy":"category"},"publishpress_future_workflow_manual_trigger":{"enabledWorkflows":[]},"_links":{"self":[{"href":"https:\/\/www.oarcanjo.net\/site\/wp-json\/wp\/v2\/posts\/9994"}],"collection":[{"href":"https:\/\/www.oarcanjo.net\/site\/wp-json\/wp\/v2\/posts"}],"about":[{"href":"https:\/\/www.oarcanjo.net\/site\/wp-json\/wp\/v2\/types\/post"}],"author":[{"embeddable":true,"href":"https:\/\/www.oarcanjo.net\/site\/wp-json\/wp\/v2\/users\/14"}],"replies":[{"embeddable":true,"href":"https:\/\/www.oarcanjo.net\/site\/wp-json\/wp\/v2\/comments?post=9994"}],"version-history":[{"count":1,"href":"https:\/\/www.oarcanjo.net\/site\/wp-json\/wp\/v2\/posts\/9994\/revisions"}],"predecessor-version":[{"id":88607,"href":"https:\/\/www.oarcanjo.net\/site\/wp-json\/wp\/v2\/posts\/9994\/revisions\/88607"}],"wp:attachment":[{"href":"https:\/\/www.oarcanjo.net\/site\/wp-json\/wp\/v2\/media?parent=9994"}],"wp:term":[{"taxonomy":"category","embeddable":true,"href":"https:\/\/www.oarcanjo.net\/site\/wp-json\/wp\/v2\/categories?post=9994"},{"taxonomy":"post_tag","embeddable":true,"href":"https:\/\/www.oarcanjo.net\/site\/wp-json\/wp\/v2\/tags?post=9994"}],"curies":[{"name":"wp","href":"https:\/\/api.w.org\/{rel}","templated":true}]}}