
{"id":9996,"date":"2018-07-01T00:54:19","date_gmt":"2018-07-01T03:54:19","guid":{"rendered":"http:\/\/www.oarcanjo.net\/site\/?p=9996"},"modified":"2018-06-20T18:20:51","modified_gmt":"2018-06-20T21:20:51","slug":"sao-galo","status":"publish","type":"post","link":"https:\/\/www.oarcanjo.net\/site\/sao-galo\/","title":{"rendered":"S\u00e3o Galo"},"content":{"rendered":"<p><img decoding=\"async\" src=\"http:\/\/www.derradeirasgracas.com\/images\/1.%20O%20Santo%20do%20Dia%20-%20Fotos\/Santos%20de%20Julho%20-%20Fotos\/S%C3%A3o%20Galo%20.gif\" alt=\"\" \/><\/p>\n<p>1 de Julho<\/p>\n<p>Filho de pais nobres e ricos, descendente de fam\u00edlia tradicional da corte da Fran\u00e7a, Galo nasceu no ano 489, na cidade de Clermont, na diocese de Auvergne. Foi tio e professor de outro santo da Igreja, o bispo Greg\u00f3rio de Tours.<\/p>\n<p>Na sua \u00e9poca era costume os pais combinarem os matrim\u00f4nios dos filhos. Por isso ele estava predestinado a casar-se com uma jovem donzela de nobre estirpe.<\/p>\n<p>Mas Galo, desde crian\u00e7a, j\u00e1 havia dedicado sua alma \u00e0 vida espiritual. Para n\u00e3o ter de obedecer \u00e0 tradi\u00e7\u00e3o social, ele fugiu de casa, refugiando-se no convento de Cournou, daquela mesma diocese.<\/p>\n<p>Ap\u00f3s intensas negocia\u00e7\u00f5es, seu pai acabou permitindo que ele ingressasse na comunidade mon\u00e1stica. Foi assim que Galo iniciou uma carreira totalmente voltada para a f\u00e9 e aos atos lit\u00fargicos. Ele era t\u00e3o dedicado \u00e0s cerim\u00f4nias da santa missa que se especializou nos c\u00e2nticos. Contam os escritos que, al\u00e9m do talento para a m\u00fasica, era tamb\u00e9m dotado de uma voz maravilhosa, que encantava e atra\u00eda fi\u00e9is para ouvi-lo cantar no coro do convento.<\/p>\n<p>Mas suas virtudes crist\u00e3s n\u00e3o se limitavam \u00e0s liturgias. Sua atua\u00e7\u00e3o religiosa logo lhe angariou prest\u00edgio e, em pouco tempo, foi designado para atuar na corte de Teodorico, rei da Austr\u00e1sia, atualmente B\u00e9lgica. Em 527, quando morreu o bispo Quinciano, Galo era t\u00e3o querido e respeitado que o povo o elegeu para ocupar o posto.<\/p>\n<p>Se n\u00e3o bastasse sua humildade, piedade e caridade, para atender \u00e0s necessidades do seu rebanho Galo protagonizou v\u00e1rios prod\u00edgios ainda em vida. Um dos mais citados foi ter salvado a cidade de um pavoroso inc\u00eandio que amea\u00e7ava transformar em cinzas todas as constru\u00e7\u00f5es locais. As ora\u00e7\u00f5es de Galo teriam aplacado as chamas, que se apagavam na medida em que ele rezava. Outro muito conhecido foi o que livrou os habitantes de morrerem v\u00edtimas de uma peste que assolava a regi\u00e3o. Diante da b\u00ean\u00e7\u00e3o de Galo, o fiel ficava curado da doen\u00e7a.<\/p>\n<p>Ele morreu em 1o de julho de 554, causando forte como\u00e7\u00e3o na popula\u00e7\u00e3o, que logo come\u00e7ou a invoc\u00e1-lo como santo nas horas de dor e necessidade, antes mesmo de sua canoniza\u00e7\u00e3o ter sido decretada. Com o passar dos s\u00e9culos, s\u00e3o Galo, foi inclu\u00eddo no livro dos santos da Igreja de Roma, cuja festa lit\u00fargica foi mantida no dia da sua morte, como quer a tradi\u00e7\u00e3o crist\u00e3.<\/p>\n<div id=\"themify_builder_content-9996\" data-postid=\"9996\" class=\"themify_builder_content themify_builder_content-9996 themify_builder themify_builder_front\">\n\t<\/div>\n<!-- \/themify_builder_content -->","protected":false},"excerpt":{"rendered":"<p>1 de Julho Filho de pais nobres e ricos, descendente de fam\u00edlia tradicional da corte da Fran\u00e7a, Galo nasceu no ano 489, na cidade de Clermont, na diocese de Auvergne. Foi tio e professor de outro santo da Igreja, o bispo Greg\u00f3rio de Tours. Na sua \u00e9poca era costume os pais combinarem os matrim\u00f4nios dos [&hellip;]<\/p>\n","protected":false},"author":14,"featured_media":0,"comment_status":"open","ping_status":"open","sticky":false,"template":"","format":"standard","meta":{"ngg_post_thumbnail":0,"footnotes":""},"categories":[186],"tags":[],"yoast_head":"<!-- This site is optimized with the Yoast SEO plugin v23.5 - https:\/\/yoast.com\/wordpress\/plugins\/seo\/ -->\n<title>S\u00e3o Galo - O Arcanjo no ar<\/title>\n<meta name=\"robots\" content=\"index, follow, max-snippet:-1, max-image-preview:large, max-video-preview:-1\" \/>\n<link rel=\"canonical\" href=\"https:\/\/www.oarcanjo.net\/site\/sao-galo\/\" \/>\n<meta property=\"og:locale\" content=\"pt_BR\" \/>\n<meta property=\"og:type\" content=\"article\" \/>\n<meta property=\"og:title\" content=\"S\u00e3o Galo - O Arcanjo no ar\" \/>\n<meta property=\"og:description\" content=\"1 de Julho Filho de pais nobres e ricos, descendente de fam\u00edlia tradicional da corte da Fran\u00e7a, Galo nasceu no ano 489, na cidade de Clermont, na diocese de Auvergne. Foi tio e professor de outro santo da Igreja, o bispo Greg\u00f3rio de Tours. Na sua \u00e9poca era costume os pais combinarem os matrim\u00f4nios dos [&hellip;]\" \/>\n<meta property=\"og:url\" content=\"https:\/\/www.oarcanjo.net\/site\/sao-galo\/\" \/>\n<meta property=\"og:site_name\" content=\"O Arcanjo no ar\" \/>\n<meta property=\"article:publisher\" content=\"https:\/\/www.facebook.com\/OArcanjoNoAr\/\" \/>\n<meta property=\"article:published_time\" content=\"2018-07-01T03:54:19+00:00\" \/>\n<meta property=\"article:modified_time\" content=\"2018-06-20T21:20:51+00:00\" \/>\n<meta property=\"og:image\" content=\"http:\/\/www.derradeirasgracas.com\/images\/1.%20O%20Santo%20do%20Dia%20-%20Fotos\/Santos%20de%20Julho%20-%20Fotos\/S%C3%A3o%20Galo%20.gif\" \/>\n<meta name=\"author\" content=\"danilo\" \/>\n<meta name=\"twitter:card\" content=\"summary_large_image\" \/>\n<meta name=\"twitter:label1\" content=\"Escrito por\" \/>\n\t<meta name=\"twitter:data1\" content=\"danilo\" \/>\n\t<meta name=\"twitter:label2\" content=\"Est. tempo de leitura\" \/>\n\t<meta name=\"twitter:data2\" content=\"2 minutos\" \/>\n<script type=\"application\/ld+json\" class=\"yoast-schema-graph\">{\"@context\":\"https:\/\/schema.org\",\"@graph\":[{\"@type\":\"Article\",\"@id\":\"https:\/\/www.oarcanjo.net\/site\/sao-galo\/#article\",\"isPartOf\":{\"@id\":\"https:\/\/www.oarcanjo.net\/site\/sao-galo\/\"},\"author\":{\"name\":\"danilo\",\"@id\":\"https:\/\/www.oarcanjo.net\/site\/#\/schema\/person\/5eb9480bedd2f3c97e430ce128c29c6c\"},\"headline\":\"S\u00e3o Galo\",\"datePublished\":\"2018-07-01T03:54:19+00:00\",\"dateModified\":\"2018-06-20T21:20:51+00:00\",\"mainEntityOfPage\":{\"@id\":\"https:\/\/www.oarcanjo.net\/site\/sao-galo\/\"},\"wordCount\":431,\"commentCount\":0,\"publisher\":{\"@id\":\"https:\/\/www.oarcanjo.net\/site\/#organization\"},\"image\":{\"@id\":\"https:\/\/www.oarcanjo.net\/site\/sao-galo\/#primaryimage\"},\"thumbnailUrl\":\"http:\/\/www.derradeirasgracas.com\/images\/1.%20O%20Santo%20do%20Dia%20-%20Fotos\/Santos%20de%20Julho%20-%20Fotos\/S%C3%A3o%20Galo%20.gif\",\"articleSection\":[\"Testemunhos\"],\"inLanguage\":\"pt-BR\",\"potentialAction\":[{\"@type\":\"CommentAction\",\"name\":\"Comment\",\"target\":[\"https:\/\/www.oarcanjo.net\/site\/sao-galo\/#respond\"]}]},{\"@type\":\"WebPage\",\"@id\":\"https:\/\/www.oarcanjo.net\/site\/sao-galo\/\",\"url\":\"https:\/\/www.oarcanjo.net\/site\/sao-galo\/\",\"name\":\"S\u00e3o Galo - O Arcanjo no ar\",\"isPartOf\":{\"@id\":\"https:\/\/www.oarcanjo.net\/site\/#website\"},\"primaryImageOfPage\":{\"@id\":\"https:\/\/www.oarcanjo.net\/site\/sao-galo\/#primaryimage\"},\"image\":{\"@id\":\"https:\/\/www.oarcanjo.net\/site\/sao-galo\/#primaryimage\"},\"thumbnailUrl\":\"http:\/\/www.derradeirasgracas.com\/images\/1.%20O%20Santo%20do%20Dia%20-%20Fotos\/Santos%20de%20Julho%20-%20Fotos\/S%C3%A3o%20Galo%20.gif\",\"datePublished\":\"2018-07-01T03:54:19+00:00\",\"dateModified\":\"2018-06-20T21:20:51+00:00\",\"breadcrumb\":{\"@id\":\"https:\/\/www.oarcanjo.net\/site\/sao-galo\/#breadcrumb\"},\"inLanguage\":\"pt-BR\",\"potentialAction\":[{\"@type\":\"ReadAction\",\"target\":[\"https:\/\/www.oarcanjo.net\/site\/sao-galo\/\"]}]},{\"@type\":\"ImageObject\",\"inLanguage\":\"pt-BR\",\"@id\":\"https:\/\/www.oarcanjo.net\/site\/sao-galo\/#primaryimage\",\"url\":\"http:\/\/www.derradeirasgracas.com\/images\/1.%20O%20Santo%20do%20Dia%20-%20Fotos\/Santos%20de%20Julho%20-%20Fotos\/S%C3%A3o%20Galo%20.gif\",\"contentUrl\":\"http:\/\/www.derradeirasgracas.com\/images\/1.%20O%20Santo%20do%20Dia%20-%20Fotos\/Santos%20de%20Julho%20-%20Fotos\/S%C3%A3o%20Galo%20.gif\"},{\"@type\":\"BreadcrumbList\",\"@id\":\"https:\/\/www.oarcanjo.net\/site\/sao-galo\/#breadcrumb\",\"itemListElement\":[{\"@type\":\"ListItem\",\"position\":1,\"name\":\"In\u00edcio\",\"item\":\"https:\/\/www.oarcanjo.net\/site\/\"},{\"@type\":\"ListItem\",\"position\":2,\"name\":\"S\u00e3o Galo\"}]},{\"@type\":\"WebSite\",\"@id\":\"https:\/\/www.oarcanjo.net\/site\/#website\",\"url\":\"https:\/\/www.oarcanjo.net\/site\/\",\"name\":\"O Arcanjo no ar\",\"description\":\"Site da Par\u00f3quia S\u00e3o Miguel Arcanjo (Arquidiocese de SP)\",\"publisher\":{\"@id\":\"https:\/\/www.oarcanjo.net\/site\/#organization\"},\"potentialAction\":[{\"@type\":\"SearchAction\",\"target\":{\"@type\":\"EntryPoint\",\"urlTemplate\":\"https:\/\/www.oarcanjo.net\/site\/?s={search_term_string}\"},\"query-input\":{\"@type\":\"PropertyValueSpecification\",\"valueRequired\":true,\"valueName\":\"search_term_string\"}}],\"inLanguage\":\"pt-BR\"},{\"@type\":\"Organization\",\"@id\":\"https:\/\/www.oarcanjo.net\/site\/#organization\",\"name\":\"Par\u00f3quia S\u00e3o Miguel Arcanjo\",\"url\":\"https:\/\/www.oarcanjo.net\/site\/\",\"logo\":{\"@type\":\"ImageObject\",\"inLanguage\":\"pt-BR\",\"@id\":\"https:\/\/www.oarcanjo.net\/site\/#\/schema\/logo\/image\/\",\"url\":\"https:\/\/www.oarcanjo.net\/site\/wp-content\/uploads\/LogoOArcanjo.png\",\"contentUrl\":\"https:\/\/www.oarcanjo.net\/site\/wp-content\/uploads\/LogoOArcanjo.png\",\"width\":319,\"height\":99,\"caption\":\"Par\u00f3quia S\u00e3o Miguel Arcanjo\"},\"image\":{\"@id\":\"https:\/\/www.oarcanjo.net\/site\/#\/schema\/logo\/image\/\"},\"sameAs\":[\"https:\/\/www.facebook.com\/OArcanjoNoAr\/\"]},{\"@type\":\"Person\",\"@id\":\"https:\/\/www.oarcanjo.net\/site\/#\/schema\/person\/5eb9480bedd2f3c97e430ce128c29c6c\",\"name\":\"danilo\"}]}<\/script>\n<!-- \/ Yoast SEO plugin. -->","yoast_head_json":{"title":"S\u00e3o Galo - O Arcanjo no ar","robots":{"index":"index","follow":"follow","max-snippet":"max-snippet:-1","max-image-preview":"max-image-preview:large","max-video-preview":"max-video-preview:-1"},"canonical":"https:\/\/www.oarcanjo.net\/site\/sao-galo\/","og_locale":"pt_BR","og_type":"article","og_title":"S\u00e3o Galo - O Arcanjo no ar","og_description":"1 de Julho Filho de pais nobres e ricos, descendente de fam\u00edlia tradicional da corte da Fran\u00e7a, Galo nasceu no ano 489, na cidade de Clermont, na diocese de Auvergne. Foi tio e professor de outro santo da Igreja, o bispo Greg\u00f3rio de Tours. Na sua \u00e9poca era costume os pais combinarem os matrim\u00f4nios dos [&hellip;]","og_url":"https:\/\/www.oarcanjo.net\/site\/sao-galo\/","og_site_name":"O Arcanjo no ar","article_publisher":"https:\/\/www.facebook.com\/OArcanjoNoAr\/","article_published_time":"2018-07-01T03:54:19+00:00","article_modified_time":"2018-06-20T21:20:51+00:00","og_image":[{"url":"http:\/\/www.derradeirasgracas.com\/images\/1.%20O%20Santo%20do%20Dia%20-%20Fotos\/Santos%20de%20Julho%20-%20Fotos\/S%C3%A3o%20Galo%20.gif"}],"author":"danilo","twitter_card":"summary_large_image","twitter_misc":{"Escrito por":"danilo","Est. tempo de leitura":"2 minutos"},"schema":{"@context":"https:\/\/schema.org","@graph":[{"@type":"Article","@id":"https:\/\/www.oarcanjo.net\/site\/sao-galo\/#article","isPartOf":{"@id":"https:\/\/www.oarcanjo.net\/site\/sao-galo\/"},"author":{"name":"danilo","@id":"https:\/\/www.oarcanjo.net\/site\/#\/schema\/person\/5eb9480bedd2f3c97e430ce128c29c6c"},"headline":"S\u00e3o Galo","datePublished":"2018-07-01T03:54:19+00:00","dateModified":"2018-06-20T21:20:51+00:00","mainEntityOfPage":{"@id":"https:\/\/www.oarcanjo.net\/site\/sao-galo\/"},"wordCount":431,"commentCount":0,"publisher":{"@id":"https:\/\/www.oarcanjo.net\/site\/#organization"},"image":{"@id":"https:\/\/www.oarcanjo.net\/site\/sao-galo\/#primaryimage"},"thumbnailUrl":"http:\/\/www.derradeirasgracas.com\/images\/1.%20O%20Santo%20do%20Dia%20-%20Fotos\/Santos%20de%20Julho%20-%20Fotos\/S%C3%A3o%20Galo%20.gif","articleSection":["Testemunhos"],"inLanguage":"pt-BR","potentialAction":[{"@type":"CommentAction","name":"Comment","target":["https:\/\/www.oarcanjo.net\/site\/sao-galo\/#respond"]}]},{"@type":"WebPage","@id":"https:\/\/www.oarcanjo.net\/site\/sao-galo\/","url":"https:\/\/www.oarcanjo.net\/site\/sao-galo\/","name":"S\u00e3o Galo - O Arcanjo no ar","isPartOf":{"@id":"https:\/\/www.oarcanjo.net\/site\/#website"},"primaryImageOfPage":{"@id":"https:\/\/www.oarcanjo.net\/site\/sao-galo\/#primaryimage"},"image":{"@id":"https:\/\/www.oarcanjo.net\/site\/sao-galo\/#primaryimage"},"thumbnailUrl":"http:\/\/www.derradeirasgracas.com\/images\/1.%20O%20Santo%20do%20Dia%20-%20Fotos\/Santos%20de%20Julho%20-%20Fotos\/S%C3%A3o%20Galo%20.gif","datePublished":"2018-07-01T03:54:19+00:00","dateModified":"2018-06-20T21:20:51+00:00","breadcrumb":{"@id":"https:\/\/www.oarcanjo.net\/site\/sao-galo\/#breadcrumb"},"inLanguage":"pt-BR","potentialAction":[{"@type":"ReadAction","target":["https:\/\/www.oarcanjo.net\/site\/sao-galo\/"]}]},{"@type":"ImageObject","inLanguage":"pt-BR","@id":"https:\/\/www.oarcanjo.net\/site\/sao-galo\/#primaryimage","url":"http:\/\/www.derradeirasgracas.com\/images\/1.%20O%20Santo%20do%20Dia%20-%20Fotos\/Santos%20de%20Julho%20-%20Fotos\/S%C3%A3o%20Galo%20.gif","contentUrl":"http:\/\/www.derradeirasgracas.com\/images\/1.%20O%20Santo%20do%20Dia%20-%20Fotos\/Santos%20de%20Julho%20-%20Fotos\/S%C3%A3o%20Galo%20.gif"},{"@type":"BreadcrumbList","@id":"https:\/\/www.oarcanjo.net\/site\/sao-galo\/#breadcrumb","itemListElement":[{"@type":"ListItem","position":1,"name":"In\u00edcio","item":"https:\/\/www.oarcanjo.net\/site\/"},{"@type":"ListItem","position":2,"name":"S\u00e3o Galo"}]},{"@type":"WebSite","@id":"https:\/\/www.oarcanjo.net\/site\/#website","url":"https:\/\/www.oarcanjo.net\/site\/","name":"O Arcanjo no ar","description":"Site da Par\u00f3quia S\u00e3o Miguel Arcanjo (Arquidiocese de SP)","publisher":{"@id":"https:\/\/www.oarcanjo.net\/site\/#organization"},"potentialAction":[{"@type":"SearchAction","target":{"@type":"EntryPoint","urlTemplate":"https:\/\/www.oarcanjo.net\/site\/?s={search_term_string}"},"query-input":{"@type":"PropertyValueSpecification","valueRequired":true,"valueName":"search_term_string"}}],"inLanguage":"pt-BR"},{"@type":"Organization","@id":"https:\/\/www.oarcanjo.net\/site\/#organization","name":"Par\u00f3quia S\u00e3o Miguel Arcanjo","url":"https:\/\/www.oarcanjo.net\/site\/","logo":{"@type":"ImageObject","inLanguage":"pt-BR","@id":"https:\/\/www.oarcanjo.net\/site\/#\/schema\/logo\/image\/","url":"https:\/\/www.oarcanjo.net\/site\/wp-content\/uploads\/LogoOArcanjo.png","contentUrl":"https:\/\/www.oarcanjo.net\/site\/wp-content\/uploads\/LogoOArcanjo.png","width":319,"height":99,"caption":"Par\u00f3quia S\u00e3o Miguel Arcanjo"},"image":{"@id":"https:\/\/www.oarcanjo.net\/site\/#\/schema\/logo\/image\/"},"sameAs":["https:\/\/www.facebook.com\/OArcanjoNoAr\/"]},{"@type":"Person","@id":"https:\/\/www.oarcanjo.net\/site\/#\/schema\/person\/5eb9480bedd2f3c97e430ce128c29c6c","name":"danilo"}]}},"publishpress_future_action":{"enabled":false,"date":"2026-05-08 12:32:35","action":"category","newStatus":"draft","terms":[],"taxonomy":"category"},"publishpress_future_workflow_manual_trigger":{"enabledWorkflows":[]},"_links":{"self":[{"href":"https:\/\/www.oarcanjo.net\/site\/wp-json\/wp\/v2\/posts\/9996"}],"collection":[{"href":"https:\/\/www.oarcanjo.net\/site\/wp-json\/wp\/v2\/posts"}],"about":[{"href":"https:\/\/www.oarcanjo.net\/site\/wp-json\/wp\/v2\/types\/post"}],"author":[{"embeddable":true,"href":"https:\/\/www.oarcanjo.net\/site\/wp-json\/wp\/v2\/users\/14"}],"replies":[{"embeddable":true,"href":"https:\/\/www.oarcanjo.net\/site\/wp-json\/wp\/v2\/comments?post=9996"}],"version-history":[{"count":1,"href":"https:\/\/www.oarcanjo.net\/site\/wp-json\/wp\/v2\/posts\/9996\/revisions"}],"predecessor-version":[{"id":88606,"href":"https:\/\/www.oarcanjo.net\/site\/wp-json\/wp\/v2\/posts\/9996\/revisions\/88606"}],"wp:attachment":[{"href":"https:\/\/www.oarcanjo.net\/site\/wp-json\/wp\/v2\/media?parent=9996"}],"wp:term":[{"taxonomy":"category","embeddable":true,"href":"https:\/\/www.oarcanjo.net\/site\/wp-json\/wp\/v2\/categories?post=9996"},{"taxonomy":"post_tag","embeddable":true,"href":"https:\/\/www.oarcanjo.net\/site\/wp-json\/wp\/v2\/tags?post=9996"}],"curies":[{"name":"wp","href":"https:\/\/api.w.org\/{rel}","templated":true}]}}