
{"id":9998,"date":"2018-07-01T00:55:35","date_gmt":"2018-07-01T03:55:35","guid":{"rendered":"http:\/\/www.oarcanjo.net\/site\/?p=9998"},"modified":"2018-06-20T18:20:46","modified_gmt":"2018-06-20T21:20:46","slug":"santo-oliver-plunkett","status":"publish","type":"post","link":"https:\/\/www.oarcanjo.net\/site\/santo-oliver-plunkett\/","title":{"rendered":"Santo Oliver Plunkett"},"content":{"rendered":"<p><img decoding=\"async\" src=\"http:\/\/www.derradeirasgracas.com\/images\/1.%20O%20Santo%20do%20Dia%20-%20Fotos\/Santos%20de%20Julho%20-%20Fotos\/Santo%20Oliver%20Plunkett.gif\" alt=\"\" \/><\/p>\n<p>1 de Julho<\/p>\n<p>Oliver Plunkett, irland\u00eas, nasceu no ano de 1625, em Loughcrew, numa fam\u00edlia de nobres. Ele queria ser padre, mas para realizar sua voca\u00e7\u00e3o estudou particularmente e na clandestinidade. Devido \u00e0 persegui\u00e7\u00e3o religiosa empreendida contra os cat\u00f3licos, seus pais o enviaram para completar o semin\u00e1rio em Roma, onde recebeu a ordena\u00e7\u00e3o em 1654.<\/p>\n<p>A ilha irlandesa pertence \u00e0 Coroa inglesa e possu\u00eda maioria cat\u00f3lica. Mas como havia rompido com a Igreja de Roma, o ex\u00e9rcito real ingl\u00eas, liderado por Cromwel, assumiu o poder para conseguir a unifica\u00e7\u00e3o pol\u00edtica da Inglaterra, Esc\u00f3cia e Irlanda. Obcecado pelo projeto, mandara at\u00e9 mesmo assassinar o rei Carlos I. E na Irlanda n\u00e3o fez por menos, todos os religiosos, sem exce\u00e7\u00e3o, foram mortos, al\u00e9m de leigos, militares e pol\u00edticos; enfim, todos os que fossem cat\u00f3licos. Por isso o ent\u00e3o padre Plunkett ficou em Roma exercendo o minist\u00e9rio como professor de teologia.<\/p>\n<p>Em 1669, o bispo da Irlanda, que estava exilado na It\u00e1lia, morreu. Para suced\u00ea-lo, o papa Clemente IX consagrou o padre Oliver Plunkett, que retornou para a Irlanda viajando como clandestino. Dotado de carisma, diplomacia, intelig\u00eancia, serenidade e de uma f\u00e9 inabal\u00e1vel, assumiu o seu rebanho com o intuito de reanimar-lhes a f\u00e9. Junto \u00e0s autoridades ele conseguiu amenizar os rigores impostos aos cat\u00f3licos.<\/p>\n<p>Por\u00e9m Titus Oates, que fora anglicano e depois conseguiu tornar-se jesu\u00edta, ingressando num col\u00e9gio espanhol, traiu a Igreja romana. Ele, para usufruir os benef\u00edcios da Coroa inglesa, apresentou uma lista de eclesi\u00e1sticos e leigos afirmando que tentariam depor o rei Carlos II. Nessa rela\u00e7\u00e3o estava o bispo Plunkett, que foi condenado \u00e0 morte por decapita\u00e7\u00e3o p\u00fablica.<\/p>\n<p>A execu\u00e7\u00e3o ocorreu em Londres, no dia 1o de julho de 1681. Antes, por\u00e9m, ele fez um discurso digno de um santo e m\u00e1rtir. Segundo registros da \u00e9poca, o seu hero\u00edsmo na hora do mart\u00edrio, somado ao seu discurso, contribuiu para a gl\u00f3ria da Igreja de Roma mais do que muitos anos do mais edificante apostolado.<\/p>\n<p>O seu culto foi confirmado no dia 1o de julho ao ser beatificado em 1920. Canonizado pelo papa Paulo VI em 1975, santo Oliver Plunkett possui duas sepulturas. O seu corpo esta na Abadia de Downside, em Londres, enquanto sua cabe\u00e7a esta na Abadia de Drogheda, na Irlanda. Ele foi o \u00faltimo cat\u00f3lico condenado \u00e0 morte na Inglaterra em raz\u00e3o de sua f\u00e9.<\/p>\n<div id=\"themify_builder_content-9998\" data-postid=\"9998\" class=\"themify_builder_content themify_builder_content-9998 themify_builder themify_builder_front\">\n\t<\/div>\n<!-- \/themify_builder_content -->","protected":false},"excerpt":{"rendered":"<p>1 de Julho Oliver Plunkett, irland\u00eas, nasceu no ano de 1625, em Loughcrew, numa fam\u00edlia de nobres. Ele queria ser padre, mas para realizar sua voca\u00e7\u00e3o estudou particularmente e na clandestinidade. Devido \u00e0 persegui\u00e7\u00e3o religiosa empreendida contra os cat\u00f3licos, seus pais o enviaram para completar o semin\u00e1rio em Roma, onde recebeu a ordena\u00e7\u00e3o em 1654. [&hellip;]<\/p>\n","protected":false},"author":14,"featured_media":0,"comment_status":"open","ping_status":"open","sticky":false,"template":"","format":"standard","meta":{"ngg_post_thumbnail":0,"footnotes":""},"categories":[186],"tags":[],"yoast_head":"<!-- This site is optimized with the Yoast SEO plugin v23.5 - https:\/\/yoast.com\/wordpress\/plugins\/seo\/ -->\n<title>Santo Oliver Plunkett - O Arcanjo no ar<\/title>\n<meta name=\"robots\" content=\"index, follow, max-snippet:-1, max-image-preview:large, max-video-preview:-1\" \/>\n<link rel=\"canonical\" href=\"https:\/\/www.oarcanjo.net\/site\/santo-oliver-plunkett\/\" \/>\n<meta property=\"og:locale\" content=\"pt_BR\" \/>\n<meta property=\"og:type\" content=\"article\" \/>\n<meta property=\"og:title\" content=\"Santo Oliver Plunkett - O Arcanjo no ar\" \/>\n<meta property=\"og:description\" content=\"1 de Julho Oliver Plunkett, irland\u00eas, nasceu no ano de 1625, em Loughcrew, numa fam\u00edlia de nobres. Ele queria ser padre, mas para realizar sua voca\u00e7\u00e3o estudou particularmente e na clandestinidade. Devido \u00e0 persegui\u00e7\u00e3o religiosa empreendida contra os cat\u00f3licos, seus pais o enviaram para completar o semin\u00e1rio em Roma, onde recebeu a ordena\u00e7\u00e3o em 1654. [&hellip;]\" \/>\n<meta property=\"og:url\" content=\"https:\/\/www.oarcanjo.net\/site\/santo-oliver-plunkett\/\" \/>\n<meta property=\"og:site_name\" content=\"O Arcanjo no ar\" \/>\n<meta property=\"article:publisher\" content=\"https:\/\/www.facebook.com\/OArcanjoNoAr\/\" \/>\n<meta property=\"article:published_time\" content=\"2018-07-01T03:55:35+00:00\" \/>\n<meta property=\"article:modified_time\" content=\"2018-06-20T21:20:46+00:00\" \/>\n<meta property=\"og:image\" content=\"http:\/\/www.derradeirasgracas.com\/images\/1.%20O%20Santo%20do%20Dia%20-%20Fotos\/Santos%20de%20Julho%20-%20Fotos\/Santo%20Oliver%20Plunkett.gif\" \/>\n<meta name=\"author\" content=\"danilo\" \/>\n<meta name=\"twitter:card\" content=\"summary_large_image\" \/>\n<meta name=\"twitter:label1\" content=\"Escrito por\" \/>\n\t<meta name=\"twitter:data1\" content=\"danilo\" \/>\n\t<meta name=\"twitter:label2\" content=\"Est. tempo de leitura\" \/>\n\t<meta name=\"twitter:data2\" content=\"2 minutos\" \/>\n<script type=\"application\/ld+json\" class=\"yoast-schema-graph\">{\"@context\":\"https:\/\/schema.org\",\"@graph\":[{\"@type\":\"Article\",\"@id\":\"https:\/\/www.oarcanjo.net\/site\/santo-oliver-plunkett\/#article\",\"isPartOf\":{\"@id\":\"https:\/\/www.oarcanjo.net\/site\/santo-oliver-plunkett\/\"},\"author\":{\"name\":\"danilo\",\"@id\":\"https:\/\/www.oarcanjo.net\/site\/#\/schema\/person\/5eb9480bedd2f3c97e430ce128c29c6c\"},\"headline\":\"Santo Oliver Plunkett\",\"datePublished\":\"2018-07-01T03:55:35+00:00\",\"dateModified\":\"2018-06-20T21:20:46+00:00\",\"mainEntityOfPage\":{\"@id\":\"https:\/\/www.oarcanjo.net\/site\/santo-oliver-plunkett\/\"},\"wordCount\":422,\"commentCount\":0,\"publisher\":{\"@id\":\"https:\/\/www.oarcanjo.net\/site\/#organization\"},\"image\":{\"@id\":\"https:\/\/www.oarcanjo.net\/site\/santo-oliver-plunkett\/#primaryimage\"},\"thumbnailUrl\":\"http:\/\/www.derradeirasgracas.com\/images\/1.%20O%20Santo%20do%20Dia%20-%20Fotos\/Santos%20de%20Julho%20-%20Fotos\/Santo%20Oliver%20Plunkett.gif\",\"articleSection\":[\"Testemunhos\"],\"inLanguage\":\"pt-BR\",\"potentialAction\":[{\"@type\":\"CommentAction\",\"name\":\"Comment\",\"target\":[\"https:\/\/www.oarcanjo.net\/site\/santo-oliver-plunkett\/#respond\"]}]},{\"@type\":\"WebPage\",\"@id\":\"https:\/\/www.oarcanjo.net\/site\/santo-oliver-plunkett\/\",\"url\":\"https:\/\/www.oarcanjo.net\/site\/santo-oliver-plunkett\/\",\"name\":\"Santo Oliver Plunkett - O Arcanjo no ar\",\"isPartOf\":{\"@id\":\"https:\/\/www.oarcanjo.net\/site\/#website\"},\"primaryImageOfPage\":{\"@id\":\"https:\/\/www.oarcanjo.net\/site\/santo-oliver-plunkett\/#primaryimage\"},\"image\":{\"@id\":\"https:\/\/www.oarcanjo.net\/site\/santo-oliver-plunkett\/#primaryimage\"},\"thumbnailUrl\":\"http:\/\/www.derradeirasgracas.com\/images\/1.%20O%20Santo%20do%20Dia%20-%20Fotos\/Santos%20de%20Julho%20-%20Fotos\/Santo%20Oliver%20Plunkett.gif\",\"datePublished\":\"2018-07-01T03:55:35+00:00\",\"dateModified\":\"2018-06-20T21:20:46+00:00\",\"breadcrumb\":{\"@id\":\"https:\/\/www.oarcanjo.net\/site\/santo-oliver-plunkett\/#breadcrumb\"},\"inLanguage\":\"pt-BR\",\"potentialAction\":[{\"@type\":\"ReadAction\",\"target\":[\"https:\/\/www.oarcanjo.net\/site\/santo-oliver-plunkett\/\"]}]},{\"@type\":\"ImageObject\",\"inLanguage\":\"pt-BR\",\"@id\":\"https:\/\/www.oarcanjo.net\/site\/santo-oliver-plunkett\/#primaryimage\",\"url\":\"http:\/\/www.derradeirasgracas.com\/images\/1.%20O%20Santo%20do%20Dia%20-%20Fotos\/Santos%20de%20Julho%20-%20Fotos\/Santo%20Oliver%20Plunkett.gif\",\"contentUrl\":\"http:\/\/www.derradeirasgracas.com\/images\/1.%20O%20Santo%20do%20Dia%20-%20Fotos\/Santos%20de%20Julho%20-%20Fotos\/Santo%20Oliver%20Plunkett.gif\"},{\"@type\":\"BreadcrumbList\",\"@id\":\"https:\/\/www.oarcanjo.net\/site\/santo-oliver-plunkett\/#breadcrumb\",\"itemListElement\":[{\"@type\":\"ListItem\",\"position\":1,\"name\":\"In\u00edcio\",\"item\":\"https:\/\/www.oarcanjo.net\/site\/\"},{\"@type\":\"ListItem\",\"position\":2,\"name\":\"Santo Oliver Plunkett\"}]},{\"@type\":\"WebSite\",\"@id\":\"https:\/\/www.oarcanjo.net\/site\/#website\",\"url\":\"https:\/\/www.oarcanjo.net\/site\/\",\"name\":\"O Arcanjo no ar\",\"description\":\"Site da Par\u00f3quia S\u00e3o Miguel Arcanjo (Arquidiocese de SP)\",\"publisher\":{\"@id\":\"https:\/\/www.oarcanjo.net\/site\/#organization\"},\"potentialAction\":[{\"@type\":\"SearchAction\",\"target\":{\"@type\":\"EntryPoint\",\"urlTemplate\":\"https:\/\/www.oarcanjo.net\/site\/?s={search_term_string}\"},\"query-input\":{\"@type\":\"PropertyValueSpecification\",\"valueRequired\":true,\"valueName\":\"search_term_string\"}}],\"inLanguage\":\"pt-BR\"},{\"@type\":\"Organization\",\"@id\":\"https:\/\/www.oarcanjo.net\/site\/#organization\",\"name\":\"Par\u00f3quia S\u00e3o Miguel Arcanjo\",\"url\":\"https:\/\/www.oarcanjo.net\/site\/\",\"logo\":{\"@type\":\"ImageObject\",\"inLanguage\":\"pt-BR\",\"@id\":\"https:\/\/www.oarcanjo.net\/site\/#\/schema\/logo\/image\/\",\"url\":\"https:\/\/www.oarcanjo.net\/site\/wp-content\/uploads\/LogoOArcanjo.png\",\"contentUrl\":\"https:\/\/www.oarcanjo.net\/site\/wp-content\/uploads\/LogoOArcanjo.png\",\"width\":319,\"height\":99,\"caption\":\"Par\u00f3quia S\u00e3o Miguel Arcanjo\"},\"image\":{\"@id\":\"https:\/\/www.oarcanjo.net\/site\/#\/schema\/logo\/image\/\"},\"sameAs\":[\"https:\/\/www.facebook.com\/OArcanjoNoAr\/\"]},{\"@type\":\"Person\",\"@id\":\"https:\/\/www.oarcanjo.net\/site\/#\/schema\/person\/5eb9480bedd2f3c97e430ce128c29c6c\",\"name\":\"danilo\"}]}<\/script>\n<!-- \/ Yoast SEO plugin. -->","yoast_head_json":{"title":"Santo Oliver Plunkett - O Arcanjo no ar","robots":{"index":"index","follow":"follow","max-snippet":"max-snippet:-1","max-image-preview":"max-image-preview:large","max-video-preview":"max-video-preview:-1"},"canonical":"https:\/\/www.oarcanjo.net\/site\/santo-oliver-plunkett\/","og_locale":"pt_BR","og_type":"article","og_title":"Santo Oliver Plunkett - O Arcanjo no ar","og_description":"1 de Julho Oliver Plunkett, irland\u00eas, nasceu no ano de 1625, em Loughcrew, numa fam\u00edlia de nobres. Ele queria ser padre, mas para realizar sua voca\u00e7\u00e3o estudou particularmente e na clandestinidade. Devido \u00e0 persegui\u00e7\u00e3o religiosa empreendida contra os cat\u00f3licos, seus pais o enviaram para completar o semin\u00e1rio em Roma, onde recebeu a ordena\u00e7\u00e3o em 1654. [&hellip;]","og_url":"https:\/\/www.oarcanjo.net\/site\/santo-oliver-plunkett\/","og_site_name":"O Arcanjo no ar","article_publisher":"https:\/\/www.facebook.com\/OArcanjoNoAr\/","article_published_time":"2018-07-01T03:55:35+00:00","article_modified_time":"2018-06-20T21:20:46+00:00","og_image":[{"url":"http:\/\/www.derradeirasgracas.com\/images\/1.%20O%20Santo%20do%20Dia%20-%20Fotos\/Santos%20de%20Julho%20-%20Fotos\/Santo%20Oliver%20Plunkett.gif"}],"author":"danilo","twitter_card":"summary_large_image","twitter_misc":{"Escrito por":"danilo","Est. tempo de leitura":"2 minutos"},"schema":{"@context":"https:\/\/schema.org","@graph":[{"@type":"Article","@id":"https:\/\/www.oarcanjo.net\/site\/santo-oliver-plunkett\/#article","isPartOf":{"@id":"https:\/\/www.oarcanjo.net\/site\/santo-oliver-plunkett\/"},"author":{"name":"danilo","@id":"https:\/\/www.oarcanjo.net\/site\/#\/schema\/person\/5eb9480bedd2f3c97e430ce128c29c6c"},"headline":"Santo Oliver Plunkett","datePublished":"2018-07-01T03:55:35+00:00","dateModified":"2018-06-20T21:20:46+00:00","mainEntityOfPage":{"@id":"https:\/\/www.oarcanjo.net\/site\/santo-oliver-plunkett\/"},"wordCount":422,"commentCount":0,"publisher":{"@id":"https:\/\/www.oarcanjo.net\/site\/#organization"},"image":{"@id":"https:\/\/www.oarcanjo.net\/site\/santo-oliver-plunkett\/#primaryimage"},"thumbnailUrl":"http:\/\/www.derradeirasgracas.com\/images\/1.%20O%20Santo%20do%20Dia%20-%20Fotos\/Santos%20de%20Julho%20-%20Fotos\/Santo%20Oliver%20Plunkett.gif","articleSection":["Testemunhos"],"inLanguage":"pt-BR","potentialAction":[{"@type":"CommentAction","name":"Comment","target":["https:\/\/www.oarcanjo.net\/site\/santo-oliver-plunkett\/#respond"]}]},{"@type":"WebPage","@id":"https:\/\/www.oarcanjo.net\/site\/santo-oliver-plunkett\/","url":"https:\/\/www.oarcanjo.net\/site\/santo-oliver-plunkett\/","name":"Santo Oliver Plunkett - O Arcanjo no ar","isPartOf":{"@id":"https:\/\/www.oarcanjo.net\/site\/#website"},"primaryImageOfPage":{"@id":"https:\/\/www.oarcanjo.net\/site\/santo-oliver-plunkett\/#primaryimage"},"image":{"@id":"https:\/\/www.oarcanjo.net\/site\/santo-oliver-plunkett\/#primaryimage"},"thumbnailUrl":"http:\/\/www.derradeirasgracas.com\/images\/1.%20O%20Santo%20do%20Dia%20-%20Fotos\/Santos%20de%20Julho%20-%20Fotos\/Santo%20Oliver%20Plunkett.gif","datePublished":"2018-07-01T03:55:35+00:00","dateModified":"2018-06-20T21:20:46+00:00","breadcrumb":{"@id":"https:\/\/www.oarcanjo.net\/site\/santo-oliver-plunkett\/#breadcrumb"},"inLanguage":"pt-BR","potentialAction":[{"@type":"ReadAction","target":["https:\/\/www.oarcanjo.net\/site\/santo-oliver-plunkett\/"]}]},{"@type":"ImageObject","inLanguage":"pt-BR","@id":"https:\/\/www.oarcanjo.net\/site\/santo-oliver-plunkett\/#primaryimage","url":"http:\/\/www.derradeirasgracas.com\/images\/1.%20O%20Santo%20do%20Dia%20-%20Fotos\/Santos%20de%20Julho%20-%20Fotos\/Santo%20Oliver%20Plunkett.gif","contentUrl":"http:\/\/www.derradeirasgracas.com\/images\/1.%20O%20Santo%20do%20Dia%20-%20Fotos\/Santos%20de%20Julho%20-%20Fotos\/Santo%20Oliver%20Plunkett.gif"},{"@type":"BreadcrumbList","@id":"https:\/\/www.oarcanjo.net\/site\/santo-oliver-plunkett\/#breadcrumb","itemListElement":[{"@type":"ListItem","position":1,"name":"In\u00edcio","item":"https:\/\/www.oarcanjo.net\/site\/"},{"@type":"ListItem","position":2,"name":"Santo Oliver Plunkett"}]},{"@type":"WebSite","@id":"https:\/\/www.oarcanjo.net\/site\/#website","url":"https:\/\/www.oarcanjo.net\/site\/","name":"O Arcanjo no ar","description":"Site da Par\u00f3quia S\u00e3o Miguel Arcanjo (Arquidiocese de SP)","publisher":{"@id":"https:\/\/www.oarcanjo.net\/site\/#organization"},"potentialAction":[{"@type":"SearchAction","target":{"@type":"EntryPoint","urlTemplate":"https:\/\/www.oarcanjo.net\/site\/?s={search_term_string}"},"query-input":{"@type":"PropertyValueSpecification","valueRequired":true,"valueName":"search_term_string"}}],"inLanguage":"pt-BR"},{"@type":"Organization","@id":"https:\/\/www.oarcanjo.net\/site\/#organization","name":"Par\u00f3quia S\u00e3o Miguel Arcanjo","url":"https:\/\/www.oarcanjo.net\/site\/","logo":{"@type":"ImageObject","inLanguage":"pt-BR","@id":"https:\/\/www.oarcanjo.net\/site\/#\/schema\/logo\/image\/","url":"https:\/\/www.oarcanjo.net\/site\/wp-content\/uploads\/LogoOArcanjo.png","contentUrl":"https:\/\/www.oarcanjo.net\/site\/wp-content\/uploads\/LogoOArcanjo.png","width":319,"height":99,"caption":"Par\u00f3quia S\u00e3o Miguel Arcanjo"},"image":{"@id":"https:\/\/www.oarcanjo.net\/site\/#\/schema\/logo\/image\/"},"sameAs":["https:\/\/www.facebook.com\/OArcanjoNoAr\/"]},{"@type":"Person","@id":"https:\/\/www.oarcanjo.net\/site\/#\/schema\/person\/5eb9480bedd2f3c97e430ce128c29c6c","name":"danilo"}]}},"publishpress_future_action":{"enabled":false,"date":"2026-05-08 12:39:27","action":"category","newStatus":"draft","terms":[],"taxonomy":"category"},"publishpress_future_workflow_manual_trigger":{"enabledWorkflows":[]},"_links":{"self":[{"href":"https:\/\/www.oarcanjo.net\/site\/wp-json\/wp\/v2\/posts\/9998"}],"collection":[{"href":"https:\/\/www.oarcanjo.net\/site\/wp-json\/wp\/v2\/posts"}],"about":[{"href":"https:\/\/www.oarcanjo.net\/site\/wp-json\/wp\/v2\/types\/post"}],"author":[{"embeddable":true,"href":"https:\/\/www.oarcanjo.net\/site\/wp-json\/wp\/v2\/users\/14"}],"replies":[{"embeddable":true,"href":"https:\/\/www.oarcanjo.net\/site\/wp-json\/wp\/v2\/comments?post=9998"}],"version-history":[{"count":1,"href":"https:\/\/www.oarcanjo.net\/site\/wp-json\/wp\/v2\/posts\/9998\/revisions"}],"predecessor-version":[{"id":88605,"href":"https:\/\/www.oarcanjo.net\/site\/wp-json\/wp\/v2\/posts\/9998\/revisions\/88605"}],"wp:attachment":[{"href":"https:\/\/www.oarcanjo.net\/site\/wp-json\/wp\/v2\/media?parent=9998"}],"wp:term":[{"taxonomy":"category","embeddable":true,"href":"https:\/\/www.oarcanjo.net\/site\/wp-json\/wp\/v2\/categories?post=9998"},{"taxonomy":"post_tag","embeddable":true,"href":"https:\/\/www.oarcanjo.net\/site\/wp-json\/wp\/v2\/tags?post=9998"}],"curies":[{"name":"wp","href":"https:\/\/api.w.org\/{rel}","templated":true}]}}